{"id":63342,"date":"2013-01-23T14:47:53","date_gmt":"2013-01-23T13:47:53","guid":{"rendered":"https:\/\/sandzakpress.net\/arhiva\/?p=63342"},"modified":"2013-01-23T14:47:53","modified_gmt":"2013-01-23T13:47:53","slug":"reisu-l-ulema-kavazovic-svi-muslimani-ce-imati-isti-kalendar","status":"publish","type":"post","link":"https:\/\/sandzakpress.net\/arhiva\/reisu-l-ulema-kavazovic-svi-muslimani-ce-imati-isti-kalendar\/","title":{"rendered":"Reisu-l-ulema Kavazovi\u0107: Svi muslimani \u0107e imati isti kalendar"},"content":{"rendered":"<p><strong><a href=\"https:\/\/sandzakpress.net\/arhiva\/wp-content\/uploads\/2013\/01\/reis-kav-01-2013.jpg\"><img loading=\"lazy\" decoding=\"async\" class=\"alignleft size-full wp-image-63343\" title=\"reis-kav-01-2013\" src=\"https:\/\/sandzakpress.net\/arhiva\/wp-content\/uploads\/2013\/01\/reis-kav-01-2013.jpg\" alt=\"\" width=\"279\" height=\"180\" \/><\/a>BIH, Turska &#8211; Reisu-l-ulema Islamske zajednice u  Bosni i Hercegovini (IZBiH) Husein ef. Kavazovi\u0107 izjavio je u  ekskluzivnom intervjuu za agenciju Anadolija (AA) da \u0107e Turska i Bosna i  Hercegovina u\u010diniti zajedni\u010dke napore ka rje\u0161avanju problema  obilje\u017eavanja vjerskih blagdana na razli\u010dite datume u muslimanskom  svijetu. <\/strong><\/p>\n<p>U razgovoru sa novinarom AA u Ankari Kavazovi\u0107 je poru\u010dio kako \u0107e &#8221;muslimani imati zajedni\u010dki kalendar&#8221;.<\/p>\n<p>On je naglasio da su se vjerski  blagdani kod muslimana ponekad obilje\u017eavali na razli\u010dite datume zbog  razli\u010ditosti na\u010dina izrade kalendara (takvima). Utvr\u0111ivanje kalendara,  dodao je, jeste tema kojoj je potrebno posvetiti posebnu pa\u017enju, i to ne  samo na Balkanu, nego u cijelom svijetu.<\/p>\n<p>&#8220;Svakako da nismo zadovoljni  \u010dinjenicom da su se bajramski blagdani obilje\u017eavali u razli\u010ditim danima.  Na\u017ealost, u svijetu ima nekoliko razli\u010ditih kalendara. Razli\u010dit je  pogled muslimana Balkana na to pitanje, razli\u010dit je pogled Arapa, a isto  tako na taj problem razli\u010dito gledaju muslimani u Indiji. Zajedno sa  Turskom \u0107emo napraviti korake kako bi na\u0161li odgovaraju\u0107e rje\u0161enje. Ja se  nadam da \u0107e svi muslimani imati isti kalendar&#8221;, rekao je Kavazovi\u0107  novinaru agencije Anadolija.<\/p>\n<p>Kavazovi\u0107 je napomenuo da se taj  problem posebno o\u010dituje prilikom obilje\u017eavanja Kurban-bajrama. \u0160tavi\u0161e,  pojasnio je, ovaj nesporazum poku\u0161ava shvatiti i kao politi\u010dki.<\/p>\n<p>&#8220;Iako je tehnologija jako  razvijena de\u0161avaju se ovakve stvari, no ono \u0161to mi \u017eelimo jeste da se  nesporazum oko obilje\u017eavanja blagdana ne politizira&#8221;, odlu\u010dan je  Kavazovi\u0107.<\/p>\n<p>Podsjetimo, Bosna i Hercegovina,  Hrvatska, Kosovo i Srbija protekli blagdan Kurban-bajrama obilje\u017eavali  su u petak 26. oktobra 2012.godine, dok su Albanija, Makedonija i Turska  Kurban-bajram obilje\u017eili dan ranije, odnosno u \u010detvrtak, 25. oktobra,  kada je bio Dan Arefata.<\/p>\n<p>Vezano za rat u Siriji, Kavazovi\u0107 je rekao da po tom pitanju treba govoriti otvoreno.<\/p>\n<p>&#8220;Ko god da je diktator, treba  stati ispred njega. Mi moramo zagovarati mir. Moramo pozvati na\u0161e narode  da upute molitve za narod u Siriji, a isto tako i pozvati Sirijce da  budu jedinstveni protiv re\u017eima&#8221;, zaklju\u010dio je Kavazovi\u0107.<\/p>\n<p>(<em>Anadolija<\/em>)<\/p>\n","protected":false},"excerpt":{"rendered":"<p>BIH, Turska &#8211; Reisu-l-ulema Islamske zajednice u Bosni i Hercegovini (IZBiH) Husein ef. Kavazovi\u0107 izjavio je u ekskluzivnom intervjuu za agenciju Anadolija (AA) da \u0107e Turska i Bosna i Hercegovina u\u010diniti zajedni\u010dke napore ka rje\u0161avanju problema obilje\u017eavanja vjerskih blagdana na razli\u010dite datume u muslimanskom svijetu. U razgovoru sa novinarom AA u Ankari Kavazovi\u0107 je poru\u010dio [&hellip;]<\/p>\n","protected":false},"author":33,"featured_media":63343,"comment_status":"open","ping_status":"open","sticky":false,"template":"","format":"standard","meta":{"footnotes":""},"categories":[2860,802,2692],"tags":[],"class_list":{"0":"post-63342","1":"post","2":"type-post","3":"status-publish","4":"format-standard","5":"has-post-thumbnail","7":"category-bosna-i-hercegovina-gradovi","8":"category-islamska_zajednica","9":"category-turska-gradovi"},"yoast_head":"<!-- This site is optimized with the Yoast SEO Premium plugin v23.1 (Yoast SEO v24.9) - https:\/\/yoast.com\/wordpress\/plugins\/seo\/ -->\n<title>Reisu-l-ulema Kavazovi\u0107: Svi muslimani \u0107e imati isti kalendar<\/title>\n<meta name=\"robots\" content=\"index, follow, max-snippet:-1, max-image-preview:large, max-video-preview:-1\" \/>\n<link rel=\"canonical\" href=\"https:\/\/sandzakpress.net\/arhiva\/reisu-l-ulema-kavazovic-svi-muslimani-ce-imati-isti-kalendar\/\" \/>\n<meta property=\"og:locale\" content=\"bs_BA\" \/>\n<meta property=\"og:type\" content=\"article\" \/>\n<meta property=\"og:title\" content=\"Reisu-l-ulema Kavazovi\u0107: Svi muslimani \u0107e imati isti kalendar\" \/>\n<meta property=\"og:description\" content=\"BIH, Turska &#8211; Reisu-l-ulema Islamske zajednice u Bosni i Hercegovini (IZBiH) Husein ef. Kavazovi\u0107 izjavio je u ekskluzivnom intervjuu za agenciju Anadolija (AA) da \u0107e Turska i Bosna i Hercegovina u\u010diniti zajedni\u010dke napore ka rje\u0161avanju problema obilje\u017eavanja vjerskih blagdana na razli\u010dite datume u muslimanskom svijetu. U razgovoru sa novinarom AA u Ankari Kavazovi\u0107 je poru\u010dio [&hellip;]\" \/>\n<meta property=\"og:url\" content=\"https:\/\/sandzakpress.net\/arhiva\/reisu-l-ulema-kavazovic-svi-muslimani-ce-imati-isti-kalendar\/\" \/>\n<meta property=\"og:site_name\" content=\"Sand\u017eak PRESS\" \/>\n<meta property=\"article:published_time\" content=\"2013-01-23T13:47:53+00:00\" \/>\n<meta property=\"og:image\" content=\"https:\/\/sandzakpress.net\/arhiva\/wp-content\/uploads\/2013\/01\/reis-kav-01-2013.jpg\" \/>\n\t<meta property=\"og:image:width\" content=\"418\" \/>\n\t<meta property=\"og:image:height\" content=\"270\" \/>\n\t<meta property=\"og:image:type\" content=\"image\/jpeg\" \/>\n<meta name=\"twitter:card\" content=\"summary_large_image\" \/>\n<meta name=\"twitter:label1\" content=\"Written by\" \/>\n\t<meta name=\"twitter:data1\" content=\"\" \/>\n\t<meta name=\"twitter:label2\" content=\"Est. reading time\" \/>\n\t<meta name=\"twitter:data2\" content=\"2 minute\" \/>\n<script type=\"application\/ld+json\" class=\"yoast-schema-graph\">{\"@context\":\"https:\/\/schema.org\",\"@graph\":[{\"@type\":\"Article\",\"@id\":\"https:\/\/sandzakpress.net\/arhiva\/reisu-l-ulema-kavazovic-svi-muslimani-ce-imati-isti-kalendar\/#article\",\"isPartOf\":{\"@id\":\"https:\/\/sandzakpress.net\/arhiva\/reisu-l-ulema-kavazovic-svi-muslimani-ce-imati-isti-kalendar\/\"},\"author\":{\"name\":\"\",\"@id\":\"\"},\"headline\":\"Reisu-l-ulema Kavazovi\u0107: Svi muslimani \u0107e imati isti kalendar\",\"datePublished\":\"2013-01-23T13:47:53+00:00\",\"mainEntityOfPage\":{\"@id\":\"https:\/\/sandzakpress.net\/arhiva\/reisu-l-ulema-kavazovic-svi-muslimani-ce-imati-isti-kalendar\/\"},\"wordCount\":357,\"commentCount\":0,\"publisher\":{\"@id\":\"https:\/\/sandzakpress.net\/arhiva\/#\/schema\/person\/6e72b67d6e51910a1117b3b483ba20bd\"},\"image\":{\"@id\":\"https:\/\/sandzakpress.net\/arhiva\/reisu-l-ulema-kavazovic-svi-muslimani-ce-imati-isti-kalendar\/#primaryimage\"},\"thumbnailUrl\":\"https:\/\/sandzakpress.net\/arhiva\/wp-content\/uploads\/2013\/01\/reis-kav-01-2013.jpg\",\"articleSection\":[\"Bosna i Hercegovina\",\"Islamska zajednica\",\"Turska\"],\"inLanguage\":\"bs-BA\",\"potentialAction\":[{\"@type\":\"CommentAction\",\"name\":\"Comment\",\"target\":[\"https:\/\/sandzakpress.net\/arhiva\/reisu-l-ulema-kavazovic-svi-muslimani-ce-imati-isti-kalendar\/#respond\"]}]},{\"@type\":\"WebPage\",\"@id\":\"https:\/\/sandzakpress.net\/arhiva\/reisu-l-ulema-kavazovic-svi-muslimani-ce-imati-isti-kalendar\/\",\"url\":\"https:\/\/sandzakpress.net\/arhiva\/reisu-l-ulema-kavazovic-svi-muslimani-ce-imati-isti-kalendar\/\",\"name\":\"Reisu-l-ulema Kavazovi\u0107: Svi muslimani \u0107e imati isti kalendar\",\"isPartOf\":{\"@id\":\"https:\/\/sandzakpress.net\/arhiva\/#website\"},\"primaryImageOfPage\":{\"@id\":\"https:\/\/sandzakpress.net\/arhiva\/reisu-l-ulema-kavazovic-svi-muslimani-ce-imati-isti-kalendar\/#primaryimage\"},\"image\":{\"@id\":\"https:\/\/sandzakpress.net\/arhiva\/reisu-l-ulema-kavazovic-svi-muslimani-ce-imati-isti-kalendar\/#primaryimage\"},\"thumbnailUrl\":\"https:\/\/sandzakpress.net\/arhiva\/wp-content\/uploads\/2013\/01\/reis-kav-01-2013.jpg\",\"datePublished\":\"2013-01-23T13:47:53+00:00\",\"breadcrumb\":{\"@id\":\"https:\/\/sandzakpress.net\/arhiva\/reisu-l-ulema-kavazovic-svi-muslimani-ce-imati-isti-kalendar\/#breadcrumb\"},\"inLanguage\":\"bs-BA\",\"potentialAction\":[{\"@type\":\"ReadAction\",\"target\":[\"https:\/\/sandzakpress.net\/arhiva\/reisu-l-ulema-kavazovic-svi-muslimani-ce-imati-isti-kalendar\/\"]}]},{\"@type\":\"ImageObject\",\"inLanguage\":\"bs-BA\",\"@id\":\"https:\/\/sandzakpress.net\/arhiva\/reisu-l-ulema-kavazovic-svi-muslimani-ce-imati-isti-kalendar\/#primaryimage\",\"url\":\"https:\/\/sandzakpress.net\/arhiva\/wp-content\/uploads\/2013\/01\/reis-kav-01-2013.jpg\",\"contentUrl\":\"https:\/\/sandzakpress.net\/arhiva\/wp-content\/uploads\/2013\/01\/reis-kav-01-2013.jpg\",\"width\":418,\"height\":270},{\"@type\":\"BreadcrumbList\",\"@id\":\"https:\/\/sandzakpress.net\/arhiva\/reisu-l-ulema-kavazovic-svi-muslimani-ce-imati-isti-kalendar\/#breadcrumb\",\"itemListElement\":[{\"@type\":\"ListItem\",\"position\":1,\"name\":\"Home\",\"item\":\"https:\/\/sandzakpress.net\/arhiva\/\"},{\"@type\":\"ListItem\",\"position\":2,\"name\":\"Reisu-l-ulema Kavazovi\u0107: Svi muslimani \u0107e imati isti kalendar\"}]},{\"@type\":\"WebSite\",\"@id\":\"https:\/\/sandzakpress.net\/arhiva\/#website\",\"url\":\"https:\/\/sandzakpress.net\/arhiva\/\",\"name\":\"Sand\u017eak PRESS\",\"description\":\"Prve elektronske novine u Sand\u017eaku\",\"publisher\":{\"@id\":\"https:\/\/sandzakpress.net\/arhiva\/#\/schema\/person\/6e72b67d6e51910a1117b3b483ba20bd\"},\"potentialAction\":[{\"@type\":\"SearchAction\",\"target\":{\"@type\":\"EntryPoint\",\"urlTemplate\":\"https:\/\/sandzakpress.net\/arhiva\/?s={search_term_string}\"},\"query-input\":{\"@type\":\"PropertyValueSpecification\",\"valueRequired\":true,\"valueName\":\"search_term_string\"}}],\"inLanguage\":\"bs-BA\"},{\"@type\":[\"Person\",\"Organization\"],\"@id\":\"https:\/\/sandzakpress.net\/arhiva\/#\/schema\/person\/6e72b67d6e51910a1117b3b483ba20bd\",\"name\":\"Kul\",\"image\":{\"@type\":\"ImageObject\",\"inLanguage\":\"bs-BA\",\"@id\":\"https:\/\/sandzakpress.net\/arhiva\/#\/schema\/person\/image\/\",\"url\":\"https:\/\/secure.gravatar.com\/avatar\/42263f39aa27ac04c43cab85c280eb2e?s=96&d=mm&r=pg\",\"contentUrl\":\"https:\/\/secure.gravatar.com\/avatar\/42263f39aa27ac04c43cab85c280eb2e?s=96&d=mm&r=pg\",\"caption\":\"Kul\"},\"logo\":{\"@id\":\"https:\/\/sandzakpress.net\/arhiva\/#\/schema\/person\/image\/\"}},{\"@type\":\"Person\",\"@id\":\"\",\"url\":\"https:\/\/sandzakpress.net\/arhiva\/author\/\"}]}<\/script>\n<!-- \/ Yoast SEO Premium plugin. -->","yoast_head_json":{"title":"Reisu-l-ulema Kavazovi\u0107: Svi muslimani \u0107e imati isti kalendar","robots":{"index":"index","follow":"follow","max-snippet":"max-snippet:-1","max-image-preview":"max-image-preview:large","max-video-preview":"max-video-preview:-1"},"canonical":"https:\/\/sandzakpress.net\/arhiva\/reisu-l-ulema-kavazovic-svi-muslimani-ce-imati-isti-kalendar\/","og_locale":"bs_BA","og_type":"article","og_title":"Reisu-l-ulema Kavazovi\u0107: Svi muslimani \u0107e imati isti kalendar","og_description":"BIH, Turska &#8211; Reisu-l-ulema Islamske zajednice u Bosni i Hercegovini (IZBiH) Husein ef. Kavazovi\u0107 izjavio je u ekskluzivnom intervjuu za agenciju Anadolija (AA) da \u0107e Turska i Bosna i Hercegovina u\u010diniti zajedni\u010dke napore ka rje\u0161avanju problema obilje\u017eavanja vjerskih blagdana na razli\u010dite datume u muslimanskom svijetu. U razgovoru sa novinarom AA u Ankari Kavazovi\u0107 je poru\u010dio [&hellip;]","og_url":"https:\/\/sandzakpress.net\/arhiva\/reisu-l-ulema-kavazovic-svi-muslimani-ce-imati-isti-kalendar\/","og_site_name":"Sand\u017eak PRESS","article_published_time":"2013-01-23T13:47:53+00:00","og_image":[{"width":418,"height":270,"url":"https:\/\/sandzakpress.net\/arhiva\/wp-content\/uploads\/2013\/01\/reis-kav-01-2013.jpg","type":"image\/jpeg"}],"twitter_card":"summary_large_image","twitter_misc":{"Written by":"","Est. reading time":"2 minute"},"schema":{"@context":"https:\/\/schema.org","@graph":[{"@type":"Article","@id":"https:\/\/sandzakpress.net\/arhiva\/reisu-l-ulema-kavazovic-svi-muslimani-ce-imati-isti-kalendar\/#article","isPartOf":{"@id":"https:\/\/sandzakpress.net\/arhiva\/reisu-l-ulema-kavazovic-svi-muslimani-ce-imati-isti-kalendar\/"},"author":{"name":"","@id":""},"headline":"Reisu-l-ulema Kavazovi\u0107: Svi muslimani \u0107e imati isti kalendar","datePublished":"2013-01-23T13:47:53+00:00","mainEntityOfPage":{"@id":"https:\/\/sandzakpress.net\/arhiva\/reisu-l-ulema-kavazovic-svi-muslimani-ce-imati-isti-kalendar\/"},"wordCount":357,"commentCount":0,"publisher":{"@id":"https:\/\/sandzakpress.net\/arhiva\/#\/schema\/person\/6e72b67d6e51910a1117b3b483ba20bd"},"image":{"@id":"https:\/\/sandzakpress.net\/arhiva\/reisu-l-ulema-kavazovic-svi-muslimani-ce-imati-isti-kalendar\/#primaryimage"},"thumbnailUrl":"https:\/\/sandzakpress.net\/arhiva\/wp-content\/uploads\/2013\/01\/reis-kav-01-2013.jpg","articleSection":["Bosna i Hercegovina","Islamska zajednica","Turska"],"inLanguage":"bs-BA","potentialAction":[{"@type":"CommentAction","name":"Comment","target":["https:\/\/sandzakpress.net\/arhiva\/reisu-l-ulema-kavazovic-svi-muslimani-ce-imati-isti-kalendar\/#respond"]}]},{"@type":"WebPage","@id":"https:\/\/sandzakpress.net\/arhiva\/reisu-l-ulema-kavazovic-svi-muslimani-ce-imati-isti-kalendar\/","url":"https:\/\/sandzakpress.net\/arhiva\/reisu-l-ulema-kavazovic-svi-muslimani-ce-imati-isti-kalendar\/","name":"Reisu-l-ulema Kavazovi\u0107: Svi muslimani \u0107e imati isti kalendar","isPartOf":{"@id":"https:\/\/sandzakpress.net\/arhiva\/#website"},"primaryImageOfPage":{"@id":"https:\/\/sandzakpress.net\/arhiva\/reisu-l-ulema-kavazovic-svi-muslimani-ce-imati-isti-kalendar\/#primaryimage"},"image":{"@id":"https:\/\/sandzakpress.net\/arhiva\/reisu-l-ulema-kavazovic-svi-muslimani-ce-imati-isti-kalendar\/#primaryimage"},"thumbnailUrl":"https:\/\/sandzakpress.net\/arhiva\/wp-content\/uploads\/2013\/01\/reis-kav-01-2013.jpg","datePublished":"2013-01-23T13:47:53+00:00","breadcrumb":{"@id":"https:\/\/sandzakpress.net\/arhiva\/reisu-l-ulema-kavazovic-svi-muslimani-ce-imati-isti-kalendar\/#breadcrumb"},"inLanguage":"bs-BA","potentialAction":[{"@type":"ReadAction","target":["https:\/\/sandzakpress.net\/arhiva\/reisu-l-ulema-kavazovic-svi-muslimani-ce-imati-isti-kalendar\/"]}]},{"@type":"ImageObject","inLanguage":"bs-BA","@id":"https:\/\/sandzakpress.net\/arhiva\/reisu-l-ulema-kavazovic-svi-muslimani-ce-imati-isti-kalendar\/#primaryimage","url":"https:\/\/sandzakpress.net\/arhiva\/wp-content\/uploads\/2013\/01\/reis-kav-01-2013.jpg","contentUrl":"https:\/\/sandzakpress.net\/arhiva\/wp-content\/uploads\/2013\/01\/reis-kav-01-2013.jpg","width":418,"height":270},{"@type":"BreadcrumbList","@id":"https:\/\/sandzakpress.net\/arhiva\/reisu-l-ulema-kavazovic-svi-muslimani-ce-imati-isti-kalendar\/#breadcrumb","itemListElement":[{"@type":"ListItem","position":1,"name":"Home","item":"https:\/\/sandzakpress.net\/arhiva\/"},{"@type":"ListItem","position":2,"name":"Reisu-l-ulema Kavazovi\u0107: Svi muslimani \u0107e imati isti kalendar"}]},{"@type":"WebSite","@id":"https:\/\/sandzakpress.net\/arhiva\/#website","url":"https:\/\/sandzakpress.net\/arhiva\/","name":"Sand\u017eak PRESS","description":"Prve elektronske novine u Sand\u017eaku","publisher":{"@id":"https:\/\/sandzakpress.net\/arhiva\/#\/schema\/person\/6e72b67d6e51910a1117b3b483ba20bd"},"potentialAction":[{"@type":"SearchAction","target":{"@type":"EntryPoint","urlTemplate":"https:\/\/sandzakpress.net\/arhiva\/?s={search_term_string}"},"query-input":{"@type":"PropertyValueSpecification","valueRequired":true,"valueName":"search_term_string"}}],"inLanguage":"bs-BA"},{"@type":["Person","Organization"],"@id":"https:\/\/sandzakpress.net\/arhiva\/#\/schema\/person\/6e72b67d6e51910a1117b3b483ba20bd","name":"Kul","image":{"@type":"ImageObject","inLanguage":"bs-BA","@id":"https:\/\/sandzakpress.net\/arhiva\/#\/schema\/person\/image\/","url":"https:\/\/secure.gravatar.com\/avatar\/42263f39aa27ac04c43cab85c280eb2e?s=96&d=mm&r=pg","contentUrl":"https:\/\/secure.gravatar.com\/avatar\/42263f39aa27ac04c43cab85c280eb2e?s=96&d=mm&r=pg","caption":"Kul"},"logo":{"@id":"https:\/\/sandzakpress.net\/arhiva\/#\/schema\/person\/image\/"}},{"@type":"Person","@id":"","url":"https:\/\/sandzakpress.net\/arhiva\/author\/"}]}},"_links":{"self":[{"href":"https:\/\/sandzakpress.net\/arhiva\/wp-json\/wp\/v2\/posts\/63342"}],"collection":[{"href":"https:\/\/sandzakpress.net\/arhiva\/wp-json\/wp\/v2\/posts"}],"about":[{"href":"https:\/\/sandzakpress.net\/arhiva\/wp-json\/wp\/v2\/types\/post"}],"author":[{"embeddable":true,"href":"https:\/\/sandzakpress.net\/arhiva\/wp-json\/wp\/v2\/users\/33"}],"replies":[{"embeddable":true,"href":"https:\/\/sandzakpress.net\/arhiva\/wp-json\/wp\/v2\/comments?post=63342"}],"version-history":[{"count":0,"href":"https:\/\/sandzakpress.net\/arhiva\/wp-json\/wp\/v2\/posts\/63342\/revisions"}],"wp:featuredmedia":[{"embeddable":true,"href":"https:\/\/sandzakpress.net\/arhiva\/wp-json\/wp\/v2\/media\/63343"}],"wp:attachment":[{"href":"https:\/\/sandzakpress.net\/arhiva\/wp-json\/wp\/v2\/media?parent=63342"}],"wp:term":[{"taxonomy":"category","embeddable":true,"href":"https:\/\/sandzakpress.net\/arhiva\/wp-json\/wp\/v2\/categories?post=63342"},{"taxonomy":"post_tag","embeddable":true,"href":"https:\/\/sandzakpress.net\/arhiva\/wp-json\/wp\/v2\/tags?post=63342"}],"curies":[{"name":"wp","href":"https:\/\/api.w.org\/{rel}","templated":true}]}}