{"id":63212,"date":"2013-01-22T10:52:01","date_gmt":"2013-01-22T09:52:01","guid":{"rendered":"https:\/\/sandzakpress.net\/arhiva\/?p=63212"},"modified":"2013-01-22T10:52:20","modified_gmt":"2013-01-22T09:52:20","slug":"francuzi-krenuli-u-krvavi-lov-na-muslimane-malija","status":"publish","type":"post","link":"https:\/\/sandzakpress.net\/arhiva\/francuzi-krenuli-u-krvavi-lov-na-muslimane-malija\/","title":{"rendered":"Francuzi krenuli u krvavi lov na muslimane Malija"},"content":{"rendered":"<p><strong><a href=\"https:\/\/sandzakpress.net\/arhiva\/wp-content\/uploads\/2013\/01\/mali-troops_2451809b-300x187.jpg\"><img loading=\"lazy\" decoding=\"async\" class=\"alignleft size-full wp-image-63213\" title=\"mali-troops_2451809b-300x187\" src=\"https:\/\/sandzakpress.net\/arhiva\/wp-content\/uploads\/2013\/01\/mali-troops_2451809b-300x187.jpg\" alt=\"\" width=\"300\" height=\"187\" \/><\/a>Francuska &#8211; Francuska je ovih dana otpo\u010dela dugo najavljivanu okupaciju Malija. Francuska vojska je uz pomo\u0107 Velike Britanije, SAD, Kanade, Danske i drugih zemalja po\u010detkom pro\u0161le sedmice po\u010dela sa zra\u010dnim i kopnenim napadima na polo\u017eaje odbrane koje dr\u017ee pripadnici islamisti\u010dke vojne organizacije Ansarud-Din, koja je na sjeveru Malija proglasila islamsku dr\u017eavu. <\/strong><\/p>\n<p><strong><\/strong>Iako je Francuska u okupaciju Malija krenula pod izgovorom da \u017eeli uni\u0161titi teroristi\u010dke baze u ovoj zemlji, jasno je da su Francuzi u Mali krenuli u novi kolonijalni rat za prirodna bogatstva, za osvajanje velikih nalazi\u0161ta zlata, dijamanata, nafte i drugih resursa. Ujedinjene nacije su ekspresno izglasale saglasnost za vojnu invaziju Francuske na Mali. Kada je u pitanju rat protiv muslimana svijet se danas brzo dogovori. Na\u017ealost, ve\u0107 prvog dana francuski okupatori su ubili brojne civile, me\u0111u kojima ima dosta djece. I ovaj rat u Maliju \u0107e o\u010digledno imati za posljedicu stradanje velikog broja nedu\u017enih civila. Danas, u ovo islamofobi\u010dno doba, nikoga vi\u0161e ne iznena\u0111uje kada se neka svjetska sila odlu\u010di napasti neku muslimansku zemlju. Francuzi imaju bogatu tradiciju porobljavanja muslimanskih naroda u Africi. Oni su u pro\u0161losti po\u010dinili stravi\u010dne zlo\u010dine nad sjevernoafri\u010dkim muslimanima. Bojimo se da \u0107e Francuzi i u slu\u010daju napada na muslimane Malija ponoviti zlo\u010dina\u010dku tradiciju. Na kraju prenosimo izjave francuskog predsjednika Francoisa Hollandea koji je izrazio nadu da \u0107e mu bogate arapske zemlje pomo\u0107i u invaziji na Mali. Prvog dana nakon napada na Mali francuski predsjednik Francois Hollande posjetio je Ujedinjene Arapske Emirate gdje je od bogatih \u0161eika zatra\u017eio da finansiraju francusku okupaciju Malija. \u201cFrancuski predsjednik je sa emiratskim \u010delnicima razgovarao o pomo\u0107i Emirata u intervenciji u Maliju\u201d, saop\u0107eno je iz Elizejske palate.<\/p>\n<p>(saff.ba)<\/p>\n","protected":false},"excerpt":{"rendered":"<p>Francuska &#8211; Francuska je ovih dana otpo\u010dela dugo najavljivanu okupaciju Malija. Francuska vojska je uz pomo\u0107 Velike Britanije, SAD, Kanade, Danske i drugih zemalja po\u010detkom pro\u0161le sedmice po\u010dela sa zra\u010dnim i kopnenim napadima na polo\u017eaje odbrane koje dr\u017ee pripadnici islamisti\u010dke vojne organizacije Ansarud-Din, koja je na sjeveru Malija proglasila islamsku dr\u017eavu. Iako je Francuska u [&hellip;]<\/p>\n","protected":false},"author":33,"featured_media":63213,"comment_status":"open","ping_status":"open","sticky":false,"template":"","format":"standard","meta":{"footnotes":""},"categories":[9550,9],"tags":[],"class_list":{"0":"post-63212","1":"post","2":"type-post","3":"status-publish","4":"format-standard","5":"has-post-thumbnail","7":"category-francuska-dijaspora-gradovi-vase-vijesti","8":"category-svijet"},"yoast_head":"<!-- This site is optimized with the Yoast SEO Premium plugin v23.1 (Yoast SEO v24.9) - https:\/\/yoast.com\/wordpress\/plugins\/seo\/ -->\n<title>Francuzi krenuli u krvavi lov na muslimane Malija<\/title>\n<meta name=\"robots\" content=\"index, follow, max-snippet:-1, max-image-preview:large, max-video-preview:-1\" \/>\n<link rel=\"canonical\" href=\"https:\/\/sandzakpress.net\/arhiva\/francuzi-krenuli-u-krvavi-lov-na-muslimane-malija\/\" \/>\n<meta property=\"og:locale\" content=\"bs_BA\" \/>\n<meta property=\"og:type\" content=\"article\" \/>\n<meta property=\"og:title\" content=\"Francuzi krenuli u krvavi lov na muslimane Malija\" \/>\n<meta property=\"og:description\" content=\"Francuska &#8211; Francuska je ovih dana otpo\u010dela dugo najavljivanu okupaciju Malija. Francuska vojska je uz pomo\u0107 Velike Britanije, SAD, Kanade, Danske i drugih zemalja po\u010detkom pro\u0161le sedmice po\u010dela sa zra\u010dnim i kopnenim napadima na polo\u017eaje odbrane koje dr\u017ee pripadnici islamisti\u010dke vojne organizacije Ansarud-Din, koja je na sjeveru Malija proglasila islamsku dr\u017eavu. Iako je Francuska u [&hellip;]\" \/>\n<meta property=\"og:url\" content=\"https:\/\/sandzakpress.net\/arhiva\/francuzi-krenuli-u-krvavi-lov-na-muslimane-malija\/\" \/>\n<meta property=\"og:site_name\" content=\"Sand\u017eak PRESS\" \/>\n<meta property=\"article:published_time\" content=\"2013-01-22T09:52:01+00:00\" \/>\n<meta property=\"article:modified_time\" content=\"2013-01-22T09:52:20+00:00\" \/>\n<meta property=\"og:image\" content=\"https:\/\/sandzakpress.net\/arhiva\/wp-content\/uploads\/2013\/01\/mali-troops_2451809b-300x187.jpg\" \/>\n\t<meta property=\"og:image:width\" content=\"300\" \/>\n\t<meta property=\"og:image:height\" content=\"187\" \/>\n\t<meta property=\"og:image:type\" content=\"image\/jpeg\" \/>\n<meta name=\"twitter:card\" content=\"summary_large_image\" \/>\n<meta name=\"twitter:label1\" content=\"Written by\" \/>\n\t<meta name=\"twitter:data1\" content=\"\" \/>\n\t<meta name=\"twitter:label2\" content=\"Est. reading time\" \/>\n\t<meta name=\"twitter:data2\" content=\"2 minute\" \/>\n<script type=\"application\/ld+json\" class=\"yoast-schema-graph\">{\"@context\":\"https:\/\/schema.org\",\"@graph\":[{\"@type\":\"Article\",\"@id\":\"https:\/\/sandzakpress.net\/arhiva\/francuzi-krenuli-u-krvavi-lov-na-muslimane-malija\/#article\",\"isPartOf\":{\"@id\":\"https:\/\/sandzakpress.net\/arhiva\/francuzi-krenuli-u-krvavi-lov-na-muslimane-malija\/\"},\"author\":{\"name\":\"\",\"@id\":\"\"},\"headline\":\"Francuzi krenuli u krvavi lov na muslimane Malija\",\"datePublished\":\"2013-01-22T09:52:01+00:00\",\"dateModified\":\"2013-01-22T09:52:20+00:00\",\"mainEntityOfPage\":{\"@id\":\"https:\/\/sandzakpress.net\/arhiva\/francuzi-krenuli-u-krvavi-lov-na-muslimane-malija\/\"},\"wordCount\":310,\"commentCount\":4,\"publisher\":{\"@id\":\"https:\/\/sandzakpress.net\/arhiva\/#\/schema\/person\/6e72b67d6e51910a1117b3b483ba20bd\"},\"image\":{\"@id\":\"https:\/\/sandzakpress.net\/arhiva\/francuzi-krenuli-u-krvavi-lov-na-muslimane-malija\/#primaryimage\"},\"thumbnailUrl\":\"https:\/\/sandzakpress.net\/arhiva\/wp-content\/uploads\/2013\/01\/mali-troops_2451809b-300x187.jpg\",\"articleSection\":[\"Francuska\",\"Svijet\"],\"inLanguage\":\"bs-BA\",\"potentialAction\":[{\"@type\":\"CommentAction\",\"name\":\"Comment\",\"target\":[\"https:\/\/sandzakpress.net\/arhiva\/francuzi-krenuli-u-krvavi-lov-na-muslimane-malija\/#respond\"]}]},{\"@type\":\"WebPage\",\"@id\":\"https:\/\/sandzakpress.net\/arhiva\/francuzi-krenuli-u-krvavi-lov-na-muslimane-malija\/\",\"url\":\"https:\/\/sandzakpress.net\/arhiva\/francuzi-krenuli-u-krvavi-lov-na-muslimane-malija\/\",\"name\":\"Francuzi krenuli u krvavi lov na muslimane Malija\",\"isPartOf\":{\"@id\":\"https:\/\/sandzakpress.net\/arhiva\/#website\"},\"primaryImageOfPage\":{\"@id\":\"https:\/\/sandzakpress.net\/arhiva\/francuzi-krenuli-u-krvavi-lov-na-muslimane-malija\/#primaryimage\"},\"image\":{\"@id\":\"https:\/\/sandzakpress.net\/arhiva\/francuzi-krenuli-u-krvavi-lov-na-muslimane-malija\/#primaryimage\"},\"thumbnailUrl\":\"https:\/\/sandzakpress.net\/arhiva\/wp-content\/uploads\/2013\/01\/mali-troops_2451809b-300x187.jpg\",\"datePublished\":\"2013-01-22T09:52:01+00:00\",\"dateModified\":\"2013-01-22T09:52:20+00:00\",\"breadcrumb\":{\"@id\":\"https:\/\/sandzakpress.net\/arhiva\/francuzi-krenuli-u-krvavi-lov-na-muslimane-malija\/#breadcrumb\"},\"inLanguage\":\"bs-BA\",\"potentialAction\":[{\"@type\":\"ReadAction\",\"target\":[\"https:\/\/sandzakpress.net\/arhiva\/francuzi-krenuli-u-krvavi-lov-na-muslimane-malija\/\"]}]},{\"@type\":\"ImageObject\",\"inLanguage\":\"bs-BA\",\"@id\":\"https:\/\/sandzakpress.net\/arhiva\/francuzi-krenuli-u-krvavi-lov-na-muslimane-malija\/#primaryimage\",\"url\":\"https:\/\/sandzakpress.net\/arhiva\/wp-content\/uploads\/2013\/01\/mali-troops_2451809b-300x187.jpg\",\"contentUrl\":\"https:\/\/sandzakpress.net\/arhiva\/wp-content\/uploads\/2013\/01\/mali-troops_2451809b-300x187.jpg\",\"width\":300,\"height\":187},{\"@type\":\"BreadcrumbList\",\"@id\":\"https:\/\/sandzakpress.net\/arhiva\/francuzi-krenuli-u-krvavi-lov-na-muslimane-malija\/#breadcrumb\",\"itemListElement\":[{\"@type\":\"ListItem\",\"position\":1,\"name\":\"Home\",\"item\":\"https:\/\/sandzakpress.net\/arhiva\/\"},{\"@type\":\"ListItem\",\"position\":2,\"name\":\"Francuzi krenuli u krvavi lov na muslimane Malija\"}]},{\"@type\":\"WebSite\",\"@id\":\"https:\/\/sandzakpress.net\/arhiva\/#website\",\"url\":\"https:\/\/sandzakpress.net\/arhiva\/\",\"name\":\"Sand\u017eak PRESS\",\"description\":\"Prve elektronske novine u Sand\u017eaku\",\"publisher\":{\"@id\":\"https:\/\/sandzakpress.net\/arhiva\/#\/schema\/person\/6e72b67d6e51910a1117b3b483ba20bd\"},\"potentialAction\":[{\"@type\":\"SearchAction\",\"target\":{\"@type\":\"EntryPoint\",\"urlTemplate\":\"https:\/\/sandzakpress.net\/arhiva\/?s={search_term_string}\"},\"query-input\":{\"@type\":\"PropertyValueSpecification\",\"valueRequired\":true,\"valueName\":\"search_term_string\"}}],\"inLanguage\":\"bs-BA\"},{\"@type\":[\"Person\",\"Organization\"],\"@id\":\"https:\/\/sandzakpress.net\/arhiva\/#\/schema\/person\/6e72b67d6e51910a1117b3b483ba20bd\",\"name\":\"Kul\",\"image\":{\"@type\":\"ImageObject\",\"inLanguage\":\"bs-BA\",\"@id\":\"https:\/\/sandzakpress.net\/arhiva\/#\/schema\/person\/image\/\",\"url\":\"https:\/\/secure.gravatar.com\/avatar\/42263f39aa27ac04c43cab85c280eb2e?s=96&d=mm&r=pg\",\"contentUrl\":\"https:\/\/secure.gravatar.com\/avatar\/42263f39aa27ac04c43cab85c280eb2e?s=96&d=mm&r=pg\",\"caption\":\"Kul\"},\"logo\":{\"@id\":\"https:\/\/sandzakpress.net\/arhiva\/#\/schema\/person\/image\/\"}},{\"@type\":\"Person\",\"@id\":\"\",\"url\":\"https:\/\/sandzakpress.net\/arhiva\/author\/\"}]}<\/script>\n<!-- \/ Yoast SEO Premium plugin. -->","yoast_head_json":{"title":"Francuzi krenuli u krvavi lov na muslimane Malija","robots":{"index":"index","follow":"follow","max-snippet":"max-snippet:-1","max-image-preview":"max-image-preview:large","max-video-preview":"max-video-preview:-1"},"canonical":"https:\/\/sandzakpress.net\/arhiva\/francuzi-krenuli-u-krvavi-lov-na-muslimane-malija\/","og_locale":"bs_BA","og_type":"article","og_title":"Francuzi krenuli u krvavi lov na muslimane Malija","og_description":"Francuska &#8211; Francuska je ovih dana otpo\u010dela dugo najavljivanu okupaciju Malija. Francuska vojska je uz pomo\u0107 Velike Britanije, SAD, Kanade, Danske i drugih zemalja po\u010detkom pro\u0161le sedmice po\u010dela sa zra\u010dnim i kopnenim napadima na polo\u017eaje odbrane koje dr\u017ee pripadnici islamisti\u010dke vojne organizacije Ansarud-Din, koja je na sjeveru Malija proglasila islamsku dr\u017eavu. Iako je Francuska u [&hellip;]","og_url":"https:\/\/sandzakpress.net\/arhiva\/francuzi-krenuli-u-krvavi-lov-na-muslimane-malija\/","og_site_name":"Sand\u017eak PRESS","article_published_time":"2013-01-22T09:52:01+00:00","article_modified_time":"2013-01-22T09:52:20+00:00","og_image":[{"width":300,"height":187,"url":"https:\/\/sandzakpress.net\/arhiva\/wp-content\/uploads\/2013\/01\/mali-troops_2451809b-300x187.jpg","type":"image\/jpeg"}],"twitter_card":"summary_large_image","twitter_misc":{"Written by":"","Est. reading time":"2 minute"},"schema":{"@context":"https:\/\/schema.org","@graph":[{"@type":"Article","@id":"https:\/\/sandzakpress.net\/arhiva\/francuzi-krenuli-u-krvavi-lov-na-muslimane-malija\/#article","isPartOf":{"@id":"https:\/\/sandzakpress.net\/arhiva\/francuzi-krenuli-u-krvavi-lov-na-muslimane-malija\/"},"author":{"name":"","@id":""},"headline":"Francuzi krenuli u krvavi lov na muslimane Malija","datePublished":"2013-01-22T09:52:01+00:00","dateModified":"2013-01-22T09:52:20+00:00","mainEntityOfPage":{"@id":"https:\/\/sandzakpress.net\/arhiva\/francuzi-krenuli-u-krvavi-lov-na-muslimane-malija\/"},"wordCount":310,"commentCount":4,"publisher":{"@id":"https:\/\/sandzakpress.net\/arhiva\/#\/schema\/person\/6e72b67d6e51910a1117b3b483ba20bd"},"image":{"@id":"https:\/\/sandzakpress.net\/arhiva\/francuzi-krenuli-u-krvavi-lov-na-muslimane-malija\/#primaryimage"},"thumbnailUrl":"https:\/\/sandzakpress.net\/arhiva\/wp-content\/uploads\/2013\/01\/mali-troops_2451809b-300x187.jpg","articleSection":["Francuska","Svijet"],"inLanguage":"bs-BA","potentialAction":[{"@type":"CommentAction","name":"Comment","target":["https:\/\/sandzakpress.net\/arhiva\/francuzi-krenuli-u-krvavi-lov-na-muslimane-malija\/#respond"]}]},{"@type":"WebPage","@id":"https:\/\/sandzakpress.net\/arhiva\/francuzi-krenuli-u-krvavi-lov-na-muslimane-malija\/","url":"https:\/\/sandzakpress.net\/arhiva\/francuzi-krenuli-u-krvavi-lov-na-muslimane-malija\/","name":"Francuzi krenuli u krvavi lov na muslimane Malija","isPartOf":{"@id":"https:\/\/sandzakpress.net\/arhiva\/#website"},"primaryImageOfPage":{"@id":"https:\/\/sandzakpress.net\/arhiva\/francuzi-krenuli-u-krvavi-lov-na-muslimane-malija\/#primaryimage"},"image":{"@id":"https:\/\/sandzakpress.net\/arhiva\/francuzi-krenuli-u-krvavi-lov-na-muslimane-malija\/#primaryimage"},"thumbnailUrl":"https:\/\/sandzakpress.net\/arhiva\/wp-content\/uploads\/2013\/01\/mali-troops_2451809b-300x187.jpg","datePublished":"2013-01-22T09:52:01+00:00","dateModified":"2013-01-22T09:52:20+00:00","breadcrumb":{"@id":"https:\/\/sandzakpress.net\/arhiva\/francuzi-krenuli-u-krvavi-lov-na-muslimane-malija\/#breadcrumb"},"inLanguage":"bs-BA","potentialAction":[{"@type":"ReadAction","target":["https:\/\/sandzakpress.net\/arhiva\/francuzi-krenuli-u-krvavi-lov-na-muslimane-malija\/"]}]},{"@type":"ImageObject","inLanguage":"bs-BA","@id":"https:\/\/sandzakpress.net\/arhiva\/francuzi-krenuli-u-krvavi-lov-na-muslimane-malija\/#primaryimage","url":"https:\/\/sandzakpress.net\/arhiva\/wp-content\/uploads\/2013\/01\/mali-troops_2451809b-300x187.jpg","contentUrl":"https:\/\/sandzakpress.net\/arhiva\/wp-content\/uploads\/2013\/01\/mali-troops_2451809b-300x187.jpg","width":300,"height":187},{"@type":"BreadcrumbList","@id":"https:\/\/sandzakpress.net\/arhiva\/francuzi-krenuli-u-krvavi-lov-na-muslimane-malija\/#breadcrumb","itemListElement":[{"@type":"ListItem","position":1,"name":"Home","item":"https:\/\/sandzakpress.net\/arhiva\/"},{"@type":"ListItem","position":2,"name":"Francuzi krenuli u krvavi lov na muslimane Malija"}]},{"@type":"WebSite","@id":"https:\/\/sandzakpress.net\/arhiva\/#website","url":"https:\/\/sandzakpress.net\/arhiva\/","name":"Sand\u017eak PRESS","description":"Prve elektronske novine u Sand\u017eaku","publisher":{"@id":"https:\/\/sandzakpress.net\/arhiva\/#\/schema\/person\/6e72b67d6e51910a1117b3b483ba20bd"},"potentialAction":[{"@type":"SearchAction","target":{"@type":"EntryPoint","urlTemplate":"https:\/\/sandzakpress.net\/arhiva\/?s={search_term_string}"},"query-input":{"@type":"PropertyValueSpecification","valueRequired":true,"valueName":"search_term_string"}}],"inLanguage":"bs-BA"},{"@type":["Person","Organization"],"@id":"https:\/\/sandzakpress.net\/arhiva\/#\/schema\/person\/6e72b67d6e51910a1117b3b483ba20bd","name":"Kul","image":{"@type":"ImageObject","inLanguage":"bs-BA","@id":"https:\/\/sandzakpress.net\/arhiva\/#\/schema\/person\/image\/","url":"https:\/\/secure.gravatar.com\/avatar\/42263f39aa27ac04c43cab85c280eb2e?s=96&d=mm&r=pg","contentUrl":"https:\/\/secure.gravatar.com\/avatar\/42263f39aa27ac04c43cab85c280eb2e?s=96&d=mm&r=pg","caption":"Kul"},"logo":{"@id":"https:\/\/sandzakpress.net\/arhiva\/#\/schema\/person\/image\/"}},{"@type":"Person","@id":"","url":"https:\/\/sandzakpress.net\/arhiva\/author\/"}]}},"_links":{"self":[{"href":"https:\/\/sandzakpress.net\/arhiva\/wp-json\/wp\/v2\/posts\/63212"}],"collection":[{"href":"https:\/\/sandzakpress.net\/arhiva\/wp-json\/wp\/v2\/posts"}],"about":[{"href":"https:\/\/sandzakpress.net\/arhiva\/wp-json\/wp\/v2\/types\/post"}],"author":[{"embeddable":true,"href":"https:\/\/sandzakpress.net\/arhiva\/wp-json\/wp\/v2\/users\/33"}],"replies":[{"embeddable":true,"href":"https:\/\/sandzakpress.net\/arhiva\/wp-json\/wp\/v2\/comments?post=63212"}],"version-history":[{"count":0,"href":"https:\/\/sandzakpress.net\/arhiva\/wp-json\/wp\/v2\/posts\/63212\/revisions"}],"wp:featuredmedia":[{"embeddable":true,"href":"https:\/\/sandzakpress.net\/arhiva\/wp-json\/wp\/v2\/media\/63213"}],"wp:attachment":[{"href":"https:\/\/sandzakpress.net\/arhiva\/wp-json\/wp\/v2\/media?parent=63212"}],"wp:term":[{"taxonomy":"category","embeddable":true,"href":"https:\/\/sandzakpress.net\/arhiva\/wp-json\/wp\/v2\/categories?post=63212"},{"taxonomy":"post_tag","embeddable":true,"href":"https:\/\/sandzakpress.net\/arhiva\/wp-json\/wp\/v2\/tags?post=63212"}],"curies":[{"name":"wp","href":"https:\/\/api.w.org\/{rel}","templated":true}]}}