{"id":63173,"date":"2013-01-21T17:07:43","date_gmt":"2013-01-21T16:07:43","guid":{"rendered":"https:\/\/sandzakpress.net\/arhiva\/?p=63173"},"modified":"2013-01-21T17:08:16","modified_gmt":"2013-01-21T16:08:16","slug":"erdogan-assad-ce-odgovarati-za-svoje-zlocine","status":"publish","type":"post","link":"https:\/\/sandzakpress.net\/arhiva\/erdogan-assad-ce-odgovarati-za-svoje-zlocine\/","title":{"rendered":"Erdogan: Assad \u0107e odgovarati za svoje zlo\u010dine"},"content":{"rendered":"<div id=\"news-maincontent\" style=\"margin: 0px; padding: 0px; border: 0px; font-size: 12px; font: inherit; vertical-align: baseline; font-style: normal; font-variant: normal; font-weight: normal; line-height: 16.796875px; font-family: Arial, helvatica, sans-serif; color: #666666; letter-spacing: normal; orphans: 2; text-align: start; text-indent: 0px; text-transform: none; white-space: normal; widows: 2; word-spacing: 0px; -webkit-text-size-adjust: auto; -webkit-text-stroke-width: 0px; background-color: #ffffff;\">\n<div class=\"news-spot\" style=\"margin: 10px 0px; padding: 0px; border: 0px; font-size: 14px; font: inherit; vertical-align: baseline; font-style: normal; font-variant: normal; font-weight: bold; line-height: 1.4em; font-family: Arial, helvatica, sans-serif; color: #666666;\"><a href=\"https:\/\/sandzakpress.net\/arhiva\/wp-content\/uploads\/2013\/01\/copyright_aabadoluajansi_2013_20130121160603.jpg\"><img loading=\"lazy\" decoding=\"async\" class=\"alignleft size-full wp-image-63174\" title=\"copyright_aabadoluajansi_2013_20130121160603\" src=\"https:\/\/sandzakpress.net\/arhiva\/wp-content\/uploads\/2013\/01\/copyright_aabadoluajansi_2013_20130121160603.jpg\" alt=\"\" width=\"304\" height=\"211\" \/><\/a>Turska &#8211; Turski premijer posjetio izbjegli\u010dko naselje u \u00a0Nizipu<\/div>\n<div id=\"news-maincontent\" style=\"margin: 0px; padding: 0px; border: 0px; font-size: 12px; font: inherit; vertical-align: baseline; font-style: normal; font-variant: normal; font-weight: normal; line-height: 16.796875px; font-family: Arial, helvatica, sans-serif; color: #666666; letter-spacing: normal; orphans: 2; text-align: start; text-indent: 0px; text-transform: none; white-space: normal; widows: 2; word-spacing: 0px; -webkit-text-size-adjust: auto; -webkit-text-stroke-width: 0px; background-color: #ffffff;\">Premijer Republike Turske Recep Tayyip Erdogan, u okviru svoje posjete turskom gradu Gaziantepu, posjetio je i izbjegli\u010dko naselje u \u00a0Nizipu.<\/div>\n<div style=\"margin: 0px; padding: 0px; border: 0px; font-size: 12px; font: inherit; vertical-align: baseline; font-style: normal; font-variant: normal; font-weight: normal; line-height: 16.796875px; font-family: Arial, helvatica, sans-serif; color: #666666; letter-spacing: normal; orphans: 2; text-align: start; text-indent: 0px; text-transform: none; white-space: normal; widows: 2; word-spacing: 0px; -webkit-text-size-adjust: auto; -webkit-text-stroke-width: 0px; background-color: #ffffff;\">Pozdraviv\u0161i sirijske izbjeglice na arapskom jeziku, Erdogan je kazao da su Sirijci dobrodo\u0161li u Turskoj, te da su Turska i Sirija dvije bratske zemlje.<\/div>\n<p style=\"margin: 0px 0px 1em; padding: 0px; border: 0px; font-size: 1em !important; font: inherit; vertical-align: baseline; font-style: normal; font-variant: normal; font-weight: normal; line-height: 1.4em; font-family: Arial, helvatica, sans-serif; color: #666666;\">,,Mi vidimo da Sirija svakim danom grabi ka pobjedi&#8221;, poru\u010dio je Erdogan.<\/p>\n<p style=\"margin: 0px 0px 1em; padding: 0px; border: 0px; font-size: 1em !important; font: inherit; vertical-align: baseline; font-style: normal; font-variant: normal; font-weight: normal; line-height: 1.4em; font-family: Arial, helvatica, sans-serif; color: #666666;\">Vi ste u zemlji va\u0161e bra\u0107e, to je kao da ste u svojoj ku\u0107i. Sretni smo \u0161to mo\u017eemo sa vama podijeliti obrok, pokriva\u010de, \u0161atore i sve ostalo. Mi smo ponosni na va\u0161 otpor za \u010dast, slobodu i budu\u0107nost isto koliko i vi. Va\u0161a borba \u0107e vam se isplatiti uskoro&#8221;, izjavio je turski premijer.<br style=\"display: block; clear: both; margin-bottom: 1em;\" \/>&#8220;Zar Assad misli da ga ne\u0107e pitati? Ubio si do sad 60.00 ljudi, zar su svi bili teroristi? 600.000 Sirijaca je protjerano iz svoje zemlje, zar su svi bili teroristi? Zar su djeca od sedam, deset godina, koja nemaju nogu i ruku bili teroristi? Bra\u0107o, nemojte biti tu\u017eni. Strpljen, spa\u0161en! Ko bude strpljiv, slavit \u0107e pobjedu. Nadam se da \u0107e Assad, pred sirijskim narodom odgovarrati za svoje zlo\u010dine. Nijedna nepravda ne mo\u017ee trajati zauvijek. Na\u0161e molitve i na\u0161a srca su uz vas&#8221;, nastavio je on.<br style=\"display: block; clear: both; margin-bottom: 1em;\" \/>Erdogana su u posjeti Gaziantepu pratili njegov zamjenik Besir Atalay, ministrica za socijalnu politiku Fatma Sahin, ministar za poljoprivredu, sto\u010darstvo i prehranu Mehmet Mehdi Eker, ministar obrazovanja Omer Dincer, ministar trgovine i carine Hayati Yazici i zamjenik predsjednika Stranke za pravdu i razvoj (AKP) Huseyin Celik.<\/p>\n<p style=\"margin: 0px 0px 1em; padding: 0px; border: 0px; font-size: 1em !important; font: inherit; vertical-align: baseline; font-style: normal; font-variant: normal; font-weight: normal; line-height: 1.4em; font-family: Arial, helvatica, sans-serif; color: #666666;\">(AA)<\/p>\n<\/div>\n<div id=\"article_intro\">\n<div id=\"article_intro_text\">\n<div>\n<p><strong> <\/strong><\/p>\n<\/div>\n<\/div>\n<\/div>\n","protected":false},"excerpt":{"rendered":"<p>Turska &#8211; Turski premijer posjetio izbjegli\u010dko naselje u \u00a0Nizipu Premijer Republike Turske Recep Tayyip Erdogan, u okviru svoje posjete turskom gradu Gaziantepu, posjetio je i izbjegli\u010dko naselje u \u00a0Nizipu. Pozdraviv\u0161i sirijske izbjeglice na arapskom jeziku, Erdogan je kazao da su Sirijci dobrodo\u0161li u Turskoj, te da su Turska i Sirija dvije bratske zemlje. ,,Mi vidimo [&hellip;]<\/p>\n","protected":false},"author":33,"featured_media":63174,"comment_status":"open","ping_status":"open","sticky":false,"template":"","format":"standard","meta":{"footnotes":""},"categories":[9,2692],"tags":[],"class_list":{"0":"post-63173","1":"post","2":"type-post","3":"status-publish","4":"format-standard","5":"has-post-thumbnail","7":"category-svijet","8":"category-turska-gradovi"},"yoast_head":"<!-- This site is optimized with the Yoast SEO Premium plugin v23.1 (Yoast SEO v24.9) - https:\/\/yoast.com\/wordpress\/plugins\/seo\/ -->\n<title>Erdogan: Assad \u0107e odgovarati za svoje zlo\u010dine<\/title>\n<meta name=\"robots\" content=\"index, follow, max-snippet:-1, max-image-preview:large, max-video-preview:-1\" \/>\n<link rel=\"canonical\" href=\"https:\/\/sandzakpress.net\/arhiva\/erdogan-assad-ce-odgovarati-za-svoje-zlocine\/\" \/>\n<meta property=\"og:locale\" content=\"bs_BA\" \/>\n<meta property=\"og:type\" content=\"article\" \/>\n<meta property=\"og:title\" content=\"Erdogan: Assad \u0107e odgovarati za svoje zlo\u010dine\" \/>\n<meta property=\"og:description\" content=\"Turska &#8211; Turski premijer posjetio izbjegli\u010dko naselje u \u00a0Nizipu Premijer Republike Turske Recep Tayyip Erdogan, u okviru svoje posjete turskom gradu Gaziantepu, posjetio je i izbjegli\u010dko naselje u \u00a0Nizipu. Pozdraviv\u0161i sirijske izbjeglice na arapskom jeziku, Erdogan je kazao da su Sirijci dobrodo\u0161li u Turskoj, te da su Turska i Sirija dvije bratske zemlje. ,,Mi vidimo [&hellip;]\" \/>\n<meta property=\"og:url\" content=\"https:\/\/sandzakpress.net\/arhiva\/erdogan-assad-ce-odgovarati-za-svoje-zlocine\/\" \/>\n<meta property=\"og:site_name\" content=\"Sand\u017eak PRESS\" \/>\n<meta property=\"article:published_time\" content=\"2013-01-21T16:07:43+00:00\" \/>\n<meta property=\"article:modified_time\" content=\"2013-01-21T16:08:16+00:00\" \/>\n<meta property=\"og:image\" content=\"https:\/\/sandzakpress.net\/arhiva\/wp-content\/uploads\/2013\/01\/copyright_aabadoluajansi_2013_20130121160603.jpg\" \/>\n\t<meta property=\"og:image:width\" content=\"609\" \/>\n\t<meta property=\"og:image:height\" content=\"424\" \/>\n\t<meta property=\"og:image:type\" content=\"image\/jpeg\" \/>\n<meta name=\"twitter:card\" content=\"summary_large_image\" \/>\n<meta name=\"twitter:label1\" content=\"Written by\" \/>\n\t<meta name=\"twitter:data1\" content=\"\" \/>\n\t<meta name=\"twitter:label2\" content=\"Est. reading time\" \/>\n\t<meta name=\"twitter:data2\" content=\"1 minuta\" \/>\n<script type=\"application\/ld+json\" class=\"yoast-schema-graph\">{\"@context\":\"https:\/\/schema.org\",\"@graph\":[{\"@type\":\"Article\",\"@id\":\"https:\/\/sandzakpress.net\/arhiva\/erdogan-assad-ce-odgovarati-za-svoje-zlocine\/#article\",\"isPartOf\":{\"@id\":\"https:\/\/sandzakpress.net\/arhiva\/erdogan-assad-ce-odgovarati-za-svoje-zlocine\/\"},\"author\":{\"name\":\"\",\"@id\":\"\"},\"headline\":\"Erdogan: Assad \u0107e odgovarati za svoje zlo\u010dine\",\"datePublished\":\"2013-01-21T16:07:43+00:00\",\"dateModified\":\"2013-01-21T16:08:16+00:00\",\"mainEntityOfPage\":{\"@id\":\"https:\/\/sandzakpress.net\/arhiva\/erdogan-assad-ce-odgovarati-za-svoje-zlocine\/\"},\"wordCount\":277,\"commentCount\":0,\"publisher\":{\"@id\":\"https:\/\/sandzakpress.net\/arhiva\/#\/schema\/person\/6e72b67d6e51910a1117b3b483ba20bd\"},\"image\":{\"@id\":\"https:\/\/sandzakpress.net\/arhiva\/erdogan-assad-ce-odgovarati-za-svoje-zlocine\/#primaryimage\"},\"thumbnailUrl\":\"https:\/\/sandzakpress.net\/arhiva\/wp-content\/uploads\/2013\/01\/copyright_aabadoluajansi_2013_20130121160603.jpg\",\"articleSection\":[\"Svijet\",\"Turska\"],\"inLanguage\":\"bs-BA\",\"potentialAction\":[{\"@type\":\"CommentAction\",\"name\":\"Comment\",\"target\":[\"https:\/\/sandzakpress.net\/arhiva\/erdogan-assad-ce-odgovarati-za-svoje-zlocine\/#respond\"]}]},{\"@type\":\"WebPage\",\"@id\":\"https:\/\/sandzakpress.net\/arhiva\/erdogan-assad-ce-odgovarati-za-svoje-zlocine\/\",\"url\":\"https:\/\/sandzakpress.net\/arhiva\/erdogan-assad-ce-odgovarati-za-svoje-zlocine\/\",\"name\":\"Erdogan: Assad \u0107e odgovarati za svoje zlo\u010dine\",\"isPartOf\":{\"@id\":\"https:\/\/sandzakpress.net\/arhiva\/#website\"},\"primaryImageOfPage\":{\"@id\":\"https:\/\/sandzakpress.net\/arhiva\/erdogan-assad-ce-odgovarati-za-svoje-zlocine\/#primaryimage\"},\"image\":{\"@id\":\"https:\/\/sandzakpress.net\/arhiva\/erdogan-assad-ce-odgovarati-za-svoje-zlocine\/#primaryimage\"},\"thumbnailUrl\":\"https:\/\/sandzakpress.net\/arhiva\/wp-content\/uploads\/2013\/01\/copyright_aabadoluajansi_2013_20130121160603.jpg\",\"datePublished\":\"2013-01-21T16:07:43+00:00\",\"dateModified\":\"2013-01-21T16:08:16+00:00\",\"breadcrumb\":{\"@id\":\"https:\/\/sandzakpress.net\/arhiva\/erdogan-assad-ce-odgovarati-za-svoje-zlocine\/#breadcrumb\"},\"inLanguage\":\"bs-BA\",\"potentialAction\":[{\"@type\":\"ReadAction\",\"target\":[\"https:\/\/sandzakpress.net\/arhiva\/erdogan-assad-ce-odgovarati-za-svoje-zlocine\/\"]}]},{\"@type\":\"ImageObject\",\"inLanguage\":\"bs-BA\",\"@id\":\"https:\/\/sandzakpress.net\/arhiva\/erdogan-assad-ce-odgovarati-za-svoje-zlocine\/#primaryimage\",\"url\":\"https:\/\/sandzakpress.net\/arhiva\/wp-content\/uploads\/2013\/01\/copyright_aabadoluajansi_2013_20130121160603.jpg\",\"contentUrl\":\"https:\/\/sandzakpress.net\/arhiva\/wp-content\/uploads\/2013\/01\/copyright_aabadoluajansi_2013_20130121160603.jpg\",\"width\":609,\"height\":424},{\"@type\":\"BreadcrumbList\",\"@id\":\"https:\/\/sandzakpress.net\/arhiva\/erdogan-assad-ce-odgovarati-za-svoje-zlocine\/#breadcrumb\",\"itemListElement\":[{\"@type\":\"ListItem\",\"position\":1,\"name\":\"Home\",\"item\":\"https:\/\/sandzakpress.net\/arhiva\/\"},{\"@type\":\"ListItem\",\"position\":2,\"name\":\"Erdogan: Assad \u0107e odgovarati za svoje zlo\u010dine\"}]},{\"@type\":\"WebSite\",\"@id\":\"https:\/\/sandzakpress.net\/arhiva\/#website\",\"url\":\"https:\/\/sandzakpress.net\/arhiva\/\",\"name\":\"Sand\u017eak PRESS\",\"description\":\"Prve elektronske novine u Sand\u017eaku\",\"publisher\":{\"@id\":\"https:\/\/sandzakpress.net\/arhiva\/#\/schema\/person\/6e72b67d6e51910a1117b3b483ba20bd\"},\"potentialAction\":[{\"@type\":\"SearchAction\",\"target\":{\"@type\":\"EntryPoint\",\"urlTemplate\":\"https:\/\/sandzakpress.net\/arhiva\/?s={search_term_string}\"},\"query-input\":{\"@type\":\"PropertyValueSpecification\",\"valueRequired\":true,\"valueName\":\"search_term_string\"}}],\"inLanguage\":\"bs-BA\"},{\"@type\":[\"Person\",\"Organization\"],\"@id\":\"https:\/\/sandzakpress.net\/arhiva\/#\/schema\/person\/6e72b67d6e51910a1117b3b483ba20bd\",\"name\":\"Kul\",\"image\":{\"@type\":\"ImageObject\",\"inLanguage\":\"bs-BA\",\"@id\":\"https:\/\/sandzakpress.net\/arhiva\/#\/schema\/person\/image\/\",\"url\":\"https:\/\/secure.gravatar.com\/avatar\/42263f39aa27ac04c43cab85c280eb2e?s=96&d=mm&r=pg\",\"contentUrl\":\"https:\/\/secure.gravatar.com\/avatar\/42263f39aa27ac04c43cab85c280eb2e?s=96&d=mm&r=pg\",\"caption\":\"Kul\"},\"logo\":{\"@id\":\"https:\/\/sandzakpress.net\/arhiva\/#\/schema\/person\/image\/\"}},{\"@type\":\"Person\",\"@id\":\"\",\"url\":\"https:\/\/sandzakpress.net\/arhiva\/author\/\"}]}<\/script>\n<!-- \/ Yoast SEO Premium plugin. -->","yoast_head_json":{"title":"Erdogan: Assad \u0107e odgovarati za svoje zlo\u010dine","robots":{"index":"index","follow":"follow","max-snippet":"max-snippet:-1","max-image-preview":"max-image-preview:large","max-video-preview":"max-video-preview:-1"},"canonical":"https:\/\/sandzakpress.net\/arhiva\/erdogan-assad-ce-odgovarati-za-svoje-zlocine\/","og_locale":"bs_BA","og_type":"article","og_title":"Erdogan: Assad \u0107e odgovarati za svoje zlo\u010dine","og_description":"Turska &#8211; Turski premijer posjetio izbjegli\u010dko naselje u \u00a0Nizipu Premijer Republike Turske Recep Tayyip Erdogan, u okviru svoje posjete turskom gradu Gaziantepu, posjetio je i izbjegli\u010dko naselje u \u00a0Nizipu. Pozdraviv\u0161i sirijske izbjeglice na arapskom jeziku, Erdogan je kazao da su Sirijci dobrodo\u0161li u Turskoj, te da su Turska i Sirija dvije bratske zemlje. ,,Mi vidimo [&hellip;]","og_url":"https:\/\/sandzakpress.net\/arhiva\/erdogan-assad-ce-odgovarati-za-svoje-zlocine\/","og_site_name":"Sand\u017eak PRESS","article_published_time":"2013-01-21T16:07:43+00:00","article_modified_time":"2013-01-21T16:08:16+00:00","og_image":[{"width":609,"height":424,"url":"https:\/\/sandzakpress.net\/arhiva\/wp-content\/uploads\/2013\/01\/copyright_aabadoluajansi_2013_20130121160603.jpg","type":"image\/jpeg"}],"twitter_card":"summary_large_image","twitter_misc":{"Written by":"","Est. reading time":"1 minuta"},"schema":{"@context":"https:\/\/schema.org","@graph":[{"@type":"Article","@id":"https:\/\/sandzakpress.net\/arhiva\/erdogan-assad-ce-odgovarati-za-svoje-zlocine\/#article","isPartOf":{"@id":"https:\/\/sandzakpress.net\/arhiva\/erdogan-assad-ce-odgovarati-za-svoje-zlocine\/"},"author":{"name":"","@id":""},"headline":"Erdogan: Assad \u0107e odgovarati za svoje zlo\u010dine","datePublished":"2013-01-21T16:07:43+00:00","dateModified":"2013-01-21T16:08:16+00:00","mainEntityOfPage":{"@id":"https:\/\/sandzakpress.net\/arhiva\/erdogan-assad-ce-odgovarati-za-svoje-zlocine\/"},"wordCount":277,"commentCount":0,"publisher":{"@id":"https:\/\/sandzakpress.net\/arhiva\/#\/schema\/person\/6e72b67d6e51910a1117b3b483ba20bd"},"image":{"@id":"https:\/\/sandzakpress.net\/arhiva\/erdogan-assad-ce-odgovarati-za-svoje-zlocine\/#primaryimage"},"thumbnailUrl":"https:\/\/sandzakpress.net\/arhiva\/wp-content\/uploads\/2013\/01\/copyright_aabadoluajansi_2013_20130121160603.jpg","articleSection":["Svijet","Turska"],"inLanguage":"bs-BA","potentialAction":[{"@type":"CommentAction","name":"Comment","target":["https:\/\/sandzakpress.net\/arhiva\/erdogan-assad-ce-odgovarati-za-svoje-zlocine\/#respond"]}]},{"@type":"WebPage","@id":"https:\/\/sandzakpress.net\/arhiva\/erdogan-assad-ce-odgovarati-za-svoje-zlocine\/","url":"https:\/\/sandzakpress.net\/arhiva\/erdogan-assad-ce-odgovarati-za-svoje-zlocine\/","name":"Erdogan: Assad \u0107e odgovarati za svoje zlo\u010dine","isPartOf":{"@id":"https:\/\/sandzakpress.net\/arhiva\/#website"},"primaryImageOfPage":{"@id":"https:\/\/sandzakpress.net\/arhiva\/erdogan-assad-ce-odgovarati-za-svoje-zlocine\/#primaryimage"},"image":{"@id":"https:\/\/sandzakpress.net\/arhiva\/erdogan-assad-ce-odgovarati-za-svoje-zlocine\/#primaryimage"},"thumbnailUrl":"https:\/\/sandzakpress.net\/arhiva\/wp-content\/uploads\/2013\/01\/copyright_aabadoluajansi_2013_20130121160603.jpg","datePublished":"2013-01-21T16:07:43+00:00","dateModified":"2013-01-21T16:08:16+00:00","breadcrumb":{"@id":"https:\/\/sandzakpress.net\/arhiva\/erdogan-assad-ce-odgovarati-za-svoje-zlocine\/#breadcrumb"},"inLanguage":"bs-BA","potentialAction":[{"@type":"ReadAction","target":["https:\/\/sandzakpress.net\/arhiva\/erdogan-assad-ce-odgovarati-za-svoje-zlocine\/"]}]},{"@type":"ImageObject","inLanguage":"bs-BA","@id":"https:\/\/sandzakpress.net\/arhiva\/erdogan-assad-ce-odgovarati-za-svoje-zlocine\/#primaryimage","url":"https:\/\/sandzakpress.net\/arhiva\/wp-content\/uploads\/2013\/01\/copyright_aabadoluajansi_2013_20130121160603.jpg","contentUrl":"https:\/\/sandzakpress.net\/arhiva\/wp-content\/uploads\/2013\/01\/copyright_aabadoluajansi_2013_20130121160603.jpg","width":609,"height":424},{"@type":"BreadcrumbList","@id":"https:\/\/sandzakpress.net\/arhiva\/erdogan-assad-ce-odgovarati-za-svoje-zlocine\/#breadcrumb","itemListElement":[{"@type":"ListItem","position":1,"name":"Home","item":"https:\/\/sandzakpress.net\/arhiva\/"},{"@type":"ListItem","position":2,"name":"Erdogan: Assad \u0107e odgovarati za svoje zlo\u010dine"}]},{"@type":"WebSite","@id":"https:\/\/sandzakpress.net\/arhiva\/#website","url":"https:\/\/sandzakpress.net\/arhiva\/","name":"Sand\u017eak PRESS","description":"Prve elektronske novine u Sand\u017eaku","publisher":{"@id":"https:\/\/sandzakpress.net\/arhiva\/#\/schema\/person\/6e72b67d6e51910a1117b3b483ba20bd"},"potentialAction":[{"@type":"SearchAction","target":{"@type":"EntryPoint","urlTemplate":"https:\/\/sandzakpress.net\/arhiva\/?s={search_term_string}"},"query-input":{"@type":"PropertyValueSpecification","valueRequired":true,"valueName":"search_term_string"}}],"inLanguage":"bs-BA"},{"@type":["Person","Organization"],"@id":"https:\/\/sandzakpress.net\/arhiva\/#\/schema\/person\/6e72b67d6e51910a1117b3b483ba20bd","name":"Kul","image":{"@type":"ImageObject","inLanguage":"bs-BA","@id":"https:\/\/sandzakpress.net\/arhiva\/#\/schema\/person\/image\/","url":"https:\/\/secure.gravatar.com\/avatar\/42263f39aa27ac04c43cab85c280eb2e?s=96&d=mm&r=pg","contentUrl":"https:\/\/secure.gravatar.com\/avatar\/42263f39aa27ac04c43cab85c280eb2e?s=96&d=mm&r=pg","caption":"Kul"},"logo":{"@id":"https:\/\/sandzakpress.net\/arhiva\/#\/schema\/person\/image\/"}},{"@type":"Person","@id":"","url":"https:\/\/sandzakpress.net\/arhiva\/author\/"}]}},"_links":{"self":[{"href":"https:\/\/sandzakpress.net\/arhiva\/wp-json\/wp\/v2\/posts\/63173"}],"collection":[{"href":"https:\/\/sandzakpress.net\/arhiva\/wp-json\/wp\/v2\/posts"}],"about":[{"href":"https:\/\/sandzakpress.net\/arhiva\/wp-json\/wp\/v2\/types\/post"}],"author":[{"embeddable":true,"href":"https:\/\/sandzakpress.net\/arhiva\/wp-json\/wp\/v2\/users\/33"}],"replies":[{"embeddable":true,"href":"https:\/\/sandzakpress.net\/arhiva\/wp-json\/wp\/v2\/comments?post=63173"}],"version-history":[{"count":0,"href":"https:\/\/sandzakpress.net\/arhiva\/wp-json\/wp\/v2\/posts\/63173\/revisions"}],"wp:featuredmedia":[{"embeddable":true,"href":"https:\/\/sandzakpress.net\/arhiva\/wp-json\/wp\/v2\/media\/63174"}],"wp:attachment":[{"href":"https:\/\/sandzakpress.net\/arhiva\/wp-json\/wp\/v2\/media?parent=63173"}],"wp:term":[{"taxonomy":"category","embeddable":true,"href":"https:\/\/sandzakpress.net\/arhiva\/wp-json\/wp\/v2\/categories?post=63173"},{"taxonomy":"post_tag","embeddable":true,"href":"https:\/\/sandzakpress.net\/arhiva\/wp-json\/wp\/v2\/tags?post=63173"}],"curies":[{"name":"wp","href":"https:\/\/api.w.org\/{rel}","templated":true}]}}