{"id":62798,"date":"2013-01-18T19:34:26","date_gmt":"2013-01-18T18:34:26","guid":{"rendered":"https:\/\/sandzakpress.net\/arhiva\/?p=62798"},"modified":"2013-01-18T19:34:26","modified_gmt":"2013-01-18T18:34:26","slug":"turska-zabrinuta-zbog-zakona-o-240-imama-u-grckoj","status":"publish","type":"post","link":"https:\/\/sandzakpress.net\/arhiva\/turska-zabrinuta-zbog-zakona-o-240-imama-u-grckoj\/","title":{"rendered":"Turska zabrinuta zbog &#8220;Zakona o 240 imama&#8221; u Gr\u010dkoj"},"content":{"rendered":"<p><strong><a href=\"https:\/\/sandzakpress.net\/arhiva\/wp-content\/uploads\/2013\/01\/turska-zabrinuta-zbog-zakona-o-240-imama-u-grckoj_trt-bosanski-14236.jpg\"><img loading=\"lazy\" decoding=\"async\" class=\"alignleft size-full wp-image-62797\" title=\"turska-zabrinuta-zbog-zakona-o-240-imama-u-grckoj_trt-bosanski-14236\" src=\"https:\/\/sandzakpress.net\/arhiva\/wp-content\/uploads\/2013\/01\/turska-zabrinuta-zbog-zakona-o-240-imama-u-grckoj_trt-bosanski-14236.jpg\" alt=\"\" width=\"302\" height=\"210\" \/><\/a>Turska &#8211; Glasnogovornk turskog Ministarstva vanjskih poslova Selcuk Unal u pisanom saop\u0107enju naveo je da Turska sa zabrinuto\u0161\u0107u prati proces dono\u0161enja &#8220;Zakona o 240 imama&#8221; u gr\u010dkom parlamentu koji je, nakon neuspjeha da implementira sporni zakon done\u0161en 2007. godine o zabrani imenovanja vjerou\u010ditelja u pokrajini Zapadne Trakije u kojoj \u017eivi turska manjina, ponovo izglasala isti zakon sa odre\u0111enim izmjenama.<\/strong><\/p>\n<p>Gr\u010dki parlament je 2007. godine donio sporni zakon, ali negodovanje stanovnika i predstavnika Zapadne Trakije onemogu\u0107ilo je njegovu implementaciju. Zakon je ponovo vra\u0107en u parlament i izglasan uz odre\u0111ene izmjene koje bi trebale pomiriti predstavnike vjerskih manjina u Gr\u010dkoj.<\/p>\n<p>&#8220;Gr\u010dki parlament se ponovo oglu\u0161io na zahtjeve turske manjine po pitanju ovog zakona i donio odre\u0111ene izmjene, koje imaju za cilj samo implementaciju zakona, a u biti ni\u0161ta ne mijenjaju. To je razo\u010daravaju\u0107a \u010dinjenica&#8221;, kazao je Unal.<\/p>\n<p>Isti\u010du\u0107i da je saslu\u0161ao sve stavove i nastupe predstavnika manjina u parlamentu Gr\u010dke, Unal je kazao da su njihovi stavovi ispravni.<\/p>\n<p>&#8220;Prema Ugovoru iz Lozane, turska manjina u Zapadnoj Trakiji ima pravo da rukovodi svojim vjerskim i obrazovnim institucijama. Evropska konvencija o ljudskim pravima tako\u0111er uklju\u010duje pravo manjina na vjeronauk. \u010cak i norme Evropske unije uklju\u010diju pravo na vjerske slobode manjina u modernim dru\u0161tvima&#8221;, kazao je Unal.<\/p>\n<p>Nagla\u0161avaju\u0107i da je turska manjina u Gr\u010dkoj jo\u0161 jedanput razo\u010darana, Unal je kazao da bi gr\u010dki parlament, prema svom pravilniku, trebao ponovo razmotriti zahtjeve manjina i jo\u0161 jedanput se izja\u0161njavati o ovom spornom zakonu, ali ovaj put sa nadom u druga\u010diji ishod.<\/p>\n<p>AA<\/p>\n","protected":false},"excerpt":{"rendered":"<p>Turska &#8211; Glasnogovornk turskog Ministarstva vanjskih poslova Selcuk Unal u pisanom saop\u0107enju naveo je da Turska sa zabrinuto\u0161\u0107u prati proces dono\u0161enja &#8220;Zakona o 240 imama&#8221; u gr\u010dkom parlamentu koji je, nakon neuspjeha da implementira sporni zakon done\u0161en 2007. godine o zabrani imenovanja vjerou\u010ditelja u pokrajini Zapadne Trakije u kojoj \u017eivi turska manjina, ponovo izglasala isti [&hellip;]<\/p>\n","protected":false},"author":33,"featured_media":62797,"comment_status":"open","ping_status":"open","sticky":false,"template":"","format":"standard","meta":{"footnotes":""},"categories":[9,2692],"tags":[],"class_list":{"0":"post-62798","1":"post","2":"type-post","3":"status-publish","4":"format-standard","5":"has-post-thumbnail","7":"category-svijet","8":"category-turska-gradovi"},"yoast_head":"<!-- This site is optimized with the Yoast SEO Premium plugin v23.1 (Yoast SEO v24.9) - https:\/\/yoast.com\/wordpress\/plugins\/seo\/ -->\n<title>Turska zabrinuta zbog &quot;Zakona o 240 imama&quot; u Gr\u010dkoj<\/title>\n<meta name=\"robots\" content=\"index, follow, max-snippet:-1, max-image-preview:large, max-video-preview:-1\" \/>\n<link rel=\"canonical\" href=\"https:\/\/sandzakpress.net\/arhiva\/turska-zabrinuta-zbog-zakona-o-240-imama-u-grckoj\/\" \/>\n<meta property=\"og:locale\" content=\"bs_BA\" \/>\n<meta property=\"og:type\" content=\"article\" \/>\n<meta property=\"og:title\" content=\"Turska zabrinuta zbog &quot;Zakona o 240 imama&quot; u Gr\u010dkoj\" \/>\n<meta property=\"og:description\" content=\"Turska &#8211; Glasnogovornk turskog Ministarstva vanjskih poslova Selcuk Unal u pisanom saop\u0107enju naveo je da Turska sa zabrinuto\u0161\u0107u prati proces dono\u0161enja &#8220;Zakona o 240 imama&#8221; u gr\u010dkom parlamentu koji je, nakon neuspjeha da implementira sporni zakon done\u0161en 2007. godine o zabrani imenovanja vjerou\u010ditelja u pokrajini Zapadne Trakije u kojoj \u017eivi turska manjina, ponovo izglasala isti [&hellip;]\" \/>\n<meta property=\"og:url\" content=\"https:\/\/sandzakpress.net\/arhiva\/turska-zabrinuta-zbog-zakona-o-240-imama-u-grckoj\/\" \/>\n<meta property=\"og:site_name\" content=\"Sand\u017eak PRESS\" \/>\n<meta property=\"article:published_time\" content=\"2013-01-18T18:34:26+00:00\" \/>\n<meta property=\"og:image\" content=\"https:\/\/sandzakpress.net\/arhiva\/wp-content\/uploads\/2013\/01\/turska-zabrinuta-zbog-zakona-o-240-imama-u-grckoj_trt-bosanski-14236.jpg\" \/>\n\t<meta property=\"og:image:width\" content=\"522\" \/>\n\t<meta property=\"og:image:height\" content=\"363\" \/>\n\t<meta property=\"og:image:type\" content=\"image\/jpeg\" \/>\n<meta name=\"twitter:card\" content=\"summary_large_image\" \/>\n<meta name=\"twitter:label1\" content=\"Written by\" \/>\n\t<meta name=\"twitter:data1\" content=\"\" \/>\n\t<meta name=\"twitter:label2\" content=\"Est. reading time\" \/>\n\t<meta name=\"twitter:data2\" content=\"1 minuta\" \/>\n<script type=\"application\/ld+json\" class=\"yoast-schema-graph\">{\"@context\":\"https:\/\/schema.org\",\"@graph\":[{\"@type\":\"Article\",\"@id\":\"https:\/\/sandzakpress.net\/arhiva\/turska-zabrinuta-zbog-zakona-o-240-imama-u-grckoj\/#article\",\"isPartOf\":{\"@id\":\"https:\/\/sandzakpress.net\/arhiva\/turska-zabrinuta-zbog-zakona-o-240-imama-u-grckoj\/\"},\"author\":{\"name\":\"\",\"@id\":\"\"},\"headline\":\"Turska zabrinuta zbog &#8220;Zakona o 240 imama&#8221; u Gr\u010dkoj\",\"datePublished\":\"2013-01-18T18:34:26+00:00\",\"mainEntityOfPage\":{\"@id\":\"https:\/\/sandzakpress.net\/arhiva\/turska-zabrinuta-zbog-zakona-o-240-imama-u-grckoj\/\"},\"wordCount\":284,\"commentCount\":0,\"publisher\":{\"@id\":\"https:\/\/sandzakpress.net\/arhiva\/#\/schema\/person\/6e72b67d6e51910a1117b3b483ba20bd\"},\"image\":{\"@id\":\"https:\/\/sandzakpress.net\/arhiva\/turska-zabrinuta-zbog-zakona-o-240-imama-u-grckoj\/#primaryimage\"},\"thumbnailUrl\":\"https:\/\/sandzakpress.net\/arhiva\/wp-content\/uploads\/2013\/01\/turska-zabrinuta-zbog-zakona-o-240-imama-u-grckoj_trt-bosanski-14236.jpg\",\"articleSection\":[\"Svijet\",\"Turska\"],\"inLanguage\":\"bs-BA\",\"potentialAction\":[{\"@type\":\"CommentAction\",\"name\":\"Comment\",\"target\":[\"https:\/\/sandzakpress.net\/arhiva\/turska-zabrinuta-zbog-zakona-o-240-imama-u-grckoj\/#respond\"]}]},{\"@type\":\"WebPage\",\"@id\":\"https:\/\/sandzakpress.net\/arhiva\/turska-zabrinuta-zbog-zakona-o-240-imama-u-grckoj\/\",\"url\":\"https:\/\/sandzakpress.net\/arhiva\/turska-zabrinuta-zbog-zakona-o-240-imama-u-grckoj\/\",\"name\":\"Turska zabrinuta zbog \\\"Zakona o 240 imama\\\" u Gr\u010dkoj\",\"isPartOf\":{\"@id\":\"https:\/\/sandzakpress.net\/arhiva\/#website\"},\"primaryImageOfPage\":{\"@id\":\"https:\/\/sandzakpress.net\/arhiva\/turska-zabrinuta-zbog-zakona-o-240-imama-u-grckoj\/#primaryimage\"},\"image\":{\"@id\":\"https:\/\/sandzakpress.net\/arhiva\/turska-zabrinuta-zbog-zakona-o-240-imama-u-grckoj\/#primaryimage\"},\"thumbnailUrl\":\"https:\/\/sandzakpress.net\/arhiva\/wp-content\/uploads\/2013\/01\/turska-zabrinuta-zbog-zakona-o-240-imama-u-grckoj_trt-bosanski-14236.jpg\",\"datePublished\":\"2013-01-18T18:34:26+00:00\",\"breadcrumb\":{\"@id\":\"https:\/\/sandzakpress.net\/arhiva\/turska-zabrinuta-zbog-zakona-o-240-imama-u-grckoj\/#breadcrumb\"},\"inLanguage\":\"bs-BA\",\"potentialAction\":[{\"@type\":\"ReadAction\",\"target\":[\"https:\/\/sandzakpress.net\/arhiva\/turska-zabrinuta-zbog-zakona-o-240-imama-u-grckoj\/\"]}]},{\"@type\":\"ImageObject\",\"inLanguage\":\"bs-BA\",\"@id\":\"https:\/\/sandzakpress.net\/arhiva\/turska-zabrinuta-zbog-zakona-o-240-imama-u-grckoj\/#primaryimage\",\"url\":\"https:\/\/sandzakpress.net\/arhiva\/wp-content\/uploads\/2013\/01\/turska-zabrinuta-zbog-zakona-o-240-imama-u-grckoj_trt-bosanski-14236.jpg\",\"contentUrl\":\"https:\/\/sandzakpress.net\/arhiva\/wp-content\/uploads\/2013\/01\/turska-zabrinuta-zbog-zakona-o-240-imama-u-grckoj_trt-bosanski-14236.jpg\",\"width\":522,\"height\":363},{\"@type\":\"BreadcrumbList\",\"@id\":\"https:\/\/sandzakpress.net\/arhiva\/turska-zabrinuta-zbog-zakona-o-240-imama-u-grckoj\/#breadcrumb\",\"itemListElement\":[{\"@type\":\"ListItem\",\"position\":1,\"name\":\"Home\",\"item\":\"https:\/\/sandzakpress.net\/arhiva\/\"},{\"@type\":\"ListItem\",\"position\":2,\"name\":\"Turska zabrinuta zbog &#8220;Zakona o 240 imama&#8221; u Gr\u010dkoj\"}]},{\"@type\":\"WebSite\",\"@id\":\"https:\/\/sandzakpress.net\/arhiva\/#website\",\"url\":\"https:\/\/sandzakpress.net\/arhiva\/\",\"name\":\"Sand\u017eak PRESS\",\"description\":\"Prve elektronske novine u Sand\u017eaku\",\"publisher\":{\"@id\":\"https:\/\/sandzakpress.net\/arhiva\/#\/schema\/person\/6e72b67d6e51910a1117b3b483ba20bd\"},\"potentialAction\":[{\"@type\":\"SearchAction\",\"target\":{\"@type\":\"EntryPoint\",\"urlTemplate\":\"https:\/\/sandzakpress.net\/arhiva\/?s={search_term_string}\"},\"query-input\":{\"@type\":\"PropertyValueSpecification\",\"valueRequired\":true,\"valueName\":\"search_term_string\"}}],\"inLanguage\":\"bs-BA\"},{\"@type\":[\"Person\",\"Organization\"],\"@id\":\"https:\/\/sandzakpress.net\/arhiva\/#\/schema\/person\/6e72b67d6e51910a1117b3b483ba20bd\",\"name\":\"Kul\",\"image\":{\"@type\":\"ImageObject\",\"inLanguage\":\"bs-BA\",\"@id\":\"https:\/\/sandzakpress.net\/arhiva\/#\/schema\/person\/image\/\",\"url\":\"https:\/\/secure.gravatar.com\/avatar\/42263f39aa27ac04c43cab85c280eb2e?s=96&d=mm&r=pg\",\"contentUrl\":\"https:\/\/secure.gravatar.com\/avatar\/42263f39aa27ac04c43cab85c280eb2e?s=96&d=mm&r=pg\",\"caption\":\"Kul\"},\"logo\":{\"@id\":\"https:\/\/sandzakpress.net\/arhiva\/#\/schema\/person\/image\/\"}},{\"@type\":\"Person\",\"@id\":\"\",\"url\":\"https:\/\/sandzakpress.net\/arhiva\/author\/\"}]}<\/script>\n<!-- \/ Yoast SEO Premium plugin. -->","yoast_head_json":{"title":"Turska zabrinuta zbog \"Zakona o 240 imama\" u Gr\u010dkoj","robots":{"index":"index","follow":"follow","max-snippet":"max-snippet:-1","max-image-preview":"max-image-preview:large","max-video-preview":"max-video-preview:-1"},"canonical":"https:\/\/sandzakpress.net\/arhiva\/turska-zabrinuta-zbog-zakona-o-240-imama-u-grckoj\/","og_locale":"bs_BA","og_type":"article","og_title":"Turska zabrinuta zbog \"Zakona o 240 imama\" u Gr\u010dkoj","og_description":"Turska &#8211; Glasnogovornk turskog Ministarstva vanjskih poslova Selcuk Unal u pisanom saop\u0107enju naveo je da Turska sa zabrinuto\u0161\u0107u prati proces dono\u0161enja &#8220;Zakona o 240 imama&#8221; u gr\u010dkom parlamentu koji je, nakon neuspjeha da implementira sporni zakon done\u0161en 2007. godine o zabrani imenovanja vjerou\u010ditelja u pokrajini Zapadne Trakije u kojoj \u017eivi turska manjina, ponovo izglasala isti [&hellip;]","og_url":"https:\/\/sandzakpress.net\/arhiva\/turska-zabrinuta-zbog-zakona-o-240-imama-u-grckoj\/","og_site_name":"Sand\u017eak PRESS","article_published_time":"2013-01-18T18:34:26+00:00","og_image":[{"width":522,"height":363,"url":"https:\/\/sandzakpress.net\/arhiva\/wp-content\/uploads\/2013\/01\/turska-zabrinuta-zbog-zakona-o-240-imama-u-grckoj_trt-bosanski-14236.jpg","type":"image\/jpeg"}],"twitter_card":"summary_large_image","twitter_misc":{"Written by":"","Est. reading time":"1 minuta"},"schema":{"@context":"https:\/\/schema.org","@graph":[{"@type":"Article","@id":"https:\/\/sandzakpress.net\/arhiva\/turska-zabrinuta-zbog-zakona-o-240-imama-u-grckoj\/#article","isPartOf":{"@id":"https:\/\/sandzakpress.net\/arhiva\/turska-zabrinuta-zbog-zakona-o-240-imama-u-grckoj\/"},"author":{"name":"","@id":""},"headline":"Turska zabrinuta zbog &#8220;Zakona o 240 imama&#8221; u Gr\u010dkoj","datePublished":"2013-01-18T18:34:26+00:00","mainEntityOfPage":{"@id":"https:\/\/sandzakpress.net\/arhiva\/turska-zabrinuta-zbog-zakona-o-240-imama-u-grckoj\/"},"wordCount":284,"commentCount":0,"publisher":{"@id":"https:\/\/sandzakpress.net\/arhiva\/#\/schema\/person\/6e72b67d6e51910a1117b3b483ba20bd"},"image":{"@id":"https:\/\/sandzakpress.net\/arhiva\/turska-zabrinuta-zbog-zakona-o-240-imama-u-grckoj\/#primaryimage"},"thumbnailUrl":"https:\/\/sandzakpress.net\/arhiva\/wp-content\/uploads\/2013\/01\/turska-zabrinuta-zbog-zakona-o-240-imama-u-grckoj_trt-bosanski-14236.jpg","articleSection":["Svijet","Turska"],"inLanguage":"bs-BA","potentialAction":[{"@type":"CommentAction","name":"Comment","target":["https:\/\/sandzakpress.net\/arhiva\/turska-zabrinuta-zbog-zakona-o-240-imama-u-grckoj\/#respond"]}]},{"@type":"WebPage","@id":"https:\/\/sandzakpress.net\/arhiva\/turska-zabrinuta-zbog-zakona-o-240-imama-u-grckoj\/","url":"https:\/\/sandzakpress.net\/arhiva\/turska-zabrinuta-zbog-zakona-o-240-imama-u-grckoj\/","name":"Turska zabrinuta zbog \"Zakona o 240 imama\" u Gr\u010dkoj","isPartOf":{"@id":"https:\/\/sandzakpress.net\/arhiva\/#website"},"primaryImageOfPage":{"@id":"https:\/\/sandzakpress.net\/arhiva\/turska-zabrinuta-zbog-zakona-o-240-imama-u-grckoj\/#primaryimage"},"image":{"@id":"https:\/\/sandzakpress.net\/arhiva\/turska-zabrinuta-zbog-zakona-o-240-imama-u-grckoj\/#primaryimage"},"thumbnailUrl":"https:\/\/sandzakpress.net\/arhiva\/wp-content\/uploads\/2013\/01\/turska-zabrinuta-zbog-zakona-o-240-imama-u-grckoj_trt-bosanski-14236.jpg","datePublished":"2013-01-18T18:34:26+00:00","breadcrumb":{"@id":"https:\/\/sandzakpress.net\/arhiva\/turska-zabrinuta-zbog-zakona-o-240-imama-u-grckoj\/#breadcrumb"},"inLanguage":"bs-BA","potentialAction":[{"@type":"ReadAction","target":["https:\/\/sandzakpress.net\/arhiva\/turska-zabrinuta-zbog-zakona-o-240-imama-u-grckoj\/"]}]},{"@type":"ImageObject","inLanguage":"bs-BA","@id":"https:\/\/sandzakpress.net\/arhiva\/turska-zabrinuta-zbog-zakona-o-240-imama-u-grckoj\/#primaryimage","url":"https:\/\/sandzakpress.net\/arhiva\/wp-content\/uploads\/2013\/01\/turska-zabrinuta-zbog-zakona-o-240-imama-u-grckoj_trt-bosanski-14236.jpg","contentUrl":"https:\/\/sandzakpress.net\/arhiva\/wp-content\/uploads\/2013\/01\/turska-zabrinuta-zbog-zakona-o-240-imama-u-grckoj_trt-bosanski-14236.jpg","width":522,"height":363},{"@type":"BreadcrumbList","@id":"https:\/\/sandzakpress.net\/arhiva\/turska-zabrinuta-zbog-zakona-o-240-imama-u-grckoj\/#breadcrumb","itemListElement":[{"@type":"ListItem","position":1,"name":"Home","item":"https:\/\/sandzakpress.net\/arhiva\/"},{"@type":"ListItem","position":2,"name":"Turska zabrinuta zbog &#8220;Zakona o 240 imama&#8221; u Gr\u010dkoj"}]},{"@type":"WebSite","@id":"https:\/\/sandzakpress.net\/arhiva\/#website","url":"https:\/\/sandzakpress.net\/arhiva\/","name":"Sand\u017eak PRESS","description":"Prve elektronske novine u Sand\u017eaku","publisher":{"@id":"https:\/\/sandzakpress.net\/arhiva\/#\/schema\/person\/6e72b67d6e51910a1117b3b483ba20bd"},"potentialAction":[{"@type":"SearchAction","target":{"@type":"EntryPoint","urlTemplate":"https:\/\/sandzakpress.net\/arhiva\/?s={search_term_string}"},"query-input":{"@type":"PropertyValueSpecification","valueRequired":true,"valueName":"search_term_string"}}],"inLanguage":"bs-BA"},{"@type":["Person","Organization"],"@id":"https:\/\/sandzakpress.net\/arhiva\/#\/schema\/person\/6e72b67d6e51910a1117b3b483ba20bd","name":"Kul","image":{"@type":"ImageObject","inLanguage":"bs-BA","@id":"https:\/\/sandzakpress.net\/arhiva\/#\/schema\/person\/image\/","url":"https:\/\/secure.gravatar.com\/avatar\/42263f39aa27ac04c43cab85c280eb2e?s=96&d=mm&r=pg","contentUrl":"https:\/\/secure.gravatar.com\/avatar\/42263f39aa27ac04c43cab85c280eb2e?s=96&d=mm&r=pg","caption":"Kul"},"logo":{"@id":"https:\/\/sandzakpress.net\/arhiva\/#\/schema\/person\/image\/"}},{"@type":"Person","@id":"","url":"https:\/\/sandzakpress.net\/arhiva\/author\/"}]}},"_links":{"self":[{"href":"https:\/\/sandzakpress.net\/arhiva\/wp-json\/wp\/v2\/posts\/62798"}],"collection":[{"href":"https:\/\/sandzakpress.net\/arhiva\/wp-json\/wp\/v2\/posts"}],"about":[{"href":"https:\/\/sandzakpress.net\/arhiva\/wp-json\/wp\/v2\/types\/post"}],"author":[{"embeddable":true,"href":"https:\/\/sandzakpress.net\/arhiva\/wp-json\/wp\/v2\/users\/33"}],"replies":[{"embeddable":true,"href":"https:\/\/sandzakpress.net\/arhiva\/wp-json\/wp\/v2\/comments?post=62798"}],"version-history":[{"count":0,"href":"https:\/\/sandzakpress.net\/arhiva\/wp-json\/wp\/v2\/posts\/62798\/revisions"}],"wp:featuredmedia":[{"embeddable":true,"href":"https:\/\/sandzakpress.net\/arhiva\/wp-json\/wp\/v2\/media\/62797"}],"wp:attachment":[{"href":"https:\/\/sandzakpress.net\/arhiva\/wp-json\/wp\/v2\/media?parent=62798"}],"wp:term":[{"taxonomy":"category","embeddable":true,"href":"https:\/\/sandzakpress.net\/arhiva\/wp-json\/wp\/v2\/categories?post=62798"},{"taxonomy":"post_tag","embeddable":true,"href":"https:\/\/sandzakpress.net\/arhiva\/wp-json\/wp\/v2\/tags?post=62798"}],"curies":[{"name":"wp","href":"https:\/\/api.w.org\/{rel}","templated":true}]}}