{"id":6261,"date":"2010-07-09T15:50:42","date_gmt":"2010-07-09T15:50:42","guid":{"rendered":"https:\/\/sandzakpress.net\/arhiva\/?p=6261"},"modified":"2010-07-09T15:50:42","modified_gmt":"2010-07-09T15:50:42","slug":"isra-i-miradz-u-prijepolju","status":"publish","type":"post","link":"https:\/\/sandzakpress.net\/arhiva\/isra-i-miradz-u-prijepolju\/","title":{"rendered":"Isra i Mi'rad\u017e u Prijepolju"},"content":{"rendered":"<p><strong><a href=\"https:\/\/sandzakpress.net\/arhiva\/wp-content\/uploads\/2010\/07\/sarampov.jpg\"><img loading=\"lazy\" decoding=\"async\" class=\"alignleft size-medium wp-image-6262\" title=\"sarampov\" src=\"https:\/\/sandzakpress.net\/arhiva\/wp-content\/uploads\/2010\/07\/sarampov-300x211.jpg\" alt=\"\" width=\"300\" height=\"211\" \/><\/a>Prijepolje &#8211; Med\u017elis Prijepolje je Danas 08.07.2010.godine poslije ak\u0161amskog namaza u Ibrahim pa\u0161inoj d\u017eamiji u \u0160arampovu \u00a0organizovao prigodno predavanje u povodu Lejletul Isra i Miradz.<\/strong><\/p>\n<p>Ovoj prigodnoj svije\u010danosti je prisustvovao veliki broj vjernika, a predava\u010d je bio muftija novosadsko-beogradski Re\u0161ad ef. Plojevi\u0107.<\/p>\n<p>Muftija Plojevi\u0107 je u predavanju koje je bilo jako iscrpno i op\u0161irno posebno naglasio da Bo\u0161njaci danas prolaze isku\u0161enja i neda\u0107e koje su stolje\u0107ima prisutne kod muslimana \u0161irom svijeta, i da su one sli\u010dne diskriminaciji kroz koju je pro\u0161ao na\u0161 Poslanik Muhamed s.a.w.s. za vrijeme svojeg poslanstva, te da je jedinstvo i obrazovanje muslimana Bo\u0161njaka najbitnija stvar svakog pojedinca.\u00a0Nakon predavanja vjernici su postavljali brojna pitanja muftiji Plojevi\u0107u na koja je on dao jako iscrpne i jasne odgovore.<\/p>\n<p>Skupu su se pored Muftije Plojevi\u0107a obratili u svojstvu doma\u0107ina Gl imam Med\u017elisa Prijepolje \u00a0Prof.Aref ef. Durakovi\u0107, zatim predsjednik Med\u017elisa Islamske Zajednice Prijepolja Samir ef. Tandir koji je poseban osvrt vjernicima dao na de\u0161avanja oko problema kroz koje ovih dana muslimani Bo\u0161njaci u Srbiji prolaze, odnosno na brojne diskriminacije od strane dr\u017eave i pojedinih ministarstava.<\/p>\n<p>Izvor:<strong> SandzakNews.info<\/strong><\/p>\n","protected":false},"excerpt":{"rendered":"<p>Prijepolje &#8211; Med\u017elis Prijepolje je Danas 08.07.2010.godine poslije ak\u0161amskog namaza u Ibrahim pa\u0161inoj d\u017eamiji u \u0160arampovu \u00a0organizovao prigodno predavanje u povodu Lejletul Isra i Miradz. Ovoj prigodnoj svije\u010danosti je prisustvovao veliki broj vjernika, a predava\u010d je bio muftija novosadsko-beogradski Re\u0161ad ef. Plojevi\u0107. Muftija Plojevi\u0107 je u predavanju koje je bilo jako iscrpno i op\u0161irno posebno [&hellip;]<\/p>\n","protected":false},"author":83,"featured_media":6262,"comment_status":"open","ping_status":"open","sticky":false,"template":"","format":"standard","meta":{"footnotes":""},"categories":[392,802],"tags":[],"class_list":{"0":"post-6261","1":"post","2":"type-post","3":"status-publish","4":"format-standard","5":"has-post-thumbnail","7":"category-prijepolje_","8":"category-islamska_zajednica"},"yoast_head":"<!-- This site is optimized with the Yoast SEO Premium plugin v23.1 (Yoast SEO v24.9) - https:\/\/yoast.com\/wordpress\/plugins\/seo\/ -->\n<title>Isra i Mi&#039;rad\u017e u Prijepolju<\/title>\n<meta name=\"robots\" content=\"index, follow, max-snippet:-1, max-image-preview:large, max-video-preview:-1\" \/>\n<link rel=\"canonical\" href=\"https:\/\/sandzakpress.net\/arhiva\/isra-i-miradz-u-prijepolju\/\" \/>\n<meta property=\"og:locale\" content=\"bs_BA\" \/>\n<meta property=\"og:type\" content=\"article\" \/>\n<meta property=\"og:title\" content=\"Isra i Mi&#039;rad\u017e u Prijepolju\" \/>\n<meta property=\"og:description\" content=\"Prijepolje &#8211; Med\u017elis Prijepolje je Danas 08.07.2010.godine poslije ak\u0161amskog namaza u Ibrahim pa\u0161inoj d\u017eamiji u \u0160arampovu \u00a0organizovao prigodno predavanje u povodu Lejletul Isra i Miradz. Ovoj prigodnoj svije\u010danosti je prisustvovao veliki broj vjernika, a predava\u010d je bio muftija novosadsko-beogradski Re\u0161ad ef. Plojevi\u0107. Muftija Plojevi\u0107 je u predavanju koje je bilo jako iscrpno i op\u0161irno posebno [&hellip;]\" \/>\n<meta property=\"og:url\" content=\"https:\/\/sandzakpress.net\/arhiva\/isra-i-miradz-u-prijepolju\/\" \/>\n<meta property=\"og:site_name\" content=\"Sand\u017eak PRESS\" \/>\n<meta property=\"article:published_time\" content=\"2010-07-09T15:50:42+00:00\" \/>\n<meta property=\"og:image\" content=\"https:\/\/sandzakpress.net\/arhiva\/wp-content\/uploads\/2010\/07\/sarampov.jpg\" \/>\n\t<meta property=\"og:image:width\" content=\"616\" \/>\n\t<meta property=\"og:image:height\" content=\"434\" \/>\n\t<meta property=\"og:image:type\" content=\"image\/jpeg\" \/>\n<meta name=\"author\" content=\"bosniak\" \/>\n<meta name=\"twitter:card\" content=\"summary_large_image\" \/>\n<meta name=\"twitter:label1\" content=\"Written by\" \/>\n\t<meta name=\"twitter:data1\" content=\"bosniak\" \/>\n\t<meta name=\"twitter:label2\" content=\"Est. reading time\" \/>\n\t<meta name=\"twitter:data2\" content=\"1 minuta\" \/>\n<script type=\"application\/ld+json\" class=\"yoast-schema-graph\">{\"@context\":\"https:\/\/schema.org\",\"@graph\":[{\"@type\":\"Article\",\"@id\":\"https:\/\/sandzakpress.net\/arhiva\/isra-i-miradz-u-prijepolju\/#article\",\"isPartOf\":{\"@id\":\"https:\/\/sandzakpress.net\/arhiva\/isra-i-miradz-u-prijepolju\/\"},\"author\":{\"name\":\"bosniak\",\"@id\":\"https:\/\/sandzakpress.net\/arhiva\/#\/schema\/person\/c8baee722073534b583ea7bdb2e36c02\"},\"headline\":\"Isra i Mi'rad\u017e u Prijepolju\",\"datePublished\":\"2010-07-09T15:50:42+00:00\",\"mainEntityOfPage\":{\"@id\":\"https:\/\/sandzakpress.net\/arhiva\/isra-i-miradz-u-prijepolju\/\"},\"wordCount\":210,\"commentCount\":0,\"publisher\":{\"@id\":\"https:\/\/sandzakpress.net\/arhiva\/#\/schema\/person\/6e72b67d6e51910a1117b3b483ba20bd\"},\"image\":{\"@id\":\"https:\/\/sandzakpress.net\/arhiva\/isra-i-miradz-u-prijepolju\/#primaryimage\"},\"thumbnailUrl\":\"https:\/\/sandzakpress.net\/arhiva\/wp-content\/uploads\/2010\/07\/sarampov.jpg\",\"articleSection\":[\"Prijepolje\",\"Islamska zajednica\"],\"inLanguage\":\"bs-BA\",\"potentialAction\":[{\"@type\":\"CommentAction\",\"name\":\"Comment\",\"target\":[\"https:\/\/sandzakpress.net\/arhiva\/isra-i-miradz-u-prijepolju\/#respond\"]}]},{\"@type\":\"WebPage\",\"@id\":\"https:\/\/sandzakpress.net\/arhiva\/isra-i-miradz-u-prijepolju\/\",\"url\":\"https:\/\/sandzakpress.net\/arhiva\/isra-i-miradz-u-prijepolju\/\",\"name\":\"Isra i Mi'rad\u017e u Prijepolju\",\"isPartOf\":{\"@id\":\"https:\/\/sandzakpress.net\/arhiva\/#website\"},\"primaryImageOfPage\":{\"@id\":\"https:\/\/sandzakpress.net\/arhiva\/isra-i-miradz-u-prijepolju\/#primaryimage\"},\"image\":{\"@id\":\"https:\/\/sandzakpress.net\/arhiva\/isra-i-miradz-u-prijepolju\/#primaryimage\"},\"thumbnailUrl\":\"https:\/\/sandzakpress.net\/arhiva\/wp-content\/uploads\/2010\/07\/sarampov.jpg\",\"datePublished\":\"2010-07-09T15:50:42+00:00\",\"breadcrumb\":{\"@id\":\"https:\/\/sandzakpress.net\/arhiva\/isra-i-miradz-u-prijepolju\/#breadcrumb\"},\"inLanguage\":\"bs-BA\",\"potentialAction\":[{\"@type\":\"ReadAction\",\"target\":[\"https:\/\/sandzakpress.net\/arhiva\/isra-i-miradz-u-prijepolju\/\"]}]},{\"@type\":\"ImageObject\",\"inLanguage\":\"bs-BA\",\"@id\":\"https:\/\/sandzakpress.net\/arhiva\/isra-i-miradz-u-prijepolju\/#primaryimage\",\"url\":\"https:\/\/sandzakpress.net\/arhiva\/wp-content\/uploads\/2010\/07\/sarampov.jpg\",\"contentUrl\":\"https:\/\/sandzakpress.net\/arhiva\/wp-content\/uploads\/2010\/07\/sarampov.jpg\",\"width\":616,\"height\":434},{\"@type\":\"BreadcrumbList\",\"@id\":\"https:\/\/sandzakpress.net\/arhiva\/isra-i-miradz-u-prijepolju\/#breadcrumb\",\"itemListElement\":[{\"@type\":\"ListItem\",\"position\":1,\"name\":\"Home\",\"item\":\"https:\/\/sandzakpress.net\/arhiva\/\"},{\"@type\":\"ListItem\",\"position\":2,\"name\":\"Isra i Mi'rad\u017e u Prijepolju\"}]},{\"@type\":\"WebSite\",\"@id\":\"https:\/\/sandzakpress.net\/arhiva\/#website\",\"url\":\"https:\/\/sandzakpress.net\/arhiva\/\",\"name\":\"Sand\u017eak PRESS\",\"description\":\"Prve elektronske novine u Sand\u017eaku\",\"publisher\":{\"@id\":\"https:\/\/sandzakpress.net\/arhiva\/#\/schema\/person\/6e72b67d6e51910a1117b3b483ba20bd\"},\"potentialAction\":[{\"@type\":\"SearchAction\",\"target\":{\"@type\":\"EntryPoint\",\"urlTemplate\":\"https:\/\/sandzakpress.net\/arhiva\/?s={search_term_string}\"},\"query-input\":{\"@type\":\"PropertyValueSpecification\",\"valueRequired\":true,\"valueName\":\"search_term_string\"}}],\"inLanguage\":\"bs-BA\"},{\"@type\":[\"Person\",\"Organization\"],\"@id\":\"https:\/\/sandzakpress.net\/arhiva\/#\/schema\/person\/6e72b67d6e51910a1117b3b483ba20bd\",\"name\":\"Kul\",\"image\":{\"@type\":\"ImageObject\",\"inLanguage\":\"bs-BA\",\"@id\":\"https:\/\/sandzakpress.net\/arhiva\/#\/schema\/person\/image\/\",\"url\":\"https:\/\/secure.gravatar.com\/avatar\/42263f39aa27ac04c43cab85c280eb2e?s=96&d=mm&r=pg\",\"contentUrl\":\"https:\/\/secure.gravatar.com\/avatar\/42263f39aa27ac04c43cab85c280eb2e?s=96&d=mm&r=pg\",\"caption\":\"Kul\"},\"logo\":{\"@id\":\"https:\/\/sandzakpress.net\/arhiva\/#\/schema\/person\/image\/\"}},{\"@type\":\"Person\",\"@id\":\"https:\/\/sandzakpress.net\/arhiva\/#\/schema\/person\/c8baee722073534b583ea7bdb2e36c02\",\"name\":\"bosniak\",\"image\":{\"@type\":\"ImageObject\",\"inLanguage\":\"bs-BA\",\"@id\":\"https:\/\/sandzakpress.net\/arhiva\/#\/schema\/person\/image\/\",\"url\":\"https:\/\/secure.gravatar.com\/avatar\/a04fd330bfe3a36a72a0ad4a6d89fca7?s=96&d=mm&r=pg\",\"contentUrl\":\"https:\/\/secure.gravatar.com\/avatar\/a04fd330bfe3a36a72a0ad4a6d89fca7?s=96&d=mm&r=pg\",\"caption\":\"bosniak\"},\"url\":\"https:\/\/sandzakpress.net\/arhiva\/author\/bosniak\/\"}]}<\/script>\n<!-- \/ Yoast SEO Premium plugin. -->","yoast_head_json":{"title":"Isra i Mi'rad\u017e u Prijepolju","robots":{"index":"index","follow":"follow","max-snippet":"max-snippet:-1","max-image-preview":"max-image-preview:large","max-video-preview":"max-video-preview:-1"},"canonical":"https:\/\/sandzakpress.net\/arhiva\/isra-i-miradz-u-prijepolju\/","og_locale":"bs_BA","og_type":"article","og_title":"Isra i Mi'rad\u017e u Prijepolju","og_description":"Prijepolje &#8211; Med\u017elis Prijepolje je Danas 08.07.2010.godine poslije ak\u0161amskog namaza u Ibrahim pa\u0161inoj d\u017eamiji u \u0160arampovu \u00a0organizovao prigodno predavanje u povodu Lejletul Isra i Miradz. Ovoj prigodnoj svije\u010danosti je prisustvovao veliki broj vjernika, a predava\u010d je bio muftija novosadsko-beogradski Re\u0161ad ef. Plojevi\u0107. Muftija Plojevi\u0107 je u predavanju koje je bilo jako iscrpno i op\u0161irno posebno [&hellip;]","og_url":"https:\/\/sandzakpress.net\/arhiva\/isra-i-miradz-u-prijepolju\/","og_site_name":"Sand\u017eak PRESS","article_published_time":"2010-07-09T15:50:42+00:00","og_image":[{"width":616,"height":434,"url":"https:\/\/sandzakpress.net\/arhiva\/wp-content\/uploads\/2010\/07\/sarampov.jpg","type":"image\/jpeg"}],"author":"bosniak","twitter_card":"summary_large_image","twitter_misc":{"Written by":"bosniak","Est. reading time":"1 minuta"},"schema":{"@context":"https:\/\/schema.org","@graph":[{"@type":"Article","@id":"https:\/\/sandzakpress.net\/arhiva\/isra-i-miradz-u-prijepolju\/#article","isPartOf":{"@id":"https:\/\/sandzakpress.net\/arhiva\/isra-i-miradz-u-prijepolju\/"},"author":{"name":"bosniak","@id":"https:\/\/sandzakpress.net\/arhiva\/#\/schema\/person\/c8baee722073534b583ea7bdb2e36c02"},"headline":"Isra i Mi'rad\u017e u Prijepolju","datePublished":"2010-07-09T15:50:42+00:00","mainEntityOfPage":{"@id":"https:\/\/sandzakpress.net\/arhiva\/isra-i-miradz-u-prijepolju\/"},"wordCount":210,"commentCount":0,"publisher":{"@id":"https:\/\/sandzakpress.net\/arhiva\/#\/schema\/person\/6e72b67d6e51910a1117b3b483ba20bd"},"image":{"@id":"https:\/\/sandzakpress.net\/arhiva\/isra-i-miradz-u-prijepolju\/#primaryimage"},"thumbnailUrl":"https:\/\/sandzakpress.net\/arhiva\/wp-content\/uploads\/2010\/07\/sarampov.jpg","articleSection":["Prijepolje","Islamska zajednica"],"inLanguage":"bs-BA","potentialAction":[{"@type":"CommentAction","name":"Comment","target":["https:\/\/sandzakpress.net\/arhiva\/isra-i-miradz-u-prijepolju\/#respond"]}]},{"@type":"WebPage","@id":"https:\/\/sandzakpress.net\/arhiva\/isra-i-miradz-u-prijepolju\/","url":"https:\/\/sandzakpress.net\/arhiva\/isra-i-miradz-u-prijepolju\/","name":"Isra i Mi'rad\u017e u Prijepolju","isPartOf":{"@id":"https:\/\/sandzakpress.net\/arhiva\/#website"},"primaryImageOfPage":{"@id":"https:\/\/sandzakpress.net\/arhiva\/isra-i-miradz-u-prijepolju\/#primaryimage"},"image":{"@id":"https:\/\/sandzakpress.net\/arhiva\/isra-i-miradz-u-prijepolju\/#primaryimage"},"thumbnailUrl":"https:\/\/sandzakpress.net\/arhiva\/wp-content\/uploads\/2010\/07\/sarampov.jpg","datePublished":"2010-07-09T15:50:42+00:00","breadcrumb":{"@id":"https:\/\/sandzakpress.net\/arhiva\/isra-i-miradz-u-prijepolju\/#breadcrumb"},"inLanguage":"bs-BA","potentialAction":[{"@type":"ReadAction","target":["https:\/\/sandzakpress.net\/arhiva\/isra-i-miradz-u-prijepolju\/"]}]},{"@type":"ImageObject","inLanguage":"bs-BA","@id":"https:\/\/sandzakpress.net\/arhiva\/isra-i-miradz-u-prijepolju\/#primaryimage","url":"https:\/\/sandzakpress.net\/arhiva\/wp-content\/uploads\/2010\/07\/sarampov.jpg","contentUrl":"https:\/\/sandzakpress.net\/arhiva\/wp-content\/uploads\/2010\/07\/sarampov.jpg","width":616,"height":434},{"@type":"BreadcrumbList","@id":"https:\/\/sandzakpress.net\/arhiva\/isra-i-miradz-u-prijepolju\/#breadcrumb","itemListElement":[{"@type":"ListItem","position":1,"name":"Home","item":"https:\/\/sandzakpress.net\/arhiva\/"},{"@type":"ListItem","position":2,"name":"Isra i Mi'rad\u017e u Prijepolju"}]},{"@type":"WebSite","@id":"https:\/\/sandzakpress.net\/arhiva\/#website","url":"https:\/\/sandzakpress.net\/arhiva\/","name":"Sand\u017eak PRESS","description":"Prve elektronske novine u Sand\u017eaku","publisher":{"@id":"https:\/\/sandzakpress.net\/arhiva\/#\/schema\/person\/6e72b67d6e51910a1117b3b483ba20bd"},"potentialAction":[{"@type":"SearchAction","target":{"@type":"EntryPoint","urlTemplate":"https:\/\/sandzakpress.net\/arhiva\/?s={search_term_string}"},"query-input":{"@type":"PropertyValueSpecification","valueRequired":true,"valueName":"search_term_string"}}],"inLanguage":"bs-BA"},{"@type":["Person","Organization"],"@id":"https:\/\/sandzakpress.net\/arhiva\/#\/schema\/person\/6e72b67d6e51910a1117b3b483ba20bd","name":"Kul","image":{"@type":"ImageObject","inLanguage":"bs-BA","@id":"https:\/\/sandzakpress.net\/arhiva\/#\/schema\/person\/image\/","url":"https:\/\/secure.gravatar.com\/avatar\/42263f39aa27ac04c43cab85c280eb2e?s=96&d=mm&r=pg","contentUrl":"https:\/\/secure.gravatar.com\/avatar\/42263f39aa27ac04c43cab85c280eb2e?s=96&d=mm&r=pg","caption":"Kul"},"logo":{"@id":"https:\/\/sandzakpress.net\/arhiva\/#\/schema\/person\/image\/"}},{"@type":"Person","@id":"https:\/\/sandzakpress.net\/arhiva\/#\/schema\/person\/c8baee722073534b583ea7bdb2e36c02","name":"bosniak","image":{"@type":"ImageObject","inLanguage":"bs-BA","@id":"https:\/\/sandzakpress.net\/arhiva\/#\/schema\/person\/image\/","url":"https:\/\/secure.gravatar.com\/avatar\/a04fd330bfe3a36a72a0ad4a6d89fca7?s=96&d=mm&r=pg","contentUrl":"https:\/\/secure.gravatar.com\/avatar\/a04fd330bfe3a36a72a0ad4a6d89fca7?s=96&d=mm&r=pg","caption":"bosniak"},"url":"https:\/\/sandzakpress.net\/arhiva\/author\/bosniak\/"}]}},"_links":{"self":[{"href":"https:\/\/sandzakpress.net\/arhiva\/wp-json\/wp\/v2\/posts\/6261"}],"collection":[{"href":"https:\/\/sandzakpress.net\/arhiva\/wp-json\/wp\/v2\/posts"}],"about":[{"href":"https:\/\/sandzakpress.net\/arhiva\/wp-json\/wp\/v2\/types\/post"}],"author":[{"embeddable":true,"href":"https:\/\/sandzakpress.net\/arhiva\/wp-json\/wp\/v2\/users\/83"}],"replies":[{"embeddable":true,"href":"https:\/\/sandzakpress.net\/arhiva\/wp-json\/wp\/v2\/comments?post=6261"}],"version-history":[{"count":0,"href":"https:\/\/sandzakpress.net\/arhiva\/wp-json\/wp\/v2\/posts\/6261\/revisions"}],"wp:featuredmedia":[{"embeddable":true,"href":"https:\/\/sandzakpress.net\/arhiva\/wp-json\/wp\/v2\/media\/6262"}],"wp:attachment":[{"href":"https:\/\/sandzakpress.net\/arhiva\/wp-json\/wp\/v2\/media?parent=6261"}],"wp:term":[{"taxonomy":"category","embeddable":true,"href":"https:\/\/sandzakpress.net\/arhiva\/wp-json\/wp\/v2\/categories?post=6261"},{"taxonomy":"post_tag","embeddable":true,"href":"https:\/\/sandzakpress.net\/arhiva\/wp-json\/wp\/v2\/tags?post=6261"}],"curies":[{"name":"wp","href":"https:\/\/api.w.org\/{rel}","templated":true}]}}