{"id":62414,"date":"2013-01-16T16:57:42","date_gmt":"2013-01-16T15:57:42","guid":{"rendered":"https:\/\/sandzakpress.net\/arhiva\/?p=62414"},"modified":"2013-01-16T17:50:53","modified_gmt":"2013-01-16T16:50:53","slug":"francuska-spremna-za-kopnene-operacije-u-maliju","status":"publish","type":"post","link":"https:\/\/sandzakpress.net\/arhiva\/francuska-spremna-za-kopnene-operacije-u-maliju\/","title":{"rendered":"Francuska spremna za kopnene operacije u muslimanskom Maliju"},"content":{"rendered":"<p><a href=\"https:\/\/sandzakpress.net\/arhiva\/wp-content\/uploads\/2013\/01\/copyright_aabadoluajansi_2013_201301161550401.jpg\"><img loading=\"lazy\" decoding=\"async\" class=\"aligncenter size-full wp-image-62445\" title=\"copyright_aabadoluajansi_2013_20130116155040\" src=\"https:\/\/sandzakpress.net\/arhiva\/wp-content\/uploads\/2013\/01\/copyright_aabadoluajansi_2013_201301161550401.jpg\" alt=\"\" width=\"622\" height=\"244\" \/><\/a><\/p>\n<p><strong>Francuska &#8211; Francuska je poslala veliki broj vojnika na sjever Malija koji kontroli\u0161u grupe povezane sa terorisit\u010dkom organizacijom Al-Qaida. Stotine vojnika uputili su se oklopnim vozilima iz glavnog grada Bamakoa ka Diabalyu na sjeveru zemlje.<\/strong><\/p>\n<p>Lokalni zvani\u010dnici su saop\u0107ili da su francuski ratni avioni bombardovali Diabaly, ali militanti i dalje pru\u017eaju otpor.<\/p>\n<p>Zvani\u010dnici Ministarstva odbrane Francuske navode da se u Maliju nalazi oko 800 francuskih vojnika i da \u0107e taj broj uskoro dosti\u0107i 2.500.<\/p>\n<p>Tako\u0111er, komandanti general\u0161taba zemalja Zapadne Afrike sastali su se u Bamakou kako bi razgovarali o vojnoj interevnciji koju podr\u017eavaju Ujedinjeni narodi a koju bi sa\u010dinjavalo 3.300 vojnika. Nigerija je saop\u0107ila da \u0107e u\u00a0<a href=\"http:\/\/www.aa.com.tr\/ba\/mod\/tag\/mali\">Mali<\/a> poslati 900 vojnika.<\/p>\n<p>UN je saop\u0107io da je zbog krize u Maliju u Mouritaniju, Niger, Burkinu Faso i Al\u017eir izbjeglo oko 145 hiljada osoba.<\/p>\n<p>Evropske zemlje podr\u017eavaju intervenciju Francuske u Maliju. Belgija je najavila da \u0107e u\u00a0<a href=\"http:\/\/www.aa.com.tr\/ba\/mod\/tag\/mali\">Mali<\/a> poslati dva teretna aviona C-130 i dva helikoptera.<\/p>\n<p>Zasad u zra\u010dnim napadima protiv pobunjenika na sjeveru Malija u\u010destvuje Francuska.<\/p>\n<p>Sjeveni dio Malija od januara 2012. nije pod kontrolom vlade. Vi\u0161e od 3.000 pripadnika Tuareg pla\u0107eni\u010dke vojske, koji su podr\u017eavali svrgnutog libijskog vo\u0111u Muammera Gaddafija, vratilo se na sjever Malija i ubrzo nakon toga preuzeli su kontrolu nad tom regijom.<\/p>\n<p>Osnivanjem Nacionalnog oslobodila\u010dkog pokreta Azavad, ova grupa je proglasila nezavisnost sjevera Malija. Radikalni pokreti Ensaruddin, Tevhid i D\u017eihad su, ponukani uspjehom Azavada, po\u010deli borbu za teritoriju na sjeveru Malija \u0161to je dodatno zakompliciralo stvari.<\/p>\n<p>(AA)<\/p>\n","protected":false},"excerpt":{"rendered":"<p>Francuska &#8211; Francuska je poslala veliki broj vojnika na sjever Malija koji kontroli\u0161u grupe povezane sa terorisit\u010dkom organizacijom Al-Qaida. Stotine vojnika uputili su se oklopnim vozilima iz glavnog grada Bamakoa ka Diabalyu na sjeveru zemlje. Lokalni zvani\u010dnici su saop\u0107ili da su francuski ratni avioni bombardovali Diabaly, ali militanti i dalje pru\u017eaju otpor. Zvani\u010dnici Ministarstva odbrane [&hellip;]<\/p>\n","protected":false},"author":16,"featured_media":62445,"comment_status":"open","ping_status":"open","sticky":false,"template":"","format":"standard","meta":{"footnotes":""},"categories":[9550,9,8957],"tags":[],"class_list":{"0":"post-62414","1":"post","2":"type-post","3":"status-publish","4":"format-standard","5":"has-post-thumbnail","7":"category-francuska-dijaspora-gradovi-vase-vijesti","8":"category-svijet","9":"category-vijesti-dana"},"yoast_head":"<!-- This site is optimized with the Yoast SEO Premium plugin v23.1 (Yoast SEO v24.9) - https:\/\/yoast.com\/wordpress\/plugins\/seo\/ -->\n<title>Francuska spremna za kopnene operacije u muslimanskom Maliju<\/title>\n<meta name=\"robots\" content=\"index, follow, max-snippet:-1, max-image-preview:large, max-video-preview:-1\" \/>\n<link rel=\"canonical\" href=\"https:\/\/sandzakpress.net\/arhiva\/francuska-spremna-za-kopnene-operacije-u-maliju\/\" \/>\n<meta property=\"og:locale\" content=\"bs_BA\" \/>\n<meta property=\"og:type\" content=\"article\" \/>\n<meta property=\"og:title\" content=\"Francuska spremna za kopnene operacije u muslimanskom Maliju\" \/>\n<meta property=\"og:description\" content=\"Francuska &#8211; Francuska je poslala veliki broj vojnika na sjever Malija koji kontroli\u0161u grupe povezane sa terorisit\u010dkom organizacijom Al-Qaida. Stotine vojnika uputili su se oklopnim vozilima iz glavnog grada Bamakoa ka Diabalyu na sjeveru zemlje. Lokalni zvani\u010dnici su saop\u0107ili da su francuski ratni avioni bombardovali Diabaly, ali militanti i dalje pru\u017eaju otpor. Zvani\u010dnici Ministarstva odbrane [&hellip;]\" \/>\n<meta property=\"og:url\" content=\"https:\/\/sandzakpress.net\/arhiva\/francuska-spremna-za-kopnene-operacije-u-maliju\/\" \/>\n<meta property=\"og:site_name\" content=\"Sand\u017eak PRESS\" \/>\n<meta property=\"article:published_time\" content=\"2013-01-16T15:57:42+00:00\" \/>\n<meta property=\"article:modified_time\" content=\"2013-01-16T16:50:53+00:00\" \/>\n<meta property=\"og:image\" content=\"https:\/\/sandzakpress.net\/arhiva\/wp-content\/uploads\/2013\/01\/copyright_aabadoluajansi_2013_201301161550401.jpg\" \/>\n\t<meta property=\"og:image:width\" content=\"616\" \/>\n\t<meta property=\"og:image:height\" content=\"242\" \/>\n\t<meta property=\"og:image:type\" content=\"image\/jpeg\" \/>\n<meta name=\"twitter:card\" content=\"summary_large_image\" \/>\n<meta name=\"twitter:label1\" content=\"Written by\" \/>\n\t<meta name=\"twitter:data1\" content=\"\" \/>\n\t<meta name=\"twitter:label2\" content=\"Est. reading time\" \/>\n\t<meta name=\"twitter:data2\" content=\"1 minuta\" \/>\n<script type=\"application\/ld+json\" class=\"yoast-schema-graph\">{\"@context\":\"https:\/\/schema.org\",\"@graph\":[{\"@type\":\"Article\",\"@id\":\"https:\/\/sandzakpress.net\/arhiva\/francuska-spremna-za-kopnene-operacije-u-maliju\/#article\",\"isPartOf\":{\"@id\":\"https:\/\/sandzakpress.net\/arhiva\/francuska-spremna-za-kopnene-operacije-u-maliju\/\"},\"author\":{\"name\":\"\",\"@id\":\"\"},\"headline\":\"Francuska spremna za kopnene operacije u muslimanskom Maliju\",\"datePublished\":\"2013-01-16T15:57:42+00:00\",\"dateModified\":\"2013-01-16T16:50:53+00:00\",\"mainEntityOfPage\":{\"@id\":\"https:\/\/sandzakpress.net\/arhiva\/francuska-spremna-za-kopnene-operacije-u-maliju\/\"},\"wordCount\":266,\"commentCount\":2,\"publisher\":{\"@id\":\"https:\/\/sandzakpress.net\/arhiva\/#\/schema\/person\/6e72b67d6e51910a1117b3b483ba20bd\"},\"image\":{\"@id\":\"https:\/\/sandzakpress.net\/arhiva\/francuska-spremna-za-kopnene-operacije-u-maliju\/#primaryimage\"},\"thumbnailUrl\":\"https:\/\/sandzakpress.net\/arhiva\/wp-content\/uploads\/2013\/01\/copyright_aabadoluajansi_2013_201301161550401.jpg\",\"articleSection\":[\"Francuska\",\"Svijet\",\"VIJESTI DANA\"],\"inLanguage\":\"bs-BA\",\"potentialAction\":[{\"@type\":\"CommentAction\",\"name\":\"Comment\",\"target\":[\"https:\/\/sandzakpress.net\/arhiva\/francuska-spremna-za-kopnene-operacije-u-maliju\/#respond\"]}]},{\"@type\":\"WebPage\",\"@id\":\"https:\/\/sandzakpress.net\/arhiva\/francuska-spremna-za-kopnene-operacije-u-maliju\/\",\"url\":\"https:\/\/sandzakpress.net\/arhiva\/francuska-spremna-za-kopnene-operacije-u-maliju\/\",\"name\":\"Francuska spremna za kopnene operacije u muslimanskom Maliju\",\"isPartOf\":{\"@id\":\"https:\/\/sandzakpress.net\/arhiva\/#website\"},\"primaryImageOfPage\":{\"@id\":\"https:\/\/sandzakpress.net\/arhiva\/francuska-spremna-za-kopnene-operacije-u-maliju\/#primaryimage\"},\"image\":{\"@id\":\"https:\/\/sandzakpress.net\/arhiva\/francuska-spremna-za-kopnene-operacije-u-maliju\/#primaryimage\"},\"thumbnailUrl\":\"https:\/\/sandzakpress.net\/arhiva\/wp-content\/uploads\/2013\/01\/copyright_aabadoluajansi_2013_201301161550401.jpg\",\"datePublished\":\"2013-01-16T15:57:42+00:00\",\"dateModified\":\"2013-01-16T16:50:53+00:00\",\"breadcrumb\":{\"@id\":\"https:\/\/sandzakpress.net\/arhiva\/francuska-spremna-za-kopnene-operacije-u-maliju\/#breadcrumb\"},\"inLanguage\":\"bs-BA\",\"potentialAction\":[{\"@type\":\"ReadAction\",\"target\":[\"https:\/\/sandzakpress.net\/arhiva\/francuska-spremna-za-kopnene-operacije-u-maliju\/\"]}]},{\"@type\":\"ImageObject\",\"inLanguage\":\"bs-BA\",\"@id\":\"https:\/\/sandzakpress.net\/arhiva\/francuska-spremna-za-kopnene-operacije-u-maliju\/#primaryimage\",\"url\":\"https:\/\/sandzakpress.net\/arhiva\/wp-content\/uploads\/2013\/01\/copyright_aabadoluajansi_2013_201301161550401.jpg\",\"contentUrl\":\"https:\/\/sandzakpress.net\/arhiva\/wp-content\/uploads\/2013\/01\/copyright_aabadoluajansi_2013_201301161550401.jpg\",\"width\":616,\"height\":242},{\"@type\":\"BreadcrumbList\",\"@id\":\"https:\/\/sandzakpress.net\/arhiva\/francuska-spremna-za-kopnene-operacije-u-maliju\/#breadcrumb\",\"itemListElement\":[{\"@type\":\"ListItem\",\"position\":1,\"name\":\"Home\",\"item\":\"https:\/\/sandzakpress.net\/arhiva\/\"},{\"@type\":\"ListItem\",\"position\":2,\"name\":\"Francuska spremna za kopnene operacije u muslimanskom Maliju\"}]},{\"@type\":\"WebSite\",\"@id\":\"https:\/\/sandzakpress.net\/arhiva\/#website\",\"url\":\"https:\/\/sandzakpress.net\/arhiva\/\",\"name\":\"Sand\u017eak PRESS\",\"description\":\"Prve elektronske novine u Sand\u017eaku\",\"publisher\":{\"@id\":\"https:\/\/sandzakpress.net\/arhiva\/#\/schema\/person\/6e72b67d6e51910a1117b3b483ba20bd\"},\"potentialAction\":[{\"@type\":\"SearchAction\",\"target\":{\"@type\":\"EntryPoint\",\"urlTemplate\":\"https:\/\/sandzakpress.net\/arhiva\/?s={search_term_string}\"},\"query-input\":{\"@type\":\"PropertyValueSpecification\",\"valueRequired\":true,\"valueName\":\"search_term_string\"}}],\"inLanguage\":\"bs-BA\"},{\"@type\":[\"Person\",\"Organization\"],\"@id\":\"https:\/\/sandzakpress.net\/arhiva\/#\/schema\/person\/6e72b67d6e51910a1117b3b483ba20bd\",\"name\":\"Kul\",\"image\":{\"@type\":\"ImageObject\",\"inLanguage\":\"bs-BA\",\"@id\":\"https:\/\/sandzakpress.net\/arhiva\/#\/schema\/person\/image\/\",\"url\":\"https:\/\/secure.gravatar.com\/avatar\/42263f39aa27ac04c43cab85c280eb2e?s=96&d=mm&r=pg\",\"contentUrl\":\"https:\/\/secure.gravatar.com\/avatar\/42263f39aa27ac04c43cab85c280eb2e?s=96&d=mm&r=pg\",\"caption\":\"Kul\"},\"logo\":{\"@id\":\"https:\/\/sandzakpress.net\/arhiva\/#\/schema\/person\/image\/\"}},{\"@type\":\"Person\",\"@id\":\"\",\"url\":\"https:\/\/sandzakpress.net\/arhiva\/author\/\"}]}<\/script>\n<!-- \/ Yoast SEO Premium plugin. -->","yoast_head_json":{"title":"Francuska spremna za kopnene operacije u muslimanskom Maliju","robots":{"index":"index","follow":"follow","max-snippet":"max-snippet:-1","max-image-preview":"max-image-preview:large","max-video-preview":"max-video-preview:-1"},"canonical":"https:\/\/sandzakpress.net\/arhiva\/francuska-spremna-za-kopnene-operacije-u-maliju\/","og_locale":"bs_BA","og_type":"article","og_title":"Francuska spremna za kopnene operacije u muslimanskom Maliju","og_description":"Francuska &#8211; Francuska je poslala veliki broj vojnika na sjever Malija koji kontroli\u0161u grupe povezane sa terorisit\u010dkom organizacijom Al-Qaida. Stotine vojnika uputili su se oklopnim vozilima iz glavnog grada Bamakoa ka Diabalyu na sjeveru zemlje. Lokalni zvani\u010dnici su saop\u0107ili da su francuski ratni avioni bombardovali Diabaly, ali militanti i dalje pru\u017eaju otpor. Zvani\u010dnici Ministarstva odbrane [&hellip;]","og_url":"https:\/\/sandzakpress.net\/arhiva\/francuska-spremna-za-kopnene-operacije-u-maliju\/","og_site_name":"Sand\u017eak PRESS","article_published_time":"2013-01-16T15:57:42+00:00","article_modified_time":"2013-01-16T16:50:53+00:00","og_image":[{"width":616,"height":242,"url":"https:\/\/sandzakpress.net\/arhiva\/wp-content\/uploads\/2013\/01\/copyright_aabadoluajansi_2013_201301161550401.jpg","type":"image\/jpeg"}],"twitter_card":"summary_large_image","twitter_misc":{"Written by":"","Est. reading time":"1 minuta"},"schema":{"@context":"https:\/\/schema.org","@graph":[{"@type":"Article","@id":"https:\/\/sandzakpress.net\/arhiva\/francuska-spremna-za-kopnene-operacije-u-maliju\/#article","isPartOf":{"@id":"https:\/\/sandzakpress.net\/arhiva\/francuska-spremna-za-kopnene-operacije-u-maliju\/"},"author":{"name":"","@id":""},"headline":"Francuska spremna za kopnene operacije u muslimanskom Maliju","datePublished":"2013-01-16T15:57:42+00:00","dateModified":"2013-01-16T16:50:53+00:00","mainEntityOfPage":{"@id":"https:\/\/sandzakpress.net\/arhiva\/francuska-spremna-za-kopnene-operacije-u-maliju\/"},"wordCount":266,"commentCount":2,"publisher":{"@id":"https:\/\/sandzakpress.net\/arhiva\/#\/schema\/person\/6e72b67d6e51910a1117b3b483ba20bd"},"image":{"@id":"https:\/\/sandzakpress.net\/arhiva\/francuska-spremna-za-kopnene-operacije-u-maliju\/#primaryimage"},"thumbnailUrl":"https:\/\/sandzakpress.net\/arhiva\/wp-content\/uploads\/2013\/01\/copyright_aabadoluajansi_2013_201301161550401.jpg","articleSection":["Francuska","Svijet","VIJESTI DANA"],"inLanguage":"bs-BA","potentialAction":[{"@type":"CommentAction","name":"Comment","target":["https:\/\/sandzakpress.net\/arhiva\/francuska-spremna-za-kopnene-operacije-u-maliju\/#respond"]}]},{"@type":"WebPage","@id":"https:\/\/sandzakpress.net\/arhiva\/francuska-spremna-za-kopnene-operacije-u-maliju\/","url":"https:\/\/sandzakpress.net\/arhiva\/francuska-spremna-za-kopnene-operacije-u-maliju\/","name":"Francuska spremna za kopnene operacije u muslimanskom Maliju","isPartOf":{"@id":"https:\/\/sandzakpress.net\/arhiva\/#website"},"primaryImageOfPage":{"@id":"https:\/\/sandzakpress.net\/arhiva\/francuska-spremna-za-kopnene-operacije-u-maliju\/#primaryimage"},"image":{"@id":"https:\/\/sandzakpress.net\/arhiva\/francuska-spremna-za-kopnene-operacije-u-maliju\/#primaryimage"},"thumbnailUrl":"https:\/\/sandzakpress.net\/arhiva\/wp-content\/uploads\/2013\/01\/copyright_aabadoluajansi_2013_201301161550401.jpg","datePublished":"2013-01-16T15:57:42+00:00","dateModified":"2013-01-16T16:50:53+00:00","breadcrumb":{"@id":"https:\/\/sandzakpress.net\/arhiva\/francuska-spremna-za-kopnene-operacije-u-maliju\/#breadcrumb"},"inLanguage":"bs-BA","potentialAction":[{"@type":"ReadAction","target":["https:\/\/sandzakpress.net\/arhiva\/francuska-spremna-za-kopnene-operacije-u-maliju\/"]}]},{"@type":"ImageObject","inLanguage":"bs-BA","@id":"https:\/\/sandzakpress.net\/arhiva\/francuska-spremna-za-kopnene-operacije-u-maliju\/#primaryimage","url":"https:\/\/sandzakpress.net\/arhiva\/wp-content\/uploads\/2013\/01\/copyright_aabadoluajansi_2013_201301161550401.jpg","contentUrl":"https:\/\/sandzakpress.net\/arhiva\/wp-content\/uploads\/2013\/01\/copyright_aabadoluajansi_2013_201301161550401.jpg","width":616,"height":242},{"@type":"BreadcrumbList","@id":"https:\/\/sandzakpress.net\/arhiva\/francuska-spremna-za-kopnene-operacije-u-maliju\/#breadcrumb","itemListElement":[{"@type":"ListItem","position":1,"name":"Home","item":"https:\/\/sandzakpress.net\/arhiva\/"},{"@type":"ListItem","position":2,"name":"Francuska spremna za kopnene operacije u muslimanskom Maliju"}]},{"@type":"WebSite","@id":"https:\/\/sandzakpress.net\/arhiva\/#website","url":"https:\/\/sandzakpress.net\/arhiva\/","name":"Sand\u017eak PRESS","description":"Prve elektronske novine u Sand\u017eaku","publisher":{"@id":"https:\/\/sandzakpress.net\/arhiva\/#\/schema\/person\/6e72b67d6e51910a1117b3b483ba20bd"},"potentialAction":[{"@type":"SearchAction","target":{"@type":"EntryPoint","urlTemplate":"https:\/\/sandzakpress.net\/arhiva\/?s={search_term_string}"},"query-input":{"@type":"PropertyValueSpecification","valueRequired":true,"valueName":"search_term_string"}}],"inLanguage":"bs-BA"},{"@type":["Person","Organization"],"@id":"https:\/\/sandzakpress.net\/arhiva\/#\/schema\/person\/6e72b67d6e51910a1117b3b483ba20bd","name":"Kul","image":{"@type":"ImageObject","inLanguage":"bs-BA","@id":"https:\/\/sandzakpress.net\/arhiva\/#\/schema\/person\/image\/","url":"https:\/\/secure.gravatar.com\/avatar\/42263f39aa27ac04c43cab85c280eb2e?s=96&d=mm&r=pg","contentUrl":"https:\/\/secure.gravatar.com\/avatar\/42263f39aa27ac04c43cab85c280eb2e?s=96&d=mm&r=pg","caption":"Kul"},"logo":{"@id":"https:\/\/sandzakpress.net\/arhiva\/#\/schema\/person\/image\/"}},{"@type":"Person","@id":"","url":"https:\/\/sandzakpress.net\/arhiva\/author\/"}]}},"_links":{"self":[{"href":"https:\/\/sandzakpress.net\/arhiva\/wp-json\/wp\/v2\/posts\/62414"}],"collection":[{"href":"https:\/\/sandzakpress.net\/arhiva\/wp-json\/wp\/v2\/posts"}],"about":[{"href":"https:\/\/sandzakpress.net\/arhiva\/wp-json\/wp\/v2\/types\/post"}],"author":[{"embeddable":true,"href":"https:\/\/sandzakpress.net\/arhiva\/wp-json\/wp\/v2\/users\/16"}],"replies":[{"embeddable":true,"href":"https:\/\/sandzakpress.net\/arhiva\/wp-json\/wp\/v2\/comments?post=62414"}],"version-history":[{"count":0,"href":"https:\/\/sandzakpress.net\/arhiva\/wp-json\/wp\/v2\/posts\/62414\/revisions"}],"wp:featuredmedia":[{"embeddable":true,"href":"https:\/\/sandzakpress.net\/arhiva\/wp-json\/wp\/v2\/media\/62445"}],"wp:attachment":[{"href":"https:\/\/sandzakpress.net\/arhiva\/wp-json\/wp\/v2\/media?parent=62414"}],"wp:term":[{"taxonomy":"category","embeddable":true,"href":"https:\/\/sandzakpress.net\/arhiva\/wp-json\/wp\/v2\/categories?post=62414"},{"taxonomy":"post_tag","embeddable":true,"href":"https:\/\/sandzakpress.net\/arhiva\/wp-json\/wp\/v2\/tags?post=62414"}],"curies":[{"name":"wp","href":"https:\/\/api.w.org\/{rel}","templated":true}]}}