{"id":6240,"date":"2010-07-09T15:12:55","date_gmt":"2010-07-09T15:12:55","guid":{"rendered":"https:\/\/sandzakpress.net\/arhiva\/?p=6240"},"modified":"2010-07-09T15:12:55","modified_gmt":"2010-07-09T15:12:55","slug":"trideset-porodica-jos-ceka-useljenje-u-mrkonjicevu-zgradu","status":"publish","type":"post","link":"https:\/\/sandzakpress.net\/arhiva\/trideset-porodica-jos-ceka-useljenje-u-mrkonjicevu-zgradu\/","title":{"rendered":"Trideset porodica jo\u0161 \u010deka useljenje u Mrkonji\u0107evu zgradu"},"content":{"rendered":"<p><strong><a href=\"https:\/\/sandzakpress.net\/arhiva\/wp-content\/uploads\/2010\/07\/9968.jpg\"><img loading=\"lazy\" decoding=\"async\" class=\"alignleft size-medium wp-image-6241\" title=\"9968\" src=\"https:\/\/sandzakpress.net\/arhiva\/wp-content\/uploads\/2010\/07\/9968-300x225.jpg\" alt=\"\" width=\"300\" height=\"225\" \/><\/a>Prijepolje &#8211; Tridesetak porodica iz Prijepolja jo\u0161 \u010deka upotrebnu dozvolu za useljenje u zgradu popularno nazvanu Mrkonji\u0107ka iako je tehni\u010dki prijem u ovom objektu zavr\u0161en jo\u0161 prije desetak mjeseci.<\/strong><\/p>\n<p>U zgradi sa 44 stana Vladi Srbije pripalo je 15, pa i kupci i oni koji su stanove dobili kao radnici republi\u010dkih organa i dalje uzaludno \u010dekaju klju\u010deve i tra\u017ee odgovornost nadle\u017enih za izdavanje upotrebne dozvole za zgradu na lijevoj obali Lima, u \u0160ehovi\u0107a Polju.<\/p>\n<p>Neki od kupaca pri\u010daju da su, nadaju\u0107i se skorom useljenju, otkazali podstanarske stanove, drugi pla\u0107aju i kiriju gazdama i rate za kredite, jedan stanar se ve\u0107 uselio u zgradu, ali, po\u0161to stan nema struju, koristi agregat.<br \/>\n&#8211; Mjesecima uzalud poku\u0161avamo da sjednemo za sto sa predstavnicima Op\u0161tine i Gra\u0111evinske direkcije Srbije. Oni prebacuju odgovornost jedni na druge, a mi mjesecima \u010dekamo da nas ogrije sunce i da se uselimo u na\u0161e stanove &#8211; ka\u017eu Dejan Sari\u0107, Bojan Bogavac i Ratko Terzi\u0107.<\/p>\n<p>Tada\u0161nja Direkcija za obnovu zemlje gradnju zgrade u \u0160ehovi\u0107a Polju zapo\u010dela je jo\u0161 2000. godine. Iz Gra\u0111evinske direkcije Srbije ovih dana stiglo je obja\u0161njenje da su ispunjeni svi zakonom propisani uslovi za izdavanje upotrebne dozvole za spornu zgradu, ali op\u0161tina Prijepolje tu dozvolu jo\u0161 ne izdaje.<\/p>\n<p>&#8211; Gra\u0111evinski radovi na objektu zavr\u0161eni su avgusta 2009. i izvr\u0161en je tehni\u010dki prijem. Kako je Gra\u0111evinska direkcija ispunila sve zakonske uslove za izdavanje upotrebne dozvole, u avgustu 2009. podnijela je zahtjev op\u0161tini Prijepolje za izdavanje te dozvole.<\/p>\n<p>Posle tog zahtijeva op\u0161tina Prijepolje tra\u017eila je dodatne uslove, koje je Direkcija u ostavljenom roku ispunila. Me\u0111utim, ni posle toga GDS nije dobila upotrebnu dozvolu za taj objekat &#8211; stoji u odgovoru Gra\u0111evinske direkcije Srbije, i dodaje se da je ta direkcija u aprilu 2010. zbog \u201e\u0107utanja administracije\u201c uputila \u017ealbu Ministarstvu \u017eivotne sredine i prostornog planiranja.<\/p>\n<p>Izvor: <strong>Kurir-info.rs<\/strong><\/p>\n","protected":false},"excerpt":{"rendered":"<p>Prijepolje &#8211; Tridesetak porodica iz Prijepolja jo\u0161 \u010deka upotrebnu dozvolu za useljenje u zgradu popularno nazvanu Mrkonji\u0107ka iako je tehni\u010dki prijem u ovom objektu zavr\u0161en jo\u0161 prije desetak mjeseci. U zgradi sa 44 stana Vladi Srbije pripalo je 15, pa i kupci i oni koji su stanove dobili kao radnici republi\u010dkih organa i dalje uzaludno [&hellip;]<\/p>\n","protected":false},"author":83,"featured_media":6241,"comment_status":"open","ping_status":"open","sticky":false,"template":"","format":"standard","meta":{"footnotes":""},"categories":[392,5],"tags":[],"class_list":{"0":"post-6240","1":"post","2":"type-post","3":"status-publish","4":"format-standard","5":"has-post-thumbnail","7":"category-prijepolje_","8":"category-drustvo"},"yoast_head":"<!-- This site is optimized with the Yoast SEO Premium plugin v23.1 (Yoast SEO v24.9) - https:\/\/yoast.com\/wordpress\/plugins\/seo\/ -->\n<title>Trideset porodica jo\u0161 \u010deka useljenje u Mrkonji\u0107evu zgradu<\/title>\n<meta name=\"robots\" content=\"index, follow, max-snippet:-1, max-image-preview:large, max-video-preview:-1\" \/>\n<link rel=\"canonical\" href=\"https:\/\/sandzakpress.net\/arhiva\/trideset-porodica-jos-ceka-useljenje-u-mrkonjicevu-zgradu\/\" \/>\n<meta property=\"og:locale\" content=\"bs_BA\" \/>\n<meta property=\"og:type\" content=\"article\" \/>\n<meta property=\"og:title\" content=\"Trideset porodica jo\u0161 \u010deka useljenje u Mrkonji\u0107evu zgradu\" \/>\n<meta property=\"og:description\" content=\"Prijepolje &#8211; Tridesetak porodica iz Prijepolja jo\u0161 \u010deka upotrebnu dozvolu za useljenje u zgradu popularno nazvanu Mrkonji\u0107ka iako je tehni\u010dki prijem u ovom objektu zavr\u0161en jo\u0161 prije desetak mjeseci. U zgradi sa 44 stana Vladi Srbije pripalo je 15, pa i kupci i oni koji su stanove dobili kao radnici republi\u010dkih organa i dalje uzaludno [&hellip;]\" \/>\n<meta property=\"og:url\" content=\"https:\/\/sandzakpress.net\/arhiva\/trideset-porodica-jos-ceka-useljenje-u-mrkonjicevu-zgradu\/\" \/>\n<meta property=\"og:site_name\" content=\"Sand\u017eak PRESS\" \/>\n<meta property=\"article:published_time\" content=\"2010-07-09T15:12:55+00:00\" \/>\n<meta property=\"og:image\" content=\"https:\/\/sandzakpress.net\/arhiva\/wp-content\/uploads\/2010\/07\/9968.jpg\" \/>\n\t<meta property=\"og:image:width\" content=\"616\" \/>\n\t<meta property=\"og:image:height\" content=\"462\" \/>\n\t<meta property=\"og:image:type\" content=\"image\/jpeg\" \/>\n<meta name=\"author\" content=\"bosniak\" \/>\n<meta name=\"twitter:card\" content=\"summary_large_image\" \/>\n<meta name=\"twitter:label1\" content=\"Written by\" \/>\n\t<meta name=\"twitter:data1\" content=\"bosniak\" \/>\n\t<meta name=\"twitter:label2\" content=\"Est. reading time\" \/>\n\t<meta name=\"twitter:data2\" content=\"2 minute\" \/>\n<script type=\"application\/ld+json\" class=\"yoast-schema-graph\">{\"@context\":\"https:\/\/schema.org\",\"@graph\":[{\"@type\":\"Article\",\"@id\":\"https:\/\/sandzakpress.net\/arhiva\/trideset-porodica-jos-ceka-useljenje-u-mrkonjicevu-zgradu\/#article\",\"isPartOf\":{\"@id\":\"https:\/\/sandzakpress.net\/arhiva\/trideset-porodica-jos-ceka-useljenje-u-mrkonjicevu-zgradu\/\"},\"author\":{\"name\":\"bosniak\",\"@id\":\"https:\/\/sandzakpress.net\/arhiva\/#\/schema\/person\/c8baee722073534b583ea7bdb2e36c02\"},\"headline\":\"Trideset porodica jo\u0161 \u010deka useljenje u Mrkonji\u0107evu zgradu\",\"datePublished\":\"2010-07-09T15:12:55+00:00\",\"mainEntityOfPage\":{\"@id\":\"https:\/\/sandzakpress.net\/arhiva\/trideset-porodica-jos-ceka-useljenje-u-mrkonjicevu-zgradu\/\"},\"wordCount\":334,\"commentCount\":0,\"publisher\":{\"@id\":\"https:\/\/sandzakpress.net\/arhiva\/#\/schema\/person\/6e72b67d6e51910a1117b3b483ba20bd\"},\"image\":{\"@id\":\"https:\/\/sandzakpress.net\/arhiva\/trideset-porodica-jos-ceka-useljenje-u-mrkonjicevu-zgradu\/#primaryimage\"},\"thumbnailUrl\":\"https:\/\/sandzakpress.net\/arhiva\/wp-content\/uploads\/2010\/07\/9968.jpg\",\"articleSection\":[\"Prijepolje\",\"Dru\u0161tvo\"],\"inLanguage\":\"bs-BA\",\"potentialAction\":[{\"@type\":\"CommentAction\",\"name\":\"Comment\",\"target\":[\"https:\/\/sandzakpress.net\/arhiva\/trideset-porodica-jos-ceka-useljenje-u-mrkonjicevu-zgradu\/#respond\"]}]},{\"@type\":\"WebPage\",\"@id\":\"https:\/\/sandzakpress.net\/arhiva\/trideset-porodica-jos-ceka-useljenje-u-mrkonjicevu-zgradu\/\",\"url\":\"https:\/\/sandzakpress.net\/arhiva\/trideset-porodica-jos-ceka-useljenje-u-mrkonjicevu-zgradu\/\",\"name\":\"Trideset porodica jo\u0161 \u010deka useljenje u Mrkonji\u0107evu zgradu\",\"isPartOf\":{\"@id\":\"https:\/\/sandzakpress.net\/arhiva\/#website\"},\"primaryImageOfPage\":{\"@id\":\"https:\/\/sandzakpress.net\/arhiva\/trideset-porodica-jos-ceka-useljenje-u-mrkonjicevu-zgradu\/#primaryimage\"},\"image\":{\"@id\":\"https:\/\/sandzakpress.net\/arhiva\/trideset-porodica-jos-ceka-useljenje-u-mrkonjicevu-zgradu\/#primaryimage\"},\"thumbnailUrl\":\"https:\/\/sandzakpress.net\/arhiva\/wp-content\/uploads\/2010\/07\/9968.jpg\",\"datePublished\":\"2010-07-09T15:12:55+00:00\",\"breadcrumb\":{\"@id\":\"https:\/\/sandzakpress.net\/arhiva\/trideset-porodica-jos-ceka-useljenje-u-mrkonjicevu-zgradu\/#breadcrumb\"},\"inLanguage\":\"bs-BA\",\"potentialAction\":[{\"@type\":\"ReadAction\",\"target\":[\"https:\/\/sandzakpress.net\/arhiva\/trideset-porodica-jos-ceka-useljenje-u-mrkonjicevu-zgradu\/\"]}]},{\"@type\":\"ImageObject\",\"inLanguage\":\"bs-BA\",\"@id\":\"https:\/\/sandzakpress.net\/arhiva\/trideset-porodica-jos-ceka-useljenje-u-mrkonjicevu-zgradu\/#primaryimage\",\"url\":\"https:\/\/sandzakpress.net\/arhiva\/wp-content\/uploads\/2010\/07\/9968.jpg\",\"contentUrl\":\"https:\/\/sandzakpress.net\/arhiva\/wp-content\/uploads\/2010\/07\/9968.jpg\",\"width\":616,\"height\":462},{\"@type\":\"BreadcrumbList\",\"@id\":\"https:\/\/sandzakpress.net\/arhiva\/trideset-porodica-jos-ceka-useljenje-u-mrkonjicevu-zgradu\/#breadcrumb\",\"itemListElement\":[{\"@type\":\"ListItem\",\"position\":1,\"name\":\"Home\",\"item\":\"https:\/\/sandzakpress.net\/arhiva\/\"},{\"@type\":\"ListItem\",\"position\":2,\"name\":\"Trideset porodica jo\u0161 \u010deka useljenje u Mrkonji\u0107evu zgradu\"}]},{\"@type\":\"WebSite\",\"@id\":\"https:\/\/sandzakpress.net\/arhiva\/#website\",\"url\":\"https:\/\/sandzakpress.net\/arhiva\/\",\"name\":\"Sand\u017eak PRESS\",\"description\":\"Prve elektronske novine u Sand\u017eaku\",\"publisher\":{\"@id\":\"https:\/\/sandzakpress.net\/arhiva\/#\/schema\/person\/6e72b67d6e51910a1117b3b483ba20bd\"},\"potentialAction\":[{\"@type\":\"SearchAction\",\"target\":{\"@type\":\"EntryPoint\",\"urlTemplate\":\"https:\/\/sandzakpress.net\/arhiva\/?s={search_term_string}\"},\"query-input\":{\"@type\":\"PropertyValueSpecification\",\"valueRequired\":true,\"valueName\":\"search_term_string\"}}],\"inLanguage\":\"bs-BA\"},{\"@type\":[\"Person\",\"Organization\"],\"@id\":\"https:\/\/sandzakpress.net\/arhiva\/#\/schema\/person\/6e72b67d6e51910a1117b3b483ba20bd\",\"name\":\"Kul\",\"image\":{\"@type\":\"ImageObject\",\"inLanguage\":\"bs-BA\",\"@id\":\"https:\/\/sandzakpress.net\/arhiva\/#\/schema\/person\/image\/\",\"url\":\"https:\/\/secure.gravatar.com\/avatar\/42263f39aa27ac04c43cab85c280eb2e?s=96&d=mm&r=pg\",\"contentUrl\":\"https:\/\/secure.gravatar.com\/avatar\/42263f39aa27ac04c43cab85c280eb2e?s=96&d=mm&r=pg\",\"caption\":\"Kul\"},\"logo\":{\"@id\":\"https:\/\/sandzakpress.net\/arhiva\/#\/schema\/person\/image\/\"}},{\"@type\":\"Person\",\"@id\":\"https:\/\/sandzakpress.net\/arhiva\/#\/schema\/person\/c8baee722073534b583ea7bdb2e36c02\",\"name\":\"bosniak\",\"image\":{\"@type\":\"ImageObject\",\"inLanguage\":\"bs-BA\",\"@id\":\"https:\/\/sandzakpress.net\/arhiva\/#\/schema\/person\/image\/\",\"url\":\"https:\/\/secure.gravatar.com\/avatar\/a04fd330bfe3a36a72a0ad4a6d89fca7?s=96&d=mm&r=pg\",\"contentUrl\":\"https:\/\/secure.gravatar.com\/avatar\/a04fd330bfe3a36a72a0ad4a6d89fca7?s=96&d=mm&r=pg\",\"caption\":\"bosniak\"},\"url\":\"https:\/\/sandzakpress.net\/arhiva\/author\/bosniak\/\"}]}<\/script>\n<!-- \/ Yoast SEO Premium plugin. -->","yoast_head_json":{"title":"Trideset porodica jo\u0161 \u010deka useljenje u Mrkonji\u0107evu zgradu","robots":{"index":"index","follow":"follow","max-snippet":"max-snippet:-1","max-image-preview":"max-image-preview:large","max-video-preview":"max-video-preview:-1"},"canonical":"https:\/\/sandzakpress.net\/arhiva\/trideset-porodica-jos-ceka-useljenje-u-mrkonjicevu-zgradu\/","og_locale":"bs_BA","og_type":"article","og_title":"Trideset porodica jo\u0161 \u010deka useljenje u Mrkonji\u0107evu zgradu","og_description":"Prijepolje &#8211; Tridesetak porodica iz Prijepolja jo\u0161 \u010deka upotrebnu dozvolu za useljenje u zgradu popularno nazvanu Mrkonji\u0107ka iako je tehni\u010dki prijem u ovom objektu zavr\u0161en jo\u0161 prije desetak mjeseci. U zgradi sa 44 stana Vladi Srbije pripalo je 15, pa i kupci i oni koji su stanove dobili kao radnici republi\u010dkih organa i dalje uzaludno [&hellip;]","og_url":"https:\/\/sandzakpress.net\/arhiva\/trideset-porodica-jos-ceka-useljenje-u-mrkonjicevu-zgradu\/","og_site_name":"Sand\u017eak PRESS","article_published_time":"2010-07-09T15:12:55+00:00","og_image":[{"width":616,"height":462,"url":"https:\/\/sandzakpress.net\/arhiva\/wp-content\/uploads\/2010\/07\/9968.jpg","type":"image\/jpeg"}],"author":"bosniak","twitter_card":"summary_large_image","twitter_misc":{"Written by":"bosniak","Est. reading time":"2 minute"},"schema":{"@context":"https:\/\/schema.org","@graph":[{"@type":"Article","@id":"https:\/\/sandzakpress.net\/arhiva\/trideset-porodica-jos-ceka-useljenje-u-mrkonjicevu-zgradu\/#article","isPartOf":{"@id":"https:\/\/sandzakpress.net\/arhiva\/trideset-porodica-jos-ceka-useljenje-u-mrkonjicevu-zgradu\/"},"author":{"name":"bosniak","@id":"https:\/\/sandzakpress.net\/arhiva\/#\/schema\/person\/c8baee722073534b583ea7bdb2e36c02"},"headline":"Trideset porodica jo\u0161 \u010deka useljenje u Mrkonji\u0107evu zgradu","datePublished":"2010-07-09T15:12:55+00:00","mainEntityOfPage":{"@id":"https:\/\/sandzakpress.net\/arhiva\/trideset-porodica-jos-ceka-useljenje-u-mrkonjicevu-zgradu\/"},"wordCount":334,"commentCount":0,"publisher":{"@id":"https:\/\/sandzakpress.net\/arhiva\/#\/schema\/person\/6e72b67d6e51910a1117b3b483ba20bd"},"image":{"@id":"https:\/\/sandzakpress.net\/arhiva\/trideset-porodica-jos-ceka-useljenje-u-mrkonjicevu-zgradu\/#primaryimage"},"thumbnailUrl":"https:\/\/sandzakpress.net\/arhiva\/wp-content\/uploads\/2010\/07\/9968.jpg","articleSection":["Prijepolje","Dru\u0161tvo"],"inLanguage":"bs-BA","potentialAction":[{"@type":"CommentAction","name":"Comment","target":["https:\/\/sandzakpress.net\/arhiva\/trideset-porodica-jos-ceka-useljenje-u-mrkonjicevu-zgradu\/#respond"]}]},{"@type":"WebPage","@id":"https:\/\/sandzakpress.net\/arhiva\/trideset-porodica-jos-ceka-useljenje-u-mrkonjicevu-zgradu\/","url":"https:\/\/sandzakpress.net\/arhiva\/trideset-porodica-jos-ceka-useljenje-u-mrkonjicevu-zgradu\/","name":"Trideset porodica jo\u0161 \u010deka useljenje u Mrkonji\u0107evu zgradu","isPartOf":{"@id":"https:\/\/sandzakpress.net\/arhiva\/#website"},"primaryImageOfPage":{"@id":"https:\/\/sandzakpress.net\/arhiva\/trideset-porodica-jos-ceka-useljenje-u-mrkonjicevu-zgradu\/#primaryimage"},"image":{"@id":"https:\/\/sandzakpress.net\/arhiva\/trideset-porodica-jos-ceka-useljenje-u-mrkonjicevu-zgradu\/#primaryimage"},"thumbnailUrl":"https:\/\/sandzakpress.net\/arhiva\/wp-content\/uploads\/2010\/07\/9968.jpg","datePublished":"2010-07-09T15:12:55+00:00","breadcrumb":{"@id":"https:\/\/sandzakpress.net\/arhiva\/trideset-porodica-jos-ceka-useljenje-u-mrkonjicevu-zgradu\/#breadcrumb"},"inLanguage":"bs-BA","potentialAction":[{"@type":"ReadAction","target":["https:\/\/sandzakpress.net\/arhiva\/trideset-porodica-jos-ceka-useljenje-u-mrkonjicevu-zgradu\/"]}]},{"@type":"ImageObject","inLanguage":"bs-BA","@id":"https:\/\/sandzakpress.net\/arhiva\/trideset-porodica-jos-ceka-useljenje-u-mrkonjicevu-zgradu\/#primaryimage","url":"https:\/\/sandzakpress.net\/arhiva\/wp-content\/uploads\/2010\/07\/9968.jpg","contentUrl":"https:\/\/sandzakpress.net\/arhiva\/wp-content\/uploads\/2010\/07\/9968.jpg","width":616,"height":462},{"@type":"BreadcrumbList","@id":"https:\/\/sandzakpress.net\/arhiva\/trideset-porodica-jos-ceka-useljenje-u-mrkonjicevu-zgradu\/#breadcrumb","itemListElement":[{"@type":"ListItem","position":1,"name":"Home","item":"https:\/\/sandzakpress.net\/arhiva\/"},{"@type":"ListItem","position":2,"name":"Trideset porodica jo\u0161 \u010deka useljenje u Mrkonji\u0107evu zgradu"}]},{"@type":"WebSite","@id":"https:\/\/sandzakpress.net\/arhiva\/#website","url":"https:\/\/sandzakpress.net\/arhiva\/","name":"Sand\u017eak PRESS","description":"Prve elektronske novine u Sand\u017eaku","publisher":{"@id":"https:\/\/sandzakpress.net\/arhiva\/#\/schema\/person\/6e72b67d6e51910a1117b3b483ba20bd"},"potentialAction":[{"@type":"SearchAction","target":{"@type":"EntryPoint","urlTemplate":"https:\/\/sandzakpress.net\/arhiva\/?s={search_term_string}"},"query-input":{"@type":"PropertyValueSpecification","valueRequired":true,"valueName":"search_term_string"}}],"inLanguage":"bs-BA"},{"@type":["Person","Organization"],"@id":"https:\/\/sandzakpress.net\/arhiva\/#\/schema\/person\/6e72b67d6e51910a1117b3b483ba20bd","name":"Kul","image":{"@type":"ImageObject","inLanguage":"bs-BA","@id":"https:\/\/sandzakpress.net\/arhiva\/#\/schema\/person\/image\/","url":"https:\/\/secure.gravatar.com\/avatar\/42263f39aa27ac04c43cab85c280eb2e?s=96&d=mm&r=pg","contentUrl":"https:\/\/secure.gravatar.com\/avatar\/42263f39aa27ac04c43cab85c280eb2e?s=96&d=mm&r=pg","caption":"Kul"},"logo":{"@id":"https:\/\/sandzakpress.net\/arhiva\/#\/schema\/person\/image\/"}},{"@type":"Person","@id":"https:\/\/sandzakpress.net\/arhiva\/#\/schema\/person\/c8baee722073534b583ea7bdb2e36c02","name":"bosniak","image":{"@type":"ImageObject","inLanguage":"bs-BA","@id":"https:\/\/sandzakpress.net\/arhiva\/#\/schema\/person\/image\/","url":"https:\/\/secure.gravatar.com\/avatar\/a04fd330bfe3a36a72a0ad4a6d89fca7?s=96&d=mm&r=pg","contentUrl":"https:\/\/secure.gravatar.com\/avatar\/a04fd330bfe3a36a72a0ad4a6d89fca7?s=96&d=mm&r=pg","caption":"bosniak"},"url":"https:\/\/sandzakpress.net\/arhiva\/author\/bosniak\/"}]}},"_links":{"self":[{"href":"https:\/\/sandzakpress.net\/arhiva\/wp-json\/wp\/v2\/posts\/6240"}],"collection":[{"href":"https:\/\/sandzakpress.net\/arhiva\/wp-json\/wp\/v2\/posts"}],"about":[{"href":"https:\/\/sandzakpress.net\/arhiva\/wp-json\/wp\/v2\/types\/post"}],"author":[{"embeddable":true,"href":"https:\/\/sandzakpress.net\/arhiva\/wp-json\/wp\/v2\/users\/83"}],"replies":[{"embeddable":true,"href":"https:\/\/sandzakpress.net\/arhiva\/wp-json\/wp\/v2\/comments?post=6240"}],"version-history":[{"count":0,"href":"https:\/\/sandzakpress.net\/arhiva\/wp-json\/wp\/v2\/posts\/6240\/revisions"}],"wp:featuredmedia":[{"embeddable":true,"href":"https:\/\/sandzakpress.net\/arhiva\/wp-json\/wp\/v2\/media\/6241"}],"wp:attachment":[{"href":"https:\/\/sandzakpress.net\/arhiva\/wp-json\/wp\/v2\/media?parent=6240"}],"wp:term":[{"taxonomy":"category","embeddable":true,"href":"https:\/\/sandzakpress.net\/arhiva\/wp-json\/wp\/v2\/categories?post=6240"},{"taxonomy":"post_tag","embeddable":true,"href":"https:\/\/sandzakpress.net\/arhiva\/wp-json\/wp\/v2\/tags?post=6240"}],"curies":[{"name":"wp","href":"https:\/\/api.w.org\/{rel}","templated":true}]}}