{"id":62299,"date":"2013-01-15T23:44:53","date_gmt":"2013-01-15T22:44:53","guid":{"rendered":"https:\/\/sandzakpress.net\/arhiva\/?p=62299"},"modified":"2013-01-15T23:44:53","modified_gmt":"2013-01-15T22:44:53","slug":"u-52-godini-rodila-svoje-unuke","status":"publish","type":"post","link":"https:\/\/sandzakpress.net\/arhiva\/u-52-godini-rodila-svoje-unuke\/","title":{"rendered":"U 52. godini rodila svoje unuke"},"content":{"rendered":"<p><strong><em><a href=\"https:\/\/sandzakpress.net\/arhiva\/wp-content\/uploads\/2013\/01\/169440267150f41a4a9134b098737505_orig.jpg\"><img loading=\"lazy\" decoding=\"async\" class=\"alignleft size-medium wp-image-62300\" title=\"169440267150f41a4a9134b098737505_orig\" src=\"https:\/\/sandzakpress.net\/arhiva\/wp-content\/uploads\/2013\/01\/169440267150f41a4a9134b098737505_orig-300x199.jpg\" alt=\"\" width=\"300\" height=\"199\" \/><\/a>Brazilka Marija da Gloria (52) u gradu Gojanija rodila je 9. januara  vlastite unuke. Ova doma\u0107ica pristala je da bude surogat majka djeci  svoje \u0107erke Fernande koja ne mo\u017ee imati sopstvene potomke.<\/em><\/strong><br \/>\nMarija, doputovala je na poro\u0111aj iz gradi\u0107a Santa Helena, a carskim  rezom na svijet je donela dvije zdrave devoj\u010dice, Emanuelu i Huliju. Baka  Marija, koja ima troje djece, uzimala je hormone kako bi ponovno  pokrenula menstrualni ciklus pa je izgubila gotovo 11 kilograma.<\/p>\n<p>\u201cNe mogu biti sre\u0107nija\u201d, rekla je \u0107erka Fernanda Medeiros (34) za portugalski portal <a href=\"http:\/\/g1.globo.com\/goias\/noticia\/2013\/01\/e-de-tirar-o-chapeu-diz-obstetra-sobre-avo-que-gerou-netas-em-go.html\" target=\"_blank\">G1.globo.com<\/a>.<\/p>\n<p>Ona je trenutno podvrgnuta tretmanu kako bi ljekari medicinskim putem  izazvali laktaciju, i nada se da \u0107e mo\u0107i da doji svoje bliznakinje da bi  se bolje povezale.<\/p>\n<p>Od svoje 13. godine Fernanda zna da ne mo\u017ee  da ima djecu jer joj je odstranjena materica. \u201cTada sam bila jako tu\u017ena  jer sam jednog dana htela postati majka\u201d, rekla je ona za G1.<\/p>\n<p>Nakon ven\u010danja, Fernanda i spurug poku\u0161ali su da usvoje dijete, ali je  njihov zahtev odbijen. Dve hiljade pete godine na televiziji je videla  emisiju o baki koja je rodila svojeg unuka. S majkom je posjetila lekare,  ali su joj oni u po\u010detku govorili kako je njena majka prestara za takav  poduvat.<\/p>\n<p>Kasniji testovi pokazali su kako je Marija dovoljno  zdrava za poro\u0111aj pa je ostala trudna nakon drugog poku\u0161aja vantelesne  oplodnje.<\/p>\n<p>(B92)<\/p>\n","protected":false},"excerpt":{"rendered":"<p>Brazilka Marija da Gloria (52) u gradu Gojanija rodila je 9. januara vlastite unuke. Ova doma\u0107ica pristala je da bude surogat majka djeci svoje \u0107erke Fernande koja ne mo\u017ee imati sopstvene potomke. Marija, doputovala je na poro\u0111aj iz gradi\u0107a Santa Helena, a carskim rezom na svijet je donela dvije zdrave devoj\u010dice, Emanuelu i Huliju. Baka [&hellip;]<\/p>\n","protected":false},"author":13,"featured_media":62300,"comment_status":"open","ping_status":"open","sticky":false,"template":"","format":"standard","meta":{"footnotes":""},"categories":[2695],"tags":[],"class_list":{"0":"post-62299","1":"post","2":"type-post","3":"status-publish","4":"format-standard","5":"has-post-thumbnail","7":"category-zanimljivo"},"yoast_head":"<!-- This site is optimized with the Yoast SEO Premium plugin v23.1 (Yoast SEO v24.9) - https:\/\/yoast.com\/wordpress\/plugins\/seo\/ -->\n<title>U 52. godini rodila svoje unuke<\/title>\n<meta name=\"robots\" content=\"index, follow, max-snippet:-1, max-image-preview:large, max-video-preview:-1\" \/>\n<link rel=\"canonical\" href=\"https:\/\/sandzakpress.net\/arhiva\/u-52-godini-rodila-svoje-unuke\/\" \/>\n<meta property=\"og:locale\" content=\"bs_BA\" \/>\n<meta property=\"og:type\" content=\"article\" \/>\n<meta property=\"og:title\" content=\"U 52. godini rodila svoje unuke\" \/>\n<meta property=\"og:description\" content=\"Brazilka Marija da Gloria (52) u gradu Gojanija rodila je 9. januara vlastite unuke. Ova doma\u0107ica pristala je da bude surogat majka djeci svoje \u0107erke Fernande koja ne mo\u017ee imati sopstvene potomke. Marija, doputovala je na poro\u0111aj iz gradi\u0107a Santa Helena, a carskim rezom na svijet je donela dvije zdrave devoj\u010dice, Emanuelu i Huliju. Baka [&hellip;]\" \/>\n<meta property=\"og:url\" content=\"https:\/\/sandzakpress.net\/arhiva\/u-52-godini-rodila-svoje-unuke\/\" \/>\n<meta property=\"og:site_name\" content=\"Sand\u017eak PRESS\" \/>\n<meta property=\"article:published_time\" content=\"2013-01-15T22:44:53+00:00\" \/>\n<meta property=\"og:image\" content=\"https:\/\/sandzakpress.net\/arhiva\/wp-content\/uploads\/2013\/01\/169440267150f41a4a9134b098737505_orig.jpg\" \/>\n\t<meta property=\"og:image:width\" content=\"616\" \/>\n\t<meta property=\"og:image:height\" content=\"410\" \/>\n\t<meta property=\"og:image:type\" content=\"image\/jpeg\" \/>\n<meta name=\"twitter:card\" content=\"summary_large_image\" \/>\n<meta name=\"twitter:label1\" content=\"Written by\" \/>\n\t<meta name=\"twitter:data1\" content=\"\" \/>\n\t<meta name=\"twitter:label2\" content=\"Est. reading time\" \/>\n\t<meta name=\"twitter:data2\" content=\"1 minuta\" \/>\n<script type=\"application\/ld+json\" class=\"yoast-schema-graph\">{\"@context\":\"https:\/\/schema.org\",\"@graph\":[{\"@type\":\"Article\",\"@id\":\"https:\/\/sandzakpress.net\/arhiva\/u-52-godini-rodila-svoje-unuke\/#article\",\"isPartOf\":{\"@id\":\"https:\/\/sandzakpress.net\/arhiva\/u-52-godini-rodila-svoje-unuke\/\"},\"author\":{\"name\":\"\",\"@id\":\"\"},\"headline\":\"U 52. godini rodila svoje unuke\",\"datePublished\":\"2013-01-15T22:44:53+00:00\",\"mainEntityOfPage\":{\"@id\":\"https:\/\/sandzakpress.net\/arhiva\/u-52-godini-rodila-svoje-unuke\/\"},\"wordCount\":238,\"commentCount\":0,\"publisher\":{\"@id\":\"https:\/\/sandzakpress.net\/arhiva\/#\/schema\/person\/6e72b67d6e51910a1117b3b483ba20bd\"},\"image\":{\"@id\":\"https:\/\/sandzakpress.net\/arhiva\/u-52-godini-rodila-svoje-unuke\/#primaryimage\"},\"thumbnailUrl\":\"https:\/\/sandzakpress.net\/arhiva\/wp-content\/uploads\/2013\/01\/169440267150f41a4a9134b098737505_orig.jpg\",\"articleSection\":[\"Zanimljivo\"],\"inLanguage\":\"bs-BA\",\"potentialAction\":[{\"@type\":\"CommentAction\",\"name\":\"Comment\",\"target\":[\"https:\/\/sandzakpress.net\/arhiva\/u-52-godini-rodila-svoje-unuke\/#respond\"]}]},{\"@type\":\"WebPage\",\"@id\":\"https:\/\/sandzakpress.net\/arhiva\/u-52-godini-rodila-svoje-unuke\/\",\"url\":\"https:\/\/sandzakpress.net\/arhiva\/u-52-godini-rodila-svoje-unuke\/\",\"name\":\"U 52. godini rodila svoje unuke\",\"isPartOf\":{\"@id\":\"https:\/\/sandzakpress.net\/arhiva\/#website\"},\"primaryImageOfPage\":{\"@id\":\"https:\/\/sandzakpress.net\/arhiva\/u-52-godini-rodila-svoje-unuke\/#primaryimage\"},\"image\":{\"@id\":\"https:\/\/sandzakpress.net\/arhiva\/u-52-godini-rodila-svoje-unuke\/#primaryimage\"},\"thumbnailUrl\":\"https:\/\/sandzakpress.net\/arhiva\/wp-content\/uploads\/2013\/01\/169440267150f41a4a9134b098737505_orig.jpg\",\"datePublished\":\"2013-01-15T22:44:53+00:00\",\"breadcrumb\":{\"@id\":\"https:\/\/sandzakpress.net\/arhiva\/u-52-godini-rodila-svoje-unuke\/#breadcrumb\"},\"inLanguage\":\"bs-BA\",\"potentialAction\":[{\"@type\":\"ReadAction\",\"target\":[\"https:\/\/sandzakpress.net\/arhiva\/u-52-godini-rodila-svoje-unuke\/\"]}]},{\"@type\":\"ImageObject\",\"inLanguage\":\"bs-BA\",\"@id\":\"https:\/\/sandzakpress.net\/arhiva\/u-52-godini-rodila-svoje-unuke\/#primaryimage\",\"url\":\"https:\/\/sandzakpress.net\/arhiva\/wp-content\/uploads\/2013\/01\/169440267150f41a4a9134b098737505_orig.jpg\",\"contentUrl\":\"https:\/\/sandzakpress.net\/arhiva\/wp-content\/uploads\/2013\/01\/169440267150f41a4a9134b098737505_orig.jpg\",\"width\":616,\"height\":410},{\"@type\":\"BreadcrumbList\",\"@id\":\"https:\/\/sandzakpress.net\/arhiva\/u-52-godini-rodila-svoje-unuke\/#breadcrumb\",\"itemListElement\":[{\"@type\":\"ListItem\",\"position\":1,\"name\":\"Home\",\"item\":\"https:\/\/sandzakpress.net\/arhiva\/\"},{\"@type\":\"ListItem\",\"position\":2,\"name\":\"U 52. godini rodila svoje unuke\"}]},{\"@type\":\"WebSite\",\"@id\":\"https:\/\/sandzakpress.net\/arhiva\/#website\",\"url\":\"https:\/\/sandzakpress.net\/arhiva\/\",\"name\":\"Sand\u017eak PRESS\",\"description\":\"Prve elektronske novine u Sand\u017eaku\",\"publisher\":{\"@id\":\"https:\/\/sandzakpress.net\/arhiva\/#\/schema\/person\/6e72b67d6e51910a1117b3b483ba20bd\"},\"potentialAction\":[{\"@type\":\"SearchAction\",\"target\":{\"@type\":\"EntryPoint\",\"urlTemplate\":\"https:\/\/sandzakpress.net\/arhiva\/?s={search_term_string}\"},\"query-input\":{\"@type\":\"PropertyValueSpecification\",\"valueRequired\":true,\"valueName\":\"search_term_string\"}}],\"inLanguage\":\"bs-BA\"},{\"@type\":[\"Person\",\"Organization\"],\"@id\":\"https:\/\/sandzakpress.net\/arhiva\/#\/schema\/person\/6e72b67d6e51910a1117b3b483ba20bd\",\"name\":\"Kul\",\"image\":{\"@type\":\"ImageObject\",\"inLanguage\":\"bs-BA\",\"@id\":\"https:\/\/sandzakpress.net\/arhiva\/#\/schema\/person\/image\/\",\"url\":\"https:\/\/secure.gravatar.com\/avatar\/42263f39aa27ac04c43cab85c280eb2e?s=96&d=mm&r=pg\",\"contentUrl\":\"https:\/\/secure.gravatar.com\/avatar\/42263f39aa27ac04c43cab85c280eb2e?s=96&d=mm&r=pg\",\"caption\":\"Kul\"},\"logo\":{\"@id\":\"https:\/\/sandzakpress.net\/arhiva\/#\/schema\/person\/image\/\"}},{\"@type\":\"Person\",\"@id\":\"\",\"url\":\"https:\/\/sandzakpress.net\/arhiva\/author\/\"}]}<\/script>\n<!-- \/ Yoast SEO Premium plugin. -->","yoast_head_json":{"title":"U 52. godini rodila svoje unuke","robots":{"index":"index","follow":"follow","max-snippet":"max-snippet:-1","max-image-preview":"max-image-preview:large","max-video-preview":"max-video-preview:-1"},"canonical":"https:\/\/sandzakpress.net\/arhiva\/u-52-godini-rodila-svoje-unuke\/","og_locale":"bs_BA","og_type":"article","og_title":"U 52. godini rodila svoje unuke","og_description":"Brazilka Marija da Gloria (52) u gradu Gojanija rodila je 9. januara vlastite unuke. Ova doma\u0107ica pristala je da bude surogat majka djeci svoje \u0107erke Fernande koja ne mo\u017ee imati sopstvene potomke. Marija, doputovala je na poro\u0111aj iz gradi\u0107a Santa Helena, a carskim rezom na svijet je donela dvije zdrave devoj\u010dice, Emanuelu i Huliju. Baka [&hellip;]","og_url":"https:\/\/sandzakpress.net\/arhiva\/u-52-godini-rodila-svoje-unuke\/","og_site_name":"Sand\u017eak PRESS","article_published_time":"2013-01-15T22:44:53+00:00","og_image":[{"width":616,"height":410,"url":"https:\/\/sandzakpress.net\/arhiva\/wp-content\/uploads\/2013\/01\/169440267150f41a4a9134b098737505_orig.jpg","type":"image\/jpeg"}],"twitter_card":"summary_large_image","twitter_misc":{"Written by":"","Est. reading time":"1 minuta"},"schema":{"@context":"https:\/\/schema.org","@graph":[{"@type":"Article","@id":"https:\/\/sandzakpress.net\/arhiva\/u-52-godini-rodila-svoje-unuke\/#article","isPartOf":{"@id":"https:\/\/sandzakpress.net\/arhiva\/u-52-godini-rodila-svoje-unuke\/"},"author":{"name":"","@id":""},"headline":"U 52. godini rodila svoje unuke","datePublished":"2013-01-15T22:44:53+00:00","mainEntityOfPage":{"@id":"https:\/\/sandzakpress.net\/arhiva\/u-52-godini-rodila-svoje-unuke\/"},"wordCount":238,"commentCount":0,"publisher":{"@id":"https:\/\/sandzakpress.net\/arhiva\/#\/schema\/person\/6e72b67d6e51910a1117b3b483ba20bd"},"image":{"@id":"https:\/\/sandzakpress.net\/arhiva\/u-52-godini-rodila-svoje-unuke\/#primaryimage"},"thumbnailUrl":"https:\/\/sandzakpress.net\/arhiva\/wp-content\/uploads\/2013\/01\/169440267150f41a4a9134b098737505_orig.jpg","articleSection":["Zanimljivo"],"inLanguage":"bs-BA","potentialAction":[{"@type":"CommentAction","name":"Comment","target":["https:\/\/sandzakpress.net\/arhiva\/u-52-godini-rodila-svoje-unuke\/#respond"]}]},{"@type":"WebPage","@id":"https:\/\/sandzakpress.net\/arhiva\/u-52-godini-rodila-svoje-unuke\/","url":"https:\/\/sandzakpress.net\/arhiva\/u-52-godini-rodila-svoje-unuke\/","name":"U 52. godini rodila svoje unuke","isPartOf":{"@id":"https:\/\/sandzakpress.net\/arhiva\/#website"},"primaryImageOfPage":{"@id":"https:\/\/sandzakpress.net\/arhiva\/u-52-godini-rodila-svoje-unuke\/#primaryimage"},"image":{"@id":"https:\/\/sandzakpress.net\/arhiva\/u-52-godini-rodila-svoje-unuke\/#primaryimage"},"thumbnailUrl":"https:\/\/sandzakpress.net\/arhiva\/wp-content\/uploads\/2013\/01\/169440267150f41a4a9134b098737505_orig.jpg","datePublished":"2013-01-15T22:44:53+00:00","breadcrumb":{"@id":"https:\/\/sandzakpress.net\/arhiva\/u-52-godini-rodila-svoje-unuke\/#breadcrumb"},"inLanguage":"bs-BA","potentialAction":[{"@type":"ReadAction","target":["https:\/\/sandzakpress.net\/arhiva\/u-52-godini-rodila-svoje-unuke\/"]}]},{"@type":"ImageObject","inLanguage":"bs-BA","@id":"https:\/\/sandzakpress.net\/arhiva\/u-52-godini-rodila-svoje-unuke\/#primaryimage","url":"https:\/\/sandzakpress.net\/arhiva\/wp-content\/uploads\/2013\/01\/169440267150f41a4a9134b098737505_orig.jpg","contentUrl":"https:\/\/sandzakpress.net\/arhiva\/wp-content\/uploads\/2013\/01\/169440267150f41a4a9134b098737505_orig.jpg","width":616,"height":410},{"@type":"BreadcrumbList","@id":"https:\/\/sandzakpress.net\/arhiva\/u-52-godini-rodila-svoje-unuke\/#breadcrumb","itemListElement":[{"@type":"ListItem","position":1,"name":"Home","item":"https:\/\/sandzakpress.net\/arhiva\/"},{"@type":"ListItem","position":2,"name":"U 52. godini rodila svoje unuke"}]},{"@type":"WebSite","@id":"https:\/\/sandzakpress.net\/arhiva\/#website","url":"https:\/\/sandzakpress.net\/arhiva\/","name":"Sand\u017eak PRESS","description":"Prve elektronske novine u Sand\u017eaku","publisher":{"@id":"https:\/\/sandzakpress.net\/arhiva\/#\/schema\/person\/6e72b67d6e51910a1117b3b483ba20bd"},"potentialAction":[{"@type":"SearchAction","target":{"@type":"EntryPoint","urlTemplate":"https:\/\/sandzakpress.net\/arhiva\/?s={search_term_string}"},"query-input":{"@type":"PropertyValueSpecification","valueRequired":true,"valueName":"search_term_string"}}],"inLanguage":"bs-BA"},{"@type":["Person","Organization"],"@id":"https:\/\/sandzakpress.net\/arhiva\/#\/schema\/person\/6e72b67d6e51910a1117b3b483ba20bd","name":"Kul","image":{"@type":"ImageObject","inLanguage":"bs-BA","@id":"https:\/\/sandzakpress.net\/arhiva\/#\/schema\/person\/image\/","url":"https:\/\/secure.gravatar.com\/avatar\/42263f39aa27ac04c43cab85c280eb2e?s=96&d=mm&r=pg","contentUrl":"https:\/\/secure.gravatar.com\/avatar\/42263f39aa27ac04c43cab85c280eb2e?s=96&d=mm&r=pg","caption":"Kul"},"logo":{"@id":"https:\/\/sandzakpress.net\/arhiva\/#\/schema\/person\/image\/"}},{"@type":"Person","@id":"","url":"https:\/\/sandzakpress.net\/arhiva\/author\/"}]}},"_links":{"self":[{"href":"https:\/\/sandzakpress.net\/arhiva\/wp-json\/wp\/v2\/posts\/62299"}],"collection":[{"href":"https:\/\/sandzakpress.net\/arhiva\/wp-json\/wp\/v2\/posts"}],"about":[{"href":"https:\/\/sandzakpress.net\/arhiva\/wp-json\/wp\/v2\/types\/post"}],"author":[{"embeddable":true,"href":"https:\/\/sandzakpress.net\/arhiva\/wp-json\/wp\/v2\/users\/13"}],"replies":[{"embeddable":true,"href":"https:\/\/sandzakpress.net\/arhiva\/wp-json\/wp\/v2\/comments?post=62299"}],"version-history":[{"count":0,"href":"https:\/\/sandzakpress.net\/arhiva\/wp-json\/wp\/v2\/posts\/62299\/revisions"}],"wp:featuredmedia":[{"embeddable":true,"href":"https:\/\/sandzakpress.net\/arhiva\/wp-json\/wp\/v2\/media\/62300"}],"wp:attachment":[{"href":"https:\/\/sandzakpress.net\/arhiva\/wp-json\/wp\/v2\/media?parent=62299"}],"wp:term":[{"taxonomy":"category","embeddable":true,"href":"https:\/\/sandzakpress.net\/arhiva\/wp-json\/wp\/v2\/categories?post=62299"},{"taxonomy":"post_tag","embeddable":true,"href":"https:\/\/sandzakpress.net\/arhiva\/wp-json\/wp\/v2\/tags?post=62299"}],"curies":[{"name":"wp","href":"https:\/\/api.w.org\/{rel}","templated":true}]}}