{"id":62279,"date":"2013-01-15T19:03:24","date_gmt":"2013-01-15T18:03:24","guid":{"rendered":"https:\/\/sandzakpress.net\/arhiva\/?p=62279"},"modified":"2013-01-16T16:55:26","modified_gmt":"2013-01-16T15:55:26","slug":"u-ugljaninovom-kabinetu-karadordeva-drazina-i-titova-zastava-zajedno","status":"publish","type":"post","link":"https:\/\/sandzakpress.net\/arhiva\/u-ugljaninovom-kabinetu-karadordeva-drazina-i-titova-zastava-zajedno\/","title":{"rendered":"U Ugljaninovom kabinetu Kara\u0111or\u0111eva, Dra\u017eina i Titova zastava zajedno"},"content":{"rendered":"<p><a href=\"https:\/\/sandzakpress.net\/arhiva\/wp-content\/uploads\/2013\/01\/UgljaninEskimbanka3_zps002b26f9-1.jpg\"><img loading=\"lazy\" decoding=\"async\" class=\"aligncenter size-full wp-image-62285\" title=\"UgljaninEskimbanka3_zps002b26f9 (1)\" src=\"https:\/\/sandzakpress.net\/arhiva\/wp-content\/uploads\/2013\/01\/UgljaninEskimbanka3_zps002b26f9-1.jpg\" alt=\"\" width=\"600\" height=\"400\" \/><\/a><\/p>\n<p><strong>Sjeverni Sand\u017eak &#8211; U kabineta ministra bez portfelja dr. Sulejmana Ugljanina se uo\u010dljivo primje\u0107uju zastave Srbije u vrijemenima Kara\u0111or\u0111a Petrovi\u0107a, Dra\u017ee Mihajlovi\u0107a i Josipa Broza Tita.<\/strong><\/p>\n<p>\u017dalosno je \u0161to su te zastave simboli pod kojima je stradao muslimanski-bo\u0161nja\u010dki narod na ovim prostorima.<\/p>\n<p>Pod zastavom Kara\u0111or\u0111a je ubijeno na hiljade i protjerano stotinak hiljada muslimana sa prostora dana\u0161nje centralne Srbije, dok je poru\u0161eno na stotine d\u017eamija u Biogradu, U\u017eicu, Ni\u0161u, \u0160apcu, Valjevu, Smederevu, Pirotu, Leskovcu, Vranju, Karanovcu &#8211; dana\u0161njem Kraljevu i \u0161irom tada\u0161nje Srbije.<\/p>\n<p>Pod zastavom Dra\u017ee Mihajlovi\u0107a, dvoglavim orlom sa krstom i 4S, je ubijeno i protjerano na hiljade muslimana tokom balkanskih ratova, \u010dinjena je velika tortura nad muslimanima-Bo\u0161njacima tokom perioda Kraljevine Jugoslavije, zatim je do milion muslimana-Bo\u0161njaka ubijeno pod \u010detni\u010dkim no\u017eem za vrijeme drugog svjetskog rata. U Sand\u017eaku su iz tog perioda najpoznatija Pokr\u0161tavanja i Limski genocid.<\/p>\n<p>Pod zastavom Tita je ubijan i raseljavan muslimanski-bo\u0161nja\u010dki narod, a naro\u010dito u po\u010detku vladavine Titove Jugoslavije. Simbol genocida iz tog vremena je strijaljanje na Had\u017eetu.<\/p>\n<p>I na kraju je ponovno pod Dra\u017einom zastavom, dvoglavnim orlom, nastavljeno ubijanje Bo\u0161njaka tokom proteklih 90-ih godina pod vo\u0111stvom Slobodana Milo\u0161evi\u0107a. U zapadnom Sand\u017eaku je kroz etni\u010dka \u010di\u0161\u010denja i zlo\u010dine nastavljeno ono \u0161to je zapo\u010deto ulaskom Srbije u Sand\u017eak. Najpoznatiji zlo\u010dini su Sjeverin, \u0160trpci, Kukurovi\u0107e i Bukovica.<\/p>\n<p>Kada \u0107e i da li \u0107e bo\u0161nja\u010dki politi\u010dki predstavnici pokrenuti konkretne korake ili kampanju radi promjene dr\u017eavnim, antibo\u0161nja\u010dkih, simbola Srbije, ostaje da vidimo.<\/p>\n<p>(Sand\u017eak PRESS)<\/p>\n","protected":false},"excerpt":{"rendered":"<p>Sjeverni Sand\u017eak &#8211; U kabineta ministra bez portfelja dr. Sulejmana Ugljanina se uo\u010dljivo primje\u0107uju zastave Srbije u vrijemenima Kara\u0111or\u0111a Petrovi\u0107a, Dra\u017ee Mihajlovi\u0107a i Josipa Broza Tita. \u017dalosno je \u0161to su te zastave simboli pod kojima je stradao muslimanski-bo\u0161nja\u010dki narod na ovim prostorima. Pod zastavom Kara\u0111or\u0111a je ubijeno na hiljade i protjerano stotinak hiljada muslimana sa [&hellip;]<\/p>\n","protected":false},"author":83,"featured_media":62285,"comment_status":"open","ping_status":"open","sticky":false,"template":"","format":"standard","meta":{"footnotes":""},"categories":[72,1,52,327,392,393,394,8957],"tags":[],"class_list":{"0":"post-62279","1":"post","2":"type-post","3":"status-publish","4":"format-standard","5":"has-post-thumbnail","7":"category-novi-pazar","8":"category-politika","9":"category-sjenica","10":"category-tutin","11":"category-prijepolje_","12":"category-priboj","13":"category-nova-varos","14":"category-vijesti-dana"},"yoast_head":"<!-- This site is optimized with the Yoast SEO Premium plugin v23.1 (Yoast SEO v24.9) - https:\/\/yoast.com\/wordpress\/plugins\/seo\/ -->\n<title>U Ugljaninovom kabinetu Kara\u0111or\u0111eva, Dra\u017eina i Titova zastava zajedno<\/title>\n<meta name=\"robots\" content=\"index, follow, max-snippet:-1, max-image-preview:large, max-video-preview:-1\" \/>\n<link rel=\"canonical\" href=\"https:\/\/sandzakpress.net\/arhiva\/u-ugljaninovom-kabinetu-karadordeva-drazina-i-titova-zastava-zajedno\/\" \/>\n<meta property=\"og:locale\" content=\"bs_BA\" \/>\n<meta property=\"og:type\" content=\"article\" \/>\n<meta property=\"og:title\" content=\"U Ugljaninovom kabinetu Kara\u0111or\u0111eva, Dra\u017eina i Titova zastava zajedno\" \/>\n<meta property=\"og:description\" content=\"Sjeverni Sand\u017eak &#8211; U kabineta ministra bez portfelja dr. Sulejmana Ugljanina se uo\u010dljivo primje\u0107uju zastave Srbije u vrijemenima Kara\u0111or\u0111a Petrovi\u0107a, Dra\u017ee Mihajlovi\u0107a i Josipa Broza Tita. \u017dalosno je \u0161to su te zastave simboli pod kojima je stradao muslimanski-bo\u0161nja\u010dki narod na ovim prostorima. Pod zastavom Kara\u0111or\u0111a je ubijeno na hiljade i protjerano stotinak hiljada muslimana sa [&hellip;]\" \/>\n<meta property=\"og:url\" content=\"https:\/\/sandzakpress.net\/arhiva\/u-ugljaninovom-kabinetu-karadordeva-drazina-i-titova-zastava-zajedno\/\" \/>\n<meta property=\"og:site_name\" content=\"Sand\u017eak PRESS\" \/>\n<meta property=\"article:published_time\" content=\"2013-01-15T18:03:24+00:00\" \/>\n<meta property=\"article:modified_time\" content=\"2013-01-16T15:55:26+00:00\" \/>\n<meta property=\"og:image\" content=\"https:\/\/sandzakpress.net\/arhiva\/wp-content\/uploads\/2013\/01\/UgljaninEskimbanka3_zps002b26f9-1.jpg\" \/>\n\t<meta property=\"og:image:width\" content=\"600\" \/>\n\t<meta property=\"og:image:height\" content=\"400\" \/>\n\t<meta property=\"og:image:type\" content=\"image\/jpeg\" \/>\n<meta name=\"author\" content=\"bosniak\" \/>\n<meta name=\"twitter:card\" content=\"summary_large_image\" \/>\n<meta name=\"twitter:label1\" content=\"Written by\" \/>\n\t<meta name=\"twitter:data1\" content=\"bosniak\" \/>\n\t<meta name=\"twitter:label2\" content=\"Est. reading time\" \/>\n\t<meta name=\"twitter:data2\" content=\"1 minuta\" \/>\n<script type=\"application\/ld+json\" class=\"yoast-schema-graph\">{\"@context\":\"https:\/\/schema.org\",\"@graph\":[{\"@type\":\"Article\",\"@id\":\"https:\/\/sandzakpress.net\/arhiva\/u-ugljaninovom-kabinetu-karadordeva-drazina-i-titova-zastava-zajedno\/#article\",\"isPartOf\":{\"@id\":\"https:\/\/sandzakpress.net\/arhiva\/u-ugljaninovom-kabinetu-karadordeva-drazina-i-titova-zastava-zajedno\/\"},\"author\":{\"name\":\"bosniak\",\"@id\":\"https:\/\/sandzakpress.net\/arhiva\/#\/schema\/person\/c8baee722073534b583ea7bdb2e36c02\"},\"headline\":\"U Ugljaninovom kabinetu Kara\u0111or\u0111eva, Dra\u017eina i Titova zastava zajedno\",\"datePublished\":\"2013-01-15T18:03:24+00:00\",\"dateModified\":\"2013-01-16T15:55:26+00:00\",\"mainEntityOfPage\":{\"@id\":\"https:\/\/sandzakpress.net\/arhiva\/u-ugljaninovom-kabinetu-karadordeva-drazina-i-titova-zastava-zajedno\/\"},\"wordCount\":299,\"commentCount\":14,\"publisher\":{\"@id\":\"https:\/\/sandzakpress.net\/arhiva\/#\/schema\/person\/6e72b67d6e51910a1117b3b483ba20bd\"},\"image\":{\"@id\":\"https:\/\/sandzakpress.net\/arhiva\/u-ugljaninovom-kabinetu-karadordeva-drazina-i-titova-zastava-zajedno\/#primaryimage\"},\"thumbnailUrl\":\"https:\/\/sandzakpress.net\/arhiva\/wp-content\/uploads\/2013\/01\/UgljaninEskimbanka3_zps002b26f9-1.jpg\",\"articleSection\":[\"Novi Pazar\",\"Politika\",\"Sjenica\",\"Tutin\",\"Prijepolje\",\"Priboj\",\"Nova Varo\u0161\",\"VIJESTI DANA\"],\"inLanguage\":\"bs-BA\",\"potentialAction\":[{\"@type\":\"CommentAction\",\"name\":\"Comment\",\"target\":[\"https:\/\/sandzakpress.net\/arhiva\/u-ugljaninovom-kabinetu-karadordeva-drazina-i-titova-zastava-zajedno\/#respond\"]}]},{\"@type\":\"WebPage\",\"@id\":\"https:\/\/sandzakpress.net\/arhiva\/u-ugljaninovom-kabinetu-karadordeva-drazina-i-titova-zastava-zajedno\/\",\"url\":\"https:\/\/sandzakpress.net\/arhiva\/u-ugljaninovom-kabinetu-karadordeva-drazina-i-titova-zastava-zajedno\/\",\"name\":\"U Ugljaninovom kabinetu Kara\u0111or\u0111eva, Dra\u017eina i Titova zastava zajedno\",\"isPartOf\":{\"@id\":\"https:\/\/sandzakpress.net\/arhiva\/#website\"},\"primaryImageOfPage\":{\"@id\":\"https:\/\/sandzakpress.net\/arhiva\/u-ugljaninovom-kabinetu-karadordeva-drazina-i-titova-zastava-zajedno\/#primaryimage\"},\"image\":{\"@id\":\"https:\/\/sandzakpress.net\/arhiva\/u-ugljaninovom-kabinetu-karadordeva-drazina-i-titova-zastava-zajedno\/#primaryimage\"},\"thumbnailUrl\":\"https:\/\/sandzakpress.net\/arhiva\/wp-content\/uploads\/2013\/01\/UgljaninEskimbanka3_zps002b26f9-1.jpg\",\"datePublished\":\"2013-01-15T18:03:24+00:00\",\"dateModified\":\"2013-01-16T15:55:26+00:00\",\"breadcrumb\":{\"@id\":\"https:\/\/sandzakpress.net\/arhiva\/u-ugljaninovom-kabinetu-karadordeva-drazina-i-titova-zastava-zajedno\/#breadcrumb\"},\"inLanguage\":\"bs-BA\",\"potentialAction\":[{\"@type\":\"ReadAction\",\"target\":[\"https:\/\/sandzakpress.net\/arhiva\/u-ugljaninovom-kabinetu-karadordeva-drazina-i-titova-zastava-zajedno\/\"]}]},{\"@type\":\"ImageObject\",\"inLanguage\":\"bs-BA\",\"@id\":\"https:\/\/sandzakpress.net\/arhiva\/u-ugljaninovom-kabinetu-karadordeva-drazina-i-titova-zastava-zajedno\/#primaryimage\",\"url\":\"https:\/\/sandzakpress.net\/arhiva\/wp-content\/uploads\/2013\/01\/UgljaninEskimbanka3_zps002b26f9-1.jpg\",\"contentUrl\":\"https:\/\/sandzakpress.net\/arhiva\/wp-content\/uploads\/2013\/01\/UgljaninEskimbanka3_zps002b26f9-1.jpg\",\"width\":600,\"height\":400},{\"@type\":\"BreadcrumbList\",\"@id\":\"https:\/\/sandzakpress.net\/arhiva\/u-ugljaninovom-kabinetu-karadordeva-drazina-i-titova-zastava-zajedno\/#breadcrumb\",\"itemListElement\":[{\"@type\":\"ListItem\",\"position\":1,\"name\":\"Home\",\"item\":\"https:\/\/sandzakpress.net\/arhiva\/\"},{\"@type\":\"ListItem\",\"position\":2,\"name\":\"U Ugljaninovom kabinetu Kara\u0111or\u0111eva, Dra\u017eina i Titova zastava zajedno\"}]},{\"@type\":\"WebSite\",\"@id\":\"https:\/\/sandzakpress.net\/arhiva\/#website\",\"url\":\"https:\/\/sandzakpress.net\/arhiva\/\",\"name\":\"Sand\u017eak PRESS\",\"description\":\"Prve elektronske novine u Sand\u017eaku\",\"publisher\":{\"@id\":\"https:\/\/sandzakpress.net\/arhiva\/#\/schema\/person\/6e72b67d6e51910a1117b3b483ba20bd\"},\"potentialAction\":[{\"@type\":\"SearchAction\",\"target\":{\"@type\":\"EntryPoint\",\"urlTemplate\":\"https:\/\/sandzakpress.net\/arhiva\/?s={search_term_string}\"},\"query-input\":{\"@type\":\"PropertyValueSpecification\",\"valueRequired\":true,\"valueName\":\"search_term_string\"}}],\"inLanguage\":\"bs-BA\"},{\"@type\":[\"Person\",\"Organization\"],\"@id\":\"https:\/\/sandzakpress.net\/arhiva\/#\/schema\/person\/6e72b67d6e51910a1117b3b483ba20bd\",\"name\":\"Kul\",\"image\":{\"@type\":\"ImageObject\",\"inLanguage\":\"bs-BA\",\"@id\":\"https:\/\/sandzakpress.net\/arhiva\/#\/schema\/person\/image\/\",\"url\":\"https:\/\/secure.gravatar.com\/avatar\/42263f39aa27ac04c43cab85c280eb2e?s=96&d=mm&r=pg\",\"contentUrl\":\"https:\/\/secure.gravatar.com\/avatar\/42263f39aa27ac04c43cab85c280eb2e?s=96&d=mm&r=pg\",\"caption\":\"Kul\"},\"logo\":{\"@id\":\"https:\/\/sandzakpress.net\/arhiva\/#\/schema\/person\/image\/\"}},{\"@type\":\"Person\",\"@id\":\"https:\/\/sandzakpress.net\/arhiva\/#\/schema\/person\/c8baee722073534b583ea7bdb2e36c02\",\"name\":\"bosniak\",\"image\":{\"@type\":\"ImageObject\",\"inLanguage\":\"bs-BA\",\"@id\":\"https:\/\/sandzakpress.net\/arhiva\/#\/schema\/person\/image\/\",\"url\":\"https:\/\/secure.gravatar.com\/avatar\/a04fd330bfe3a36a72a0ad4a6d89fca7?s=96&d=mm&r=pg\",\"contentUrl\":\"https:\/\/secure.gravatar.com\/avatar\/a04fd330bfe3a36a72a0ad4a6d89fca7?s=96&d=mm&r=pg\",\"caption\":\"bosniak\"},\"url\":\"https:\/\/sandzakpress.net\/arhiva\/author\/bosniak\/\"}]}<\/script>\n<!-- \/ Yoast SEO Premium plugin. -->","yoast_head_json":{"title":"U Ugljaninovom kabinetu Kara\u0111or\u0111eva, Dra\u017eina i Titova zastava zajedno","robots":{"index":"index","follow":"follow","max-snippet":"max-snippet:-1","max-image-preview":"max-image-preview:large","max-video-preview":"max-video-preview:-1"},"canonical":"https:\/\/sandzakpress.net\/arhiva\/u-ugljaninovom-kabinetu-karadordeva-drazina-i-titova-zastava-zajedno\/","og_locale":"bs_BA","og_type":"article","og_title":"U Ugljaninovom kabinetu Kara\u0111or\u0111eva, Dra\u017eina i Titova zastava zajedno","og_description":"Sjeverni Sand\u017eak &#8211; U kabineta ministra bez portfelja dr. Sulejmana Ugljanina se uo\u010dljivo primje\u0107uju zastave Srbije u vrijemenima Kara\u0111or\u0111a Petrovi\u0107a, Dra\u017ee Mihajlovi\u0107a i Josipa Broza Tita. \u017dalosno je \u0161to su te zastave simboli pod kojima je stradao muslimanski-bo\u0161nja\u010dki narod na ovim prostorima. Pod zastavom Kara\u0111or\u0111a je ubijeno na hiljade i protjerano stotinak hiljada muslimana sa [&hellip;]","og_url":"https:\/\/sandzakpress.net\/arhiva\/u-ugljaninovom-kabinetu-karadordeva-drazina-i-titova-zastava-zajedno\/","og_site_name":"Sand\u017eak PRESS","article_published_time":"2013-01-15T18:03:24+00:00","article_modified_time":"2013-01-16T15:55:26+00:00","og_image":[{"width":600,"height":400,"url":"https:\/\/sandzakpress.net\/arhiva\/wp-content\/uploads\/2013\/01\/UgljaninEskimbanka3_zps002b26f9-1.jpg","type":"image\/jpeg"}],"author":"bosniak","twitter_card":"summary_large_image","twitter_misc":{"Written by":"bosniak","Est. reading time":"1 minuta"},"schema":{"@context":"https:\/\/schema.org","@graph":[{"@type":"Article","@id":"https:\/\/sandzakpress.net\/arhiva\/u-ugljaninovom-kabinetu-karadordeva-drazina-i-titova-zastava-zajedno\/#article","isPartOf":{"@id":"https:\/\/sandzakpress.net\/arhiva\/u-ugljaninovom-kabinetu-karadordeva-drazina-i-titova-zastava-zajedno\/"},"author":{"name":"bosniak","@id":"https:\/\/sandzakpress.net\/arhiva\/#\/schema\/person\/c8baee722073534b583ea7bdb2e36c02"},"headline":"U Ugljaninovom kabinetu Kara\u0111or\u0111eva, Dra\u017eina i Titova zastava zajedno","datePublished":"2013-01-15T18:03:24+00:00","dateModified":"2013-01-16T15:55:26+00:00","mainEntityOfPage":{"@id":"https:\/\/sandzakpress.net\/arhiva\/u-ugljaninovom-kabinetu-karadordeva-drazina-i-titova-zastava-zajedno\/"},"wordCount":299,"commentCount":14,"publisher":{"@id":"https:\/\/sandzakpress.net\/arhiva\/#\/schema\/person\/6e72b67d6e51910a1117b3b483ba20bd"},"image":{"@id":"https:\/\/sandzakpress.net\/arhiva\/u-ugljaninovom-kabinetu-karadordeva-drazina-i-titova-zastava-zajedno\/#primaryimage"},"thumbnailUrl":"https:\/\/sandzakpress.net\/arhiva\/wp-content\/uploads\/2013\/01\/UgljaninEskimbanka3_zps002b26f9-1.jpg","articleSection":["Novi Pazar","Politika","Sjenica","Tutin","Prijepolje","Priboj","Nova Varo\u0161","VIJESTI DANA"],"inLanguage":"bs-BA","potentialAction":[{"@type":"CommentAction","name":"Comment","target":["https:\/\/sandzakpress.net\/arhiva\/u-ugljaninovom-kabinetu-karadordeva-drazina-i-titova-zastava-zajedno\/#respond"]}]},{"@type":"WebPage","@id":"https:\/\/sandzakpress.net\/arhiva\/u-ugljaninovom-kabinetu-karadordeva-drazina-i-titova-zastava-zajedno\/","url":"https:\/\/sandzakpress.net\/arhiva\/u-ugljaninovom-kabinetu-karadordeva-drazina-i-titova-zastava-zajedno\/","name":"U Ugljaninovom kabinetu Kara\u0111or\u0111eva, Dra\u017eina i Titova zastava zajedno","isPartOf":{"@id":"https:\/\/sandzakpress.net\/arhiva\/#website"},"primaryImageOfPage":{"@id":"https:\/\/sandzakpress.net\/arhiva\/u-ugljaninovom-kabinetu-karadordeva-drazina-i-titova-zastava-zajedno\/#primaryimage"},"image":{"@id":"https:\/\/sandzakpress.net\/arhiva\/u-ugljaninovom-kabinetu-karadordeva-drazina-i-titova-zastava-zajedno\/#primaryimage"},"thumbnailUrl":"https:\/\/sandzakpress.net\/arhiva\/wp-content\/uploads\/2013\/01\/UgljaninEskimbanka3_zps002b26f9-1.jpg","datePublished":"2013-01-15T18:03:24+00:00","dateModified":"2013-01-16T15:55:26+00:00","breadcrumb":{"@id":"https:\/\/sandzakpress.net\/arhiva\/u-ugljaninovom-kabinetu-karadordeva-drazina-i-titova-zastava-zajedno\/#breadcrumb"},"inLanguage":"bs-BA","potentialAction":[{"@type":"ReadAction","target":["https:\/\/sandzakpress.net\/arhiva\/u-ugljaninovom-kabinetu-karadordeva-drazina-i-titova-zastava-zajedno\/"]}]},{"@type":"ImageObject","inLanguage":"bs-BA","@id":"https:\/\/sandzakpress.net\/arhiva\/u-ugljaninovom-kabinetu-karadordeva-drazina-i-titova-zastava-zajedno\/#primaryimage","url":"https:\/\/sandzakpress.net\/arhiva\/wp-content\/uploads\/2013\/01\/UgljaninEskimbanka3_zps002b26f9-1.jpg","contentUrl":"https:\/\/sandzakpress.net\/arhiva\/wp-content\/uploads\/2013\/01\/UgljaninEskimbanka3_zps002b26f9-1.jpg","width":600,"height":400},{"@type":"BreadcrumbList","@id":"https:\/\/sandzakpress.net\/arhiva\/u-ugljaninovom-kabinetu-karadordeva-drazina-i-titova-zastava-zajedno\/#breadcrumb","itemListElement":[{"@type":"ListItem","position":1,"name":"Home","item":"https:\/\/sandzakpress.net\/arhiva\/"},{"@type":"ListItem","position":2,"name":"U Ugljaninovom kabinetu Kara\u0111or\u0111eva, Dra\u017eina i Titova zastava zajedno"}]},{"@type":"WebSite","@id":"https:\/\/sandzakpress.net\/arhiva\/#website","url":"https:\/\/sandzakpress.net\/arhiva\/","name":"Sand\u017eak PRESS","description":"Prve elektronske novine u Sand\u017eaku","publisher":{"@id":"https:\/\/sandzakpress.net\/arhiva\/#\/schema\/person\/6e72b67d6e51910a1117b3b483ba20bd"},"potentialAction":[{"@type":"SearchAction","target":{"@type":"EntryPoint","urlTemplate":"https:\/\/sandzakpress.net\/arhiva\/?s={search_term_string}"},"query-input":{"@type":"PropertyValueSpecification","valueRequired":true,"valueName":"search_term_string"}}],"inLanguage":"bs-BA"},{"@type":["Person","Organization"],"@id":"https:\/\/sandzakpress.net\/arhiva\/#\/schema\/person\/6e72b67d6e51910a1117b3b483ba20bd","name":"Kul","image":{"@type":"ImageObject","inLanguage":"bs-BA","@id":"https:\/\/sandzakpress.net\/arhiva\/#\/schema\/person\/image\/","url":"https:\/\/secure.gravatar.com\/avatar\/42263f39aa27ac04c43cab85c280eb2e?s=96&d=mm&r=pg","contentUrl":"https:\/\/secure.gravatar.com\/avatar\/42263f39aa27ac04c43cab85c280eb2e?s=96&d=mm&r=pg","caption":"Kul"},"logo":{"@id":"https:\/\/sandzakpress.net\/arhiva\/#\/schema\/person\/image\/"}},{"@type":"Person","@id":"https:\/\/sandzakpress.net\/arhiva\/#\/schema\/person\/c8baee722073534b583ea7bdb2e36c02","name":"bosniak","image":{"@type":"ImageObject","inLanguage":"bs-BA","@id":"https:\/\/sandzakpress.net\/arhiva\/#\/schema\/person\/image\/","url":"https:\/\/secure.gravatar.com\/avatar\/a04fd330bfe3a36a72a0ad4a6d89fca7?s=96&d=mm&r=pg","contentUrl":"https:\/\/secure.gravatar.com\/avatar\/a04fd330bfe3a36a72a0ad4a6d89fca7?s=96&d=mm&r=pg","caption":"bosniak"},"url":"https:\/\/sandzakpress.net\/arhiva\/author\/bosniak\/"}]}},"_links":{"self":[{"href":"https:\/\/sandzakpress.net\/arhiva\/wp-json\/wp\/v2\/posts\/62279"}],"collection":[{"href":"https:\/\/sandzakpress.net\/arhiva\/wp-json\/wp\/v2\/posts"}],"about":[{"href":"https:\/\/sandzakpress.net\/arhiva\/wp-json\/wp\/v2\/types\/post"}],"author":[{"embeddable":true,"href":"https:\/\/sandzakpress.net\/arhiva\/wp-json\/wp\/v2\/users\/83"}],"replies":[{"embeddable":true,"href":"https:\/\/sandzakpress.net\/arhiva\/wp-json\/wp\/v2\/comments?post=62279"}],"version-history":[{"count":0,"href":"https:\/\/sandzakpress.net\/arhiva\/wp-json\/wp\/v2\/posts\/62279\/revisions"}],"wp:featuredmedia":[{"embeddable":true,"href":"https:\/\/sandzakpress.net\/arhiva\/wp-json\/wp\/v2\/media\/62285"}],"wp:attachment":[{"href":"https:\/\/sandzakpress.net\/arhiva\/wp-json\/wp\/v2\/media?parent=62279"}],"wp:term":[{"taxonomy":"category","embeddable":true,"href":"https:\/\/sandzakpress.net\/arhiva\/wp-json\/wp\/v2\/categories?post=62279"},{"taxonomy":"post_tag","embeddable":true,"href":"https:\/\/sandzakpress.net\/arhiva\/wp-json\/wp\/v2\/tags?post=62279"}],"curies":[{"name":"wp","href":"https:\/\/api.w.org\/{rel}","templated":true}]}}