{"id":62194,"date":"2013-01-15T15:23:19","date_gmt":"2013-01-15T14:23:19","guid":{"rendered":"https:\/\/sandzakpress.net\/arhiva\/?p=62194"},"modified":"2013-01-15T15:23:19","modified_gmt":"2013-01-15T14:23:19","slug":"teroristicki-cin-potvrduje-istinu-o-zlocincima-i-zlocinima-nad-bosnjacima-u-mostaru-i-hercegovini","status":"publish","type":"post","link":"https:\/\/sandzakpress.net\/arhiva\/teroristicki-cin-potvrduje-istinu-o-zlocincima-i-zlocinima-nad-bosnjacima-u-mostaru-i-hercegovini\/","title":{"rendered":"Teroristi\u010dki \u010din potvr\u0111uje istinu o zlo\u010dincima i zlo\u010dinima nad Bo\u0161njacima u Mostaru i Hercegovini"},"content":{"rendered":"<p><strong><a href=\"https:\/\/sandzakpress.net\/arhiva\/wp-content\/uploads\/2013\/01\/380_Mostar_u-spomen-na-pripadnike-armije-RBiH-koji-su-poginuli-u-ratu-1992-1995_4.jpg\"><img loading=\"lazy\" decoding=\"async\" class=\"alignleft size-medium wp-image-62195\" title=\"380_Mostar_u-spomen-na-pripadnike-armije-RBiH-koji-su-poginuli-u-ratu-1992-1995_4\" src=\"https:\/\/sandzakpress.net\/arhiva\/wp-content\/uploads\/2013\/01\/380_Mostar_u-spomen-na-pripadnike-armije-RBiH-koji-su-poginuli-u-ratu-1992-1995_4-300x231.jpg\" alt=\"\" width=\"300\" height=\"231\" \/><\/a>BIH &#8211; Institut za istra\u017eivanje genocida Kanada o\u0161tro osu\u0111uje teroristi\u010dki akt miniranje spomen-obilje\u017eja poginulim pripadnicima Armije Republike Bosne i Hercegovine ispred Gradske vije\u0107nice u Mostaru.<br \/>\n<\/strong><br \/>\nOvaj vandalski, anticivilizacijski \u010din vrije\u0111a \u017ertve agresije i genocida, atakuje na istinu o zlo\u010dinima i udaljava pravdu za \u017ertve tih zlo\u010dina.<\/p>\n<p>Istovremeno ovaj neljudski \u010din je dokaz da se agresija na dr\u017eavu Bosnu i Hercegovinu i genocid nad njenim gra\u0111anima nastavljaju ponovnim ubijanjem \u017ertava i oduzimanjem mira i dostojanstva pre\u017eivjelim \u017ertvama i svjedocima agresije i genocida.<\/p>\n<p>Uni\u0161tavanjem spomenika, svjedoka agresije i genocida, poku\u0161ava se uni\u0161tti, dr\u017eava Bosna i Hercegovina, Bo\u0161njaci kao njen najmnogobrojniji narod i Ideja Bosne i Bosanski duh kao bosanskohercegova\u010dki odgovor ljudskim i dru\u0161tvenim izazovima savremene civilizacije.<\/p>\n<p>Institut za istra\u017eivanje genocida Kanada poru\u010duje onima koji poku\u0161avaju sru\u0161iti dr\u017eavu Bosnu i Hercegivinu, koji poku\u0161avaju svesti bo\u0161nja\u010dki narod na marginaliziranu grupu i koji poku\u0161avaju uni\u0161titi Ideju Bosne i Bosanski duh: Niste uspjeli u agresiji i genocidu, niste uspjeli u kulturocidu, urbicidu, etnocidu, ekocidu, elitocidu, masovnom silovanju, masovnom mu\u0107enu u koncentracionim logorima smrti, masovnom protjerivanju, niste uspjeli ru\u0161enjem Starog mosta \u2013 simbola ljudskog i civilizacijskog spajanja, uni\u0161titi jednu dr\u017eavu, jedan narod i jednu ideju i duh. Ne\u0107ete uspjeti ni u postdejtonskom nastavku agresije i geocida drugim sredstvima. Nastavkom agresije i genocida samo jo\u0161 vi\u0161e otkrivate va\u0161e zlo\u010dina\u010dke namjere.<\/p>\n<p>Ovaj vandalski \u010din ne smije ostati neka\u017enjen. Institut za istra\u017eivanje genocida Kanada od Ministarstva sigurnosti Bosne i Hercegovine i njenih sigurnosni i pravosudnih struktura zahtijeva da djeluju energi\u010dno i jedinstveno kako bi \u0161to prije bili otkriveni, uhap\u0161eni i izvedeni pred lice pravde oni koji vrije\u0111aju \u017ertve agresije i genocida, oni koji atakuju na dr\u017eavu i bo\u0161nja\u010dki narod, oni koji atakuju na istinu o zlo\u010dinima i pravdu za \u017ertve tih zlo\u010dina, oni koji unose mr\u017enju i izazivaju nesigurnost me\u0111u gra\u0111anima Bosne i Hercegovine, stoji u saop\u0107enju profesor Emir Rami\u0107, direktor Instituta za istra\u017eivanje genocida Kanada.<\/p>\n<p>(Bosnjaci)<\/p>\n","protected":false},"excerpt":{"rendered":"<p>BIH &#8211; Institut za istra\u017eivanje genocida Kanada o\u0161tro osu\u0111uje teroristi\u010dki akt miniranje spomen-obilje\u017eja poginulim pripadnicima Armije Republike Bosne i Hercegovine ispred Gradske vije\u0107nice u Mostaru. Ovaj vandalski, anticivilizacijski \u010din vrije\u0111a \u017ertve agresije i genocida, atakuje na istinu o zlo\u010dinima i udaljava pravdu za \u017ertve tih zlo\u010dina. Istovremeno ovaj neljudski \u010din je dokaz da se agresija [&hellip;]<\/p>\n","protected":false},"author":16,"featured_media":62195,"comment_status":"open","ping_status":"open","sticky":false,"template":"","format":"standard","meta":{"footnotes":""},"categories":[800,2860],"tags":[],"class_list":{"0":"post-62194","1":"post","2":"type-post","3":"status-publish","4":"format-standard","5":"has-post-thumbnail","7":"category-nacija","8":"category-bosna-i-hercegovina-gradovi"},"yoast_head":"<!-- This site is optimized with the Yoast SEO Premium plugin v23.1 (Yoast SEO v24.9) - https:\/\/yoast.com\/wordpress\/plugins\/seo\/ -->\n<title>Teroristi\u010dki \u010din potvr\u0111uje istinu o zlo\u010dincima i zlo\u010dinima nad Bo\u0161njacima u Mostaru i Hercegovini<\/title>\n<meta name=\"robots\" content=\"index, follow, max-snippet:-1, max-image-preview:large, max-video-preview:-1\" \/>\n<link rel=\"canonical\" href=\"https:\/\/sandzakpress.net\/arhiva\/teroristicki-cin-potvrduje-istinu-o-zlocincima-i-zlocinima-nad-bosnjacima-u-mostaru-i-hercegovini\/\" \/>\n<meta property=\"og:locale\" content=\"bs_BA\" \/>\n<meta property=\"og:type\" content=\"article\" \/>\n<meta property=\"og:title\" content=\"Teroristi\u010dki \u010din potvr\u0111uje istinu o zlo\u010dincima i zlo\u010dinima nad Bo\u0161njacima u Mostaru i Hercegovini\" \/>\n<meta property=\"og:description\" content=\"BIH &#8211; Institut za istra\u017eivanje genocida Kanada o\u0161tro osu\u0111uje teroristi\u010dki akt miniranje spomen-obilje\u017eja poginulim pripadnicima Armije Republike Bosne i Hercegovine ispred Gradske vije\u0107nice u Mostaru. Ovaj vandalski, anticivilizacijski \u010din vrije\u0111a \u017ertve agresije i genocida, atakuje na istinu o zlo\u010dinima i udaljava pravdu za \u017ertve tih zlo\u010dina. Istovremeno ovaj neljudski \u010din je dokaz da se agresija [&hellip;]\" \/>\n<meta property=\"og:url\" content=\"https:\/\/sandzakpress.net\/arhiva\/teroristicki-cin-potvrduje-istinu-o-zlocincima-i-zlocinima-nad-bosnjacima-u-mostaru-i-hercegovini\/\" \/>\n<meta property=\"og:site_name\" content=\"Sand\u017eak PRESS\" \/>\n<meta property=\"article:published_time\" content=\"2013-01-15T14:23:19+00:00\" \/>\n<meta property=\"og:image\" content=\"https:\/\/sandzakpress.net\/arhiva\/wp-content\/uploads\/2013\/01\/380_Mostar_u-spomen-na-pripadnike-armije-RBiH-koji-su-poginuli-u-ratu-1992-1995_4.jpg\" \/>\n\t<meta property=\"og:image:width\" content=\"380\" \/>\n\t<meta property=\"og:image:height\" content=\"293\" \/>\n\t<meta property=\"og:image:type\" content=\"image\/jpeg\" \/>\n<meta name=\"twitter:card\" content=\"summary_large_image\" \/>\n<meta name=\"twitter:label1\" content=\"Written by\" \/>\n\t<meta name=\"twitter:data1\" content=\"\" \/>\n\t<meta name=\"twitter:label2\" content=\"Est. reading time\" \/>\n\t<meta name=\"twitter:data2\" content=\"2 minute\" \/>\n<script type=\"application\/ld+json\" class=\"yoast-schema-graph\">{\"@context\":\"https:\/\/schema.org\",\"@graph\":[{\"@type\":\"Article\",\"@id\":\"https:\/\/sandzakpress.net\/arhiva\/teroristicki-cin-potvrduje-istinu-o-zlocincima-i-zlocinima-nad-bosnjacima-u-mostaru-i-hercegovini\/#article\",\"isPartOf\":{\"@id\":\"https:\/\/sandzakpress.net\/arhiva\/teroristicki-cin-potvrduje-istinu-o-zlocincima-i-zlocinima-nad-bosnjacima-u-mostaru-i-hercegovini\/\"},\"author\":{\"name\":\"\",\"@id\":\"\"},\"headline\":\"Teroristi\u010dki \u010din potvr\u0111uje istinu o zlo\u010dincima i zlo\u010dinima nad Bo\u0161njacima u Mostaru i Hercegovini\",\"datePublished\":\"2013-01-15T14:23:19+00:00\",\"mainEntityOfPage\":{\"@id\":\"https:\/\/sandzakpress.net\/arhiva\/teroristicki-cin-potvrduje-istinu-o-zlocincima-i-zlocinima-nad-bosnjacima-u-mostaru-i-hercegovini\/\"},\"wordCount\":378,\"commentCount\":0,\"publisher\":{\"@id\":\"https:\/\/sandzakpress.net\/arhiva\/#\/schema\/person\/6e72b67d6e51910a1117b3b483ba20bd\"},\"image\":{\"@id\":\"https:\/\/sandzakpress.net\/arhiva\/teroristicki-cin-potvrduje-istinu-o-zlocincima-i-zlocinima-nad-bosnjacima-u-mostaru-i-hercegovini\/#primaryimage\"},\"thumbnailUrl\":\"https:\/\/sandzakpress.net\/arhiva\/wp-content\/uploads\/2013\/01\/380_Mostar_u-spomen-na-pripadnike-armije-RBiH-koji-su-poginuli-u-ratu-1992-1995_4.jpg\",\"articleSection\":[\"Nacija\",\"Bosna i Hercegovina\"],\"inLanguage\":\"bs-BA\",\"potentialAction\":[{\"@type\":\"CommentAction\",\"name\":\"Comment\",\"target\":[\"https:\/\/sandzakpress.net\/arhiva\/teroristicki-cin-potvrduje-istinu-o-zlocincima-i-zlocinima-nad-bosnjacima-u-mostaru-i-hercegovini\/#respond\"]}]},{\"@type\":\"WebPage\",\"@id\":\"https:\/\/sandzakpress.net\/arhiva\/teroristicki-cin-potvrduje-istinu-o-zlocincima-i-zlocinima-nad-bosnjacima-u-mostaru-i-hercegovini\/\",\"url\":\"https:\/\/sandzakpress.net\/arhiva\/teroristicki-cin-potvrduje-istinu-o-zlocincima-i-zlocinima-nad-bosnjacima-u-mostaru-i-hercegovini\/\",\"name\":\"Teroristi\u010dki \u010din potvr\u0111uje istinu o zlo\u010dincima i zlo\u010dinima nad Bo\u0161njacima u Mostaru i Hercegovini\",\"isPartOf\":{\"@id\":\"https:\/\/sandzakpress.net\/arhiva\/#website\"},\"primaryImageOfPage\":{\"@id\":\"https:\/\/sandzakpress.net\/arhiva\/teroristicki-cin-potvrduje-istinu-o-zlocincima-i-zlocinima-nad-bosnjacima-u-mostaru-i-hercegovini\/#primaryimage\"},\"image\":{\"@id\":\"https:\/\/sandzakpress.net\/arhiva\/teroristicki-cin-potvrduje-istinu-o-zlocincima-i-zlocinima-nad-bosnjacima-u-mostaru-i-hercegovini\/#primaryimage\"},\"thumbnailUrl\":\"https:\/\/sandzakpress.net\/arhiva\/wp-content\/uploads\/2013\/01\/380_Mostar_u-spomen-na-pripadnike-armije-RBiH-koji-su-poginuli-u-ratu-1992-1995_4.jpg\",\"datePublished\":\"2013-01-15T14:23:19+00:00\",\"breadcrumb\":{\"@id\":\"https:\/\/sandzakpress.net\/arhiva\/teroristicki-cin-potvrduje-istinu-o-zlocincima-i-zlocinima-nad-bosnjacima-u-mostaru-i-hercegovini\/#breadcrumb\"},\"inLanguage\":\"bs-BA\",\"potentialAction\":[{\"@type\":\"ReadAction\",\"target\":[\"https:\/\/sandzakpress.net\/arhiva\/teroristicki-cin-potvrduje-istinu-o-zlocincima-i-zlocinima-nad-bosnjacima-u-mostaru-i-hercegovini\/\"]}]},{\"@type\":\"ImageObject\",\"inLanguage\":\"bs-BA\",\"@id\":\"https:\/\/sandzakpress.net\/arhiva\/teroristicki-cin-potvrduje-istinu-o-zlocincima-i-zlocinima-nad-bosnjacima-u-mostaru-i-hercegovini\/#primaryimage\",\"url\":\"https:\/\/sandzakpress.net\/arhiva\/wp-content\/uploads\/2013\/01\/380_Mostar_u-spomen-na-pripadnike-armije-RBiH-koji-su-poginuli-u-ratu-1992-1995_4.jpg\",\"contentUrl\":\"https:\/\/sandzakpress.net\/arhiva\/wp-content\/uploads\/2013\/01\/380_Mostar_u-spomen-na-pripadnike-armije-RBiH-koji-su-poginuli-u-ratu-1992-1995_4.jpg\",\"width\":380,\"height\":293},{\"@type\":\"BreadcrumbList\",\"@id\":\"https:\/\/sandzakpress.net\/arhiva\/teroristicki-cin-potvrduje-istinu-o-zlocincima-i-zlocinima-nad-bosnjacima-u-mostaru-i-hercegovini\/#breadcrumb\",\"itemListElement\":[{\"@type\":\"ListItem\",\"position\":1,\"name\":\"Home\",\"item\":\"https:\/\/sandzakpress.net\/arhiva\/\"},{\"@type\":\"ListItem\",\"position\":2,\"name\":\"Teroristi\u010dki \u010din potvr\u0111uje istinu o zlo\u010dincima i zlo\u010dinima nad Bo\u0161njacima u Mostaru i Hercegovini\"}]},{\"@type\":\"WebSite\",\"@id\":\"https:\/\/sandzakpress.net\/arhiva\/#website\",\"url\":\"https:\/\/sandzakpress.net\/arhiva\/\",\"name\":\"Sand\u017eak PRESS\",\"description\":\"Prve elektronske novine u Sand\u017eaku\",\"publisher\":{\"@id\":\"https:\/\/sandzakpress.net\/arhiva\/#\/schema\/person\/6e72b67d6e51910a1117b3b483ba20bd\"},\"potentialAction\":[{\"@type\":\"SearchAction\",\"target\":{\"@type\":\"EntryPoint\",\"urlTemplate\":\"https:\/\/sandzakpress.net\/arhiva\/?s={search_term_string}\"},\"query-input\":{\"@type\":\"PropertyValueSpecification\",\"valueRequired\":true,\"valueName\":\"search_term_string\"}}],\"inLanguage\":\"bs-BA\"},{\"@type\":[\"Person\",\"Organization\"],\"@id\":\"https:\/\/sandzakpress.net\/arhiva\/#\/schema\/person\/6e72b67d6e51910a1117b3b483ba20bd\",\"name\":\"Kul\",\"image\":{\"@type\":\"ImageObject\",\"inLanguage\":\"bs-BA\",\"@id\":\"https:\/\/sandzakpress.net\/arhiva\/#\/schema\/person\/image\/\",\"url\":\"https:\/\/secure.gravatar.com\/avatar\/42263f39aa27ac04c43cab85c280eb2e?s=96&d=mm&r=pg\",\"contentUrl\":\"https:\/\/secure.gravatar.com\/avatar\/42263f39aa27ac04c43cab85c280eb2e?s=96&d=mm&r=pg\",\"caption\":\"Kul\"},\"logo\":{\"@id\":\"https:\/\/sandzakpress.net\/arhiva\/#\/schema\/person\/image\/\"}},{\"@type\":\"Person\",\"@id\":\"\",\"url\":\"https:\/\/sandzakpress.net\/arhiva\/author\/\"}]}<\/script>\n<!-- \/ Yoast SEO Premium plugin. -->","yoast_head_json":{"title":"Teroristi\u010dki \u010din potvr\u0111uje istinu o zlo\u010dincima i zlo\u010dinima nad Bo\u0161njacima u Mostaru i Hercegovini","robots":{"index":"index","follow":"follow","max-snippet":"max-snippet:-1","max-image-preview":"max-image-preview:large","max-video-preview":"max-video-preview:-1"},"canonical":"https:\/\/sandzakpress.net\/arhiva\/teroristicki-cin-potvrduje-istinu-o-zlocincima-i-zlocinima-nad-bosnjacima-u-mostaru-i-hercegovini\/","og_locale":"bs_BA","og_type":"article","og_title":"Teroristi\u010dki \u010din potvr\u0111uje istinu o zlo\u010dincima i zlo\u010dinima nad Bo\u0161njacima u Mostaru i Hercegovini","og_description":"BIH &#8211; Institut za istra\u017eivanje genocida Kanada o\u0161tro osu\u0111uje teroristi\u010dki akt miniranje spomen-obilje\u017eja poginulim pripadnicima Armije Republike Bosne i Hercegovine ispred Gradske vije\u0107nice u Mostaru. Ovaj vandalski, anticivilizacijski \u010din vrije\u0111a \u017ertve agresije i genocida, atakuje na istinu o zlo\u010dinima i udaljava pravdu za \u017ertve tih zlo\u010dina. Istovremeno ovaj neljudski \u010din je dokaz da se agresija [&hellip;]","og_url":"https:\/\/sandzakpress.net\/arhiva\/teroristicki-cin-potvrduje-istinu-o-zlocincima-i-zlocinima-nad-bosnjacima-u-mostaru-i-hercegovini\/","og_site_name":"Sand\u017eak PRESS","article_published_time":"2013-01-15T14:23:19+00:00","og_image":[{"width":380,"height":293,"url":"https:\/\/sandzakpress.net\/arhiva\/wp-content\/uploads\/2013\/01\/380_Mostar_u-spomen-na-pripadnike-armije-RBiH-koji-su-poginuli-u-ratu-1992-1995_4.jpg","type":"image\/jpeg"}],"twitter_card":"summary_large_image","twitter_misc":{"Written by":"","Est. reading time":"2 minute"},"schema":{"@context":"https:\/\/schema.org","@graph":[{"@type":"Article","@id":"https:\/\/sandzakpress.net\/arhiva\/teroristicki-cin-potvrduje-istinu-o-zlocincima-i-zlocinima-nad-bosnjacima-u-mostaru-i-hercegovini\/#article","isPartOf":{"@id":"https:\/\/sandzakpress.net\/arhiva\/teroristicki-cin-potvrduje-istinu-o-zlocincima-i-zlocinima-nad-bosnjacima-u-mostaru-i-hercegovini\/"},"author":{"name":"","@id":""},"headline":"Teroristi\u010dki \u010din potvr\u0111uje istinu o zlo\u010dincima i zlo\u010dinima nad Bo\u0161njacima u Mostaru i Hercegovini","datePublished":"2013-01-15T14:23:19+00:00","mainEntityOfPage":{"@id":"https:\/\/sandzakpress.net\/arhiva\/teroristicki-cin-potvrduje-istinu-o-zlocincima-i-zlocinima-nad-bosnjacima-u-mostaru-i-hercegovini\/"},"wordCount":378,"commentCount":0,"publisher":{"@id":"https:\/\/sandzakpress.net\/arhiva\/#\/schema\/person\/6e72b67d6e51910a1117b3b483ba20bd"},"image":{"@id":"https:\/\/sandzakpress.net\/arhiva\/teroristicki-cin-potvrduje-istinu-o-zlocincima-i-zlocinima-nad-bosnjacima-u-mostaru-i-hercegovini\/#primaryimage"},"thumbnailUrl":"https:\/\/sandzakpress.net\/arhiva\/wp-content\/uploads\/2013\/01\/380_Mostar_u-spomen-na-pripadnike-armije-RBiH-koji-su-poginuli-u-ratu-1992-1995_4.jpg","articleSection":["Nacija","Bosna i Hercegovina"],"inLanguage":"bs-BA","potentialAction":[{"@type":"CommentAction","name":"Comment","target":["https:\/\/sandzakpress.net\/arhiva\/teroristicki-cin-potvrduje-istinu-o-zlocincima-i-zlocinima-nad-bosnjacima-u-mostaru-i-hercegovini\/#respond"]}]},{"@type":"WebPage","@id":"https:\/\/sandzakpress.net\/arhiva\/teroristicki-cin-potvrduje-istinu-o-zlocincima-i-zlocinima-nad-bosnjacima-u-mostaru-i-hercegovini\/","url":"https:\/\/sandzakpress.net\/arhiva\/teroristicki-cin-potvrduje-istinu-o-zlocincima-i-zlocinima-nad-bosnjacima-u-mostaru-i-hercegovini\/","name":"Teroristi\u010dki \u010din potvr\u0111uje istinu o zlo\u010dincima i zlo\u010dinima nad Bo\u0161njacima u Mostaru i Hercegovini","isPartOf":{"@id":"https:\/\/sandzakpress.net\/arhiva\/#website"},"primaryImageOfPage":{"@id":"https:\/\/sandzakpress.net\/arhiva\/teroristicki-cin-potvrduje-istinu-o-zlocincima-i-zlocinima-nad-bosnjacima-u-mostaru-i-hercegovini\/#primaryimage"},"image":{"@id":"https:\/\/sandzakpress.net\/arhiva\/teroristicki-cin-potvrduje-istinu-o-zlocincima-i-zlocinima-nad-bosnjacima-u-mostaru-i-hercegovini\/#primaryimage"},"thumbnailUrl":"https:\/\/sandzakpress.net\/arhiva\/wp-content\/uploads\/2013\/01\/380_Mostar_u-spomen-na-pripadnike-armije-RBiH-koji-su-poginuli-u-ratu-1992-1995_4.jpg","datePublished":"2013-01-15T14:23:19+00:00","breadcrumb":{"@id":"https:\/\/sandzakpress.net\/arhiva\/teroristicki-cin-potvrduje-istinu-o-zlocincima-i-zlocinima-nad-bosnjacima-u-mostaru-i-hercegovini\/#breadcrumb"},"inLanguage":"bs-BA","potentialAction":[{"@type":"ReadAction","target":["https:\/\/sandzakpress.net\/arhiva\/teroristicki-cin-potvrduje-istinu-o-zlocincima-i-zlocinima-nad-bosnjacima-u-mostaru-i-hercegovini\/"]}]},{"@type":"ImageObject","inLanguage":"bs-BA","@id":"https:\/\/sandzakpress.net\/arhiva\/teroristicki-cin-potvrduje-istinu-o-zlocincima-i-zlocinima-nad-bosnjacima-u-mostaru-i-hercegovini\/#primaryimage","url":"https:\/\/sandzakpress.net\/arhiva\/wp-content\/uploads\/2013\/01\/380_Mostar_u-spomen-na-pripadnike-armije-RBiH-koji-su-poginuli-u-ratu-1992-1995_4.jpg","contentUrl":"https:\/\/sandzakpress.net\/arhiva\/wp-content\/uploads\/2013\/01\/380_Mostar_u-spomen-na-pripadnike-armije-RBiH-koji-su-poginuli-u-ratu-1992-1995_4.jpg","width":380,"height":293},{"@type":"BreadcrumbList","@id":"https:\/\/sandzakpress.net\/arhiva\/teroristicki-cin-potvrduje-istinu-o-zlocincima-i-zlocinima-nad-bosnjacima-u-mostaru-i-hercegovini\/#breadcrumb","itemListElement":[{"@type":"ListItem","position":1,"name":"Home","item":"https:\/\/sandzakpress.net\/arhiva\/"},{"@type":"ListItem","position":2,"name":"Teroristi\u010dki \u010din potvr\u0111uje istinu o zlo\u010dincima i zlo\u010dinima nad Bo\u0161njacima u Mostaru i Hercegovini"}]},{"@type":"WebSite","@id":"https:\/\/sandzakpress.net\/arhiva\/#website","url":"https:\/\/sandzakpress.net\/arhiva\/","name":"Sand\u017eak PRESS","description":"Prve elektronske novine u Sand\u017eaku","publisher":{"@id":"https:\/\/sandzakpress.net\/arhiva\/#\/schema\/person\/6e72b67d6e51910a1117b3b483ba20bd"},"potentialAction":[{"@type":"SearchAction","target":{"@type":"EntryPoint","urlTemplate":"https:\/\/sandzakpress.net\/arhiva\/?s={search_term_string}"},"query-input":{"@type":"PropertyValueSpecification","valueRequired":true,"valueName":"search_term_string"}}],"inLanguage":"bs-BA"},{"@type":["Person","Organization"],"@id":"https:\/\/sandzakpress.net\/arhiva\/#\/schema\/person\/6e72b67d6e51910a1117b3b483ba20bd","name":"Kul","image":{"@type":"ImageObject","inLanguage":"bs-BA","@id":"https:\/\/sandzakpress.net\/arhiva\/#\/schema\/person\/image\/","url":"https:\/\/secure.gravatar.com\/avatar\/42263f39aa27ac04c43cab85c280eb2e?s=96&d=mm&r=pg","contentUrl":"https:\/\/secure.gravatar.com\/avatar\/42263f39aa27ac04c43cab85c280eb2e?s=96&d=mm&r=pg","caption":"Kul"},"logo":{"@id":"https:\/\/sandzakpress.net\/arhiva\/#\/schema\/person\/image\/"}},{"@type":"Person","@id":"","url":"https:\/\/sandzakpress.net\/arhiva\/author\/"}]}},"_links":{"self":[{"href":"https:\/\/sandzakpress.net\/arhiva\/wp-json\/wp\/v2\/posts\/62194"}],"collection":[{"href":"https:\/\/sandzakpress.net\/arhiva\/wp-json\/wp\/v2\/posts"}],"about":[{"href":"https:\/\/sandzakpress.net\/arhiva\/wp-json\/wp\/v2\/types\/post"}],"author":[{"embeddable":true,"href":"https:\/\/sandzakpress.net\/arhiva\/wp-json\/wp\/v2\/users\/16"}],"replies":[{"embeddable":true,"href":"https:\/\/sandzakpress.net\/arhiva\/wp-json\/wp\/v2\/comments?post=62194"}],"version-history":[{"count":0,"href":"https:\/\/sandzakpress.net\/arhiva\/wp-json\/wp\/v2\/posts\/62194\/revisions"}],"wp:featuredmedia":[{"embeddable":true,"href":"https:\/\/sandzakpress.net\/arhiva\/wp-json\/wp\/v2\/media\/62195"}],"wp:attachment":[{"href":"https:\/\/sandzakpress.net\/arhiva\/wp-json\/wp\/v2\/media?parent=62194"}],"wp:term":[{"taxonomy":"category","embeddable":true,"href":"https:\/\/sandzakpress.net\/arhiva\/wp-json\/wp\/v2\/categories?post=62194"},{"taxonomy":"post_tag","embeddable":true,"href":"https:\/\/sandzakpress.net\/arhiva\/wp-json\/wp\/v2\/tags?post=62194"}],"curies":[{"name":"wp","href":"https:\/\/api.w.org\/{rel}","templated":true}]}}