{"id":62132,"date":"2013-01-14T17:47:15","date_gmt":"2013-01-14T16:47:15","guid":{"rendered":"https:\/\/sandzakpress.net\/arhiva\/?p=62132"},"modified":"2013-01-14T17:47:15","modified_gmt":"2013-01-14T16:47:15","slug":"intervencija-u-maliju-francuska-azurna-u-bivsim-kolonijama","status":"publish","type":"post","link":"https:\/\/sandzakpress.net\/arhiva\/intervencija-u-maliju-francuska-azurna-u-bivsim-kolonijama\/","title":{"rendered":"Intervencija u Maliju: Francuska a\u017eurna u biv\u0161im kolonijama"},"content":{"rendered":"<p><strong><a href=\"https:\/\/sandzakpress.net\/arhiva\/wp-content\/uploads\/2013\/01\/copyright_aabadoluajansi_2013_20130114164736.jpg\"><img loading=\"lazy\" decoding=\"async\" class=\"alignleft size-medium wp-image-62133\" title=\"copyright_aabadoluajansi_2013_20130114164736\" src=\"https:\/\/sandzakpress.net\/arhiva\/wp-content\/uploads\/2013\/01\/copyright_aabadoluajansi_2013_20130114164736-300x208.jpg\" alt=\"\" width=\"300\" height=\"208\" \/><\/a>Francuska &#8211; Francuska je iznena\u0111uju\u0107e brzo pokrenula vojnu intervenciju na sjeveru svoje biv\u0161e kolonije i jedne od najve\u0107ih afri\u010dkih zemalja Malija, za koju je naknadno dobila podr\u0161ku SAD-a i evropskih zemalja. Vojna intervencija je neizvjesnim u\u010dinila i pregovore izme\u0111u vlade Malija i radikalnih pokreta koji kontroliraju sjever zemlje.<\/strong><\/p>\n<p>Sjeveni dio Malija od januara 2012. nije pod kontrolom vlade. Vi\u0161e od 3.000 pripadnika Tuareg pla\u0107eni\u010dke vojske, koji su podr\u017eavali svrgnutog libijskog Muammera Gaddafija, su se vratili na sjever Malija i ubrzo nakon toga preuzeli kontrolu nad tom regijom. Osnivanjem Nacionalnog oslobodila\u010dkog pokreta Azavad, ova grupa je proglasila nezavisnost sjevera Malija. Radikalni pokreti Ensaruddin, Tevhid i D\u017eihad su, ponukani usjehom Azavada, pokrenuli i svoju borbu za teritoriju na sjeveru Malija \u0161to je dodatno zakompliciralo stvari. Ovi pokreti trenutno kontroliraju skoro dvije tre\u0107ine Malija, \u0161to je, pore\u0111enja radi, jednako teritoriji Republike Turske.<\/p>\n<p>Mnogi analiti\u010dari su skloni kazati da je ceh libijske revolucije stigao na naplatu u\u00a0Mali. Zbog bojazni daMali postane teroristi\u010dka zemlja dolaskom na vlast \u201eteroristi\u010dkih\u201c, \u201evjerskih radikalnih\u201c pokreta,\u00a0Francuskase jo\u0161 od marta pro\u0161le godine spremala za vojnu intervenciju sa obrazlo\u017eenjem da je \u201enedopustivo da Evropa dozvoli vlast terorizma u Maliju\u201c.<\/p>\n<p>Nakon dr\u017eavnog udara, vlast u Maliju je preuzela prijelazna vlada koju je formirala Ekonomska zajednica zapadnoafri\u010dkih zemalja (ECOWAS) i koja je potom od Vije\u0107a sigurnosti Ujedinjenih nacija zatra\u017eila vojnu intervenciju za svrgavanje radikalnih pokreta na sjeveru zemlje. VS je sredinom decembra pro\u0161le godine donijelo odluku kojom se odbrava takav \u010din. Vojna intervencija je odga\u0111ana \u0161to zbog pregovora, \u0161to zbog nedovoljno precizno ura\u0111enog plana intervencije, ali je neuspje\u0161ni napad vojske Malija i gubljenje i grada Konna, ubrzalo odluku o pokretanju intervencije od strane francuske vojske.<\/p>\n<p>Na poziv vlade Malija,\u00a0Francuska je 12. januara poslala vojne avione i vojsku u akciju na sjeveru Malija, a u \u010demu su im logisti\u010dku podr\u0161ku pru\u017eili SAD i neke evropske zemlje.<\/p>\n<p>Francuska odluka o vojnoj intervenciji je znatno ubrzala i formiranje me\u0111unarodnih snaga podr\u0161ke u Maliju (AFISMA), \u0161to bi, kako ka\u017eu analiti\u010dari, moglo biti nedovoljno pripremljen i ishitren potez, ali \u010dinjenica je da je\u00a0Francuska ve\u0107 &#8220;zapalila fitilj\u201c.<\/p>\n<p>Francuskoj vojsci u Maliju se danas pridru\u017eila i vojska iz Nigera, Nigerije, Togoa i Burkina Fasoa.<br \/>\nPredvi\u0111anja Francuske su da se misija uspje\u0161no okon\u010da do aprila, ali vojni analiti\u010dari tvrde da \u0107e to biti skoro pa nemogu\u0107a misija.<\/p>\n<p>Predvi\u0111anja o ishodu krize u Maliju su razli\u010dita u svijetu. Susjedne zemlje podr\u017eavaju vojnu intervenciju, ali i strahuju da bi radikalne grupe sa sjevera Malija mogle pre\u0107i granicu i stvoriti probleme u okru\u017eenju. Al\u017eir, \u010cad i Mauritanija se dr\u017ee po strani i jo\u0161 uvijek nisu odobrili slanje svojih trupa u\u00a0Mali.<\/p>\n<p>Pregovori o mirnom rje\u0161avanju krize u Maliju su po\u010deli u novembru pro\u0161le godine, a posrednik u pregovorima je bila Burkina Faso. Me\u0111utim, pregovori su zastali jer sjeverom Malija vlada nekoliko pokreta, a pokret Azavad, kojeg je\u00a0Francuska prihvatila kao pregovara\u010da, je realno izgubio na snazi, a najja\u010di pokret je Ensaruddin, koji opet nije prihva\u0107en. Deklarativno, u svim odlukama VSUN-a se isti\u010de va\u017enost mirovnih pregovora, ali je problem kod izbora sagovornika.<br \/>\nZanimljivo \u0107e biti pratiti i aktivnosti vojnih trupa kapetana Sanagoa, koje su izvr\u0161ile dr\u017eavni udar u Maliju i koje pod pritiskom dr\u017ee prijelaznu vladu zemlje. Sanago je podr\u017eao me\u0111unarodu intervenciju, ali sa druge strane, strahuje da bi nakon intervencije mogao izgubiti snagu u zemlji.<\/p>\n<p>Sve su prilike da \u0107emo na spisak Sirije, Mijanmara, zemalja iz kojih svakodnevno dobijamo stravi\u010dne bilanse stradanja, dodati i afri\u010dku zemlju\u00a0Mali.<\/p>\n<p>(AA)<\/p>\n","protected":false},"excerpt":{"rendered":"<p>Francuska &#8211; Francuska je iznena\u0111uju\u0107e brzo pokrenula vojnu intervenciju na sjeveru svoje biv\u0161e kolonije i jedne od najve\u0107ih afri\u010dkih zemalja Malija, za koju je naknadno dobila podr\u0161ku SAD-a i evropskih zemalja. Vojna intervencija je neizvjesnim u\u010dinila i pregovore izme\u0111u vlade Malija i radikalnih pokreta koji kontroliraju sjever zemlje. Sjeveni dio Malija od januara 2012. nije [&hellip;]<\/p>\n","protected":false},"author":16,"featured_media":62133,"comment_status":"open","ping_status":"open","sticky":false,"template":"","format":"standard","meta":{"footnotes":""},"categories":[9550,9],"tags":[],"class_list":{"0":"post-62132","1":"post","2":"type-post","3":"status-publish","4":"format-standard","5":"has-post-thumbnail","7":"category-francuska-dijaspora-gradovi-vase-vijesti","8":"category-svijet"},"yoast_head":"<!-- This site is optimized with the Yoast SEO Premium plugin v23.1 (Yoast SEO v24.9) - https:\/\/yoast.com\/wordpress\/plugins\/seo\/ -->\n<title>Intervencija u Maliju: Francuska a\u017eurna u biv\u0161im kolonijama<\/title>\n<meta name=\"robots\" content=\"index, follow, max-snippet:-1, max-image-preview:large, max-video-preview:-1\" \/>\n<link rel=\"canonical\" href=\"https:\/\/sandzakpress.net\/arhiva\/intervencija-u-maliju-francuska-azurna-u-bivsim-kolonijama\/\" \/>\n<meta property=\"og:locale\" content=\"bs_BA\" \/>\n<meta property=\"og:type\" content=\"article\" \/>\n<meta property=\"og:title\" content=\"Intervencija u Maliju: Francuska a\u017eurna u biv\u0161im kolonijama\" \/>\n<meta property=\"og:description\" content=\"Francuska &#8211; Francuska je iznena\u0111uju\u0107e brzo pokrenula vojnu intervenciju na sjeveru svoje biv\u0161e kolonije i jedne od najve\u0107ih afri\u010dkih zemalja Malija, za koju je naknadno dobila podr\u0161ku SAD-a i evropskih zemalja. Vojna intervencija je neizvjesnim u\u010dinila i pregovore izme\u0111u vlade Malija i radikalnih pokreta koji kontroliraju sjever zemlje. Sjeveni dio Malija od januara 2012. nije [&hellip;]\" \/>\n<meta property=\"og:url\" content=\"https:\/\/sandzakpress.net\/arhiva\/intervencija-u-maliju-francuska-azurna-u-bivsim-kolonijama\/\" \/>\n<meta property=\"og:site_name\" content=\"Sand\u017eak PRESS\" \/>\n<meta property=\"article:published_time\" content=\"2013-01-14T16:47:15+00:00\" \/>\n<meta property=\"og:image\" content=\"https:\/\/sandzakpress.net\/arhiva\/wp-content\/uploads\/2013\/01\/copyright_aabadoluajansi_2013_20130114164736.jpg\" \/>\n\t<meta property=\"og:image:width\" content=\"609\" \/>\n\t<meta property=\"og:image:height\" content=\"424\" \/>\n\t<meta property=\"og:image:type\" content=\"image\/jpeg\" \/>\n<meta name=\"twitter:card\" content=\"summary_large_image\" \/>\n<meta name=\"twitter:label1\" content=\"Written by\" \/>\n\t<meta name=\"twitter:data1\" content=\"\" \/>\n\t<meta name=\"twitter:label2\" content=\"Est. reading time\" \/>\n\t<meta name=\"twitter:data2\" content=\"3 minute\" \/>\n<script type=\"application\/ld+json\" class=\"yoast-schema-graph\">{\"@context\":\"https:\/\/schema.org\",\"@graph\":[{\"@type\":\"Article\",\"@id\":\"https:\/\/sandzakpress.net\/arhiva\/intervencija-u-maliju-francuska-azurna-u-bivsim-kolonijama\/#article\",\"isPartOf\":{\"@id\":\"https:\/\/sandzakpress.net\/arhiva\/intervencija-u-maliju-francuska-azurna-u-bivsim-kolonijama\/\"},\"author\":{\"name\":\"\",\"@id\":\"\"},\"headline\":\"Intervencija u Maliju: Francuska a\u017eurna u biv\u0161im kolonijama\",\"datePublished\":\"2013-01-14T16:47:15+00:00\",\"mainEntityOfPage\":{\"@id\":\"https:\/\/sandzakpress.net\/arhiva\/intervencija-u-maliju-francuska-azurna-u-bivsim-kolonijama\/\"},\"wordCount\":639,\"commentCount\":0,\"publisher\":{\"@id\":\"https:\/\/sandzakpress.net\/arhiva\/#\/schema\/person\/6e72b67d6e51910a1117b3b483ba20bd\"},\"image\":{\"@id\":\"https:\/\/sandzakpress.net\/arhiva\/intervencija-u-maliju-francuska-azurna-u-bivsim-kolonijama\/#primaryimage\"},\"thumbnailUrl\":\"https:\/\/sandzakpress.net\/arhiva\/wp-content\/uploads\/2013\/01\/copyright_aabadoluajansi_2013_20130114164736.jpg\",\"articleSection\":[\"Francuska\",\"Svijet\"],\"inLanguage\":\"bs-BA\",\"potentialAction\":[{\"@type\":\"CommentAction\",\"name\":\"Comment\",\"target\":[\"https:\/\/sandzakpress.net\/arhiva\/intervencija-u-maliju-francuska-azurna-u-bivsim-kolonijama\/#respond\"]}]},{\"@type\":\"WebPage\",\"@id\":\"https:\/\/sandzakpress.net\/arhiva\/intervencija-u-maliju-francuska-azurna-u-bivsim-kolonijama\/\",\"url\":\"https:\/\/sandzakpress.net\/arhiva\/intervencija-u-maliju-francuska-azurna-u-bivsim-kolonijama\/\",\"name\":\"Intervencija u Maliju: Francuska a\u017eurna u biv\u0161im kolonijama\",\"isPartOf\":{\"@id\":\"https:\/\/sandzakpress.net\/arhiva\/#website\"},\"primaryImageOfPage\":{\"@id\":\"https:\/\/sandzakpress.net\/arhiva\/intervencija-u-maliju-francuska-azurna-u-bivsim-kolonijama\/#primaryimage\"},\"image\":{\"@id\":\"https:\/\/sandzakpress.net\/arhiva\/intervencija-u-maliju-francuska-azurna-u-bivsim-kolonijama\/#primaryimage\"},\"thumbnailUrl\":\"https:\/\/sandzakpress.net\/arhiva\/wp-content\/uploads\/2013\/01\/copyright_aabadoluajansi_2013_20130114164736.jpg\",\"datePublished\":\"2013-01-14T16:47:15+00:00\",\"breadcrumb\":{\"@id\":\"https:\/\/sandzakpress.net\/arhiva\/intervencija-u-maliju-francuska-azurna-u-bivsim-kolonijama\/#breadcrumb\"},\"inLanguage\":\"bs-BA\",\"potentialAction\":[{\"@type\":\"ReadAction\",\"target\":[\"https:\/\/sandzakpress.net\/arhiva\/intervencija-u-maliju-francuska-azurna-u-bivsim-kolonijama\/\"]}]},{\"@type\":\"ImageObject\",\"inLanguage\":\"bs-BA\",\"@id\":\"https:\/\/sandzakpress.net\/arhiva\/intervencija-u-maliju-francuska-azurna-u-bivsim-kolonijama\/#primaryimage\",\"url\":\"https:\/\/sandzakpress.net\/arhiva\/wp-content\/uploads\/2013\/01\/copyright_aabadoluajansi_2013_20130114164736.jpg\",\"contentUrl\":\"https:\/\/sandzakpress.net\/arhiva\/wp-content\/uploads\/2013\/01\/copyright_aabadoluajansi_2013_20130114164736.jpg\",\"width\":609,\"height\":424},{\"@type\":\"BreadcrumbList\",\"@id\":\"https:\/\/sandzakpress.net\/arhiva\/intervencija-u-maliju-francuska-azurna-u-bivsim-kolonijama\/#breadcrumb\",\"itemListElement\":[{\"@type\":\"ListItem\",\"position\":1,\"name\":\"Home\",\"item\":\"https:\/\/sandzakpress.net\/arhiva\/\"},{\"@type\":\"ListItem\",\"position\":2,\"name\":\"Intervencija u Maliju: Francuska a\u017eurna u biv\u0161im kolonijama\"}]},{\"@type\":\"WebSite\",\"@id\":\"https:\/\/sandzakpress.net\/arhiva\/#website\",\"url\":\"https:\/\/sandzakpress.net\/arhiva\/\",\"name\":\"Sand\u017eak PRESS\",\"description\":\"Prve elektronske novine u Sand\u017eaku\",\"publisher\":{\"@id\":\"https:\/\/sandzakpress.net\/arhiva\/#\/schema\/person\/6e72b67d6e51910a1117b3b483ba20bd\"},\"potentialAction\":[{\"@type\":\"SearchAction\",\"target\":{\"@type\":\"EntryPoint\",\"urlTemplate\":\"https:\/\/sandzakpress.net\/arhiva\/?s={search_term_string}\"},\"query-input\":{\"@type\":\"PropertyValueSpecification\",\"valueRequired\":true,\"valueName\":\"search_term_string\"}}],\"inLanguage\":\"bs-BA\"},{\"@type\":[\"Person\",\"Organization\"],\"@id\":\"https:\/\/sandzakpress.net\/arhiva\/#\/schema\/person\/6e72b67d6e51910a1117b3b483ba20bd\",\"name\":\"Kul\",\"image\":{\"@type\":\"ImageObject\",\"inLanguage\":\"bs-BA\",\"@id\":\"https:\/\/sandzakpress.net\/arhiva\/#\/schema\/person\/image\/\",\"url\":\"https:\/\/secure.gravatar.com\/avatar\/42263f39aa27ac04c43cab85c280eb2e?s=96&d=mm&r=pg\",\"contentUrl\":\"https:\/\/secure.gravatar.com\/avatar\/42263f39aa27ac04c43cab85c280eb2e?s=96&d=mm&r=pg\",\"caption\":\"Kul\"},\"logo\":{\"@id\":\"https:\/\/sandzakpress.net\/arhiva\/#\/schema\/person\/image\/\"}},{\"@type\":\"Person\",\"@id\":\"\",\"url\":\"https:\/\/sandzakpress.net\/arhiva\/author\/\"}]}<\/script>\n<!-- \/ Yoast SEO Premium plugin. -->","yoast_head_json":{"title":"Intervencija u Maliju: Francuska a\u017eurna u biv\u0161im kolonijama","robots":{"index":"index","follow":"follow","max-snippet":"max-snippet:-1","max-image-preview":"max-image-preview:large","max-video-preview":"max-video-preview:-1"},"canonical":"https:\/\/sandzakpress.net\/arhiva\/intervencija-u-maliju-francuska-azurna-u-bivsim-kolonijama\/","og_locale":"bs_BA","og_type":"article","og_title":"Intervencija u Maliju: Francuska a\u017eurna u biv\u0161im kolonijama","og_description":"Francuska &#8211; Francuska je iznena\u0111uju\u0107e brzo pokrenula vojnu intervenciju na sjeveru svoje biv\u0161e kolonije i jedne od najve\u0107ih afri\u010dkih zemalja Malija, za koju je naknadno dobila podr\u0161ku SAD-a i evropskih zemalja. Vojna intervencija je neizvjesnim u\u010dinila i pregovore izme\u0111u vlade Malija i radikalnih pokreta koji kontroliraju sjever zemlje. Sjeveni dio Malija od januara 2012. nije [&hellip;]","og_url":"https:\/\/sandzakpress.net\/arhiva\/intervencija-u-maliju-francuska-azurna-u-bivsim-kolonijama\/","og_site_name":"Sand\u017eak PRESS","article_published_time":"2013-01-14T16:47:15+00:00","og_image":[{"width":609,"height":424,"url":"https:\/\/sandzakpress.net\/arhiva\/wp-content\/uploads\/2013\/01\/copyright_aabadoluajansi_2013_20130114164736.jpg","type":"image\/jpeg"}],"twitter_card":"summary_large_image","twitter_misc":{"Written by":"","Est. reading time":"3 minute"},"schema":{"@context":"https:\/\/schema.org","@graph":[{"@type":"Article","@id":"https:\/\/sandzakpress.net\/arhiva\/intervencija-u-maliju-francuska-azurna-u-bivsim-kolonijama\/#article","isPartOf":{"@id":"https:\/\/sandzakpress.net\/arhiva\/intervencija-u-maliju-francuska-azurna-u-bivsim-kolonijama\/"},"author":{"name":"","@id":""},"headline":"Intervencija u Maliju: Francuska a\u017eurna u biv\u0161im kolonijama","datePublished":"2013-01-14T16:47:15+00:00","mainEntityOfPage":{"@id":"https:\/\/sandzakpress.net\/arhiva\/intervencija-u-maliju-francuska-azurna-u-bivsim-kolonijama\/"},"wordCount":639,"commentCount":0,"publisher":{"@id":"https:\/\/sandzakpress.net\/arhiva\/#\/schema\/person\/6e72b67d6e51910a1117b3b483ba20bd"},"image":{"@id":"https:\/\/sandzakpress.net\/arhiva\/intervencija-u-maliju-francuska-azurna-u-bivsim-kolonijama\/#primaryimage"},"thumbnailUrl":"https:\/\/sandzakpress.net\/arhiva\/wp-content\/uploads\/2013\/01\/copyright_aabadoluajansi_2013_20130114164736.jpg","articleSection":["Francuska","Svijet"],"inLanguage":"bs-BA","potentialAction":[{"@type":"CommentAction","name":"Comment","target":["https:\/\/sandzakpress.net\/arhiva\/intervencija-u-maliju-francuska-azurna-u-bivsim-kolonijama\/#respond"]}]},{"@type":"WebPage","@id":"https:\/\/sandzakpress.net\/arhiva\/intervencija-u-maliju-francuska-azurna-u-bivsim-kolonijama\/","url":"https:\/\/sandzakpress.net\/arhiva\/intervencija-u-maliju-francuska-azurna-u-bivsim-kolonijama\/","name":"Intervencija u Maliju: Francuska a\u017eurna u biv\u0161im kolonijama","isPartOf":{"@id":"https:\/\/sandzakpress.net\/arhiva\/#website"},"primaryImageOfPage":{"@id":"https:\/\/sandzakpress.net\/arhiva\/intervencija-u-maliju-francuska-azurna-u-bivsim-kolonijama\/#primaryimage"},"image":{"@id":"https:\/\/sandzakpress.net\/arhiva\/intervencija-u-maliju-francuska-azurna-u-bivsim-kolonijama\/#primaryimage"},"thumbnailUrl":"https:\/\/sandzakpress.net\/arhiva\/wp-content\/uploads\/2013\/01\/copyright_aabadoluajansi_2013_20130114164736.jpg","datePublished":"2013-01-14T16:47:15+00:00","breadcrumb":{"@id":"https:\/\/sandzakpress.net\/arhiva\/intervencija-u-maliju-francuska-azurna-u-bivsim-kolonijama\/#breadcrumb"},"inLanguage":"bs-BA","potentialAction":[{"@type":"ReadAction","target":["https:\/\/sandzakpress.net\/arhiva\/intervencija-u-maliju-francuska-azurna-u-bivsim-kolonijama\/"]}]},{"@type":"ImageObject","inLanguage":"bs-BA","@id":"https:\/\/sandzakpress.net\/arhiva\/intervencija-u-maliju-francuska-azurna-u-bivsim-kolonijama\/#primaryimage","url":"https:\/\/sandzakpress.net\/arhiva\/wp-content\/uploads\/2013\/01\/copyright_aabadoluajansi_2013_20130114164736.jpg","contentUrl":"https:\/\/sandzakpress.net\/arhiva\/wp-content\/uploads\/2013\/01\/copyright_aabadoluajansi_2013_20130114164736.jpg","width":609,"height":424},{"@type":"BreadcrumbList","@id":"https:\/\/sandzakpress.net\/arhiva\/intervencija-u-maliju-francuska-azurna-u-bivsim-kolonijama\/#breadcrumb","itemListElement":[{"@type":"ListItem","position":1,"name":"Home","item":"https:\/\/sandzakpress.net\/arhiva\/"},{"@type":"ListItem","position":2,"name":"Intervencija u Maliju: Francuska a\u017eurna u biv\u0161im kolonijama"}]},{"@type":"WebSite","@id":"https:\/\/sandzakpress.net\/arhiva\/#website","url":"https:\/\/sandzakpress.net\/arhiva\/","name":"Sand\u017eak PRESS","description":"Prve elektronske novine u Sand\u017eaku","publisher":{"@id":"https:\/\/sandzakpress.net\/arhiva\/#\/schema\/person\/6e72b67d6e51910a1117b3b483ba20bd"},"potentialAction":[{"@type":"SearchAction","target":{"@type":"EntryPoint","urlTemplate":"https:\/\/sandzakpress.net\/arhiva\/?s={search_term_string}"},"query-input":{"@type":"PropertyValueSpecification","valueRequired":true,"valueName":"search_term_string"}}],"inLanguage":"bs-BA"},{"@type":["Person","Organization"],"@id":"https:\/\/sandzakpress.net\/arhiva\/#\/schema\/person\/6e72b67d6e51910a1117b3b483ba20bd","name":"Kul","image":{"@type":"ImageObject","inLanguage":"bs-BA","@id":"https:\/\/sandzakpress.net\/arhiva\/#\/schema\/person\/image\/","url":"https:\/\/secure.gravatar.com\/avatar\/42263f39aa27ac04c43cab85c280eb2e?s=96&d=mm&r=pg","contentUrl":"https:\/\/secure.gravatar.com\/avatar\/42263f39aa27ac04c43cab85c280eb2e?s=96&d=mm&r=pg","caption":"Kul"},"logo":{"@id":"https:\/\/sandzakpress.net\/arhiva\/#\/schema\/person\/image\/"}},{"@type":"Person","@id":"","url":"https:\/\/sandzakpress.net\/arhiva\/author\/"}]}},"_links":{"self":[{"href":"https:\/\/sandzakpress.net\/arhiva\/wp-json\/wp\/v2\/posts\/62132"}],"collection":[{"href":"https:\/\/sandzakpress.net\/arhiva\/wp-json\/wp\/v2\/posts"}],"about":[{"href":"https:\/\/sandzakpress.net\/arhiva\/wp-json\/wp\/v2\/types\/post"}],"author":[{"embeddable":true,"href":"https:\/\/sandzakpress.net\/arhiva\/wp-json\/wp\/v2\/users\/16"}],"replies":[{"embeddable":true,"href":"https:\/\/sandzakpress.net\/arhiva\/wp-json\/wp\/v2\/comments?post=62132"}],"version-history":[{"count":0,"href":"https:\/\/sandzakpress.net\/arhiva\/wp-json\/wp\/v2\/posts\/62132\/revisions"}],"wp:featuredmedia":[{"embeddable":true,"href":"https:\/\/sandzakpress.net\/arhiva\/wp-json\/wp\/v2\/media\/62133"}],"wp:attachment":[{"href":"https:\/\/sandzakpress.net\/arhiva\/wp-json\/wp\/v2\/media?parent=62132"}],"wp:term":[{"taxonomy":"category","embeddable":true,"href":"https:\/\/sandzakpress.net\/arhiva\/wp-json\/wp\/v2\/categories?post=62132"},{"taxonomy":"post_tag","embeddable":true,"href":"https:\/\/sandzakpress.net\/arhiva\/wp-json\/wp\/v2\/tags?post=62132"}],"curies":[{"name":"wp","href":"https:\/\/api.w.org\/{rel}","templated":true}]}}