{"id":62075,"date":"2013-01-14T17:14:16","date_gmt":"2013-01-14T16:14:16","guid":{"rendered":"https:\/\/sandzakpress.net\/arhiva\/?p=62075"},"modified":"2013-01-14T17:14:16","modified_gmt":"2013-01-14T16:14:16","slug":"pocela-realizacija-prekogranicnog-projekta-novinari-bez-granica","status":"publish","type":"post","link":"https:\/\/sandzakpress.net\/arhiva\/pocela-realizacija-prekogranicnog-projekta-novinari-bez-granica\/","title":{"rendered":"Po\u010dela realizacija prekograni\u010dnog projekta Novinari bez granica"},"content":{"rendered":"<p><strong><a href=\"https:\/\/sandzakpress.net\/arhiva\/wp-content\/uploads\/2013\/01\/14-1-bp-projekat-bihmne2.jpg\"><img loading=\"lazy\" decoding=\"async\" class=\"alignleft size-medium wp-image-62076\" title=\"14-1-bp-projekat-bihmne2\" src=\"https:\/\/sandzakpress.net\/arhiva\/wp-content\/uploads\/2013\/01\/14-1-bp-projekat-bihmne2-300x158.jpg\" alt=\"\" width=\"300\" height=\"158\" \/><\/a>Bijelo Polje &#8211; Predstavnici Radija Bijelo Polje i Univerziteta D\u017eemal Bijedi\u0107 iz Mostara, Fakulteta humanisti\u010dkih nauka zapo\u010deli su realizaciju prekograni\u010dnog projekta Novinari bez granica koji je fininsirala Evropska delegacija iz IPA fondova. <\/strong><\/p>\n<p>Na sastanku koji je proteklog vikenda odr\u017ean u Bijelom Polju dogovorene su aktivnosti koje partneri treba da preduzmu u narednom periodu.<\/p>\n<p>Dekan Fakulteta humanisti\u010dkih nauka prof. dr Adnan Velagi\u0107 je istakao da se ovaj projekat realizuje na op\u0161te zadovoljstvo ne samo dvije institucije nego slu\u017ei na \u010dast dvijema dr\u017eavama Bosni i Hercegovini i Crnoj Gori.<\/p>\n<p>&#8221;Ovaj projekat je doprinos budu\u0107em ja\u010danju partnerskih odnosa ne samo izme\u0111u dvije institucije nego otvara mogu\u0107nosti da se ostvare brojni kontakti i drugih institucija izme\u0111u dvije zemlje&#8221; istakao je dekan Velagi\u0107. Prema njegovim rije\u010dima Fakultet humanisti\u010dkih nauka \u0107e kroz raspolo\u017eive kapacitete, a prije svega preko odsjeka za komunikologiju ostvariti kontakte sa odre\u0111enim medijima u BiH i sprovesti predvi\u0111ene aktivnosti koje su mu stavljene u zadatak.<br \/>\nDirektor Lokalnog javnog emitera Radija Bijelo Polje Dragi\u0107 Rabrenovi\u0107 je istakao da je cilj projekta pospje\u0161iti istra\u017eiva\u010dko novinarstvo u lokalnim medijima. &#8221;Kao zajedni\u010dki problem smo prepoznali da je u ove dvije dr\u017eave na lokalnom nivou zapostavljeno ozbiljnije istra\u017eivanje pojedinih tema iz vi\u0161e razloga. Me\u0111u njima su nedostatak nov\u010danih sredstava i nedostatak adekvatno obu\u010denog kadra, tako da \u0107e jedna od najzna\u010dajnijih aktivnosti biti edukacija na ljetnjoj \u0161koli novinarstva koja \u0107e se odr\u017eati u Bijelom Polju u julu mjesecu. Nakon \u0161to se uradi analiza stanja u medijima u Hercegovini i na sjeveru Crne Gore ima\u0107emo jasniju sliku na osnovu \u010dega \u0107emo planirati rad \u0161kole i profil predava\u010da&#8221; ka\u017ee Rabrenovi\u0107.<br \/>\nProdekan za nastavu prof. dr Elvira \u0106emalovi\u0107 je izrazila zadovoljstvo \u0161to je njihov fakultet istupio u polje prekograni\u010dne saradnje i \u0161to \u0107e zajedno sa radiom Bijelo Polje realizovati projekat posve\u0107en istra\u017eiva\u010dkom novinarstvu. &#8221;Ovo je prvi projekat ovakve vrste koji realizujemo i nadamo se da \u0107emo kroz desetomjese\u010dnu saradnju razviti i takve partnerske i me\u0111uljudske odnose koji \u0107e doprinijeti i nekim drugim projektima ovakve i sli\u010dne vrste&#8221; rekla je prodekan \u0106emalovi\u0107.<br \/>\nUkupna vrijednost projekta je oko 88.746,00 eura, za realizovanje planiranih aktivnosti Radio Bijelo Polje \u0107e dobiti 49.843,00 eura, a iznos kofinansiranja \u0107e biti 10.700,00 eura. Dok \u0107e Univerzitet na raspolaganju imati 20.415,00 i sa 7.788,00 eura \u0107e kofinansirati projekat.<\/p>\n<p>(RadioBijeloPolje)<\/p>\n","protected":false},"excerpt":{"rendered":"<p>Bijelo Polje &#8211; Predstavnici Radija Bijelo Polje i Univerziteta D\u017eemal Bijedi\u0107 iz Mostara, Fakulteta humanisti\u010dkih nauka zapo\u010deli su realizaciju prekograni\u010dnog projekta Novinari bez granica koji je fininsirala Evropska delegacija iz IPA fondova. Na sastanku koji je proteklog vikenda odr\u017ean u Bijelom Polju dogovorene su aktivnosti koje partneri treba da preduzmu u narednom periodu. Dekan Fakulteta [&hellip;]<\/p>\n","protected":false},"author":16,"featured_media":62076,"comment_status":"open","ping_status":"open","sticky":false,"template":"","format":"standard","meta":{"footnotes":""},"categories":[3,396],"tags":[],"class_list":{"0":"post-62075","1":"post","2":"type-post","3":"status-publish","4":"format-standard","5":"has-post-thumbnail","7":"category-privreda","8":"category-bijelo_polje"},"yoast_head":"<!-- This site is optimized with the Yoast SEO Premium plugin v23.1 (Yoast SEO v24.9) - https:\/\/yoast.com\/wordpress\/plugins\/seo\/ -->\n<title>Po\u010dela realizacija prekograni\u010dnog projekta Novinari bez granica<\/title>\n<meta name=\"robots\" content=\"index, follow, max-snippet:-1, max-image-preview:large, max-video-preview:-1\" \/>\n<link rel=\"canonical\" href=\"https:\/\/sandzakpress.net\/arhiva\/pocela-realizacija-prekogranicnog-projekta-novinari-bez-granica\/\" \/>\n<meta property=\"og:locale\" content=\"bs_BA\" \/>\n<meta property=\"og:type\" content=\"article\" \/>\n<meta property=\"og:title\" content=\"Po\u010dela realizacija prekograni\u010dnog projekta Novinari bez granica\" \/>\n<meta property=\"og:description\" content=\"Bijelo Polje &#8211; Predstavnici Radija Bijelo Polje i Univerziteta D\u017eemal Bijedi\u0107 iz Mostara, Fakulteta humanisti\u010dkih nauka zapo\u010deli su realizaciju prekograni\u010dnog projekta Novinari bez granica koji je fininsirala Evropska delegacija iz IPA fondova. Na sastanku koji je proteklog vikenda odr\u017ean u Bijelom Polju dogovorene su aktivnosti koje partneri treba da preduzmu u narednom periodu. Dekan Fakulteta [&hellip;]\" \/>\n<meta property=\"og:url\" content=\"https:\/\/sandzakpress.net\/arhiva\/pocela-realizacija-prekogranicnog-projekta-novinari-bez-granica\/\" \/>\n<meta property=\"og:site_name\" content=\"Sand\u017eak PRESS\" \/>\n<meta property=\"article:published_time\" content=\"2013-01-14T16:14:16+00:00\" \/>\n<meta property=\"og:image\" content=\"https:\/\/sandzakpress.net\/arhiva\/wp-content\/uploads\/2013\/01\/14-1-bp-projekat-bihmne2.jpg\" \/>\n\t<meta property=\"og:image:width\" content=\"616\" \/>\n\t<meta property=\"og:image:height\" content=\"325\" \/>\n\t<meta property=\"og:image:type\" content=\"image\/jpeg\" \/>\n<meta name=\"twitter:card\" content=\"summary_large_image\" \/>\n<meta name=\"twitter:label1\" content=\"Written by\" \/>\n\t<meta name=\"twitter:data1\" content=\"\" \/>\n\t<meta name=\"twitter:label2\" content=\"Est. reading time\" \/>\n\t<meta name=\"twitter:data2\" content=\"2 minute\" \/>\n<script type=\"application\/ld+json\" class=\"yoast-schema-graph\">{\"@context\":\"https:\/\/schema.org\",\"@graph\":[{\"@type\":\"Article\",\"@id\":\"https:\/\/sandzakpress.net\/arhiva\/pocela-realizacija-prekogranicnog-projekta-novinari-bez-granica\/#article\",\"isPartOf\":{\"@id\":\"https:\/\/sandzakpress.net\/arhiva\/pocela-realizacija-prekogranicnog-projekta-novinari-bez-granica\/\"},\"author\":{\"name\":\"\",\"@id\":\"\"},\"headline\":\"Po\u010dela realizacija prekograni\u010dnog projekta Novinari bez granica\",\"datePublished\":\"2013-01-14T16:14:16+00:00\",\"mainEntityOfPage\":{\"@id\":\"https:\/\/sandzakpress.net\/arhiva\/pocela-realizacija-prekogranicnog-projekta-novinari-bez-granica\/\"},\"wordCount\":414,\"commentCount\":0,\"publisher\":{\"@id\":\"https:\/\/sandzakpress.net\/arhiva\/#\/schema\/person\/6e72b67d6e51910a1117b3b483ba20bd\"},\"image\":{\"@id\":\"https:\/\/sandzakpress.net\/arhiva\/pocela-realizacija-prekogranicnog-projekta-novinari-bez-granica\/#primaryimage\"},\"thumbnailUrl\":\"https:\/\/sandzakpress.net\/arhiva\/wp-content\/uploads\/2013\/01\/14-1-bp-projekat-bihmne2.jpg\",\"articleSection\":[\"Privreda\",\"Bijelo Polje\"],\"inLanguage\":\"bs-BA\",\"potentialAction\":[{\"@type\":\"CommentAction\",\"name\":\"Comment\",\"target\":[\"https:\/\/sandzakpress.net\/arhiva\/pocela-realizacija-prekogranicnog-projekta-novinari-bez-granica\/#respond\"]}]},{\"@type\":\"WebPage\",\"@id\":\"https:\/\/sandzakpress.net\/arhiva\/pocela-realizacija-prekogranicnog-projekta-novinari-bez-granica\/\",\"url\":\"https:\/\/sandzakpress.net\/arhiva\/pocela-realizacija-prekogranicnog-projekta-novinari-bez-granica\/\",\"name\":\"Po\u010dela realizacija prekograni\u010dnog projekta Novinari bez granica\",\"isPartOf\":{\"@id\":\"https:\/\/sandzakpress.net\/arhiva\/#website\"},\"primaryImageOfPage\":{\"@id\":\"https:\/\/sandzakpress.net\/arhiva\/pocela-realizacija-prekogranicnog-projekta-novinari-bez-granica\/#primaryimage\"},\"image\":{\"@id\":\"https:\/\/sandzakpress.net\/arhiva\/pocela-realizacija-prekogranicnog-projekta-novinari-bez-granica\/#primaryimage\"},\"thumbnailUrl\":\"https:\/\/sandzakpress.net\/arhiva\/wp-content\/uploads\/2013\/01\/14-1-bp-projekat-bihmne2.jpg\",\"datePublished\":\"2013-01-14T16:14:16+00:00\",\"breadcrumb\":{\"@id\":\"https:\/\/sandzakpress.net\/arhiva\/pocela-realizacija-prekogranicnog-projekta-novinari-bez-granica\/#breadcrumb\"},\"inLanguage\":\"bs-BA\",\"potentialAction\":[{\"@type\":\"ReadAction\",\"target\":[\"https:\/\/sandzakpress.net\/arhiva\/pocela-realizacija-prekogranicnog-projekta-novinari-bez-granica\/\"]}]},{\"@type\":\"ImageObject\",\"inLanguage\":\"bs-BA\",\"@id\":\"https:\/\/sandzakpress.net\/arhiva\/pocela-realizacija-prekogranicnog-projekta-novinari-bez-granica\/#primaryimage\",\"url\":\"https:\/\/sandzakpress.net\/arhiva\/wp-content\/uploads\/2013\/01\/14-1-bp-projekat-bihmne2.jpg\",\"contentUrl\":\"https:\/\/sandzakpress.net\/arhiva\/wp-content\/uploads\/2013\/01\/14-1-bp-projekat-bihmne2.jpg\",\"width\":616,\"height\":325},{\"@type\":\"BreadcrumbList\",\"@id\":\"https:\/\/sandzakpress.net\/arhiva\/pocela-realizacija-prekogranicnog-projekta-novinari-bez-granica\/#breadcrumb\",\"itemListElement\":[{\"@type\":\"ListItem\",\"position\":1,\"name\":\"Home\",\"item\":\"https:\/\/sandzakpress.net\/arhiva\/\"},{\"@type\":\"ListItem\",\"position\":2,\"name\":\"Po\u010dela realizacija prekograni\u010dnog projekta Novinari bez granica\"}]},{\"@type\":\"WebSite\",\"@id\":\"https:\/\/sandzakpress.net\/arhiva\/#website\",\"url\":\"https:\/\/sandzakpress.net\/arhiva\/\",\"name\":\"Sand\u017eak PRESS\",\"description\":\"Prve elektronske novine u Sand\u017eaku\",\"publisher\":{\"@id\":\"https:\/\/sandzakpress.net\/arhiva\/#\/schema\/person\/6e72b67d6e51910a1117b3b483ba20bd\"},\"potentialAction\":[{\"@type\":\"SearchAction\",\"target\":{\"@type\":\"EntryPoint\",\"urlTemplate\":\"https:\/\/sandzakpress.net\/arhiva\/?s={search_term_string}\"},\"query-input\":{\"@type\":\"PropertyValueSpecification\",\"valueRequired\":true,\"valueName\":\"search_term_string\"}}],\"inLanguage\":\"bs-BA\"},{\"@type\":[\"Person\",\"Organization\"],\"@id\":\"https:\/\/sandzakpress.net\/arhiva\/#\/schema\/person\/6e72b67d6e51910a1117b3b483ba20bd\",\"name\":\"Kul\",\"image\":{\"@type\":\"ImageObject\",\"inLanguage\":\"bs-BA\",\"@id\":\"https:\/\/sandzakpress.net\/arhiva\/#\/schema\/person\/image\/\",\"url\":\"https:\/\/secure.gravatar.com\/avatar\/42263f39aa27ac04c43cab85c280eb2e?s=96&d=mm&r=pg\",\"contentUrl\":\"https:\/\/secure.gravatar.com\/avatar\/42263f39aa27ac04c43cab85c280eb2e?s=96&d=mm&r=pg\",\"caption\":\"Kul\"},\"logo\":{\"@id\":\"https:\/\/sandzakpress.net\/arhiva\/#\/schema\/person\/image\/\"}},{\"@type\":\"Person\",\"@id\":\"\",\"url\":\"https:\/\/sandzakpress.net\/arhiva\/author\/\"}]}<\/script>\n<!-- \/ Yoast SEO Premium plugin. -->","yoast_head_json":{"title":"Po\u010dela realizacija prekograni\u010dnog projekta Novinari bez granica","robots":{"index":"index","follow":"follow","max-snippet":"max-snippet:-1","max-image-preview":"max-image-preview:large","max-video-preview":"max-video-preview:-1"},"canonical":"https:\/\/sandzakpress.net\/arhiva\/pocela-realizacija-prekogranicnog-projekta-novinari-bez-granica\/","og_locale":"bs_BA","og_type":"article","og_title":"Po\u010dela realizacija prekograni\u010dnog projekta Novinari bez granica","og_description":"Bijelo Polje &#8211; Predstavnici Radija Bijelo Polje i Univerziteta D\u017eemal Bijedi\u0107 iz Mostara, Fakulteta humanisti\u010dkih nauka zapo\u010deli su realizaciju prekograni\u010dnog projekta Novinari bez granica koji je fininsirala Evropska delegacija iz IPA fondova. Na sastanku koji je proteklog vikenda odr\u017ean u Bijelom Polju dogovorene su aktivnosti koje partneri treba da preduzmu u narednom periodu. Dekan Fakulteta [&hellip;]","og_url":"https:\/\/sandzakpress.net\/arhiva\/pocela-realizacija-prekogranicnog-projekta-novinari-bez-granica\/","og_site_name":"Sand\u017eak PRESS","article_published_time":"2013-01-14T16:14:16+00:00","og_image":[{"width":616,"height":325,"url":"https:\/\/sandzakpress.net\/arhiva\/wp-content\/uploads\/2013\/01\/14-1-bp-projekat-bihmne2.jpg","type":"image\/jpeg"}],"twitter_card":"summary_large_image","twitter_misc":{"Written by":"","Est. reading time":"2 minute"},"schema":{"@context":"https:\/\/schema.org","@graph":[{"@type":"Article","@id":"https:\/\/sandzakpress.net\/arhiva\/pocela-realizacija-prekogranicnog-projekta-novinari-bez-granica\/#article","isPartOf":{"@id":"https:\/\/sandzakpress.net\/arhiva\/pocela-realizacija-prekogranicnog-projekta-novinari-bez-granica\/"},"author":{"name":"","@id":""},"headline":"Po\u010dela realizacija prekograni\u010dnog projekta Novinari bez granica","datePublished":"2013-01-14T16:14:16+00:00","mainEntityOfPage":{"@id":"https:\/\/sandzakpress.net\/arhiva\/pocela-realizacija-prekogranicnog-projekta-novinari-bez-granica\/"},"wordCount":414,"commentCount":0,"publisher":{"@id":"https:\/\/sandzakpress.net\/arhiva\/#\/schema\/person\/6e72b67d6e51910a1117b3b483ba20bd"},"image":{"@id":"https:\/\/sandzakpress.net\/arhiva\/pocela-realizacija-prekogranicnog-projekta-novinari-bez-granica\/#primaryimage"},"thumbnailUrl":"https:\/\/sandzakpress.net\/arhiva\/wp-content\/uploads\/2013\/01\/14-1-bp-projekat-bihmne2.jpg","articleSection":["Privreda","Bijelo Polje"],"inLanguage":"bs-BA","potentialAction":[{"@type":"CommentAction","name":"Comment","target":["https:\/\/sandzakpress.net\/arhiva\/pocela-realizacija-prekogranicnog-projekta-novinari-bez-granica\/#respond"]}]},{"@type":"WebPage","@id":"https:\/\/sandzakpress.net\/arhiva\/pocela-realizacija-prekogranicnog-projekta-novinari-bez-granica\/","url":"https:\/\/sandzakpress.net\/arhiva\/pocela-realizacija-prekogranicnog-projekta-novinari-bez-granica\/","name":"Po\u010dela realizacija prekograni\u010dnog projekta Novinari bez granica","isPartOf":{"@id":"https:\/\/sandzakpress.net\/arhiva\/#website"},"primaryImageOfPage":{"@id":"https:\/\/sandzakpress.net\/arhiva\/pocela-realizacija-prekogranicnog-projekta-novinari-bez-granica\/#primaryimage"},"image":{"@id":"https:\/\/sandzakpress.net\/arhiva\/pocela-realizacija-prekogranicnog-projekta-novinari-bez-granica\/#primaryimage"},"thumbnailUrl":"https:\/\/sandzakpress.net\/arhiva\/wp-content\/uploads\/2013\/01\/14-1-bp-projekat-bihmne2.jpg","datePublished":"2013-01-14T16:14:16+00:00","breadcrumb":{"@id":"https:\/\/sandzakpress.net\/arhiva\/pocela-realizacija-prekogranicnog-projekta-novinari-bez-granica\/#breadcrumb"},"inLanguage":"bs-BA","potentialAction":[{"@type":"ReadAction","target":["https:\/\/sandzakpress.net\/arhiva\/pocela-realizacija-prekogranicnog-projekta-novinari-bez-granica\/"]}]},{"@type":"ImageObject","inLanguage":"bs-BA","@id":"https:\/\/sandzakpress.net\/arhiva\/pocela-realizacija-prekogranicnog-projekta-novinari-bez-granica\/#primaryimage","url":"https:\/\/sandzakpress.net\/arhiva\/wp-content\/uploads\/2013\/01\/14-1-bp-projekat-bihmne2.jpg","contentUrl":"https:\/\/sandzakpress.net\/arhiva\/wp-content\/uploads\/2013\/01\/14-1-bp-projekat-bihmne2.jpg","width":616,"height":325},{"@type":"BreadcrumbList","@id":"https:\/\/sandzakpress.net\/arhiva\/pocela-realizacija-prekogranicnog-projekta-novinari-bez-granica\/#breadcrumb","itemListElement":[{"@type":"ListItem","position":1,"name":"Home","item":"https:\/\/sandzakpress.net\/arhiva\/"},{"@type":"ListItem","position":2,"name":"Po\u010dela realizacija prekograni\u010dnog projekta Novinari bez granica"}]},{"@type":"WebSite","@id":"https:\/\/sandzakpress.net\/arhiva\/#website","url":"https:\/\/sandzakpress.net\/arhiva\/","name":"Sand\u017eak PRESS","description":"Prve elektronske novine u Sand\u017eaku","publisher":{"@id":"https:\/\/sandzakpress.net\/arhiva\/#\/schema\/person\/6e72b67d6e51910a1117b3b483ba20bd"},"potentialAction":[{"@type":"SearchAction","target":{"@type":"EntryPoint","urlTemplate":"https:\/\/sandzakpress.net\/arhiva\/?s={search_term_string}"},"query-input":{"@type":"PropertyValueSpecification","valueRequired":true,"valueName":"search_term_string"}}],"inLanguage":"bs-BA"},{"@type":["Person","Organization"],"@id":"https:\/\/sandzakpress.net\/arhiva\/#\/schema\/person\/6e72b67d6e51910a1117b3b483ba20bd","name":"Kul","image":{"@type":"ImageObject","inLanguage":"bs-BA","@id":"https:\/\/sandzakpress.net\/arhiva\/#\/schema\/person\/image\/","url":"https:\/\/secure.gravatar.com\/avatar\/42263f39aa27ac04c43cab85c280eb2e?s=96&d=mm&r=pg","contentUrl":"https:\/\/secure.gravatar.com\/avatar\/42263f39aa27ac04c43cab85c280eb2e?s=96&d=mm&r=pg","caption":"Kul"},"logo":{"@id":"https:\/\/sandzakpress.net\/arhiva\/#\/schema\/person\/image\/"}},{"@type":"Person","@id":"","url":"https:\/\/sandzakpress.net\/arhiva\/author\/"}]}},"_links":{"self":[{"href":"https:\/\/sandzakpress.net\/arhiva\/wp-json\/wp\/v2\/posts\/62075"}],"collection":[{"href":"https:\/\/sandzakpress.net\/arhiva\/wp-json\/wp\/v2\/posts"}],"about":[{"href":"https:\/\/sandzakpress.net\/arhiva\/wp-json\/wp\/v2\/types\/post"}],"author":[{"embeddable":true,"href":"https:\/\/sandzakpress.net\/arhiva\/wp-json\/wp\/v2\/users\/16"}],"replies":[{"embeddable":true,"href":"https:\/\/sandzakpress.net\/arhiva\/wp-json\/wp\/v2\/comments?post=62075"}],"version-history":[{"count":0,"href":"https:\/\/sandzakpress.net\/arhiva\/wp-json\/wp\/v2\/posts\/62075\/revisions"}],"wp:featuredmedia":[{"embeddable":true,"href":"https:\/\/sandzakpress.net\/arhiva\/wp-json\/wp\/v2\/media\/62076"}],"wp:attachment":[{"href":"https:\/\/sandzakpress.net\/arhiva\/wp-json\/wp\/v2\/media?parent=62075"}],"wp:term":[{"taxonomy":"category","embeddable":true,"href":"https:\/\/sandzakpress.net\/arhiva\/wp-json\/wp\/v2\/categories?post=62075"},{"taxonomy":"post_tag","embeddable":true,"href":"https:\/\/sandzakpress.net\/arhiva\/wp-json\/wp\/v2\/tags?post=62075"}],"curies":[{"name":"wp","href":"https:\/\/api.w.org\/{rel}","templated":true}]}}