{"id":6196,"date":"2010-07-08T18:58:52","date_gmt":"2010-07-08T18:58:52","guid":{"rendered":"https:\/\/sandzakpress.net\/arhiva\/?p=6196"},"modified":"2010-07-08T18:58:52","modified_gmt":"2010-07-08T18:58:52","slug":"ambasadorka-vorlik-u-novom-pazaru","status":"publish","type":"post","link":"https:\/\/sandzakpress.net\/arhiva\/ambasadorka-vorlik-u-novom-pazaru\/","title":{"rendered":"Ambasadorka Vorlik u Novom Pazaru"},"content":{"rendered":"<p><strong><a href=\"https:\/\/sandzakpress.net\/arhiva\/wp-content\/uploads\/2010\/07\/0203_ocp_w380_h3001.jpg\"><img loading=\"lazy\" decoding=\"async\" class=\"alignleft size-medium wp-image-6197\" title=\"0203_ocp_w380_h300\" src=\"https:\/\/sandzakpress.net\/arhiva\/wp-content\/uploads\/2010\/07\/0203_ocp_w380_h3001-300x236.jpg\" alt=\"\" width=\"300\" height=\"236\" \/><\/a>Novi Pazar &#8211; Ambasadorka Sjedinjenih Dr\u017eava Meri Vorlik tokom dvodnevne posjete Novom Pazaru 8. i 9. jula 2010. godine. srest \u0107e se sa predstavnicima lokalne poslovne zajednice i privrednicima koji u\u010destvuju u USAID Programu za ja\u010danje ekonomske sigurnosti (PPES) kako bi se na licu mjesta upoznala sa rezultatima podr\u0161ke koju USAID pru\u017ea individualnim preduzetnicima i razgovarala o modalitetima budu\u0107e saradnje na br\u017eem ekonomskom oporavku ove op\u0161tine i regiona. <\/strong><\/p>\n<p>Podr\u0161ka razvoju preduzetni\u0161tva u Novom Pazaru se dugo nalazi na vrhu prioriteta Sjedinjenih Dr\u017eava jer se time poma\u017ee oporavak jednog od ekonomski najugro\u017eenijih regiona u Srbiji. U Novom Pazaru fokus je stavljen na pomo\u0107 oporavku tekstilne industrije, nekada uzdanica ekonomskog razvoja ovog kraja.<\/p>\n<p>U proces revitalizacije industrije tekstila USAID pru\u017ea pod\u0161ku individualnim preduze\u0107ima kroz treninge o osnovama modernog poslovanja, izradi planova za marketing aktivnosti, uspje\u0161nom poslovnom pregovaranju, podr\u0161ku za nastupe na najve\u0107im evropskim i regionalnim sajmovima i sl. Kao rezultat ove podr\u0161ke, tekstilna preduze\u0107a koja u\u010destvuju u programima USAID pove\u0107ala su svoju prodaju za 14% u periodu od 2007. do 2009. godine.<\/p>\n<p>Ekonomski oporavak Novog Pazara usko je povezan sa oporavkom njegove tekstilne industrije. Po\u0161to je prepoznao ovu vezu, USAID je pomogao novu strategiju nastupa prema poslovnim partnerima za tekstilne kompanije, kako bi uz me\u0111usobnu saradnju na lokalnom nivou postali konkurentniji na me\u0111unarodnoj sceni. Efikasnost ovog pristupa testirana je prilikom formiranja brenda \u201eD\u017eins iz Srbije\u201c pod kojim djeluju 4 kompanije: Exit, Bross, Benneli i Denistar. Oni su zajedni\u010dki nastupili na Sajmu mode u Dizeldorfu gde su evropskim veletrgovcima predstavili kvalitet svojih tekstilnih proizvoda. USAID je tako\u0111e pomogao i formiranje klastera tekstilnih proizvio\u0111a\u010da Asstex koja \u0107e pomo\u0107i svojim \u010dlanicama da organizovano nastupaju na regionalnim i me\u0111unarodnim tr\u017ei\u0161tima, posebno tr\u017ei\u0161tu EU.<\/p>\n<p>Kako bi se podr\u017eao razvoj obrazovane radne snage, USAID je u saradnji sa Sand\u017ea\u010dkom agencijom za ekonomski razvoj (SEDA) pokrenuo program radne prakse koji mladim pazarcima pru\u017ea \u0161ansu da steknu prvo radno iskustvo kako bi postali konkurentniji na tr\u017ei\u0161tu rada. Tokom 2010. godine 100 studenata \u0107e biti uklju\u010deno u ovaj program, \u0161to je tri puta vi\u0161e nego lane. USAID Program za ja\u010danje ekonomske sigurnosti pomogao je i otvaranje Centra za vo\u0111enje karijere na Me\u0111unarodnom univerzitetu u Novom Pazaru. Studenti ovog Univerziteta bi\u0107e u prilici da savjete o vo\u0111enju svoje karijere potra\u017ee od stru\u0161nih lica i time pobolj\u0161aju \u0161anse da do\u0111u do prvog posla. (Economy.rs, 8. jul 2010)<\/p>\n<p>Izvor: <strong>Economy.rs<\/strong><\/p>\n","protected":false},"excerpt":{"rendered":"<p>Novi Pazar &#8211; Ambasadorka Sjedinjenih Dr\u017eava Meri Vorlik tokom dvodnevne posjete Novom Pazaru 8. i 9. jula 2010. godine. srest \u0107e se sa predstavnicima lokalne poslovne zajednice i privrednicima koji u\u010destvuju u USAID Programu za ja\u010danje ekonomske sigurnosti (PPES) kako bi se na licu mjesta upoznala sa rezultatima podr\u0161ke koju USAID pru\u017ea individualnim preduzetnicima i [&hellip;]<\/p>\n","protected":false},"author":83,"featured_media":6197,"comment_status":"open","ping_status":"open","sticky":false,"template":"","format":"standard","meta":{"footnotes":""},"categories":[72,1],"tags":[],"class_list":{"0":"post-6196","1":"post","2":"type-post","3":"status-publish","4":"format-standard","5":"has-post-thumbnail","7":"category-novi-pazar","8":"category-politika"},"yoast_head":"<!-- This site is optimized with the Yoast SEO Premium plugin v23.1 (Yoast SEO v24.9) - https:\/\/yoast.com\/wordpress\/plugins\/seo\/ -->\n<title>Ambasadorka Vorlik u Novom Pazaru<\/title>\n<meta name=\"robots\" content=\"index, follow, max-snippet:-1, max-image-preview:large, max-video-preview:-1\" \/>\n<link rel=\"canonical\" href=\"https:\/\/sandzakpress.net\/arhiva\/ambasadorka-vorlik-u-novom-pazaru\/\" \/>\n<meta property=\"og:locale\" content=\"bs_BA\" \/>\n<meta property=\"og:type\" content=\"article\" \/>\n<meta property=\"og:title\" content=\"Ambasadorka Vorlik u Novom Pazaru\" \/>\n<meta property=\"og:description\" content=\"Novi Pazar &#8211; Ambasadorka Sjedinjenih Dr\u017eava Meri Vorlik tokom dvodnevne posjete Novom Pazaru 8. i 9. jula 2010. godine. srest \u0107e se sa predstavnicima lokalne poslovne zajednice i privrednicima koji u\u010destvuju u USAID Programu za ja\u010danje ekonomske sigurnosti (PPES) kako bi se na licu mjesta upoznala sa rezultatima podr\u0161ke koju USAID pru\u017ea individualnim preduzetnicima i [&hellip;]\" \/>\n<meta property=\"og:url\" content=\"https:\/\/sandzakpress.net\/arhiva\/ambasadorka-vorlik-u-novom-pazaru\/\" \/>\n<meta property=\"og:site_name\" content=\"Sand\u017eak PRESS\" \/>\n<meta property=\"article:published_time\" content=\"2010-07-08T18:58:52+00:00\" \/>\n<meta property=\"og:image\" content=\"https:\/\/sandzakpress.net\/arhiva\/wp-content\/uploads\/2010\/07\/0203_ocp_w380_h3001.jpg\" \/>\n\t<meta property=\"og:image:width\" content=\"380\" \/>\n\t<meta property=\"og:image:height\" content=\"300\" \/>\n\t<meta property=\"og:image:type\" content=\"image\/jpeg\" \/>\n<meta name=\"author\" content=\"bosniak\" \/>\n<meta name=\"twitter:card\" content=\"summary_large_image\" \/>\n<meta name=\"twitter:label1\" content=\"Written by\" \/>\n\t<meta name=\"twitter:data1\" content=\"bosniak\" \/>\n\t<meta name=\"twitter:label2\" content=\"Est. reading time\" \/>\n\t<meta name=\"twitter:data2\" content=\"2 minute\" \/>\n<script type=\"application\/ld+json\" class=\"yoast-schema-graph\">{\"@context\":\"https:\/\/schema.org\",\"@graph\":[{\"@type\":\"Article\",\"@id\":\"https:\/\/sandzakpress.net\/arhiva\/ambasadorka-vorlik-u-novom-pazaru\/#article\",\"isPartOf\":{\"@id\":\"https:\/\/sandzakpress.net\/arhiva\/ambasadorka-vorlik-u-novom-pazaru\/\"},\"author\":{\"name\":\"bosniak\",\"@id\":\"https:\/\/sandzakpress.net\/arhiva\/#\/schema\/person\/c8baee722073534b583ea7bdb2e36c02\"},\"headline\":\"Ambasadorka Vorlik u Novom Pazaru\",\"datePublished\":\"2010-07-08T18:58:52+00:00\",\"mainEntityOfPage\":{\"@id\":\"https:\/\/sandzakpress.net\/arhiva\/ambasadorka-vorlik-u-novom-pazaru\/\"},\"wordCount\":436,\"commentCount\":0,\"publisher\":{\"@id\":\"https:\/\/sandzakpress.net\/arhiva\/#\/schema\/person\/6e72b67d6e51910a1117b3b483ba20bd\"},\"image\":{\"@id\":\"https:\/\/sandzakpress.net\/arhiva\/ambasadorka-vorlik-u-novom-pazaru\/#primaryimage\"},\"thumbnailUrl\":\"https:\/\/sandzakpress.net\/arhiva\/wp-content\/uploads\/2010\/07\/0203_ocp_w380_h3001.jpg\",\"articleSection\":[\"Novi Pazar\",\"Politika\"],\"inLanguage\":\"bs-BA\",\"potentialAction\":[{\"@type\":\"CommentAction\",\"name\":\"Comment\",\"target\":[\"https:\/\/sandzakpress.net\/arhiva\/ambasadorka-vorlik-u-novom-pazaru\/#respond\"]}]},{\"@type\":\"WebPage\",\"@id\":\"https:\/\/sandzakpress.net\/arhiva\/ambasadorka-vorlik-u-novom-pazaru\/\",\"url\":\"https:\/\/sandzakpress.net\/arhiva\/ambasadorka-vorlik-u-novom-pazaru\/\",\"name\":\"Ambasadorka Vorlik u Novom Pazaru\",\"isPartOf\":{\"@id\":\"https:\/\/sandzakpress.net\/arhiva\/#website\"},\"primaryImageOfPage\":{\"@id\":\"https:\/\/sandzakpress.net\/arhiva\/ambasadorka-vorlik-u-novom-pazaru\/#primaryimage\"},\"image\":{\"@id\":\"https:\/\/sandzakpress.net\/arhiva\/ambasadorka-vorlik-u-novom-pazaru\/#primaryimage\"},\"thumbnailUrl\":\"https:\/\/sandzakpress.net\/arhiva\/wp-content\/uploads\/2010\/07\/0203_ocp_w380_h3001.jpg\",\"datePublished\":\"2010-07-08T18:58:52+00:00\",\"breadcrumb\":{\"@id\":\"https:\/\/sandzakpress.net\/arhiva\/ambasadorka-vorlik-u-novom-pazaru\/#breadcrumb\"},\"inLanguage\":\"bs-BA\",\"potentialAction\":[{\"@type\":\"ReadAction\",\"target\":[\"https:\/\/sandzakpress.net\/arhiva\/ambasadorka-vorlik-u-novom-pazaru\/\"]}]},{\"@type\":\"ImageObject\",\"inLanguage\":\"bs-BA\",\"@id\":\"https:\/\/sandzakpress.net\/arhiva\/ambasadorka-vorlik-u-novom-pazaru\/#primaryimage\",\"url\":\"https:\/\/sandzakpress.net\/arhiva\/wp-content\/uploads\/2010\/07\/0203_ocp_w380_h3001.jpg\",\"contentUrl\":\"https:\/\/sandzakpress.net\/arhiva\/wp-content\/uploads\/2010\/07\/0203_ocp_w380_h3001.jpg\",\"width\":380,\"height\":300},{\"@type\":\"BreadcrumbList\",\"@id\":\"https:\/\/sandzakpress.net\/arhiva\/ambasadorka-vorlik-u-novom-pazaru\/#breadcrumb\",\"itemListElement\":[{\"@type\":\"ListItem\",\"position\":1,\"name\":\"Home\",\"item\":\"https:\/\/sandzakpress.net\/arhiva\/\"},{\"@type\":\"ListItem\",\"position\":2,\"name\":\"Ambasadorka Vorlik u Novom Pazaru\"}]},{\"@type\":\"WebSite\",\"@id\":\"https:\/\/sandzakpress.net\/arhiva\/#website\",\"url\":\"https:\/\/sandzakpress.net\/arhiva\/\",\"name\":\"Sand\u017eak PRESS\",\"description\":\"Prve elektronske novine u Sand\u017eaku\",\"publisher\":{\"@id\":\"https:\/\/sandzakpress.net\/arhiva\/#\/schema\/person\/6e72b67d6e51910a1117b3b483ba20bd\"},\"potentialAction\":[{\"@type\":\"SearchAction\",\"target\":{\"@type\":\"EntryPoint\",\"urlTemplate\":\"https:\/\/sandzakpress.net\/arhiva\/?s={search_term_string}\"},\"query-input\":{\"@type\":\"PropertyValueSpecification\",\"valueRequired\":true,\"valueName\":\"search_term_string\"}}],\"inLanguage\":\"bs-BA\"},{\"@type\":[\"Person\",\"Organization\"],\"@id\":\"https:\/\/sandzakpress.net\/arhiva\/#\/schema\/person\/6e72b67d6e51910a1117b3b483ba20bd\",\"name\":\"Kul\",\"image\":{\"@type\":\"ImageObject\",\"inLanguage\":\"bs-BA\",\"@id\":\"https:\/\/sandzakpress.net\/arhiva\/#\/schema\/person\/image\/\",\"url\":\"https:\/\/secure.gravatar.com\/avatar\/42263f39aa27ac04c43cab85c280eb2e?s=96&d=mm&r=pg\",\"contentUrl\":\"https:\/\/secure.gravatar.com\/avatar\/42263f39aa27ac04c43cab85c280eb2e?s=96&d=mm&r=pg\",\"caption\":\"Kul\"},\"logo\":{\"@id\":\"https:\/\/sandzakpress.net\/arhiva\/#\/schema\/person\/image\/\"}},{\"@type\":\"Person\",\"@id\":\"https:\/\/sandzakpress.net\/arhiva\/#\/schema\/person\/c8baee722073534b583ea7bdb2e36c02\",\"name\":\"bosniak\",\"image\":{\"@type\":\"ImageObject\",\"inLanguage\":\"bs-BA\",\"@id\":\"https:\/\/sandzakpress.net\/arhiva\/#\/schema\/person\/image\/\",\"url\":\"https:\/\/secure.gravatar.com\/avatar\/a04fd330bfe3a36a72a0ad4a6d89fca7?s=96&d=mm&r=pg\",\"contentUrl\":\"https:\/\/secure.gravatar.com\/avatar\/a04fd330bfe3a36a72a0ad4a6d89fca7?s=96&d=mm&r=pg\",\"caption\":\"bosniak\"},\"url\":\"https:\/\/sandzakpress.net\/arhiva\/author\/bosniak\/\"}]}<\/script>\n<!-- \/ Yoast SEO Premium plugin. -->","yoast_head_json":{"title":"Ambasadorka Vorlik u Novom Pazaru","robots":{"index":"index","follow":"follow","max-snippet":"max-snippet:-1","max-image-preview":"max-image-preview:large","max-video-preview":"max-video-preview:-1"},"canonical":"https:\/\/sandzakpress.net\/arhiva\/ambasadorka-vorlik-u-novom-pazaru\/","og_locale":"bs_BA","og_type":"article","og_title":"Ambasadorka Vorlik u Novom Pazaru","og_description":"Novi Pazar &#8211; Ambasadorka Sjedinjenih Dr\u017eava Meri Vorlik tokom dvodnevne posjete Novom Pazaru 8. i 9. jula 2010. godine. srest \u0107e se sa predstavnicima lokalne poslovne zajednice i privrednicima koji u\u010destvuju u USAID Programu za ja\u010danje ekonomske sigurnosti (PPES) kako bi se na licu mjesta upoznala sa rezultatima podr\u0161ke koju USAID pru\u017ea individualnim preduzetnicima i [&hellip;]","og_url":"https:\/\/sandzakpress.net\/arhiva\/ambasadorka-vorlik-u-novom-pazaru\/","og_site_name":"Sand\u017eak PRESS","article_published_time":"2010-07-08T18:58:52+00:00","og_image":[{"width":380,"height":300,"url":"https:\/\/sandzakpress.net\/arhiva\/wp-content\/uploads\/2010\/07\/0203_ocp_w380_h3001.jpg","type":"image\/jpeg"}],"author":"bosniak","twitter_card":"summary_large_image","twitter_misc":{"Written by":"bosniak","Est. reading time":"2 minute"},"schema":{"@context":"https:\/\/schema.org","@graph":[{"@type":"Article","@id":"https:\/\/sandzakpress.net\/arhiva\/ambasadorka-vorlik-u-novom-pazaru\/#article","isPartOf":{"@id":"https:\/\/sandzakpress.net\/arhiva\/ambasadorka-vorlik-u-novom-pazaru\/"},"author":{"name":"bosniak","@id":"https:\/\/sandzakpress.net\/arhiva\/#\/schema\/person\/c8baee722073534b583ea7bdb2e36c02"},"headline":"Ambasadorka Vorlik u Novom Pazaru","datePublished":"2010-07-08T18:58:52+00:00","mainEntityOfPage":{"@id":"https:\/\/sandzakpress.net\/arhiva\/ambasadorka-vorlik-u-novom-pazaru\/"},"wordCount":436,"commentCount":0,"publisher":{"@id":"https:\/\/sandzakpress.net\/arhiva\/#\/schema\/person\/6e72b67d6e51910a1117b3b483ba20bd"},"image":{"@id":"https:\/\/sandzakpress.net\/arhiva\/ambasadorka-vorlik-u-novom-pazaru\/#primaryimage"},"thumbnailUrl":"https:\/\/sandzakpress.net\/arhiva\/wp-content\/uploads\/2010\/07\/0203_ocp_w380_h3001.jpg","articleSection":["Novi Pazar","Politika"],"inLanguage":"bs-BA","potentialAction":[{"@type":"CommentAction","name":"Comment","target":["https:\/\/sandzakpress.net\/arhiva\/ambasadorka-vorlik-u-novom-pazaru\/#respond"]}]},{"@type":"WebPage","@id":"https:\/\/sandzakpress.net\/arhiva\/ambasadorka-vorlik-u-novom-pazaru\/","url":"https:\/\/sandzakpress.net\/arhiva\/ambasadorka-vorlik-u-novom-pazaru\/","name":"Ambasadorka Vorlik u Novom Pazaru","isPartOf":{"@id":"https:\/\/sandzakpress.net\/arhiva\/#website"},"primaryImageOfPage":{"@id":"https:\/\/sandzakpress.net\/arhiva\/ambasadorka-vorlik-u-novom-pazaru\/#primaryimage"},"image":{"@id":"https:\/\/sandzakpress.net\/arhiva\/ambasadorka-vorlik-u-novom-pazaru\/#primaryimage"},"thumbnailUrl":"https:\/\/sandzakpress.net\/arhiva\/wp-content\/uploads\/2010\/07\/0203_ocp_w380_h3001.jpg","datePublished":"2010-07-08T18:58:52+00:00","breadcrumb":{"@id":"https:\/\/sandzakpress.net\/arhiva\/ambasadorka-vorlik-u-novom-pazaru\/#breadcrumb"},"inLanguage":"bs-BA","potentialAction":[{"@type":"ReadAction","target":["https:\/\/sandzakpress.net\/arhiva\/ambasadorka-vorlik-u-novom-pazaru\/"]}]},{"@type":"ImageObject","inLanguage":"bs-BA","@id":"https:\/\/sandzakpress.net\/arhiva\/ambasadorka-vorlik-u-novom-pazaru\/#primaryimage","url":"https:\/\/sandzakpress.net\/arhiva\/wp-content\/uploads\/2010\/07\/0203_ocp_w380_h3001.jpg","contentUrl":"https:\/\/sandzakpress.net\/arhiva\/wp-content\/uploads\/2010\/07\/0203_ocp_w380_h3001.jpg","width":380,"height":300},{"@type":"BreadcrumbList","@id":"https:\/\/sandzakpress.net\/arhiva\/ambasadorka-vorlik-u-novom-pazaru\/#breadcrumb","itemListElement":[{"@type":"ListItem","position":1,"name":"Home","item":"https:\/\/sandzakpress.net\/arhiva\/"},{"@type":"ListItem","position":2,"name":"Ambasadorka Vorlik u Novom Pazaru"}]},{"@type":"WebSite","@id":"https:\/\/sandzakpress.net\/arhiva\/#website","url":"https:\/\/sandzakpress.net\/arhiva\/","name":"Sand\u017eak PRESS","description":"Prve elektronske novine u Sand\u017eaku","publisher":{"@id":"https:\/\/sandzakpress.net\/arhiva\/#\/schema\/person\/6e72b67d6e51910a1117b3b483ba20bd"},"potentialAction":[{"@type":"SearchAction","target":{"@type":"EntryPoint","urlTemplate":"https:\/\/sandzakpress.net\/arhiva\/?s={search_term_string}"},"query-input":{"@type":"PropertyValueSpecification","valueRequired":true,"valueName":"search_term_string"}}],"inLanguage":"bs-BA"},{"@type":["Person","Organization"],"@id":"https:\/\/sandzakpress.net\/arhiva\/#\/schema\/person\/6e72b67d6e51910a1117b3b483ba20bd","name":"Kul","image":{"@type":"ImageObject","inLanguage":"bs-BA","@id":"https:\/\/sandzakpress.net\/arhiva\/#\/schema\/person\/image\/","url":"https:\/\/secure.gravatar.com\/avatar\/42263f39aa27ac04c43cab85c280eb2e?s=96&d=mm&r=pg","contentUrl":"https:\/\/secure.gravatar.com\/avatar\/42263f39aa27ac04c43cab85c280eb2e?s=96&d=mm&r=pg","caption":"Kul"},"logo":{"@id":"https:\/\/sandzakpress.net\/arhiva\/#\/schema\/person\/image\/"}},{"@type":"Person","@id":"https:\/\/sandzakpress.net\/arhiva\/#\/schema\/person\/c8baee722073534b583ea7bdb2e36c02","name":"bosniak","image":{"@type":"ImageObject","inLanguage":"bs-BA","@id":"https:\/\/sandzakpress.net\/arhiva\/#\/schema\/person\/image\/","url":"https:\/\/secure.gravatar.com\/avatar\/a04fd330bfe3a36a72a0ad4a6d89fca7?s=96&d=mm&r=pg","contentUrl":"https:\/\/secure.gravatar.com\/avatar\/a04fd330bfe3a36a72a0ad4a6d89fca7?s=96&d=mm&r=pg","caption":"bosniak"},"url":"https:\/\/sandzakpress.net\/arhiva\/author\/bosniak\/"}]}},"_links":{"self":[{"href":"https:\/\/sandzakpress.net\/arhiva\/wp-json\/wp\/v2\/posts\/6196"}],"collection":[{"href":"https:\/\/sandzakpress.net\/arhiva\/wp-json\/wp\/v2\/posts"}],"about":[{"href":"https:\/\/sandzakpress.net\/arhiva\/wp-json\/wp\/v2\/types\/post"}],"author":[{"embeddable":true,"href":"https:\/\/sandzakpress.net\/arhiva\/wp-json\/wp\/v2\/users\/83"}],"replies":[{"embeddable":true,"href":"https:\/\/sandzakpress.net\/arhiva\/wp-json\/wp\/v2\/comments?post=6196"}],"version-history":[{"count":0,"href":"https:\/\/sandzakpress.net\/arhiva\/wp-json\/wp\/v2\/posts\/6196\/revisions"}],"wp:featuredmedia":[{"embeddable":true,"href":"https:\/\/sandzakpress.net\/arhiva\/wp-json\/wp\/v2\/media\/6197"}],"wp:attachment":[{"href":"https:\/\/sandzakpress.net\/arhiva\/wp-json\/wp\/v2\/media?parent=6196"}],"wp:term":[{"taxonomy":"category","embeddable":true,"href":"https:\/\/sandzakpress.net\/arhiva\/wp-json\/wp\/v2\/categories?post=6196"},{"taxonomy":"post_tag","embeddable":true,"href":"https:\/\/sandzakpress.net\/arhiva\/wp-json\/wp\/v2\/tags?post=6196"}],"curies":[{"name":"wp","href":"https:\/\/api.w.org\/{rel}","templated":true}]}}