{"id":6193,"date":"2010-07-08T18:44:45","date_gmt":"2010-07-08T18:44:45","guid":{"rendered":"https:\/\/sandzakpress.net\/arhiva\/?p=6193"},"modified":"2010-07-08T18:44:45","modified_gmt":"2010-07-08T18:44:45","slug":"u-novom-pazaru-odrzan-skup-za-prikljucenje-srbije-u-nato","status":"publish","type":"post","link":"https:\/\/sandzakpress.net\/arhiva\/u-novom-pazaru-odrzan-skup-za-prikljucenje-srbije-u-nato\/","title":{"rendered":"U Novom Pazaru odr\u017ean skup za priklju\u010denje Srbije u NATO"},"content":{"rendered":"<p><strong><a href=\"https:\/\/sandzakpress.net\/arhiva\/wp-content\/uploads\/2010\/07\/24262_nato0_f.jpg\"><img loading=\"lazy\" decoding=\"async\" class=\"alignleft size-medium wp-image-6194\" title=\"24262_nato0_f\" src=\"https:\/\/sandzakpress.net\/arhiva\/wp-content\/uploads\/2010\/07\/24262_nato0_f-300x181.jpg\" alt=\"\" width=\"300\" height=\"181\" \/><\/a>Novi Pazar &#8211; U\u010desnici skupa &#8220;Srbija sa jakim saveznicima ili neutralna&#8221;, odr\u017eanog danas u Novom Pazaru, iznijeli su pozitivna mi\u0161ljenja o priklju\u010denju Srbije NATO savezu, ali i da odluku o tome treba da donese dr\u017eavno rukovodstvo.<\/strong><\/p>\n<p>Skup su organizovali Me\u0111unarodni institut za bezbijednost, Odjeljenje za javnu diplomatiju NATO i Sand\u017ea\u010dka demokratska partija \u010diji je generalni sekretar Mirsad Jusufovi\u0107 naglasio da su konferencije poput dana\u0161nje &#8220;odli\u010dan put ka debati o ulasku Srbije u NATO&#8221;.<\/p>\n<p>On je istakao da je ta politi\u010dka stranka uvijek bila za integrisanje Srbije u velike evropske porodice, &#8220;pa samim tim i za ulazak u NATO&#8221;, saop\u0161tili su organizatori konferencije.<\/p>\n<p>Predstavnik Ministarstva odbrane Srbije pukovnik Sava Savi\u0107 je rekao da pitanje ulaska Srbije u vojne saveze, pa samim tim i u NATO, &#8220;nije pitanje za vojsku ve\u0107 da tu odluku treba da donese dr\u017eavno rukovodstvo&#8221;, navodi se u saop\u0161tenju.<\/p>\n<p>Predstavnik Me\u0111unarodnog instituta za bezbijednost Zoran Dragi\u0161i\u0107 je naglasio va\u017enost ulaska Srbije u NATO dok je zvani\u010dnik Odjeljenja za javnu diplomatiju Alijanse Uro\u0161 Zver ponovio da je Srbija dobrodo\u0161la u NATO.<\/p>\n<p>Izvor<strong>: Vesti-online.com<\/strong><\/p>\n","protected":false},"excerpt":{"rendered":"<p>Novi Pazar &#8211; U\u010desnici skupa &#8220;Srbija sa jakim saveznicima ili neutralna&#8221;, odr\u017eanog danas u Novom Pazaru, iznijeli su pozitivna mi\u0161ljenja o priklju\u010denju Srbije NATO savezu, ali i da odluku o tome treba da donese dr\u017eavno rukovodstvo. Skup su organizovali Me\u0111unarodni institut za bezbijednost, Odjeljenje za javnu diplomatiju NATO i Sand\u017ea\u010dka demokratska partija \u010diji je generalni [&hellip;]<\/p>\n","protected":false},"author":83,"featured_media":6194,"comment_status":"open","ping_status":"open","sticky":false,"template":"","format":"standard","meta":{"footnotes":""},"categories":[72,1],"tags":[],"class_list":{"0":"post-6193","1":"post","2":"type-post","3":"status-publish","4":"format-standard","5":"has-post-thumbnail","7":"category-novi-pazar","8":"category-politika"},"yoast_head":"<!-- This site is optimized with the Yoast SEO Premium plugin v23.1 (Yoast SEO v24.9) - https:\/\/yoast.com\/wordpress\/plugins\/seo\/ -->\n<title>U Novom Pazaru odr\u017ean skup za priklju\u010denje Srbije u NATO<\/title>\n<meta name=\"robots\" content=\"index, follow, max-snippet:-1, max-image-preview:large, max-video-preview:-1\" \/>\n<link rel=\"canonical\" href=\"https:\/\/sandzakpress.net\/arhiva\/u-novom-pazaru-odrzan-skup-za-prikljucenje-srbije-u-nato\/\" \/>\n<meta property=\"og:locale\" content=\"bs_BA\" \/>\n<meta property=\"og:type\" content=\"article\" \/>\n<meta property=\"og:title\" content=\"U Novom Pazaru odr\u017ean skup za priklju\u010denje Srbije u NATO\" \/>\n<meta property=\"og:description\" content=\"Novi Pazar &#8211; U\u010desnici skupa &#8220;Srbija sa jakim saveznicima ili neutralna&#8221;, odr\u017eanog danas u Novom Pazaru, iznijeli su pozitivna mi\u0161ljenja o priklju\u010denju Srbije NATO savezu, ali i da odluku o tome treba da donese dr\u017eavno rukovodstvo. Skup su organizovali Me\u0111unarodni institut za bezbijednost, Odjeljenje za javnu diplomatiju NATO i Sand\u017ea\u010dka demokratska partija \u010diji je generalni [&hellip;]\" \/>\n<meta property=\"og:url\" content=\"https:\/\/sandzakpress.net\/arhiva\/u-novom-pazaru-odrzan-skup-za-prikljucenje-srbije-u-nato\/\" \/>\n<meta property=\"og:site_name\" content=\"Sand\u017eak PRESS\" \/>\n<meta property=\"article:published_time\" content=\"2010-07-08T18:44:45+00:00\" \/>\n<meta property=\"og:image\" content=\"https:\/\/sandzakpress.net\/arhiva\/wp-content\/uploads\/2010\/07\/24262_nato0_f.jpg\" \/>\n\t<meta property=\"og:image:width\" content=\"480\" \/>\n\t<meta property=\"og:image:height\" content=\"290\" \/>\n\t<meta property=\"og:image:type\" content=\"image\/jpeg\" \/>\n<meta name=\"author\" content=\"bosniak\" \/>\n<meta name=\"twitter:card\" content=\"summary_large_image\" \/>\n<meta name=\"twitter:label1\" content=\"Written by\" \/>\n\t<meta name=\"twitter:data1\" content=\"bosniak\" \/>\n\t<meta name=\"twitter:label2\" content=\"Est. reading time\" \/>\n\t<meta name=\"twitter:data2\" content=\"1 minuta\" \/>\n<script type=\"application\/ld+json\" class=\"yoast-schema-graph\">{\"@context\":\"https:\/\/schema.org\",\"@graph\":[{\"@type\":\"Article\",\"@id\":\"https:\/\/sandzakpress.net\/arhiva\/u-novom-pazaru-odrzan-skup-za-prikljucenje-srbije-u-nato\/#article\",\"isPartOf\":{\"@id\":\"https:\/\/sandzakpress.net\/arhiva\/u-novom-pazaru-odrzan-skup-za-prikljucenje-srbije-u-nato\/\"},\"author\":{\"name\":\"bosniak\",\"@id\":\"https:\/\/sandzakpress.net\/arhiva\/#\/schema\/person\/c8baee722073534b583ea7bdb2e36c02\"},\"headline\":\"U Novom Pazaru odr\u017ean skup za priklju\u010denje Srbije u NATO\",\"datePublished\":\"2010-07-08T18:44:45+00:00\",\"mainEntityOfPage\":{\"@id\":\"https:\/\/sandzakpress.net\/arhiva\/u-novom-pazaru-odrzan-skup-za-prikljucenje-srbije-u-nato\/\"},\"wordCount\":206,\"commentCount\":0,\"publisher\":{\"@id\":\"https:\/\/sandzakpress.net\/arhiva\/#\/schema\/person\/6e72b67d6e51910a1117b3b483ba20bd\"},\"image\":{\"@id\":\"https:\/\/sandzakpress.net\/arhiva\/u-novom-pazaru-odrzan-skup-za-prikljucenje-srbije-u-nato\/#primaryimage\"},\"thumbnailUrl\":\"https:\/\/sandzakpress.net\/arhiva\/wp-content\/uploads\/2010\/07\/24262_nato0_f.jpg\",\"articleSection\":[\"Novi Pazar\",\"Politika\"],\"inLanguage\":\"bs-BA\",\"potentialAction\":[{\"@type\":\"CommentAction\",\"name\":\"Comment\",\"target\":[\"https:\/\/sandzakpress.net\/arhiva\/u-novom-pazaru-odrzan-skup-za-prikljucenje-srbije-u-nato\/#respond\"]}]},{\"@type\":\"WebPage\",\"@id\":\"https:\/\/sandzakpress.net\/arhiva\/u-novom-pazaru-odrzan-skup-za-prikljucenje-srbije-u-nato\/\",\"url\":\"https:\/\/sandzakpress.net\/arhiva\/u-novom-pazaru-odrzan-skup-za-prikljucenje-srbije-u-nato\/\",\"name\":\"U Novom Pazaru odr\u017ean skup za priklju\u010denje Srbije u NATO\",\"isPartOf\":{\"@id\":\"https:\/\/sandzakpress.net\/arhiva\/#website\"},\"primaryImageOfPage\":{\"@id\":\"https:\/\/sandzakpress.net\/arhiva\/u-novom-pazaru-odrzan-skup-za-prikljucenje-srbije-u-nato\/#primaryimage\"},\"image\":{\"@id\":\"https:\/\/sandzakpress.net\/arhiva\/u-novom-pazaru-odrzan-skup-za-prikljucenje-srbije-u-nato\/#primaryimage\"},\"thumbnailUrl\":\"https:\/\/sandzakpress.net\/arhiva\/wp-content\/uploads\/2010\/07\/24262_nato0_f.jpg\",\"datePublished\":\"2010-07-08T18:44:45+00:00\",\"breadcrumb\":{\"@id\":\"https:\/\/sandzakpress.net\/arhiva\/u-novom-pazaru-odrzan-skup-za-prikljucenje-srbije-u-nato\/#breadcrumb\"},\"inLanguage\":\"bs-BA\",\"potentialAction\":[{\"@type\":\"ReadAction\",\"target\":[\"https:\/\/sandzakpress.net\/arhiva\/u-novom-pazaru-odrzan-skup-za-prikljucenje-srbije-u-nato\/\"]}]},{\"@type\":\"ImageObject\",\"inLanguage\":\"bs-BA\",\"@id\":\"https:\/\/sandzakpress.net\/arhiva\/u-novom-pazaru-odrzan-skup-za-prikljucenje-srbije-u-nato\/#primaryimage\",\"url\":\"https:\/\/sandzakpress.net\/arhiva\/wp-content\/uploads\/2010\/07\/24262_nato0_f.jpg\",\"contentUrl\":\"https:\/\/sandzakpress.net\/arhiva\/wp-content\/uploads\/2010\/07\/24262_nato0_f.jpg\",\"width\":480,\"height\":290},{\"@type\":\"BreadcrumbList\",\"@id\":\"https:\/\/sandzakpress.net\/arhiva\/u-novom-pazaru-odrzan-skup-za-prikljucenje-srbije-u-nato\/#breadcrumb\",\"itemListElement\":[{\"@type\":\"ListItem\",\"position\":1,\"name\":\"Home\",\"item\":\"https:\/\/sandzakpress.net\/arhiva\/\"},{\"@type\":\"ListItem\",\"position\":2,\"name\":\"U Novom Pazaru odr\u017ean skup za priklju\u010denje Srbije u NATO\"}]},{\"@type\":\"WebSite\",\"@id\":\"https:\/\/sandzakpress.net\/arhiva\/#website\",\"url\":\"https:\/\/sandzakpress.net\/arhiva\/\",\"name\":\"Sand\u017eak PRESS\",\"description\":\"Prve elektronske novine u Sand\u017eaku\",\"publisher\":{\"@id\":\"https:\/\/sandzakpress.net\/arhiva\/#\/schema\/person\/6e72b67d6e51910a1117b3b483ba20bd\"},\"potentialAction\":[{\"@type\":\"SearchAction\",\"target\":{\"@type\":\"EntryPoint\",\"urlTemplate\":\"https:\/\/sandzakpress.net\/arhiva\/?s={search_term_string}\"},\"query-input\":{\"@type\":\"PropertyValueSpecification\",\"valueRequired\":true,\"valueName\":\"search_term_string\"}}],\"inLanguage\":\"bs-BA\"},{\"@type\":[\"Person\",\"Organization\"],\"@id\":\"https:\/\/sandzakpress.net\/arhiva\/#\/schema\/person\/6e72b67d6e51910a1117b3b483ba20bd\",\"name\":\"Kul\",\"image\":{\"@type\":\"ImageObject\",\"inLanguage\":\"bs-BA\",\"@id\":\"https:\/\/sandzakpress.net\/arhiva\/#\/schema\/person\/image\/\",\"url\":\"https:\/\/secure.gravatar.com\/avatar\/42263f39aa27ac04c43cab85c280eb2e?s=96&d=mm&r=pg\",\"contentUrl\":\"https:\/\/secure.gravatar.com\/avatar\/42263f39aa27ac04c43cab85c280eb2e?s=96&d=mm&r=pg\",\"caption\":\"Kul\"},\"logo\":{\"@id\":\"https:\/\/sandzakpress.net\/arhiva\/#\/schema\/person\/image\/\"}},{\"@type\":\"Person\",\"@id\":\"https:\/\/sandzakpress.net\/arhiva\/#\/schema\/person\/c8baee722073534b583ea7bdb2e36c02\",\"name\":\"bosniak\",\"image\":{\"@type\":\"ImageObject\",\"inLanguage\":\"bs-BA\",\"@id\":\"https:\/\/sandzakpress.net\/arhiva\/#\/schema\/person\/image\/\",\"url\":\"https:\/\/secure.gravatar.com\/avatar\/a04fd330bfe3a36a72a0ad4a6d89fca7?s=96&d=mm&r=pg\",\"contentUrl\":\"https:\/\/secure.gravatar.com\/avatar\/a04fd330bfe3a36a72a0ad4a6d89fca7?s=96&d=mm&r=pg\",\"caption\":\"bosniak\"},\"url\":\"https:\/\/sandzakpress.net\/arhiva\/author\/bosniak\/\"}]}<\/script>\n<!-- \/ Yoast SEO Premium plugin. -->","yoast_head_json":{"title":"U Novom Pazaru odr\u017ean skup za priklju\u010denje Srbije u NATO","robots":{"index":"index","follow":"follow","max-snippet":"max-snippet:-1","max-image-preview":"max-image-preview:large","max-video-preview":"max-video-preview:-1"},"canonical":"https:\/\/sandzakpress.net\/arhiva\/u-novom-pazaru-odrzan-skup-za-prikljucenje-srbije-u-nato\/","og_locale":"bs_BA","og_type":"article","og_title":"U Novom Pazaru odr\u017ean skup za priklju\u010denje Srbije u NATO","og_description":"Novi Pazar &#8211; U\u010desnici skupa &#8220;Srbija sa jakim saveznicima ili neutralna&#8221;, odr\u017eanog danas u Novom Pazaru, iznijeli su pozitivna mi\u0161ljenja o priklju\u010denju Srbije NATO savezu, ali i da odluku o tome treba da donese dr\u017eavno rukovodstvo. Skup su organizovali Me\u0111unarodni institut za bezbijednost, Odjeljenje za javnu diplomatiju NATO i Sand\u017ea\u010dka demokratska partija \u010diji je generalni [&hellip;]","og_url":"https:\/\/sandzakpress.net\/arhiva\/u-novom-pazaru-odrzan-skup-za-prikljucenje-srbije-u-nato\/","og_site_name":"Sand\u017eak PRESS","article_published_time":"2010-07-08T18:44:45+00:00","og_image":[{"width":480,"height":290,"url":"https:\/\/sandzakpress.net\/arhiva\/wp-content\/uploads\/2010\/07\/24262_nato0_f.jpg","type":"image\/jpeg"}],"author":"bosniak","twitter_card":"summary_large_image","twitter_misc":{"Written by":"bosniak","Est. reading time":"1 minuta"},"schema":{"@context":"https:\/\/schema.org","@graph":[{"@type":"Article","@id":"https:\/\/sandzakpress.net\/arhiva\/u-novom-pazaru-odrzan-skup-za-prikljucenje-srbije-u-nato\/#article","isPartOf":{"@id":"https:\/\/sandzakpress.net\/arhiva\/u-novom-pazaru-odrzan-skup-za-prikljucenje-srbije-u-nato\/"},"author":{"name":"bosniak","@id":"https:\/\/sandzakpress.net\/arhiva\/#\/schema\/person\/c8baee722073534b583ea7bdb2e36c02"},"headline":"U Novom Pazaru odr\u017ean skup za priklju\u010denje Srbije u NATO","datePublished":"2010-07-08T18:44:45+00:00","mainEntityOfPage":{"@id":"https:\/\/sandzakpress.net\/arhiva\/u-novom-pazaru-odrzan-skup-za-prikljucenje-srbije-u-nato\/"},"wordCount":206,"commentCount":0,"publisher":{"@id":"https:\/\/sandzakpress.net\/arhiva\/#\/schema\/person\/6e72b67d6e51910a1117b3b483ba20bd"},"image":{"@id":"https:\/\/sandzakpress.net\/arhiva\/u-novom-pazaru-odrzan-skup-za-prikljucenje-srbije-u-nato\/#primaryimage"},"thumbnailUrl":"https:\/\/sandzakpress.net\/arhiva\/wp-content\/uploads\/2010\/07\/24262_nato0_f.jpg","articleSection":["Novi Pazar","Politika"],"inLanguage":"bs-BA","potentialAction":[{"@type":"CommentAction","name":"Comment","target":["https:\/\/sandzakpress.net\/arhiva\/u-novom-pazaru-odrzan-skup-za-prikljucenje-srbije-u-nato\/#respond"]}]},{"@type":"WebPage","@id":"https:\/\/sandzakpress.net\/arhiva\/u-novom-pazaru-odrzan-skup-za-prikljucenje-srbije-u-nato\/","url":"https:\/\/sandzakpress.net\/arhiva\/u-novom-pazaru-odrzan-skup-za-prikljucenje-srbije-u-nato\/","name":"U Novom Pazaru odr\u017ean skup za priklju\u010denje Srbije u NATO","isPartOf":{"@id":"https:\/\/sandzakpress.net\/arhiva\/#website"},"primaryImageOfPage":{"@id":"https:\/\/sandzakpress.net\/arhiva\/u-novom-pazaru-odrzan-skup-za-prikljucenje-srbije-u-nato\/#primaryimage"},"image":{"@id":"https:\/\/sandzakpress.net\/arhiva\/u-novom-pazaru-odrzan-skup-za-prikljucenje-srbije-u-nato\/#primaryimage"},"thumbnailUrl":"https:\/\/sandzakpress.net\/arhiva\/wp-content\/uploads\/2010\/07\/24262_nato0_f.jpg","datePublished":"2010-07-08T18:44:45+00:00","breadcrumb":{"@id":"https:\/\/sandzakpress.net\/arhiva\/u-novom-pazaru-odrzan-skup-za-prikljucenje-srbije-u-nato\/#breadcrumb"},"inLanguage":"bs-BA","potentialAction":[{"@type":"ReadAction","target":["https:\/\/sandzakpress.net\/arhiva\/u-novom-pazaru-odrzan-skup-za-prikljucenje-srbije-u-nato\/"]}]},{"@type":"ImageObject","inLanguage":"bs-BA","@id":"https:\/\/sandzakpress.net\/arhiva\/u-novom-pazaru-odrzan-skup-za-prikljucenje-srbije-u-nato\/#primaryimage","url":"https:\/\/sandzakpress.net\/arhiva\/wp-content\/uploads\/2010\/07\/24262_nato0_f.jpg","contentUrl":"https:\/\/sandzakpress.net\/arhiva\/wp-content\/uploads\/2010\/07\/24262_nato0_f.jpg","width":480,"height":290},{"@type":"BreadcrumbList","@id":"https:\/\/sandzakpress.net\/arhiva\/u-novom-pazaru-odrzan-skup-za-prikljucenje-srbije-u-nato\/#breadcrumb","itemListElement":[{"@type":"ListItem","position":1,"name":"Home","item":"https:\/\/sandzakpress.net\/arhiva\/"},{"@type":"ListItem","position":2,"name":"U Novom Pazaru odr\u017ean skup za priklju\u010denje Srbije u NATO"}]},{"@type":"WebSite","@id":"https:\/\/sandzakpress.net\/arhiva\/#website","url":"https:\/\/sandzakpress.net\/arhiva\/","name":"Sand\u017eak PRESS","description":"Prve elektronske novine u Sand\u017eaku","publisher":{"@id":"https:\/\/sandzakpress.net\/arhiva\/#\/schema\/person\/6e72b67d6e51910a1117b3b483ba20bd"},"potentialAction":[{"@type":"SearchAction","target":{"@type":"EntryPoint","urlTemplate":"https:\/\/sandzakpress.net\/arhiva\/?s={search_term_string}"},"query-input":{"@type":"PropertyValueSpecification","valueRequired":true,"valueName":"search_term_string"}}],"inLanguage":"bs-BA"},{"@type":["Person","Organization"],"@id":"https:\/\/sandzakpress.net\/arhiva\/#\/schema\/person\/6e72b67d6e51910a1117b3b483ba20bd","name":"Kul","image":{"@type":"ImageObject","inLanguage":"bs-BA","@id":"https:\/\/sandzakpress.net\/arhiva\/#\/schema\/person\/image\/","url":"https:\/\/secure.gravatar.com\/avatar\/42263f39aa27ac04c43cab85c280eb2e?s=96&d=mm&r=pg","contentUrl":"https:\/\/secure.gravatar.com\/avatar\/42263f39aa27ac04c43cab85c280eb2e?s=96&d=mm&r=pg","caption":"Kul"},"logo":{"@id":"https:\/\/sandzakpress.net\/arhiva\/#\/schema\/person\/image\/"}},{"@type":"Person","@id":"https:\/\/sandzakpress.net\/arhiva\/#\/schema\/person\/c8baee722073534b583ea7bdb2e36c02","name":"bosniak","image":{"@type":"ImageObject","inLanguage":"bs-BA","@id":"https:\/\/sandzakpress.net\/arhiva\/#\/schema\/person\/image\/","url":"https:\/\/secure.gravatar.com\/avatar\/a04fd330bfe3a36a72a0ad4a6d89fca7?s=96&d=mm&r=pg","contentUrl":"https:\/\/secure.gravatar.com\/avatar\/a04fd330bfe3a36a72a0ad4a6d89fca7?s=96&d=mm&r=pg","caption":"bosniak"},"url":"https:\/\/sandzakpress.net\/arhiva\/author\/bosniak\/"}]}},"_links":{"self":[{"href":"https:\/\/sandzakpress.net\/arhiva\/wp-json\/wp\/v2\/posts\/6193"}],"collection":[{"href":"https:\/\/sandzakpress.net\/arhiva\/wp-json\/wp\/v2\/posts"}],"about":[{"href":"https:\/\/sandzakpress.net\/arhiva\/wp-json\/wp\/v2\/types\/post"}],"author":[{"embeddable":true,"href":"https:\/\/sandzakpress.net\/arhiva\/wp-json\/wp\/v2\/users\/83"}],"replies":[{"embeddable":true,"href":"https:\/\/sandzakpress.net\/arhiva\/wp-json\/wp\/v2\/comments?post=6193"}],"version-history":[{"count":0,"href":"https:\/\/sandzakpress.net\/arhiva\/wp-json\/wp\/v2\/posts\/6193\/revisions"}],"wp:featuredmedia":[{"embeddable":true,"href":"https:\/\/sandzakpress.net\/arhiva\/wp-json\/wp\/v2\/media\/6194"}],"wp:attachment":[{"href":"https:\/\/sandzakpress.net\/arhiva\/wp-json\/wp\/v2\/media?parent=6193"}],"wp:term":[{"taxonomy":"category","embeddable":true,"href":"https:\/\/sandzakpress.net\/arhiva\/wp-json\/wp\/v2\/categories?post=6193"},{"taxonomy":"post_tag","embeddable":true,"href":"https:\/\/sandzakpress.net\/arhiva\/wp-json\/wp\/v2\/tags?post=6193"}],"curies":[{"name":"wp","href":"https:\/\/api.w.org\/{rel}","templated":true}]}}