{"id":61615,"date":"2013-01-10T14:56:23","date_gmt":"2013-01-10T13:56:23","guid":{"rendered":"https:\/\/sandzakpress.net\/arhiva\/?p=61615"},"modified":"2013-01-10T14:56:23","modified_gmt":"2013-01-10T13:56:23","slug":"bosnjacka-stranka-pozdravlja-rezultate-referenduma-u-gusinju","status":"publish","type":"post","link":"https:\/\/sandzakpress.net\/arhiva\/bosnjacka-stranka-pozdravlja-rezultate-referenduma-u-gusinju\/","title":{"rendered":"Bo\u0161nja\u010dka stranka pozdravlja rezultate referenduma u Gusinju"},"content":{"rendered":"<p><strong><a href=\"https:\/\/sandzakpress.net\/arhiva\/wp-content\/uploads\/2013\/01\/gusinje1.jpg\"><img loading=\"lazy\" decoding=\"async\" class=\"alignleft size-medium wp-image-61617\" title=\"gusinje\" src=\"https:\/\/sandzakpress.net\/arhiva\/wp-content\/uploads\/2013\/01\/gusinje1-300x225.jpg\" alt=\"\" width=\"300\" height=\"225\" \/><\/a>Plav &#8211; Bo\u0161nja\u010dka stranka pozdravlja rezultate konsultativnog referenduma gra\u0111ana op\u0161tine Plav o inicijativi za vra\u0107anje statusa op\u0161tine Gusinje. <\/strong><\/p>\n<p>Smatramo da je iskazana volja gra\u0111ana jasan pokazatelj vi\u0161edecenijskih napora Gusinjana da povrate op\u0161tinu koja im je nepravedno oduzeta.<\/p>\n<p>Vra\u0107anjem statusa op\u0161tine Gusinju sprije\u010di\u0107e se dalje migracije stanovni\u0161tva, \u0161to \u0107e pozitivno uticati na demografsku sliku kako tog kraja,\u00a0 tako i dr\u017eave.<\/p>\n<p>O\u010dekujemo da \u0107e Vlada , kao i u slu\u010daju op\u0161tine Petnjica, dati pozitivno mi\u0161ljenje o osnivanju op\u0161tine Gusinje, a da \u0107e nakon toga i u Skup\u0161tini biti potvrdjena odluka o osnivanju ove op\u0161tine. Ovo je jo\u0161 jedan u nizu pozitivnih odluka u domenu politike lokalne samouprave, koji \u0107e afirmativno uticati na proces evropskih integracija Crne Gore.<\/p>\n<p>Jasno je da sada treba raditi na izgradnji infrastrukturnih projekata koji \u0107e zadovoljiti potrebe gra\u0111ana Gusinja. Tako\u0111e, treba raditi na privla\u010denju investicija. Brojna dijaspora iz ovoga kraja koja je\u00a0 dala veliki doprinos u obnovi dr\u017eavnosti Crne Gore, zainteresovana je\u00a0 za ulaganje u ovaj kraj, a dr\u017eava treba stvarati uslove da im se to omogu\u0107i. Kao i do sada, Bo\u0161nja\u010dka stranka \u0107e sna\u017eno raditi na \u0161to br\u017eem ispunjenju ovih su\u0161tinskih potreba gra\u0111ana budu\u0107e op\u0161tine Gusinje.<\/p>\n<p>Op\u0161tina Gusinje jeste jedan od osnovnih programskih i politi\u010dkih na\u010dela Bo\u0161nja\u010dke stranke. U materijalizaciji ovog programskog i politi\u010dkog na\u010dela neupitna i svesrdna podr\u0161ka Bo\u0161nja\u010dke stranke nije izostala ni jednog trenutka. Vra\u0107anje statusa op\u0161tine Gusinju smatramo za istorijsku pravdu i jo\u0161 jednom gra\u0111anima ove budu\u0107e op\u0161tine \u010destitamo izuzetan uspjeh.<\/p>\n<p>(BSCG)<\/p>\n","protected":false},"excerpt":{"rendered":"<p>Plav &#8211; Bo\u0161nja\u010dka stranka pozdravlja rezultate konsultativnog referenduma gra\u0111ana op\u0161tine Plav o inicijativi za vra\u0107anje statusa op\u0161tine Gusinje. Smatramo da je iskazana volja gra\u0111ana jasan pokazatelj vi\u0161edecenijskih napora Gusinjana da povrate op\u0161tinu koja im je nepravedno oduzeta. Vra\u0107anjem statusa op\u0161tine Gusinju sprije\u010di\u0107e se dalje migracije stanovni\u0161tva, \u0161to \u0107e pozitivno uticati na demografsku sliku kako tog [&hellip;]<\/p>\n","protected":false},"author":16,"featured_media":61617,"comment_status":"open","ping_status":"open","sticky":false,"template":"","format":"standard","meta":{"footnotes":""},"categories":[1,399],"tags":[],"class_list":{"0":"post-61615","1":"post","2":"type-post","3":"status-publish","4":"format-standard","5":"has-post-thumbnail","7":"category-politika","8":"category-plav_"},"yoast_head":"<!-- This site is optimized with the Yoast SEO Premium plugin v23.1 (Yoast SEO v24.9) - https:\/\/yoast.com\/wordpress\/plugins\/seo\/ -->\n<title>Bo\u0161nja\u010dka stranka pozdravlja rezultate referenduma u Gusinju<\/title>\n<meta name=\"robots\" content=\"index, follow, max-snippet:-1, max-image-preview:large, max-video-preview:-1\" \/>\n<link rel=\"canonical\" href=\"https:\/\/sandzakpress.net\/arhiva\/bosnjacka-stranka-pozdravlja-rezultate-referenduma-u-gusinju\/\" \/>\n<meta property=\"og:locale\" content=\"bs_BA\" \/>\n<meta property=\"og:type\" content=\"article\" \/>\n<meta property=\"og:title\" content=\"Bo\u0161nja\u010dka stranka pozdravlja rezultate referenduma u Gusinju\" \/>\n<meta property=\"og:description\" content=\"Plav &#8211; Bo\u0161nja\u010dka stranka pozdravlja rezultate konsultativnog referenduma gra\u0111ana op\u0161tine Plav o inicijativi za vra\u0107anje statusa op\u0161tine Gusinje. Smatramo da je iskazana volja gra\u0111ana jasan pokazatelj vi\u0161edecenijskih napora Gusinjana da povrate op\u0161tinu koja im je nepravedno oduzeta. Vra\u0107anjem statusa op\u0161tine Gusinju sprije\u010di\u0107e se dalje migracije stanovni\u0161tva, \u0161to \u0107e pozitivno uticati na demografsku sliku kako tog [&hellip;]\" \/>\n<meta property=\"og:url\" content=\"https:\/\/sandzakpress.net\/arhiva\/bosnjacka-stranka-pozdravlja-rezultate-referenduma-u-gusinju\/\" \/>\n<meta property=\"og:site_name\" content=\"Sand\u017eak PRESS\" \/>\n<meta property=\"article:published_time\" content=\"2013-01-10T13:56:23+00:00\" \/>\n<meta property=\"og:image\" content=\"https:\/\/sandzakpress.net\/arhiva\/wp-content\/uploads\/2013\/01\/gusinje1.jpg\" \/>\n\t<meta property=\"og:image:width\" content=\"616\" \/>\n\t<meta property=\"og:image:height\" content=\"462\" \/>\n\t<meta property=\"og:image:type\" content=\"image\/jpeg\" \/>\n<meta name=\"twitter:card\" content=\"summary_large_image\" \/>\n<meta name=\"twitter:label1\" content=\"Written by\" \/>\n\t<meta name=\"twitter:data1\" content=\"\" \/>\n\t<meta name=\"twitter:label2\" content=\"Est. reading time\" \/>\n\t<meta name=\"twitter:data2\" content=\"1 minuta\" \/>\n<script type=\"application\/ld+json\" class=\"yoast-schema-graph\">{\"@context\":\"https:\/\/schema.org\",\"@graph\":[{\"@type\":\"Article\",\"@id\":\"https:\/\/sandzakpress.net\/arhiva\/bosnjacka-stranka-pozdravlja-rezultate-referenduma-u-gusinju\/#article\",\"isPartOf\":{\"@id\":\"https:\/\/sandzakpress.net\/arhiva\/bosnjacka-stranka-pozdravlja-rezultate-referenduma-u-gusinju\/\"},\"author\":{\"name\":\"\",\"@id\":\"\"},\"headline\":\"Bo\u0161nja\u010dka stranka pozdravlja rezultate referenduma u Gusinju\",\"datePublished\":\"2013-01-10T13:56:23+00:00\",\"mainEntityOfPage\":{\"@id\":\"https:\/\/sandzakpress.net\/arhiva\/bosnjacka-stranka-pozdravlja-rezultate-referenduma-u-gusinju\/\"},\"wordCount\":297,\"commentCount\":0,\"publisher\":{\"@id\":\"https:\/\/sandzakpress.net\/arhiva\/#\/schema\/person\/6e72b67d6e51910a1117b3b483ba20bd\"},\"image\":{\"@id\":\"https:\/\/sandzakpress.net\/arhiva\/bosnjacka-stranka-pozdravlja-rezultate-referenduma-u-gusinju\/#primaryimage\"},\"thumbnailUrl\":\"https:\/\/sandzakpress.net\/arhiva\/wp-content\/uploads\/2013\/01\/gusinje1.jpg\",\"articleSection\":[\"Politika\",\"Plav\"],\"inLanguage\":\"bs-BA\",\"potentialAction\":[{\"@type\":\"CommentAction\",\"name\":\"Comment\",\"target\":[\"https:\/\/sandzakpress.net\/arhiva\/bosnjacka-stranka-pozdravlja-rezultate-referenduma-u-gusinju\/#respond\"]}]},{\"@type\":\"WebPage\",\"@id\":\"https:\/\/sandzakpress.net\/arhiva\/bosnjacka-stranka-pozdravlja-rezultate-referenduma-u-gusinju\/\",\"url\":\"https:\/\/sandzakpress.net\/arhiva\/bosnjacka-stranka-pozdravlja-rezultate-referenduma-u-gusinju\/\",\"name\":\"Bo\u0161nja\u010dka stranka pozdravlja rezultate referenduma u Gusinju\",\"isPartOf\":{\"@id\":\"https:\/\/sandzakpress.net\/arhiva\/#website\"},\"primaryImageOfPage\":{\"@id\":\"https:\/\/sandzakpress.net\/arhiva\/bosnjacka-stranka-pozdravlja-rezultate-referenduma-u-gusinju\/#primaryimage\"},\"image\":{\"@id\":\"https:\/\/sandzakpress.net\/arhiva\/bosnjacka-stranka-pozdravlja-rezultate-referenduma-u-gusinju\/#primaryimage\"},\"thumbnailUrl\":\"https:\/\/sandzakpress.net\/arhiva\/wp-content\/uploads\/2013\/01\/gusinje1.jpg\",\"datePublished\":\"2013-01-10T13:56:23+00:00\",\"breadcrumb\":{\"@id\":\"https:\/\/sandzakpress.net\/arhiva\/bosnjacka-stranka-pozdravlja-rezultate-referenduma-u-gusinju\/#breadcrumb\"},\"inLanguage\":\"bs-BA\",\"potentialAction\":[{\"@type\":\"ReadAction\",\"target\":[\"https:\/\/sandzakpress.net\/arhiva\/bosnjacka-stranka-pozdravlja-rezultate-referenduma-u-gusinju\/\"]}]},{\"@type\":\"ImageObject\",\"inLanguage\":\"bs-BA\",\"@id\":\"https:\/\/sandzakpress.net\/arhiva\/bosnjacka-stranka-pozdravlja-rezultate-referenduma-u-gusinju\/#primaryimage\",\"url\":\"https:\/\/sandzakpress.net\/arhiva\/wp-content\/uploads\/2013\/01\/gusinje1.jpg\",\"contentUrl\":\"https:\/\/sandzakpress.net\/arhiva\/wp-content\/uploads\/2013\/01\/gusinje1.jpg\",\"width\":616,\"height\":462},{\"@type\":\"BreadcrumbList\",\"@id\":\"https:\/\/sandzakpress.net\/arhiva\/bosnjacka-stranka-pozdravlja-rezultate-referenduma-u-gusinju\/#breadcrumb\",\"itemListElement\":[{\"@type\":\"ListItem\",\"position\":1,\"name\":\"Home\",\"item\":\"https:\/\/sandzakpress.net\/arhiva\/\"},{\"@type\":\"ListItem\",\"position\":2,\"name\":\"Bo\u0161nja\u010dka stranka pozdravlja rezultate referenduma u Gusinju\"}]},{\"@type\":\"WebSite\",\"@id\":\"https:\/\/sandzakpress.net\/arhiva\/#website\",\"url\":\"https:\/\/sandzakpress.net\/arhiva\/\",\"name\":\"Sand\u017eak PRESS\",\"description\":\"Prve elektronske novine u Sand\u017eaku\",\"publisher\":{\"@id\":\"https:\/\/sandzakpress.net\/arhiva\/#\/schema\/person\/6e72b67d6e51910a1117b3b483ba20bd\"},\"potentialAction\":[{\"@type\":\"SearchAction\",\"target\":{\"@type\":\"EntryPoint\",\"urlTemplate\":\"https:\/\/sandzakpress.net\/arhiva\/?s={search_term_string}\"},\"query-input\":{\"@type\":\"PropertyValueSpecification\",\"valueRequired\":true,\"valueName\":\"search_term_string\"}}],\"inLanguage\":\"bs-BA\"},{\"@type\":[\"Person\",\"Organization\"],\"@id\":\"https:\/\/sandzakpress.net\/arhiva\/#\/schema\/person\/6e72b67d6e51910a1117b3b483ba20bd\",\"name\":\"Kul\",\"image\":{\"@type\":\"ImageObject\",\"inLanguage\":\"bs-BA\",\"@id\":\"https:\/\/sandzakpress.net\/arhiva\/#\/schema\/person\/image\/\",\"url\":\"https:\/\/secure.gravatar.com\/avatar\/42263f39aa27ac04c43cab85c280eb2e?s=96&d=mm&r=pg\",\"contentUrl\":\"https:\/\/secure.gravatar.com\/avatar\/42263f39aa27ac04c43cab85c280eb2e?s=96&d=mm&r=pg\",\"caption\":\"Kul\"},\"logo\":{\"@id\":\"https:\/\/sandzakpress.net\/arhiva\/#\/schema\/person\/image\/\"}},{\"@type\":\"Person\",\"@id\":\"\",\"url\":\"https:\/\/sandzakpress.net\/arhiva\/author\/\"}]}<\/script>\n<!-- \/ Yoast SEO Premium plugin. -->","yoast_head_json":{"title":"Bo\u0161nja\u010dka stranka pozdravlja rezultate referenduma u Gusinju","robots":{"index":"index","follow":"follow","max-snippet":"max-snippet:-1","max-image-preview":"max-image-preview:large","max-video-preview":"max-video-preview:-1"},"canonical":"https:\/\/sandzakpress.net\/arhiva\/bosnjacka-stranka-pozdravlja-rezultate-referenduma-u-gusinju\/","og_locale":"bs_BA","og_type":"article","og_title":"Bo\u0161nja\u010dka stranka pozdravlja rezultate referenduma u Gusinju","og_description":"Plav &#8211; Bo\u0161nja\u010dka stranka pozdravlja rezultate konsultativnog referenduma gra\u0111ana op\u0161tine Plav o inicijativi za vra\u0107anje statusa op\u0161tine Gusinje. Smatramo da je iskazana volja gra\u0111ana jasan pokazatelj vi\u0161edecenijskih napora Gusinjana da povrate op\u0161tinu koja im je nepravedno oduzeta. Vra\u0107anjem statusa op\u0161tine Gusinju sprije\u010di\u0107e se dalje migracije stanovni\u0161tva, \u0161to \u0107e pozitivno uticati na demografsku sliku kako tog [&hellip;]","og_url":"https:\/\/sandzakpress.net\/arhiva\/bosnjacka-stranka-pozdravlja-rezultate-referenduma-u-gusinju\/","og_site_name":"Sand\u017eak PRESS","article_published_time":"2013-01-10T13:56:23+00:00","og_image":[{"width":616,"height":462,"url":"https:\/\/sandzakpress.net\/arhiva\/wp-content\/uploads\/2013\/01\/gusinje1.jpg","type":"image\/jpeg"}],"twitter_card":"summary_large_image","twitter_misc":{"Written by":"","Est. reading time":"1 minuta"},"schema":{"@context":"https:\/\/schema.org","@graph":[{"@type":"Article","@id":"https:\/\/sandzakpress.net\/arhiva\/bosnjacka-stranka-pozdravlja-rezultate-referenduma-u-gusinju\/#article","isPartOf":{"@id":"https:\/\/sandzakpress.net\/arhiva\/bosnjacka-stranka-pozdravlja-rezultate-referenduma-u-gusinju\/"},"author":{"name":"","@id":""},"headline":"Bo\u0161nja\u010dka stranka pozdravlja rezultate referenduma u Gusinju","datePublished":"2013-01-10T13:56:23+00:00","mainEntityOfPage":{"@id":"https:\/\/sandzakpress.net\/arhiva\/bosnjacka-stranka-pozdravlja-rezultate-referenduma-u-gusinju\/"},"wordCount":297,"commentCount":0,"publisher":{"@id":"https:\/\/sandzakpress.net\/arhiva\/#\/schema\/person\/6e72b67d6e51910a1117b3b483ba20bd"},"image":{"@id":"https:\/\/sandzakpress.net\/arhiva\/bosnjacka-stranka-pozdravlja-rezultate-referenduma-u-gusinju\/#primaryimage"},"thumbnailUrl":"https:\/\/sandzakpress.net\/arhiva\/wp-content\/uploads\/2013\/01\/gusinje1.jpg","articleSection":["Politika","Plav"],"inLanguage":"bs-BA","potentialAction":[{"@type":"CommentAction","name":"Comment","target":["https:\/\/sandzakpress.net\/arhiva\/bosnjacka-stranka-pozdravlja-rezultate-referenduma-u-gusinju\/#respond"]}]},{"@type":"WebPage","@id":"https:\/\/sandzakpress.net\/arhiva\/bosnjacka-stranka-pozdravlja-rezultate-referenduma-u-gusinju\/","url":"https:\/\/sandzakpress.net\/arhiva\/bosnjacka-stranka-pozdravlja-rezultate-referenduma-u-gusinju\/","name":"Bo\u0161nja\u010dka stranka pozdravlja rezultate referenduma u Gusinju","isPartOf":{"@id":"https:\/\/sandzakpress.net\/arhiva\/#website"},"primaryImageOfPage":{"@id":"https:\/\/sandzakpress.net\/arhiva\/bosnjacka-stranka-pozdravlja-rezultate-referenduma-u-gusinju\/#primaryimage"},"image":{"@id":"https:\/\/sandzakpress.net\/arhiva\/bosnjacka-stranka-pozdravlja-rezultate-referenduma-u-gusinju\/#primaryimage"},"thumbnailUrl":"https:\/\/sandzakpress.net\/arhiva\/wp-content\/uploads\/2013\/01\/gusinje1.jpg","datePublished":"2013-01-10T13:56:23+00:00","breadcrumb":{"@id":"https:\/\/sandzakpress.net\/arhiva\/bosnjacka-stranka-pozdravlja-rezultate-referenduma-u-gusinju\/#breadcrumb"},"inLanguage":"bs-BA","potentialAction":[{"@type":"ReadAction","target":["https:\/\/sandzakpress.net\/arhiva\/bosnjacka-stranka-pozdravlja-rezultate-referenduma-u-gusinju\/"]}]},{"@type":"ImageObject","inLanguage":"bs-BA","@id":"https:\/\/sandzakpress.net\/arhiva\/bosnjacka-stranka-pozdravlja-rezultate-referenduma-u-gusinju\/#primaryimage","url":"https:\/\/sandzakpress.net\/arhiva\/wp-content\/uploads\/2013\/01\/gusinje1.jpg","contentUrl":"https:\/\/sandzakpress.net\/arhiva\/wp-content\/uploads\/2013\/01\/gusinje1.jpg","width":616,"height":462},{"@type":"BreadcrumbList","@id":"https:\/\/sandzakpress.net\/arhiva\/bosnjacka-stranka-pozdravlja-rezultate-referenduma-u-gusinju\/#breadcrumb","itemListElement":[{"@type":"ListItem","position":1,"name":"Home","item":"https:\/\/sandzakpress.net\/arhiva\/"},{"@type":"ListItem","position":2,"name":"Bo\u0161nja\u010dka stranka pozdravlja rezultate referenduma u Gusinju"}]},{"@type":"WebSite","@id":"https:\/\/sandzakpress.net\/arhiva\/#website","url":"https:\/\/sandzakpress.net\/arhiva\/","name":"Sand\u017eak PRESS","description":"Prve elektronske novine u Sand\u017eaku","publisher":{"@id":"https:\/\/sandzakpress.net\/arhiva\/#\/schema\/person\/6e72b67d6e51910a1117b3b483ba20bd"},"potentialAction":[{"@type":"SearchAction","target":{"@type":"EntryPoint","urlTemplate":"https:\/\/sandzakpress.net\/arhiva\/?s={search_term_string}"},"query-input":{"@type":"PropertyValueSpecification","valueRequired":true,"valueName":"search_term_string"}}],"inLanguage":"bs-BA"},{"@type":["Person","Organization"],"@id":"https:\/\/sandzakpress.net\/arhiva\/#\/schema\/person\/6e72b67d6e51910a1117b3b483ba20bd","name":"Kul","image":{"@type":"ImageObject","inLanguage":"bs-BA","@id":"https:\/\/sandzakpress.net\/arhiva\/#\/schema\/person\/image\/","url":"https:\/\/secure.gravatar.com\/avatar\/42263f39aa27ac04c43cab85c280eb2e?s=96&d=mm&r=pg","contentUrl":"https:\/\/secure.gravatar.com\/avatar\/42263f39aa27ac04c43cab85c280eb2e?s=96&d=mm&r=pg","caption":"Kul"},"logo":{"@id":"https:\/\/sandzakpress.net\/arhiva\/#\/schema\/person\/image\/"}},{"@type":"Person","@id":"","url":"https:\/\/sandzakpress.net\/arhiva\/author\/"}]}},"_links":{"self":[{"href":"https:\/\/sandzakpress.net\/arhiva\/wp-json\/wp\/v2\/posts\/61615"}],"collection":[{"href":"https:\/\/sandzakpress.net\/arhiva\/wp-json\/wp\/v2\/posts"}],"about":[{"href":"https:\/\/sandzakpress.net\/arhiva\/wp-json\/wp\/v2\/types\/post"}],"author":[{"embeddable":true,"href":"https:\/\/sandzakpress.net\/arhiva\/wp-json\/wp\/v2\/users\/16"}],"replies":[{"embeddable":true,"href":"https:\/\/sandzakpress.net\/arhiva\/wp-json\/wp\/v2\/comments?post=61615"}],"version-history":[{"count":0,"href":"https:\/\/sandzakpress.net\/arhiva\/wp-json\/wp\/v2\/posts\/61615\/revisions"}],"wp:featuredmedia":[{"embeddable":true,"href":"https:\/\/sandzakpress.net\/arhiva\/wp-json\/wp\/v2\/media\/61617"}],"wp:attachment":[{"href":"https:\/\/sandzakpress.net\/arhiva\/wp-json\/wp\/v2\/media?parent=61615"}],"wp:term":[{"taxonomy":"category","embeddable":true,"href":"https:\/\/sandzakpress.net\/arhiva\/wp-json\/wp\/v2\/categories?post=61615"},{"taxonomy":"post_tag","embeddable":true,"href":"https:\/\/sandzakpress.net\/arhiva\/wp-json\/wp\/v2\/tags?post=61615"}],"curies":[{"name":"wp","href":"https:\/\/api.w.org\/{rel}","templated":true}]}}