{"id":6145,"date":"2010-07-07T17:59:01","date_gmt":"2010-07-07T17:59:01","guid":{"rendered":"https:\/\/sandzakpress.net\/arhiva\/?p=6145"},"modified":"2010-07-07T18:06:35","modified_gmt":"2010-07-07T18:06:35","slug":"konstituisan-bnv-i-sramni-pokusaj-podvale-srbije-bosnjacima","status":"publish","type":"post","link":"https:\/\/sandzakpress.net\/arhiva\/konstituisan-bnv-i-sramni-pokusaj-podvale-srbije-bosnjacima\/","title":{"rendered":"Konstituisan BNV i sramni poku\u0161aj podvale Srbije Bo\u0161njacima!"},"content":{"rendered":"<p><strong><a href=\"https:\/\/sandzakpress.net\/arhiva\/wp-content\/uploads\/2010\/07\/foto-5.jpg\"><img loading=\"lazy\" decoding=\"async\" class=\"alignleft size-medium wp-image-6153\" title=\"foto-5\" src=\"https:\/\/sandzakpress.net\/arhiva\/wp-content\/uploads\/2010\/07\/foto-5-300x199.jpg\" alt=\"\" width=\"300\" height=\"199\" \/><\/a>Sjeverni Sand\u017eak &#8211; Na konstitutivnoj sjednici Bo\u0161nja\u010dkog nacionalnog vije\u0107a (Nacionalni savet bo\u0161nja\u010dke nacionalne manjine) koja je odr\u017eana u Novom Pazaru u srijedu 7. jula 2010. godine za predsjednika Vije\u0107a izabran je jednoglasno prof.dr Mevlud Dudi\u0107, predsjednik Bo\u0161nja\u010dke kulturne zajednice i rektor Internacionalnog univerziteta.<\/strong><\/p>\n<p>Za potpredsjednike Bo\u0161nja\u010dkog nacionalnog vije\u0107a izabrani su ekonomista Emir Elfi\u0107 sa liste Bo\u0161nja\u010dka kulturna zajednica i profesor bosanskog jezika Zehnija Buli\u0107 sa liste Bo\u0161nja\u010dki preporod. Za predsjednika Izvr\u0161nog odbora izabran je Samir Tandir sa liste Bo\u0161nja\u010dka kulturna zajednica.<\/p>\n<p>Po\u010detak sjednice je bio zakazan za 12 \u010dasova, i po protokolu vo\u0111enje prvog dijela sjednice i verifikaciju mandata trebali su da obave predstavnici Ministarstva za ljudska i manjinska prava. U sali Skup\u0161tine grada Novog Pazara bilo je prisutno 17 vije\u0107nika sa liste Bo\u0161nja\u010dke kulturne zajednice i 2 vije\u0107nika sa liste Bo\u0161nja\u010dki preporod, dakle ukupno 19 vije\u0107nika od 35, i postojala je ve\u0107ina za konstituisanje Vije\u0107a.<\/p>\n<p><a href=\"https:\/\/sandzakpress.net\/arhiva\/wp-content\/uploads\/2010\/07\/foto-61.jpg\"><img loading=\"lazy\" decoding=\"async\" class=\"aligncenter size-full wp-image-6147\" title=\"foto (6)\" src=\"https:\/\/sandzakpress.net\/arhiva\/wp-content\/uploads\/2010\/07\/foto-61.jpg\" alt=\"\" width=\"616\" height=\"410\" \/><\/a>Me\u0111utim da \u0107e do\u0107i do kr\u0161enja Zakona i zakulisnih radnji postalo je jasno kada su predstavnici Ministarstva zatra\u017eili od novinara i predstavnika medija da napuste salu. Novinarima nije bilo jasno zbog \u010dega se to zahtjeva od njih kada je o\u010digledno da postoji ve\u0107ina za konstituisanje Vije\u0107a i da ovo treba da bude sve\u010dani trenutak. Tek kasnije se objelodanilo da su predstavnici Ministarstva na \u010delu sa ministrom Svetozarom \u010cipli\u0107em prekr\u0161ili Zakon i u posljednjem trenutku izmijenili Poslovnik konstitutivne sjednice.<\/p>\n<p>Do utorka 6. jula va\u017eio je Poslovnik donijet 25. juna 2010. godine, po kojem su konstituisani svi ostali nacionalni Savjeti u Republici Srbiji i u \u010dijem \u010clanu 3 izme\u0111u ostalog pi\u0161e: \u201eU koliko na konstitutivnoj sjednici nisu prisutni kandidati sa izbornih lista kojima je mandat dodijeljen odnosno ukoliko kandidati odbiju da prihvate mandate, neraspore\u0111eni mandati se na sjednici dodjeljuju ostalim izbornim listama srazmjerno broju glasova osvojenih na izborima.\u201c U Poslovniku u \u010dijem je zaglavlju stajao datum 6. jul koji je predstavnik Ministarstva podijelio prisutnim vije\u0107nicima u \u010clanu 3 pi\u0161e: \u201eSavjet se smatra konstituisanim ukoliko je verifikovano najmanje dvije tre\u0107ine mandata \u010dlanova nacionalnog savjeta.\u201c<\/p>\n<p><a href=\"https:\/\/sandzakpress.net\/arhiva\/wp-content\/uploads\/2010\/07\/img256ok-1.jpg\"><img loading=\"lazy\" decoding=\"async\" class=\"aligncenter size-full wp-image-6148\" title=\"img256ok (1)\" src=\"https:\/\/sandzakpress.net\/arhiva\/wp-content\/uploads\/2010\/07\/img256ok-1.jpg\" alt=\"\" width=\"616\" height=\"1268\" \/><\/a><\/p>\n<p><a href=\"https:\/\/sandzakpress.net\/arhiva\/wp-content\/uploads\/2010\/07\/img256ok-1.jpg\"><\/a>Diskriminatorska politika Vlade Republike Srbije prema Bo\u0161njacima pokazala se i u ovom slu\u010daju jer je o\u010digledno da je ovaj Poslovnik pisan samo da bi se primijenio prema Bo\u0161njacima kako bi ih diskriminisao i stavio u podre\u0111en polo\u017eaj i kako bi se onemogu\u0107ilo konstituisanje Bo\u0161nja\u010dkog nacionalnog vije\u0107a.<\/p>\n<p><a href=\"https:\/\/sandzakpress.net\/arhiva\/wp-content\/uploads\/2010\/07\/zehnija-bulic.jpg\"><img loading=\"lazy\" decoding=\"async\" class=\"aligncenter size-full wp-image-6150\" title=\"zehnija bulic\" src=\"https:\/\/sandzakpress.net\/arhiva\/wp-content\/uploads\/2010\/07\/zehnija-bulic.jpg\" alt=\"\" width=\"616\" height=\"1939\" \/><\/a><\/p>\n<p>U prvom dijelu sjednice tako\u0111er su predstavnici Ministarstva pokazali i falsifikovanu ostavku profesora Zehnije Buli\u0107a na kojoj stoji falsifikovan potpis gospodina Buli\u0107a, potpis predlaga\u010da liste i pe\u010dat Bo\u0161nja\u010dkog preporoda. Gospodin Buli\u0107 je pokazao Izjavu i Zahtjev Centralnoj izbornoj komisiji od 5. jula 2010. godine, koji su zavedeni pod brojem 013-013-00-128\/2010-01 u Centralnoj izbornoj komisiji u kojoj izjavljuje da prihvata mandat i da je svaka druga izjava ili ostavka data u njegovo ime nevalidna i falsifikat.<\/p>\n<p><a href=\"https:\/\/sandzakpress.net\/arhiva\/wp-content\/uploads\/2010\/07\/Untitled-2.jpg\"><img loading=\"lazy\" decoding=\"async\" class=\"aligncenter size-full wp-image-6151\" title=\"Untitled-2\" src=\"https:\/\/sandzakpress.net\/arhiva\/wp-content\/uploads\/2010\/07\/Untitled-2.jpg\" alt=\"\" width=\"616\" height=\"237\" \/><\/a><\/p>\n<p>Ovakav nastup predstavnika Ministarstva i o\u010digledno kr\u0161enje Zakona izazvao je burna reagovanja i negodovanja prisutnih predstavnika bo\u0161nja\u010dkog naroda jer je bilo o\u010digledno da su izaslanici ministra \u010cipli\u0107a do\u0161li sa namjerom i jasnim instrukcijama da se Bo\u0161nja\u010dko nacionalno vije\u0107e ne konstitui\u0161e.<\/p>\n<p>Nakon \u0161to su predstavnici Ministarstva napustili sjednicu formirano je Radno predsjedni\u0161tvo u \u010dijem su sastavu bili nosilac liste BKZ-a muftija Muamer-ef. Zukorli\u0107, kandidat sa liste Bo\u0161nja\u010dki preporod dr. Hidajet Mustafi\u0107 i dr. Amela Luka\u010d-Zorani\u0107 sa liste BKZ-a, a predstavnicima medija je dozvoljen povratak u salu i pra\u0107enje toka sjednice..<\/p>\n<p>Glavni muftija je u svojstvu predsjedavaju\u0107eg Radnog predsjedni\u0161tva izme\u0111u ostalog rekao:<\/p>\n<p>\u201eNastavljamo sa radom konstitutivne sjednice, u pravno specifi\u010dnom trenutku, ali za nas Bo\u0161njake ve\u0107 uobi\u010dajenom stanju gdje ne postoji ni\u0161ta \u0161to Bo\u0161njaci rade, pogotovo u poku\u0161aju da kroz institucije sistema dr\u017eave Srbije ostvare svoja prava a da se ne desi udar na pravo i na zakon, a da se ne desi nepravda i diskriminacija prema nama. Sasvim je bilo jasno da je delegacija Ministarstva zadu\u017eena za vo\u0111enje po\u010detka konstituiraju\u0107e sjednice i verifikaciju mandata do\u0161la sa ciljem da se to ne obavi na pravno predvi\u0111en na\u010din, ve\u0107 politi\u010dki instruirani od gubitnika ovih izbora sa kojima igraju u istoj ekipi upravo opstruiraju da predstavnici bo\u0161nja\u010dkog naroda koji su dobili na izborima i zaista budu \u010dlanovi Bo\u0161nja\u010dkog nacionalnog vije\u0107a. Zaboravljaju\u0107i pri tom da Ministarstvo za ljudska prava nije nadle\u017eno da daje ili uzima mandate ve\u0107 je nadle\u017eno da bude servis za realizaciju volje gra\u0111ana pokazane na izborima. Prisustvovali smo jednom brutalnom kr\u0161enju zakona i demonstarciji politi\u010dke volje. Kao \u0161to sami znate apsolutno smo svjesni \u0161ta se sve de\u0161avalo u predizbornim aktivnostima, u izbornim aktivnostima, brutalne kra\u0111e, masakriranje spiskova, nezakonitosti, izbacivanje ljudi iz stalnog sastava bira\u010dkih odbora, odluke sudske koje se donose u 2-3 sata poslije pono\u0107i, dostavljanje re\u0161enja poslije pono\u0107i preko interneta, to smo mi Bo\u0161njaci u srbiji 21. vijeka desete godine u Evropi, na o\u010digled u\u017ee i \u0161ire javnosti, to smo mi i to je na\u0161 status. I pored toga neko \u0107e nas pitati pa po \u010demu ste vi to diskriminisani. Promijenjena odredba poslovnika je va\u017eila isklju\u010divo za Bo\u0161njake. Svi h 17, mislim, savjeta je konstituisano po prethodnom poslovniku koji je va\u017eio do sino\u0107, osim za nas jer smo mi taoci saveza izme\u0111u dvojice novopazarskih ministara i Vlade koji imaju ugovor i dogovor da Bo\u0161njake ugnjetavaju, da im broj smanjuju, da im prava ugro\u017eavaju, da nas polako elimini\u0161u. Da bi vas neko ugrozio nije dovoljno da u sebi ima namjeru, potrebno je da mu vi to dozvolite. Evo nas ovdje i mi to njima ne dozvoljavamo. Nije slu\u010dajno kada sam prije izbora vi\u0161e puta nagla\u0161avao da su ovo posljednje \u0161anse re\u017eimu Srbije da Bo\u0161njake inkorporira kroz svoj sistem i da im omogu\u0107i da kroz postoje\u0107i pravni poredak ostvare svoja prava. tada su ta ukazivanja izgledala \u010dudnim, me\u0111utim vidite da nisu \u010dudna.<\/p>\n<p>No ne shvataju oni da mi apsolutno ne crpimo legitimitet pa \u010dak ni legalitet iz Beograda od \u010cipli\u0107a, ni od njegovih kurira koje je ovdje poslao. Mi smo dobili legitimitet od na\u0161ega naroda. Narod je rekao na izborima i ovi ljudi koji sjede ovdje su \u010dlanovi Bo\u0161nja\u010dkoga nacionalnoga vije\u0107a, njih 19. A naravno u skladu sa va\u017ee\u0107im Poslovnikom za sve nacionalne zajednice, kooptira\u0107emo proporcionalno, sa lista koje to \u017eele i ostalih 16. Prema tome mi nastavljamo sa radom. Po\u0161to nas nije poslalo Ministarstvo mi ne\u0107emo isklju\u010diti javnost. Javnost mo\u017ee da prati na\u0161e zasjedanje do kraja, po\u0161to mi prihvatamo principe sekularne dr\u017eave, principe demokratije i po\u0161tujemo volju naroda. Molim prisutne predstavnike OSCE-a da posebno ovo zapi\u0161u, jer to govori muftija u svoj svojoj ahmediji, koji je predstavljan kao opasnost za sekularizam i demokratiju. Evo muftija nije opasnost za sekularizam i demokratiju, ve\u0107 naprotiv, ispalo da mora da \u0161titi demokratiju i sekularizam od samoproklamovanih demokrata i samoproklamovanih za\u0161titnika ljudskih prava.\u201c<\/p>\n<p>Nakon toga je predlo\u017een i jednoglasno usvojen Dnevni red sjednice, a prva ta\u010dka je bila usvajanje Statuta. Ostale ta\u010dke su bile izbor predsjednika, dvojice potpredsjednika i predsjednika Izvr\u0161nog odbora. Vije\u0107nici su se o svim prijedlozima i ta\u010dkama dnevnog reda izja\u0161njavali javno dizanjem ruke.<\/p>\n<blockquote><p>Izabrani su jednoglasno, osim za predsjednika izvr\u0161nog odbora sa jednim uzdr\u017eanim:<\/p>\n<p>&#8211; <strong>PREDSJENIK:<\/strong> <strong>prof. dr. Mevlud Dudi\u0107<\/strong>, teolog<\/p>\n<p>&#8211; <strong>POTPREDSJEDNICI: Zehnija Buli\u0107<\/strong>, knji\u017eevnik i <strong>Emir Elfi<\/strong>\u0107, ekonomitsa<\/p>\n<p>&#8211; <strong>PREDSJEDNIK IZVR\u0160NOG ODBORA: Samir Tandir<\/strong>, imam<\/p>\n<p>Predsjednici izvr\u0161nih odbora po resorima \u0107e biti izabrani na narednoj sjednici BNV-a.<\/p><\/blockquote>\n<p>Nakon izbora predsjednika i potpredsjednika oni su zauzeli svoja mjesta, a novoizabrani predsjednik bo\u0161nja\u010dkog nacionalnog vije\u0107a prof.dr. Mevlud Dudi\u0107 se zahvalio na ukazanom povjerenju i emanetu koji mu je povjeren i u svojem obra\u0107anju je izme\u0111u ostalog rekao.<\/p>\n<p>\u201eUvjeren sam da \u0107emo svi zajedni\u010dki povjereni emanet nositi dostojanstveno, onako kako to nama i dolikuje. Po\u010da\u0161\u0107en sam da \u0107u u narednom \u010detvorogodi\u0161njem periodu dostojanstveno predstavljati Bo\u0161njake u ovoj dr\u017eavi. Slobodno mogu re\u0107i da se ponosim na\u010dinom na koji smo danas birali Vije\u0107e. Ponosim se na Bo\u0161njake koji su 6. juna imali svijesti, i pored svih malverzacija, pokazali svoje pravo lice. Bo\u0161njaci su ostali ustrajni i iskreni i mi \u0107emo ih ako Bog da predstavljati u narednom periodu onako kako to oni i zaslu\u017euju. Pro\u0161lo je vrijeme kada se iz Beograda odlu\u010divalo ko \u0107e ih predstavljati, a do\u0161la su vremena kada \u0107e narod odlu\u010divati o svojoj sudbini. Mi \u0107emo ako Bog da narednu sjednicu vrlo brzo zakazati i bi\u0107e na njoj rije\u010di o stvarima koje se ti\u0107u Bo\u0161nja\u010dkog nacionalnog vije\u0107a. Sa ovim je dana\u0161nja sjednica zavr\u0161ena.\u201c<\/p>\n<p>Izvor: <strong>BKZ.rs<\/strong><\/p>\n","protected":false},"excerpt":{"rendered":"<p>Sjeverni Sand\u017eak &#8211; Na konstitutivnoj sjednici Bo\u0161nja\u010dkog nacionalnog vije\u0107a (Nacionalni savet bo\u0161nja\u010dke nacionalne manjine) koja je odr\u017eana u Novom Pazaru u srijedu 7. jula 2010. godine za predsjednika Vije\u0107a izabran je jednoglasno prof.dr Mevlud Dudi\u0107, predsjednik Bo\u0161nja\u010dke kulturne zajednice i rektor Internacionalnog univerziteta. Za potpredsjednike Bo\u0161nja\u010dkog nacionalnog vije\u0107a izabrani su ekonomista Emir Elfi\u0107 sa liste [&hellip;]<\/p>\n","protected":false},"author":83,"featured_media":6153,"comment_status":"open","ping_status":"open","sticky":false,"template":"","format":"standard","meta":{"footnotes":""},"categories":[72,800,52,327,392,393,394],"tags":[],"class_list":{"0":"post-6145","1":"post","2":"type-post","3":"status-publish","4":"format-standard","5":"has-post-thumbnail","7":"category-novi-pazar","8":"category-nacija","9":"category-sjenica","10":"category-tutin","11":"category-prijepolje_","12":"category-priboj","13":"category-nova-varos"},"yoast_head":"<!-- This site is optimized with the Yoast SEO Premium plugin v23.1 (Yoast SEO v24.9) - https:\/\/yoast.com\/wordpress\/plugins\/seo\/ -->\n<title>Konstituisan BNV i sramni poku\u0161aj podvale Srbije Bo\u0161njacima!<\/title>\n<meta name=\"robots\" content=\"index, follow, max-snippet:-1, max-image-preview:large, max-video-preview:-1\" \/>\n<link rel=\"canonical\" href=\"https:\/\/sandzakpress.net\/arhiva\/konstituisan-bnv-i-sramni-pokusaj-podvale-srbije-bosnjacima\/\" \/>\n<meta property=\"og:locale\" content=\"bs_BA\" \/>\n<meta property=\"og:type\" content=\"article\" \/>\n<meta property=\"og:title\" content=\"Konstituisan BNV i sramni poku\u0161aj podvale Srbije Bo\u0161njacima!\" \/>\n<meta property=\"og:description\" content=\"Sjeverni Sand\u017eak &#8211; Na konstitutivnoj sjednici Bo\u0161nja\u010dkog nacionalnog vije\u0107a (Nacionalni savet bo\u0161nja\u010dke nacionalne manjine) koja je odr\u017eana u Novom Pazaru u srijedu 7. jula 2010. godine za predsjednika Vije\u0107a izabran je jednoglasno prof.dr Mevlud Dudi\u0107, predsjednik Bo\u0161nja\u010dke kulturne zajednice i rektor Internacionalnog univerziteta. Za potpredsjednike Bo\u0161nja\u010dkog nacionalnog vije\u0107a izabrani su ekonomista Emir Elfi\u0107 sa liste [&hellip;]\" \/>\n<meta property=\"og:url\" content=\"https:\/\/sandzakpress.net\/arhiva\/konstituisan-bnv-i-sramni-pokusaj-podvale-srbije-bosnjacima\/\" \/>\n<meta property=\"og:site_name\" content=\"Sand\u017eak PRESS\" \/>\n<meta property=\"article:published_time\" content=\"2010-07-07T17:59:01+00:00\" \/>\n<meta property=\"article:modified_time\" content=\"2010-07-07T18:06:35+00:00\" \/>\n<meta property=\"og:image\" content=\"https:\/\/sandzakpress.net\/arhiva\/wp-content\/uploads\/2010\/07\/foto-5.jpg\" \/>\n\t<meta property=\"og:image:width\" content=\"600\" \/>\n\t<meta property=\"og:image:height\" content=\"399\" \/>\n\t<meta property=\"og:image:type\" content=\"image\/jpeg\" \/>\n<meta name=\"author\" content=\"bosniak\" \/>\n<meta name=\"twitter:card\" content=\"summary_large_image\" \/>\n<meta name=\"twitter:label1\" content=\"Written by\" \/>\n\t<meta name=\"twitter:data1\" content=\"bosniak\" \/>\n\t<meta name=\"twitter:label2\" content=\"Est. reading time\" \/>\n\t<meta name=\"twitter:data2\" content=\"8 minuta\" \/>\n<script type=\"application\/ld+json\" class=\"yoast-schema-graph\">{\"@context\":\"https:\/\/schema.org\",\"@graph\":[{\"@type\":\"Article\",\"@id\":\"https:\/\/sandzakpress.net\/arhiva\/konstituisan-bnv-i-sramni-pokusaj-podvale-srbije-bosnjacima\/#article\",\"isPartOf\":{\"@id\":\"https:\/\/sandzakpress.net\/arhiva\/konstituisan-bnv-i-sramni-pokusaj-podvale-srbije-bosnjacima\/\"},\"author\":{\"name\":\"bosniak\",\"@id\":\"https:\/\/sandzakpress.net\/arhiva\/#\/schema\/person\/c8baee722073534b583ea7bdb2e36c02\"},\"headline\":\"Konstituisan BNV i sramni poku\u0161aj podvale Srbije Bo\u0161njacima!\",\"datePublished\":\"2010-07-07T17:59:01+00:00\",\"dateModified\":\"2010-07-07T18:06:35+00:00\",\"mainEntityOfPage\":{\"@id\":\"https:\/\/sandzakpress.net\/arhiva\/konstituisan-bnv-i-sramni-pokusaj-podvale-srbije-bosnjacima\/\"},\"wordCount\":1531,\"commentCount\":52,\"publisher\":{\"@id\":\"https:\/\/sandzakpress.net\/arhiva\/#\/schema\/person\/6e72b67d6e51910a1117b3b483ba20bd\"},\"image\":{\"@id\":\"https:\/\/sandzakpress.net\/arhiva\/konstituisan-bnv-i-sramni-pokusaj-podvale-srbije-bosnjacima\/#primaryimage\"},\"thumbnailUrl\":\"https:\/\/sandzakpress.net\/arhiva\/wp-content\/uploads\/2010\/07\/foto-5.jpg\",\"articleSection\":[\"Novi Pazar\",\"Nacija\",\"Sjenica\",\"Tutin\",\"Prijepolje\",\"Priboj\",\"Nova Varo\u0161\"],\"inLanguage\":\"bs-BA\",\"potentialAction\":[{\"@type\":\"CommentAction\",\"name\":\"Comment\",\"target\":[\"https:\/\/sandzakpress.net\/arhiva\/konstituisan-bnv-i-sramni-pokusaj-podvale-srbije-bosnjacima\/#respond\"]}]},{\"@type\":\"WebPage\",\"@id\":\"https:\/\/sandzakpress.net\/arhiva\/konstituisan-bnv-i-sramni-pokusaj-podvale-srbije-bosnjacima\/\",\"url\":\"https:\/\/sandzakpress.net\/arhiva\/konstituisan-bnv-i-sramni-pokusaj-podvale-srbije-bosnjacima\/\",\"name\":\"Konstituisan BNV i sramni poku\u0161aj podvale Srbije Bo\u0161njacima!\",\"isPartOf\":{\"@id\":\"https:\/\/sandzakpress.net\/arhiva\/#website\"},\"primaryImageOfPage\":{\"@id\":\"https:\/\/sandzakpress.net\/arhiva\/konstituisan-bnv-i-sramni-pokusaj-podvale-srbije-bosnjacima\/#primaryimage\"},\"image\":{\"@id\":\"https:\/\/sandzakpress.net\/arhiva\/konstituisan-bnv-i-sramni-pokusaj-podvale-srbije-bosnjacima\/#primaryimage\"},\"thumbnailUrl\":\"https:\/\/sandzakpress.net\/arhiva\/wp-content\/uploads\/2010\/07\/foto-5.jpg\",\"datePublished\":\"2010-07-07T17:59:01+00:00\",\"dateModified\":\"2010-07-07T18:06:35+00:00\",\"breadcrumb\":{\"@id\":\"https:\/\/sandzakpress.net\/arhiva\/konstituisan-bnv-i-sramni-pokusaj-podvale-srbije-bosnjacima\/#breadcrumb\"},\"inLanguage\":\"bs-BA\",\"potentialAction\":[{\"@type\":\"ReadAction\",\"target\":[\"https:\/\/sandzakpress.net\/arhiva\/konstituisan-bnv-i-sramni-pokusaj-podvale-srbije-bosnjacima\/\"]}]},{\"@type\":\"ImageObject\",\"inLanguage\":\"bs-BA\",\"@id\":\"https:\/\/sandzakpress.net\/arhiva\/konstituisan-bnv-i-sramni-pokusaj-podvale-srbije-bosnjacima\/#primaryimage\",\"url\":\"https:\/\/sandzakpress.net\/arhiva\/wp-content\/uploads\/2010\/07\/foto-5.jpg\",\"contentUrl\":\"https:\/\/sandzakpress.net\/arhiva\/wp-content\/uploads\/2010\/07\/foto-5.jpg\",\"width\":600,\"height\":399},{\"@type\":\"BreadcrumbList\",\"@id\":\"https:\/\/sandzakpress.net\/arhiva\/konstituisan-bnv-i-sramni-pokusaj-podvale-srbije-bosnjacima\/#breadcrumb\",\"itemListElement\":[{\"@type\":\"ListItem\",\"position\":1,\"name\":\"Home\",\"item\":\"https:\/\/sandzakpress.net\/arhiva\/\"},{\"@type\":\"ListItem\",\"position\":2,\"name\":\"Konstituisan BNV i sramni poku\u0161aj podvale Srbije Bo\u0161njacima!\"}]},{\"@type\":\"WebSite\",\"@id\":\"https:\/\/sandzakpress.net\/arhiva\/#website\",\"url\":\"https:\/\/sandzakpress.net\/arhiva\/\",\"name\":\"Sand\u017eak PRESS\",\"description\":\"Prve elektronske novine u Sand\u017eaku\",\"publisher\":{\"@id\":\"https:\/\/sandzakpress.net\/arhiva\/#\/schema\/person\/6e72b67d6e51910a1117b3b483ba20bd\"},\"potentialAction\":[{\"@type\":\"SearchAction\",\"target\":{\"@type\":\"EntryPoint\",\"urlTemplate\":\"https:\/\/sandzakpress.net\/arhiva\/?s={search_term_string}\"},\"query-input\":{\"@type\":\"PropertyValueSpecification\",\"valueRequired\":true,\"valueName\":\"search_term_string\"}}],\"inLanguage\":\"bs-BA\"},{\"@type\":[\"Person\",\"Organization\"],\"@id\":\"https:\/\/sandzakpress.net\/arhiva\/#\/schema\/person\/6e72b67d6e51910a1117b3b483ba20bd\",\"name\":\"Kul\",\"image\":{\"@type\":\"ImageObject\",\"inLanguage\":\"bs-BA\",\"@id\":\"https:\/\/sandzakpress.net\/arhiva\/#\/schema\/person\/image\/\",\"url\":\"https:\/\/secure.gravatar.com\/avatar\/42263f39aa27ac04c43cab85c280eb2e?s=96&d=mm&r=pg\",\"contentUrl\":\"https:\/\/secure.gravatar.com\/avatar\/42263f39aa27ac04c43cab85c280eb2e?s=96&d=mm&r=pg\",\"caption\":\"Kul\"},\"logo\":{\"@id\":\"https:\/\/sandzakpress.net\/arhiva\/#\/schema\/person\/image\/\"}},{\"@type\":\"Person\",\"@id\":\"https:\/\/sandzakpress.net\/arhiva\/#\/schema\/person\/c8baee722073534b583ea7bdb2e36c02\",\"name\":\"bosniak\",\"image\":{\"@type\":\"ImageObject\",\"inLanguage\":\"bs-BA\",\"@id\":\"https:\/\/sandzakpress.net\/arhiva\/#\/schema\/person\/image\/\",\"url\":\"https:\/\/secure.gravatar.com\/avatar\/a04fd330bfe3a36a72a0ad4a6d89fca7?s=96&d=mm&r=pg\",\"contentUrl\":\"https:\/\/secure.gravatar.com\/avatar\/a04fd330bfe3a36a72a0ad4a6d89fca7?s=96&d=mm&r=pg\",\"caption\":\"bosniak\"},\"url\":\"https:\/\/sandzakpress.net\/arhiva\/author\/bosniak\/\"}]}<\/script>\n<!-- \/ Yoast SEO Premium plugin. -->","yoast_head_json":{"title":"Konstituisan BNV i sramni poku\u0161aj podvale Srbije Bo\u0161njacima!","robots":{"index":"index","follow":"follow","max-snippet":"max-snippet:-1","max-image-preview":"max-image-preview:large","max-video-preview":"max-video-preview:-1"},"canonical":"https:\/\/sandzakpress.net\/arhiva\/konstituisan-bnv-i-sramni-pokusaj-podvale-srbije-bosnjacima\/","og_locale":"bs_BA","og_type":"article","og_title":"Konstituisan BNV i sramni poku\u0161aj podvale Srbije Bo\u0161njacima!","og_description":"Sjeverni Sand\u017eak &#8211; Na konstitutivnoj sjednici Bo\u0161nja\u010dkog nacionalnog vije\u0107a (Nacionalni savet bo\u0161nja\u010dke nacionalne manjine) koja je odr\u017eana u Novom Pazaru u srijedu 7. jula 2010. godine za predsjednika Vije\u0107a izabran je jednoglasno prof.dr Mevlud Dudi\u0107, predsjednik Bo\u0161nja\u010dke kulturne zajednice i rektor Internacionalnog univerziteta. Za potpredsjednike Bo\u0161nja\u010dkog nacionalnog vije\u0107a izabrani su ekonomista Emir Elfi\u0107 sa liste [&hellip;]","og_url":"https:\/\/sandzakpress.net\/arhiva\/konstituisan-bnv-i-sramni-pokusaj-podvale-srbije-bosnjacima\/","og_site_name":"Sand\u017eak PRESS","article_published_time":"2010-07-07T17:59:01+00:00","article_modified_time":"2010-07-07T18:06:35+00:00","og_image":[{"width":600,"height":399,"url":"https:\/\/sandzakpress.net\/arhiva\/wp-content\/uploads\/2010\/07\/foto-5.jpg","type":"image\/jpeg"}],"author":"bosniak","twitter_card":"summary_large_image","twitter_misc":{"Written by":"bosniak","Est. reading time":"8 minuta"},"schema":{"@context":"https:\/\/schema.org","@graph":[{"@type":"Article","@id":"https:\/\/sandzakpress.net\/arhiva\/konstituisan-bnv-i-sramni-pokusaj-podvale-srbije-bosnjacima\/#article","isPartOf":{"@id":"https:\/\/sandzakpress.net\/arhiva\/konstituisan-bnv-i-sramni-pokusaj-podvale-srbije-bosnjacima\/"},"author":{"name":"bosniak","@id":"https:\/\/sandzakpress.net\/arhiva\/#\/schema\/person\/c8baee722073534b583ea7bdb2e36c02"},"headline":"Konstituisan BNV i sramni poku\u0161aj podvale Srbije Bo\u0161njacima!","datePublished":"2010-07-07T17:59:01+00:00","dateModified":"2010-07-07T18:06:35+00:00","mainEntityOfPage":{"@id":"https:\/\/sandzakpress.net\/arhiva\/konstituisan-bnv-i-sramni-pokusaj-podvale-srbije-bosnjacima\/"},"wordCount":1531,"commentCount":52,"publisher":{"@id":"https:\/\/sandzakpress.net\/arhiva\/#\/schema\/person\/6e72b67d6e51910a1117b3b483ba20bd"},"image":{"@id":"https:\/\/sandzakpress.net\/arhiva\/konstituisan-bnv-i-sramni-pokusaj-podvale-srbije-bosnjacima\/#primaryimage"},"thumbnailUrl":"https:\/\/sandzakpress.net\/arhiva\/wp-content\/uploads\/2010\/07\/foto-5.jpg","articleSection":["Novi Pazar","Nacija","Sjenica","Tutin","Prijepolje","Priboj","Nova Varo\u0161"],"inLanguage":"bs-BA","potentialAction":[{"@type":"CommentAction","name":"Comment","target":["https:\/\/sandzakpress.net\/arhiva\/konstituisan-bnv-i-sramni-pokusaj-podvale-srbije-bosnjacima\/#respond"]}]},{"@type":"WebPage","@id":"https:\/\/sandzakpress.net\/arhiva\/konstituisan-bnv-i-sramni-pokusaj-podvale-srbije-bosnjacima\/","url":"https:\/\/sandzakpress.net\/arhiva\/konstituisan-bnv-i-sramni-pokusaj-podvale-srbije-bosnjacima\/","name":"Konstituisan BNV i sramni poku\u0161aj podvale Srbije Bo\u0161njacima!","isPartOf":{"@id":"https:\/\/sandzakpress.net\/arhiva\/#website"},"primaryImageOfPage":{"@id":"https:\/\/sandzakpress.net\/arhiva\/konstituisan-bnv-i-sramni-pokusaj-podvale-srbije-bosnjacima\/#primaryimage"},"image":{"@id":"https:\/\/sandzakpress.net\/arhiva\/konstituisan-bnv-i-sramni-pokusaj-podvale-srbije-bosnjacima\/#primaryimage"},"thumbnailUrl":"https:\/\/sandzakpress.net\/arhiva\/wp-content\/uploads\/2010\/07\/foto-5.jpg","datePublished":"2010-07-07T17:59:01+00:00","dateModified":"2010-07-07T18:06:35+00:00","breadcrumb":{"@id":"https:\/\/sandzakpress.net\/arhiva\/konstituisan-bnv-i-sramni-pokusaj-podvale-srbije-bosnjacima\/#breadcrumb"},"inLanguage":"bs-BA","potentialAction":[{"@type":"ReadAction","target":["https:\/\/sandzakpress.net\/arhiva\/konstituisan-bnv-i-sramni-pokusaj-podvale-srbije-bosnjacima\/"]}]},{"@type":"ImageObject","inLanguage":"bs-BA","@id":"https:\/\/sandzakpress.net\/arhiva\/konstituisan-bnv-i-sramni-pokusaj-podvale-srbije-bosnjacima\/#primaryimage","url":"https:\/\/sandzakpress.net\/arhiva\/wp-content\/uploads\/2010\/07\/foto-5.jpg","contentUrl":"https:\/\/sandzakpress.net\/arhiva\/wp-content\/uploads\/2010\/07\/foto-5.jpg","width":600,"height":399},{"@type":"BreadcrumbList","@id":"https:\/\/sandzakpress.net\/arhiva\/konstituisan-bnv-i-sramni-pokusaj-podvale-srbije-bosnjacima\/#breadcrumb","itemListElement":[{"@type":"ListItem","position":1,"name":"Home","item":"https:\/\/sandzakpress.net\/arhiva\/"},{"@type":"ListItem","position":2,"name":"Konstituisan BNV i sramni poku\u0161aj podvale Srbije Bo\u0161njacima!"}]},{"@type":"WebSite","@id":"https:\/\/sandzakpress.net\/arhiva\/#website","url":"https:\/\/sandzakpress.net\/arhiva\/","name":"Sand\u017eak PRESS","description":"Prve elektronske novine u Sand\u017eaku","publisher":{"@id":"https:\/\/sandzakpress.net\/arhiva\/#\/schema\/person\/6e72b67d6e51910a1117b3b483ba20bd"},"potentialAction":[{"@type":"SearchAction","target":{"@type":"EntryPoint","urlTemplate":"https:\/\/sandzakpress.net\/arhiva\/?s={search_term_string}"},"query-input":{"@type":"PropertyValueSpecification","valueRequired":true,"valueName":"search_term_string"}}],"inLanguage":"bs-BA"},{"@type":["Person","Organization"],"@id":"https:\/\/sandzakpress.net\/arhiva\/#\/schema\/person\/6e72b67d6e51910a1117b3b483ba20bd","name":"Kul","image":{"@type":"ImageObject","inLanguage":"bs-BA","@id":"https:\/\/sandzakpress.net\/arhiva\/#\/schema\/person\/image\/","url":"https:\/\/secure.gravatar.com\/avatar\/42263f39aa27ac04c43cab85c280eb2e?s=96&d=mm&r=pg","contentUrl":"https:\/\/secure.gravatar.com\/avatar\/42263f39aa27ac04c43cab85c280eb2e?s=96&d=mm&r=pg","caption":"Kul"},"logo":{"@id":"https:\/\/sandzakpress.net\/arhiva\/#\/schema\/person\/image\/"}},{"@type":"Person","@id":"https:\/\/sandzakpress.net\/arhiva\/#\/schema\/person\/c8baee722073534b583ea7bdb2e36c02","name":"bosniak","image":{"@type":"ImageObject","inLanguage":"bs-BA","@id":"https:\/\/sandzakpress.net\/arhiva\/#\/schema\/person\/image\/","url":"https:\/\/secure.gravatar.com\/avatar\/a04fd330bfe3a36a72a0ad4a6d89fca7?s=96&d=mm&r=pg","contentUrl":"https:\/\/secure.gravatar.com\/avatar\/a04fd330bfe3a36a72a0ad4a6d89fca7?s=96&d=mm&r=pg","caption":"bosniak"},"url":"https:\/\/sandzakpress.net\/arhiva\/author\/bosniak\/"}]}},"_links":{"self":[{"href":"https:\/\/sandzakpress.net\/arhiva\/wp-json\/wp\/v2\/posts\/6145"}],"collection":[{"href":"https:\/\/sandzakpress.net\/arhiva\/wp-json\/wp\/v2\/posts"}],"about":[{"href":"https:\/\/sandzakpress.net\/arhiva\/wp-json\/wp\/v2\/types\/post"}],"author":[{"embeddable":true,"href":"https:\/\/sandzakpress.net\/arhiva\/wp-json\/wp\/v2\/users\/83"}],"replies":[{"embeddable":true,"href":"https:\/\/sandzakpress.net\/arhiva\/wp-json\/wp\/v2\/comments?post=6145"}],"version-history":[{"count":0,"href":"https:\/\/sandzakpress.net\/arhiva\/wp-json\/wp\/v2\/posts\/6145\/revisions"}],"wp:featuredmedia":[{"embeddable":true,"href":"https:\/\/sandzakpress.net\/arhiva\/wp-json\/wp\/v2\/media\/6153"}],"wp:attachment":[{"href":"https:\/\/sandzakpress.net\/arhiva\/wp-json\/wp\/v2\/media?parent=6145"}],"wp:term":[{"taxonomy":"category","embeddable":true,"href":"https:\/\/sandzakpress.net\/arhiva\/wp-json\/wp\/v2\/categories?post=6145"},{"taxonomy":"post_tag","embeddable":true,"href":"https:\/\/sandzakpress.net\/arhiva\/wp-json\/wp\/v2\/tags?post=6145"}],"curies":[{"name":"wp","href":"https:\/\/api.w.org\/{rel}","templated":true}]}}