{"id":61198,"date":"2013-01-07T18:05:50","date_gmt":"2013-01-07T17:05:50","guid":{"rendered":"https:\/\/sandzakpress.net\/arhiva\/?p=61198"},"modified":"2013-01-07T18:05:50","modified_gmt":"2013-01-07T17:05:50","slug":"u-stutgartu-svecano-otvorena-turska-skola","status":"publish","type":"post","link":"https:\/\/sandzakpress.net\/arhiva\/u-stutgartu-svecano-otvorena-turska-skola\/","title":{"rendered":"U \u0160tutgartu sve\u010dano otvorena turska \u0161kola"},"content":{"rendered":"<p><strong><a href=\"https:\/\/sandzakpress.net\/arhiva\/wp-content\/uploads\/2013\/01\/u-stutgartu-svecano-otvorena-turska-skola_trt-bosanski-13449.jpg\"><img loading=\"lazy\" decoding=\"async\" class=\"alignleft size-medium wp-image-61199\" title=\"u-stutgartu-svecano-otvorena-turska-skola_trt-bosanski-13449\" src=\"https:\/\/sandzakpress.net\/arhiva\/wp-content\/uploads\/2013\/01\/u-stutgartu-svecano-otvorena-turska-skola_trt-bosanski-13449-300x208.jpg\" alt=\"\" width=\"300\" height=\"208\" \/><\/a>Turska, Njema\u010dka &#8211; Gradona\u010delnik Istanbula, Kadir Topbas i zastupnik AK partije Hakan Sukur sve\u010dano su otvorili Tursku \u0161kolu u \u0160tutgartu, \u010dije izgradnja je po\u010dela 2004. godine, pod pokroviteljstvom turskih poduzetnika.<\/strong><\/p>\n<div>Osim Topbasa i Sukura, ceremoniji su prisustvovali i premijer savezne dr\u017eave Baden Wuerttemberg, Winfried Kretschmann i gradona\u010delnik \u0160tutgarta, Wolfgang Schuster.<\/div>\n<div>Vrpcu na ulazu u \u0161kolu presjekli su premijer Kretschmann, zastupnik Sukur, gradona\u010delnik Topbas i turski konzul u \u0160tutgartu &#8211; Turker Ari.Ceremoniju je uveli\u010dao veoma zapa\u017een nastup turske folklorne plesne grupe.<\/div>\n<div>Gradona\u010delnik Istanbula, Kadir Topbas, u kra\u0107em je obra\u0107anju skrenuo pa\u017enju na ulaganja u obrazovanje, nagla\u0161avaju\u0107i koliko va\u017enu ulogu u tom domenu su preuzeli turski poduzetnici. Topbas je kazao kako \u0161kole ovog tipa imaju va\u017enu ulogu u integraciji Turaka u njema\u010dko dru\u0161tvo.<\/div>\n<div><\/div>\n<div>(trtbosanski)<\/div>\n","protected":false},"excerpt":{"rendered":"<p>Turska, Njema\u010dka &#8211; Gradona\u010delnik Istanbula, Kadir Topbas i zastupnik AK partije Hakan Sukur sve\u010dano su otvorili Tursku \u0161kolu u \u0160tutgartu, \u010dije izgradnja je po\u010dela 2004. godine, pod pokroviteljstvom turskih poduzetnika. Osim Topbasa i Sukura, ceremoniji su prisustvovali i premijer savezne dr\u017eave Baden Wuerttemberg, Winfried Kretschmann i gradona\u010delnik \u0160tutgarta, Wolfgang Schuster. Vrpcu na ulazu u \u0161kolu [&hellip;]<\/p>\n","protected":false},"author":16,"featured_media":61199,"comment_status":"open","ping_status":"open","sticky":false,"template":"","format":"standard","meta":{"footnotes":""},"categories":[9538,4,2692],"tags":[],"class_list":{"0":"post-61198","1":"post","2":"type-post","3":"status-publish","4":"format-standard","5":"has-post-thumbnail","7":"category-njemacka-dijaspora-gradovi-vase-vijesti","8":"category-obrazovanje","9":"category-turska-gradovi"},"yoast_head":"<!-- This site is optimized with the Yoast SEO Premium plugin v23.1 (Yoast SEO v24.9) - https:\/\/yoast.com\/wordpress\/plugins\/seo\/ -->\n<title>U \u0160tutgartu sve\u010dano otvorena turska \u0161kola<\/title>\n<meta name=\"robots\" content=\"index, follow, max-snippet:-1, max-image-preview:large, max-video-preview:-1\" \/>\n<link rel=\"canonical\" href=\"https:\/\/sandzakpress.net\/arhiva\/u-stutgartu-svecano-otvorena-turska-skola\/\" \/>\n<meta property=\"og:locale\" content=\"bs_BA\" \/>\n<meta property=\"og:type\" content=\"article\" \/>\n<meta property=\"og:title\" content=\"U \u0160tutgartu sve\u010dano otvorena turska \u0161kola\" \/>\n<meta property=\"og:description\" content=\"Turska, Njema\u010dka &#8211; Gradona\u010delnik Istanbula, Kadir Topbas i zastupnik AK partije Hakan Sukur sve\u010dano su otvorili Tursku \u0161kolu u \u0160tutgartu, \u010dije izgradnja je po\u010dela 2004. godine, pod pokroviteljstvom turskih poduzetnika. Osim Topbasa i Sukura, ceremoniji su prisustvovali i premijer savezne dr\u017eave Baden Wuerttemberg, Winfried Kretschmann i gradona\u010delnik \u0160tutgarta, Wolfgang Schuster. Vrpcu na ulazu u \u0161kolu [&hellip;]\" \/>\n<meta property=\"og:url\" content=\"https:\/\/sandzakpress.net\/arhiva\/u-stutgartu-svecano-otvorena-turska-skola\/\" \/>\n<meta property=\"og:site_name\" content=\"Sand\u017eak PRESS\" \/>\n<meta property=\"article:published_time\" content=\"2013-01-07T17:05:50+00:00\" \/>\n<meta property=\"og:image\" content=\"https:\/\/sandzakpress.net\/arhiva\/wp-content\/uploads\/2013\/01\/u-stutgartu-svecano-otvorena-turska-skola_trt-bosanski-13449.jpg\" \/>\n\t<meta property=\"og:image:width\" content=\"522\" \/>\n\t<meta property=\"og:image:height\" content=\"363\" \/>\n\t<meta property=\"og:image:type\" content=\"image\/jpeg\" \/>\n<meta name=\"twitter:card\" content=\"summary_large_image\" \/>\n<meta name=\"twitter:label1\" content=\"Written by\" \/>\n\t<meta name=\"twitter:data1\" content=\"\" \/>\n\t<meta name=\"twitter:label2\" content=\"Est. reading time\" \/>\n\t<meta name=\"twitter:data2\" content=\"1 minuta\" \/>\n<script type=\"application\/ld+json\" class=\"yoast-schema-graph\">{\"@context\":\"https:\/\/schema.org\",\"@graph\":[{\"@type\":\"Article\",\"@id\":\"https:\/\/sandzakpress.net\/arhiva\/u-stutgartu-svecano-otvorena-turska-skola\/#article\",\"isPartOf\":{\"@id\":\"https:\/\/sandzakpress.net\/arhiva\/u-stutgartu-svecano-otvorena-turska-skola\/\"},\"author\":{\"name\":\"\",\"@id\":\"\"},\"headline\":\"U \u0160tutgartu sve\u010dano otvorena turska \u0161kola\",\"datePublished\":\"2013-01-07T17:05:50+00:00\",\"mainEntityOfPage\":{\"@id\":\"https:\/\/sandzakpress.net\/arhiva\/u-stutgartu-svecano-otvorena-turska-skola\/\"},\"wordCount\":148,\"commentCount\":0,\"publisher\":{\"@id\":\"https:\/\/sandzakpress.net\/arhiva\/#\/schema\/person\/6e72b67d6e51910a1117b3b483ba20bd\"},\"image\":{\"@id\":\"https:\/\/sandzakpress.net\/arhiva\/u-stutgartu-svecano-otvorena-turska-skola\/#primaryimage\"},\"thumbnailUrl\":\"https:\/\/sandzakpress.net\/arhiva\/wp-content\/uploads\/2013\/01\/u-stutgartu-svecano-otvorena-turska-skola_trt-bosanski-13449.jpg\",\"articleSection\":[\"Njema\u010dka\",\"Obrazovanje\",\"Turska\"],\"inLanguage\":\"bs-BA\",\"potentialAction\":[{\"@type\":\"CommentAction\",\"name\":\"Comment\",\"target\":[\"https:\/\/sandzakpress.net\/arhiva\/u-stutgartu-svecano-otvorena-turska-skola\/#respond\"]}]},{\"@type\":\"WebPage\",\"@id\":\"https:\/\/sandzakpress.net\/arhiva\/u-stutgartu-svecano-otvorena-turska-skola\/\",\"url\":\"https:\/\/sandzakpress.net\/arhiva\/u-stutgartu-svecano-otvorena-turska-skola\/\",\"name\":\"U \u0160tutgartu sve\u010dano otvorena turska \u0161kola\",\"isPartOf\":{\"@id\":\"https:\/\/sandzakpress.net\/arhiva\/#website\"},\"primaryImageOfPage\":{\"@id\":\"https:\/\/sandzakpress.net\/arhiva\/u-stutgartu-svecano-otvorena-turska-skola\/#primaryimage\"},\"image\":{\"@id\":\"https:\/\/sandzakpress.net\/arhiva\/u-stutgartu-svecano-otvorena-turska-skola\/#primaryimage\"},\"thumbnailUrl\":\"https:\/\/sandzakpress.net\/arhiva\/wp-content\/uploads\/2013\/01\/u-stutgartu-svecano-otvorena-turska-skola_trt-bosanski-13449.jpg\",\"datePublished\":\"2013-01-07T17:05:50+00:00\",\"breadcrumb\":{\"@id\":\"https:\/\/sandzakpress.net\/arhiva\/u-stutgartu-svecano-otvorena-turska-skola\/#breadcrumb\"},\"inLanguage\":\"bs-BA\",\"potentialAction\":[{\"@type\":\"ReadAction\",\"target\":[\"https:\/\/sandzakpress.net\/arhiva\/u-stutgartu-svecano-otvorena-turska-skola\/\"]}]},{\"@type\":\"ImageObject\",\"inLanguage\":\"bs-BA\",\"@id\":\"https:\/\/sandzakpress.net\/arhiva\/u-stutgartu-svecano-otvorena-turska-skola\/#primaryimage\",\"url\":\"https:\/\/sandzakpress.net\/arhiva\/wp-content\/uploads\/2013\/01\/u-stutgartu-svecano-otvorena-turska-skola_trt-bosanski-13449.jpg\",\"contentUrl\":\"https:\/\/sandzakpress.net\/arhiva\/wp-content\/uploads\/2013\/01\/u-stutgartu-svecano-otvorena-turska-skola_trt-bosanski-13449.jpg\",\"width\":522,\"height\":363},{\"@type\":\"BreadcrumbList\",\"@id\":\"https:\/\/sandzakpress.net\/arhiva\/u-stutgartu-svecano-otvorena-turska-skola\/#breadcrumb\",\"itemListElement\":[{\"@type\":\"ListItem\",\"position\":1,\"name\":\"Home\",\"item\":\"https:\/\/sandzakpress.net\/arhiva\/\"},{\"@type\":\"ListItem\",\"position\":2,\"name\":\"U \u0160tutgartu sve\u010dano otvorena turska \u0161kola\"}]},{\"@type\":\"WebSite\",\"@id\":\"https:\/\/sandzakpress.net\/arhiva\/#website\",\"url\":\"https:\/\/sandzakpress.net\/arhiva\/\",\"name\":\"Sand\u017eak PRESS\",\"description\":\"Prve elektronske novine u Sand\u017eaku\",\"publisher\":{\"@id\":\"https:\/\/sandzakpress.net\/arhiva\/#\/schema\/person\/6e72b67d6e51910a1117b3b483ba20bd\"},\"potentialAction\":[{\"@type\":\"SearchAction\",\"target\":{\"@type\":\"EntryPoint\",\"urlTemplate\":\"https:\/\/sandzakpress.net\/arhiva\/?s={search_term_string}\"},\"query-input\":{\"@type\":\"PropertyValueSpecification\",\"valueRequired\":true,\"valueName\":\"search_term_string\"}}],\"inLanguage\":\"bs-BA\"},{\"@type\":[\"Person\",\"Organization\"],\"@id\":\"https:\/\/sandzakpress.net\/arhiva\/#\/schema\/person\/6e72b67d6e51910a1117b3b483ba20bd\",\"name\":\"Kul\",\"image\":{\"@type\":\"ImageObject\",\"inLanguage\":\"bs-BA\",\"@id\":\"https:\/\/sandzakpress.net\/arhiva\/#\/schema\/person\/image\/\",\"url\":\"https:\/\/secure.gravatar.com\/avatar\/42263f39aa27ac04c43cab85c280eb2e?s=96&d=mm&r=pg\",\"contentUrl\":\"https:\/\/secure.gravatar.com\/avatar\/42263f39aa27ac04c43cab85c280eb2e?s=96&d=mm&r=pg\",\"caption\":\"Kul\"},\"logo\":{\"@id\":\"https:\/\/sandzakpress.net\/arhiva\/#\/schema\/person\/image\/\"}},{\"@type\":\"Person\",\"@id\":\"\",\"url\":\"https:\/\/sandzakpress.net\/arhiva\/author\/\"}]}<\/script>\n<!-- \/ Yoast SEO Premium plugin. -->","yoast_head_json":{"title":"U \u0160tutgartu sve\u010dano otvorena turska \u0161kola","robots":{"index":"index","follow":"follow","max-snippet":"max-snippet:-1","max-image-preview":"max-image-preview:large","max-video-preview":"max-video-preview:-1"},"canonical":"https:\/\/sandzakpress.net\/arhiva\/u-stutgartu-svecano-otvorena-turska-skola\/","og_locale":"bs_BA","og_type":"article","og_title":"U \u0160tutgartu sve\u010dano otvorena turska \u0161kola","og_description":"Turska, Njema\u010dka &#8211; Gradona\u010delnik Istanbula, Kadir Topbas i zastupnik AK partije Hakan Sukur sve\u010dano su otvorili Tursku \u0161kolu u \u0160tutgartu, \u010dije izgradnja je po\u010dela 2004. godine, pod pokroviteljstvom turskih poduzetnika. Osim Topbasa i Sukura, ceremoniji su prisustvovali i premijer savezne dr\u017eave Baden Wuerttemberg, Winfried Kretschmann i gradona\u010delnik \u0160tutgarta, Wolfgang Schuster. Vrpcu na ulazu u \u0161kolu [&hellip;]","og_url":"https:\/\/sandzakpress.net\/arhiva\/u-stutgartu-svecano-otvorena-turska-skola\/","og_site_name":"Sand\u017eak PRESS","article_published_time":"2013-01-07T17:05:50+00:00","og_image":[{"width":522,"height":363,"url":"https:\/\/sandzakpress.net\/arhiva\/wp-content\/uploads\/2013\/01\/u-stutgartu-svecano-otvorena-turska-skola_trt-bosanski-13449.jpg","type":"image\/jpeg"}],"twitter_card":"summary_large_image","twitter_misc":{"Written by":"","Est. reading time":"1 minuta"},"schema":{"@context":"https:\/\/schema.org","@graph":[{"@type":"Article","@id":"https:\/\/sandzakpress.net\/arhiva\/u-stutgartu-svecano-otvorena-turska-skola\/#article","isPartOf":{"@id":"https:\/\/sandzakpress.net\/arhiva\/u-stutgartu-svecano-otvorena-turska-skola\/"},"author":{"name":"","@id":""},"headline":"U \u0160tutgartu sve\u010dano otvorena turska \u0161kola","datePublished":"2013-01-07T17:05:50+00:00","mainEntityOfPage":{"@id":"https:\/\/sandzakpress.net\/arhiva\/u-stutgartu-svecano-otvorena-turska-skola\/"},"wordCount":148,"commentCount":0,"publisher":{"@id":"https:\/\/sandzakpress.net\/arhiva\/#\/schema\/person\/6e72b67d6e51910a1117b3b483ba20bd"},"image":{"@id":"https:\/\/sandzakpress.net\/arhiva\/u-stutgartu-svecano-otvorena-turska-skola\/#primaryimage"},"thumbnailUrl":"https:\/\/sandzakpress.net\/arhiva\/wp-content\/uploads\/2013\/01\/u-stutgartu-svecano-otvorena-turska-skola_trt-bosanski-13449.jpg","articleSection":["Njema\u010dka","Obrazovanje","Turska"],"inLanguage":"bs-BA","potentialAction":[{"@type":"CommentAction","name":"Comment","target":["https:\/\/sandzakpress.net\/arhiva\/u-stutgartu-svecano-otvorena-turska-skola\/#respond"]}]},{"@type":"WebPage","@id":"https:\/\/sandzakpress.net\/arhiva\/u-stutgartu-svecano-otvorena-turska-skola\/","url":"https:\/\/sandzakpress.net\/arhiva\/u-stutgartu-svecano-otvorena-turska-skola\/","name":"U \u0160tutgartu sve\u010dano otvorena turska \u0161kola","isPartOf":{"@id":"https:\/\/sandzakpress.net\/arhiva\/#website"},"primaryImageOfPage":{"@id":"https:\/\/sandzakpress.net\/arhiva\/u-stutgartu-svecano-otvorena-turska-skola\/#primaryimage"},"image":{"@id":"https:\/\/sandzakpress.net\/arhiva\/u-stutgartu-svecano-otvorena-turska-skola\/#primaryimage"},"thumbnailUrl":"https:\/\/sandzakpress.net\/arhiva\/wp-content\/uploads\/2013\/01\/u-stutgartu-svecano-otvorena-turska-skola_trt-bosanski-13449.jpg","datePublished":"2013-01-07T17:05:50+00:00","breadcrumb":{"@id":"https:\/\/sandzakpress.net\/arhiva\/u-stutgartu-svecano-otvorena-turska-skola\/#breadcrumb"},"inLanguage":"bs-BA","potentialAction":[{"@type":"ReadAction","target":["https:\/\/sandzakpress.net\/arhiva\/u-stutgartu-svecano-otvorena-turska-skola\/"]}]},{"@type":"ImageObject","inLanguage":"bs-BA","@id":"https:\/\/sandzakpress.net\/arhiva\/u-stutgartu-svecano-otvorena-turska-skola\/#primaryimage","url":"https:\/\/sandzakpress.net\/arhiva\/wp-content\/uploads\/2013\/01\/u-stutgartu-svecano-otvorena-turska-skola_trt-bosanski-13449.jpg","contentUrl":"https:\/\/sandzakpress.net\/arhiva\/wp-content\/uploads\/2013\/01\/u-stutgartu-svecano-otvorena-turska-skola_trt-bosanski-13449.jpg","width":522,"height":363},{"@type":"BreadcrumbList","@id":"https:\/\/sandzakpress.net\/arhiva\/u-stutgartu-svecano-otvorena-turska-skola\/#breadcrumb","itemListElement":[{"@type":"ListItem","position":1,"name":"Home","item":"https:\/\/sandzakpress.net\/arhiva\/"},{"@type":"ListItem","position":2,"name":"U \u0160tutgartu sve\u010dano otvorena turska \u0161kola"}]},{"@type":"WebSite","@id":"https:\/\/sandzakpress.net\/arhiva\/#website","url":"https:\/\/sandzakpress.net\/arhiva\/","name":"Sand\u017eak PRESS","description":"Prve elektronske novine u Sand\u017eaku","publisher":{"@id":"https:\/\/sandzakpress.net\/arhiva\/#\/schema\/person\/6e72b67d6e51910a1117b3b483ba20bd"},"potentialAction":[{"@type":"SearchAction","target":{"@type":"EntryPoint","urlTemplate":"https:\/\/sandzakpress.net\/arhiva\/?s={search_term_string}"},"query-input":{"@type":"PropertyValueSpecification","valueRequired":true,"valueName":"search_term_string"}}],"inLanguage":"bs-BA"},{"@type":["Person","Organization"],"@id":"https:\/\/sandzakpress.net\/arhiva\/#\/schema\/person\/6e72b67d6e51910a1117b3b483ba20bd","name":"Kul","image":{"@type":"ImageObject","inLanguage":"bs-BA","@id":"https:\/\/sandzakpress.net\/arhiva\/#\/schema\/person\/image\/","url":"https:\/\/secure.gravatar.com\/avatar\/42263f39aa27ac04c43cab85c280eb2e?s=96&d=mm&r=pg","contentUrl":"https:\/\/secure.gravatar.com\/avatar\/42263f39aa27ac04c43cab85c280eb2e?s=96&d=mm&r=pg","caption":"Kul"},"logo":{"@id":"https:\/\/sandzakpress.net\/arhiva\/#\/schema\/person\/image\/"}},{"@type":"Person","@id":"","url":"https:\/\/sandzakpress.net\/arhiva\/author\/"}]}},"_links":{"self":[{"href":"https:\/\/sandzakpress.net\/arhiva\/wp-json\/wp\/v2\/posts\/61198"}],"collection":[{"href":"https:\/\/sandzakpress.net\/arhiva\/wp-json\/wp\/v2\/posts"}],"about":[{"href":"https:\/\/sandzakpress.net\/arhiva\/wp-json\/wp\/v2\/types\/post"}],"author":[{"embeddable":true,"href":"https:\/\/sandzakpress.net\/arhiva\/wp-json\/wp\/v2\/users\/16"}],"replies":[{"embeddable":true,"href":"https:\/\/sandzakpress.net\/arhiva\/wp-json\/wp\/v2\/comments?post=61198"}],"version-history":[{"count":0,"href":"https:\/\/sandzakpress.net\/arhiva\/wp-json\/wp\/v2\/posts\/61198\/revisions"}],"wp:featuredmedia":[{"embeddable":true,"href":"https:\/\/sandzakpress.net\/arhiva\/wp-json\/wp\/v2\/media\/61199"}],"wp:attachment":[{"href":"https:\/\/sandzakpress.net\/arhiva\/wp-json\/wp\/v2\/media?parent=61198"}],"wp:term":[{"taxonomy":"category","embeddable":true,"href":"https:\/\/sandzakpress.net\/arhiva\/wp-json\/wp\/v2\/categories?post=61198"},{"taxonomy":"post_tag","embeddable":true,"href":"https:\/\/sandzakpress.net\/arhiva\/wp-json\/wp\/v2\/tags?post=61198"}],"curies":[{"name":"wp","href":"https:\/\/api.w.org\/{rel}","templated":true}]}}