{"id":61109,"date":"2013-01-06T22:17:53","date_gmt":"2013-01-06T21:17:53","guid":{"rendered":"https:\/\/sandzakpress.net\/arhiva\/?p=61109"},"modified":"2013-01-07T16:46:18","modified_gmt":"2013-01-07T15:46:18","slug":"libija-pod-pritiskom-da-prizna-kim","status":"publish","type":"post","link":"https:\/\/sandzakpress.net\/arhiva\/libija-pod-pritiskom-da-prizna-kim\/","title":{"rendered":"Ljaji\u0107: &#8216;Libija pod pritiskom da prizna Kosovo&#8217;"},"content":{"rendered":"<p><strong><a href=\"https:\/\/sandzakpress.net\/arhiva\/wp-content\/uploads\/2013\/01\/170557894850e9a39538cc0666359938_640x665.jpg\"><img loading=\"lazy\" decoding=\"async\" class=\"alignleft size-medium wp-image-61110\" title=\"170557894850e9a39538cc0666359938_640x665\" src=\"https:\/\/sandzakpress.net\/arhiva\/wp-content\/uploads\/2013\/01\/170557894850e9a39538cc0666359938_640x665-288x300.jpg\" alt=\"\" width=\"288\" height=\"300\" \/><\/a>Novi Pazar &#8211; Rasim Ljaji\u0107 ka\u017ee da su mu zvani\u010dnici Libije preneli da su pod velikim pritiskom zemalja u regionu, ali i zapadnih dr\u017eava da priznaju nezavisnost Kosova.<\/strong><\/p>\n<p>&#8220;Libijski ministar spoljnih poslova mi je otvoreno rekao da su pod velikim pritiskom zemalja u regionu, ali i zapadnih dr\u017eava da priznaju nezavisnost Kosova. Ukazao sam mu da se vodi intenzivan politi\u010dki dijalog Beograda i Pri\u0161tine u Briselu i da mi ne bismo kao dobar ocijenili potez da Libija to u\u010dini&#8221;, rekao je on.<\/p>\n<p>Potpredsjednik Vlade Srbije i ministar spoljne i unutra\u0161nje trgovine i telekomunikacija je rekao i da ne o\u010dekuje da Libija u neko blisko vreme prizna nezavisnost Kosova, ali da Srbija mora da nastavi politi\u010dki dijalog kako bi ukazala na negativne posljedice eventualnog priznavanja nezavisnosti Kosova od strane Libije.<br \/>\nOn je zahvalio libijskim vlastima na principijelnom stavu u vezi sa nepriznavanjem jednostrano progla\u0161ene nezavisnosti Kosova i Metohije.<br \/>\nLjaji\u0107 je sa dr\u017eavnim zvani\u010dnicima Libije razgovarao i o daljem unapre\u0111enju politi\u010dkih odnosa, razvoju ekonomske saradnje, kao i problemu petorice dr\u017eavljana Srbije koji se nalaze u pritvoru u libijskom gradu Zintanu od avgusta 2011. godine. On je od njih zatra\u017eio da se pitanje petorice srpskih dr\u017eavljana \u0161to prije rije\u0161i i da se procedure pred libijskim dr\u017eavnim organima ubrzaju.<br \/>\n&#8220;Ne postoje nikakve indicije da su oni u\u010destvovali u vojnim operacijama na strani Gadafijevog re\u017eima. Istina je da njih petorica imaju korektan tretman u zatvoru u Zintanu, ali da mi o\u010dekujemo da Libija u\u010dini sve da se na ovo pitanje i da se ti ljudi puste iz zatvora&#8221;, kazao je Ljaji\u0107.<br \/>\nOn je dodao da je nova demokratska Vlada Libije spremna na dalje unapre\u0111uje odnose sa Srbijom, kroz intenzivne posjete zvani\u010dnika na svim nivoima, ali i kroz potpisivanje bilateralnih sporazuma u oblastima za koje postoji obostrano interesovanje.<br \/>\nKada je u u pitanju razvoj ekonomskih odnosa, Ljaji\u0107 je ocijenio da su definisane \u010detiri oblasti u kojima postoji veliki prostor za napredak vojno ekonomske saradnje, kao i u oblastima medicine i farmaceutske industrije, gra\u0111evinarstva i poljoprivrede.<br \/>\n&#8220;Dogovorili smo da 2. aprila u\u010destvujemo na velikom me\u0111unarodnom sajmu u Tripoliju sa grupom na\u0161ih privrednika, koji bi sa svojim libijskim partnerima napravili konkretne oblike poslovnih odnosa&#8221;, najavio je Ljaji\u0107, koji je u sklopu zvani\u010dne dr\u017eavne posjete razgovarao s predsjednikom parlamenta i \u0161efom libijske dr\u017eave Mohamedom Magarifom, premijerom Ali Zidanom, ministrom ekonomije Mustafom Abufunasom i ministrom za me\u0111unarodnu saradnju Mohamedom Abdulazizom, koji je ujedno i \u0161ef libijske diplomatije.<\/p>\n<p>(b92)<\/p>\n","protected":false},"excerpt":{"rendered":"<p>Novi Pazar &#8211; Rasim Ljaji\u0107 ka\u017ee da su mu zvani\u010dnici Libije preneli da su pod velikim pritiskom zemalja u regionu, ali i zapadnih dr\u017eava da priznaju nezavisnost Kosova. &#8220;Libijski ministar spoljnih poslova mi je otvoreno rekao da su pod velikim pritiskom zemalja u regionu, ali i zapadnih dr\u017eava da priznaju nezavisnost Kosova. Ukazao sam mu [&hellip;]<\/p>\n","protected":false},"author":33,"featured_media":61110,"comment_status":"open","ping_status":"open","sticky":false,"template":"","format":"standard","meta":{"footnotes":""},"categories":[72,1,8957],"tags":[],"class_list":{"0":"post-61109","1":"post","2":"type-post","3":"status-publish","4":"format-standard","5":"has-post-thumbnail","7":"category-novi-pazar","8":"category-politika","9":"category-vijesti-dana"},"yoast_head":"<!-- This site is optimized with the Yoast SEO Premium plugin v23.1 (Yoast SEO v24.9) - https:\/\/yoast.com\/wordpress\/plugins\/seo\/ -->\n<title>Ljaji\u0107: &#039;Libija pod pritiskom da prizna Kosovo&#039;<\/title>\n<meta name=\"robots\" content=\"index, follow, max-snippet:-1, max-image-preview:large, max-video-preview:-1\" \/>\n<link rel=\"canonical\" href=\"https:\/\/sandzakpress.net\/arhiva\/libija-pod-pritiskom-da-prizna-kim\/\" \/>\n<meta property=\"og:locale\" content=\"bs_BA\" \/>\n<meta property=\"og:type\" content=\"article\" \/>\n<meta property=\"og:title\" content=\"Ljaji\u0107: &#039;Libija pod pritiskom da prizna Kosovo&#039;\" \/>\n<meta property=\"og:description\" content=\"Novi Pazar &#8211; Rasim Ljaji\u0107 ka\u017ee da su mu zvani\u010dnici Libije preneli da su pod velikim pritiskom zemalja u regionu, ali i zapadnih dr\u017eava da priznaju nezavisnost Kosova. &#8220;Libijski ministar spoljnih poslova mi je otvoreno rekao da su pod velikim pritiskom zemalja u regionu, ali i zapadnih dr\u017eava da priznaju nezavisnost Kosova. Ukazao sam mu [&hellip;]\" \/>\n<meta property=\"og:url\" content=\"https:\/\/sandzakpress.net\/arhiva\/libija-pod-pritiskom-da-prizna-kim\/\" \/>\n<meta property=\"og:site_name\" content=\"Sand\u017eak PRESS\" \/>\n<meta property=\"article:published_time\" content=\"2013-01-06T21:17:53+00:00\" \/>\n<meta property=\"article:modified_time\" content=\"2013-01-07T15:46:18+00:00\" \/>\n<meta property=\"og:image\" content=\"https:\/\/sandzakpress.net\/arhiva\/wp-content\/uploads\/2013\/01\/170557894850e9a39538cc0666359938_640x665.jpg\" \/>\n\t<meta property=\"og:image:width\" content=\"616\" \/>\n\t<meta property=\"og:image:height\" content=\"640\" \/>\n\t<meta property=\"og:image:type\" content=\"image\/jpeg\" \/>\n<meta name=\"twitter:card\" content=\"summary_large_image\" \/>\n<meta name=\"twitter:label1\" content=\"Written by\" \/>\n\t<meta name=\"twitter:data1\" content=\"\" \/>\n\t<meta name=\"twitter:label2\" content=\"Est. reading time\" \/>\n\t<meta name=\"twitter:data2\" content=\"2 minute\" \/>\n<script type=\"application\/ld+json\" class=\"yoast-schema-graph\">{\"@context\":\"https:\/\/schema.org\",\"@graph\":[{\"@type\":\"Article\",\"@id\":\"https:\/\/sandzakpress.net\/arhiva\/libija-pod-pritiskom-da-prizna-kim\/#article\",\"isPartOf\":{\"@id\":\"https:\/\/sandzakpress.net\/arhiva\/libija-pod-pritiskom-da-prizna-kim\/\"},\"author\":{\"name\":\"\",\"@id\":\"\"},\"headline\":\"Ljaji\u0107: &#8216;Libija pod pritiskom da prizna Kosovo&#8217;\",\"datePublished\":\"2013-01-06T21:17:53+00:00\",\"dateModified\":\"2013-01-07T15:46:18+00:00\",\"mainEntityOfPage\":{\"@id\":\"https:\/\/sandzakpress.net\/arhiva\/libija-pod-pritiskom-da-prizna-kim\/\"},\"wordCount\":437,\"commentCount\":13,\"publisher\":{\"@id\":\"https:\/\/sandzakpress.net\/arhiva\/#\/schema\/person\/6e72b67d6e51910a1117b3b483ba20bd\"},\"image\":{\"@id\":\"https:\/\/sandzakpress.net\/arhiva\/libija-pod-pritiskom-da-prizna-kim\/#primaryimage\"},\"thumbnailUrl\":\"https:\/\/sandzakpress.net\/arhiva\/wp-content\/uploads\/2013\/01\/170557894850e9a39538cc0666359938_640x665.jpg\",\"articleSection\":[\"Novi Pazar\",\"Politika\",\"VIJESTI DANA\"],\"inLanguage\":\"bs-BA\",\"potentialAction\":[{\"@type\":\"CommentAction\",\"name\":\"Comment\",\"target\":[\"https:\/\/sandzakpress.net\/arhiva\/libija-pod-pritiskom-da-prizna-kim\/#respond\"]}]},{\"@type\":\"WebPage\",\"@id\":\"https:\/\/sandzakpress.net\/arhiva\/libija-pod-pritiskom-da-prizna-kim\/\",\"url\":\"https:\/\/sandzakpress.net\/arhiva\/libija-pod-pritiskom-da-prizna-kim\/\",\"name\":\"Ljaji\u0107: 'Libija pod pritiskom da prizna Kosovo'\",\"isPartOf\":{\"@id\":\"https:\/\/sandzakpress.net\/arhiva\/#website\"},\"primaryImageOfPage\":{\"@id\":\"https:\/\/sandzakpress.net\/arhiva\/libija-pod-pritiskom-da-prizna-kim\/#primaryimage\"},\"image\":{\"@id\":\"https:\/\/sandzakpress.net\/arhiva\/libija-pod-pritiskom-da-prizna-kim\/#primaryimage\"},\"thumbnailUrl\":\"https:\/\/sandzakpress.net\/arhiva\/wp-content\/uploads\/2013\/01\/170557894850e9a39538cc0666359938_640x665.jpg\",\"datePublished\":\"2013-01-06T21:17:53+00:00\",\"dateModified\":\"2013-01-07T15:46:18+00:00\",\"breadcrumb\":{\"@id\":\"https:\/\/sandzakpress.net\/arhiva\/libija-pod-pritiskom-da-prizna-kim\/#breadcrumb\"},\"inLanguage\":\"bs-BA\",\"potentialAction\":[{\"@type\":\"ReadAction\",\"target\":[\"https:\/\/sandzakpress.net\/arhiva\/libija-pod-pritiskom-da-prizna-kim\/\"]}]},{\"@type\":\"ImageObject\",\"inLanguage\":\"bs-BA\",\"@id\":\"https:\/\/sandzakpress.net\/arhiva\/libija-pod-pritiskom-da-prizna-kim\/#primaryimage\",\"url\":\"https:\/\/sandzakpress.net\/arhiva\/wp-content\/uploads\/2013\/01\/170557894850e9a39538cc0666359938_640x665.jpg\",\"contentUrl\":\"https:\/\/sandzakpress.net\/arhiva\/wp-content\/uploads\/2013\/01\/170557894850e9a39538cc0666359938_640x665.jpg\",\"width\":616,\"height\":640},{\"@type\":\"BreadcrumbList\",\"@id\":\"https:\/\/sandzakpress.net\/arhiva\/libija-pod-pritiskom-da-prizna-kim\/#breadcrumb\",\"itemListElement\":[{\"@type\":\"ListItem\",\"position\":1,\"name\":\"Home\",\"item\":\"https:\/\/sandzakpress.net\/arhiva\/\"},{\"@type\":\"ListItem\",\"position\":2,\"name\":\"Ljaji\u0107: &#8216;Libija pod pritiskom da prizna Kosovo&#8217;\"}]},{\"@type\":\"WebSite\",\"@id\":\"https:\/\/sandzakpress.net\/arhiva\/#website\",\"url\":\"https:\/\/sandzakpress.net\/arhiva\/\",\"name\":\"Sand\u017eak PRESS\",\"description\":\"Prve elektronske novine u Sand\u017eaku\",\"publisher\":{\"@id\":\"https:\/\/sandzakpress.net\/arhiva\/#\/schema\/person\/6e72b67d6e51910a1117b3b483ba20bd\"},\"potentialAction\":[{\"@type\":\"SearchAction\",\"target\":{\"@type\":\"EntryPoint\",\"urlTemplate\":\"https:\/\/sandzakpress.net\/arhiva\/?s={search_term_string}\"},\"query-input\":{\"@type\":\"PropertyValueSpecification\",\"valueRequired\":true,\"valueName\":\"search_term_string\"}}],\"inLanguage\":\"bs-BA\"},{\"@type\":[\"Person\",\"Organization\"],\"@id\":\"https:\/\/sandzakpress.net\/arhiva\/#\/schema\/person\/6e72b67d6e51910a1117b3b483ba20bd\",\"name\":\"Kul\",\"image\":{\"@type\":\"ImageObject\",\"inLanguage\":\"bs-BA\",\"@id\":\"https:\/\/sandzakpress.net\/arhiva\/#\/schema\/person\/image\/\",\"url\":\"https:\/\/secure.gravatar.com\/avatar\/42263f39aa27ac04c43cab85c280eb2e?s=96&d=mm&r=pg\",\"contentUrl\":\"https:\/\/secure.gravatar.com\/avatar\/42263f39aa27ac04c43cab85c280eb2e?s=96&d=mm&r=pg\",\"caption\":\"Kul\"},\"logo\":{\"@id\":\"https:\/\/sandzakpress.net\/arhiva\/#\/schema\/person\/image\/\"}},{\"@type\":\"Person\",\"@id\":\"\",\"url\":\"https:\/\/sandzakpress.net\/arhiva\/author\/\"}]}<\/script>\n<!-- \/ Yoast SEO Premium plugin. -->","yoast_head_json":{"title":"Ljaji\u0107: 'Libija pod pritiskom da prizna Kosovo'","robots":{"index":"index","follow":"follow","max-snippet":"max-snippet:-1","max-image-preview":"max-image-preview:large","max-video-preview":"max-video-preview:-1"},"canonical":"https:\/\/sandzakpress.net\/arhiva\/libija-pod-pritiskom-da-prizna-kim\/","og_locale":"bs_BA","og_type":"article","og_title":"Ljaji\u0107: 'Libija pod pritiskom da prizna Kosovo'","og_description":"Novi Pazar &#8211; Rasim Ljaji\u0107 ka\u017ee da su mu zvani\u010dnici Libije preneli da su pod velikim pritiskom zemalja u regionu, ali i zapadnih dr\u017eava da priznaju nezavisnost Kosova. &#8220;Libijski ministar spoljnih poslova mi je otvoreno rekao da su pod velikim pritiskom zemalja u regionu, ali i zapadnih dr\u017eava da priznaju nezavisnost Kosova. Ukazao sam mu [&hellip;]","og_url":"https:\/\/sandzakpress.net\/arhiva\/libija-pod-pritiskom-da-prizna-kim\/","og_site_name":"Sand\u017eak PRESS","article_published_time":"2013-01-06T21:17:53+00:00","article_modified_time":"2013-01-07T15:46:18+00:00","og_image":[{"width":616,"height":640,"url":"https:\/\/sandzakpress.net\/arhiva\/wp-content\/uploads\/2013\/01\/170557894850e9a39538cc0666359938_640x665.jpg","type":"image\/jpeg"}],"twitter_card":"summary_large_image","twitter_misc":{"Written by":"","Est. reading time":"2 minute"},"schema":{"@context":"https:\/\/schema.org","@graph":[{"@type":"Article","@id":"https:\/\/sandzakpress.net\/arhiva\/libija-pod-pritiskom-da-prizna-kim\/#article","isPartOf":{"@id":"https:\/\/sandzakpress.net\/arhiva\/libija-pod-pritiskom-da-prizna-kim\/"},"author":{"name":"","@id":""},"headline":"Ljaji\u0107: &#8216;Libija pod pritiskom da prizna Kosovo&#8217;","datePublished":"2013-01-06T21:17:53+00:00","dateModified":"2013-01-07T15:46:18+00:00","mainEntityOfPage":{"@id":"https:\/\/sandzakpress.net\/arhiva\/libija-pod-pritiskom-da-prizna-kim\/"},"wordCount":437,"commentCount":13,"publisher":{"@id":"https:\/\/sandzakpress.net\/arhiva\/#\/schema\/person\/6e72b67d6e51910a1117b3b483ba20bd"},"image":{"@id":"https:\/\/sandzakpress.net\/arhiva\/libija-pod-pritiskom-da-prizna-kim\/#primaryimage"},"thumbnailUrl":"https:\/\/sandzakpress.net\/arhiva\/wp-content\/uploads\/2013\/01\/170557894850e9a39538cc0666359938_640x665.jpg","articleSection":["Novi Pazar","Politika","VIJESTI DANA"],"inLanguage":"bs-BA","potentialAction":[{"@type":"CommentAction","name":"Comment","target":["https:\/\/sandzakpress.net\/arhiva\/libija-pod-pritiskom-da-prizna-kim\/#respond"]}]},{"@type":"WebPage","@id":"https:\/\/sandzakpress.net\/arhiva\/libija-pod-pritiskom-da-prizna-kim\/","url":"https:\/\/sandzakpress.net\/arhiva\/libija-pod-pritiskom-da-prizna-kim\/","name":"Ljaji\u0107: 'Libija pod pritiskom da prizna Kosovo'","isPartOf":{"@id":"https:\/\/sandzakpress.net\/arhiva\/#website"},"primaryImageOfPage":{"@id":"https:\/\/sandzakpress.net\/arhiva\/libija-pod-pritiskom-da-prizna-kim\/#primaryimage"},"image":{"@id":"https:\/\/sandzakpress.net\/arhiva\/libija-pod-pritiskom-da-prizna-kim\/#primaryimage"},"thumbnailUrl":"https:\/\/sandzakpress.net\/arhiva\/wp-content\/uploads\/2013\/01\/170557894850e9a39538cc0666359938_640x665.jpg","datePublished":"2013-01-06T21:17:53+00:00","dateModified":"2013-01-07T15:46:18+00:00","breadcrumb":{"@id":"https:\/\/sandzakpress.net\/arhiva\/libija-pod-pritiskom-da-prizna-kim\/#breadcrumb"},"inLanguage":"bs-BA","potentialAction":[{"@type":"ReadAction","target":["https:\/\/sandzakpress.net\/arhiva\/libija-pod-pritiskom-da-prizna-kim\/"]}]},{"@type":"ImageObject","inLanguage":"bs-BA","@id":"https:\/\/sandzakpress.net\/arhiva\/libija-pod-pritiskom-da-prizna-kim\/#primaryimage","url":"https:\/\/sandzakpress.net\/arhiva\/wp-content\/uploads\/2013\/01\/170557894850e9a39538cc0666359938_640x665.jpg","contentUrl":"https:\/\/sandzakpress.net\/arhiva\/wp-content\/uploads\/2013\/01\/170557894850e9a39538cc0666359938_640x665.jpg","width":616,"height":640},{"@type":"BreadcrumbList","@id":"https:\/\/sandzakpress.net\/arhiva\/libija-pod-pritiskom-da-prizna-kim\/#breadcrumb","itemListElement":[{"@type":"ListItem","position":1,"name":"Home","item":"https:\/\/sandzakpress.net\/arhiva\/"},{"@type":"ListItem","position":2,"name":"Ljaji\u0107: &#8216;Libija pod pritiskom da prizna Kosovo&#8217;"}]},{"@type":"WebSite","@id":"https:\/\/sandzakpress.net\/arhiva\/#website","url":"https:\/\/sandzakpress.net\/arhiva\/","name":"Sand\u017eak PRESS","description":"Prve elektronske novine u Sand\u017eaku","publisher":{"@id":"https:\/\/sandzakpress.net\/arhiva\/#\/schema\/person\/6e72b67d6e51910a1117b3b483ba20bd"},"potentialAction":[{"@type":"SearchAction","target":{"@type":"EntryPoint","urlTemplate":"https:\/\/sandzakpress.net\/arhiva\/?s={search_term_string}"},"query-input":{"@type":"PropertyValueSpecification","valueRequired":true,"valueName":"search_term_string"}}],"inLanguage":"bs-BA"},{"@type":["Person","Organization"],"@id":"https:\/\/sandzakpress.net\/arhiva\/#\/schema\/person\/6e72b67d6e51910a1117b3b483ba20bd","name":"Kul","image":{"@type":"ImageObject","inLanguage":"bs-BA","@id":"https:\/\/sandzakpress.net\/arhiva\/#\/schema\/person\/image\/","url":"https:\/\/secure.gravatar.com\/avatar\/42263f39aa27ac04c43cab85c280eb2e?s=96&d=mm&r=pg","contentUrl":"https:\/\/secure.gravatar.com\/avatar\/42263f39aa27ac04c43cab85c280eb2e?s=96&d=mm&r=pg","caption":"Kul"},"logo":{"@id":"https:\/\/sandzakpress.net\/arhiva\/#\/schema\/person\/image\/"}},{"@type":"Person","@id":"","url":"https:\/\/sandzakpress.net\/arhiva\/author\/"}]}},"_links":{"self":[{"href":"https:\/\/sandzakpress.net\/arhiva\/wp-json\/wp\/v2\/posts\/61109"}],"collection":[{"href":"https:\/\/sandzakpress.net\/arhiva\/wp-json\/wp\/v2\/posts"}],"about":[{"href":"https:\/\/sandzakpress.net\/arhiva\/wp-json\/wp\/v2\/types\/post"}],"author":[{"embeddable":true,"href":"https:\/\/sandzakpress.net\/arhiva\/wp-json\/wp\/v2\/users\/33"}],"replies":[{"embeddable":true,"href":"https:\/\/sandzakpress.net\/arhiva\/wp-json\/wp\/v2\/comments?post=61109"}],"version-history":[{"count":0,"href":"https:\/\/sandzakpress.net\/arhiva\/wp-json\/wp\/v2\/posts\/61109\/revisions"}],"wp:featuredmedia":[{"embeddable":true,"href":"https:\/\/sandzakpress.net\/arhiva\/wp-json\/wp\/v2\/media\/61110"}],"wp:attachment":[{"href":"https:\/\/sandzakpress.net\/arhiva\/wp-json\/wp\/v2\/media?parent=61109"}],"wp:term":[{"taxonomy":"category","embeddable":true,"href":"https:\/\/sandzakpress.net\/arhiva\/wp-json\/wp\/v2\/categories?post=61109"},{"taxonomy":"post_tag","embeddable":true,"href":"https:\/\/sandzakpress.net\/arhiva\/wp-json\/wp\/v2\/tags?post=61109"}],"curies":[{"name":"wp","href":"https:\/\/api.w.org\/{rel}","templated":true}]}}