{"id":6099,"date":"2010-07-07T15:43:47","date_gmt":"2010-07-07T15:43:47","guid":{"rendered":"https:\/\/sandzakpress.net\/arhiva\/?p=6099"},"modified":"2010-07-07T15:43:47","modified_gmt":"2010-07-07T15:43:47","slug":"borba-oko-fetvi","status":"publish","type":"post","link":"https:\/\/sandzakpress.net\/arhiva\/borba-oko-fetvi\/","title":{"rendered":"Borba oko fetvi"},"content":{"rendered":"<p><strong><a href=\"https:\/\/sandzakpress.net\/arhiva\/wp-content\/uploads\/2010\/07\/arapski.jpg\"><img loading=\"lazy\" decoding=\"async\" class=\"alignleft size-full wp-image-6100\" title=\"arapski\" src=\"https:\/\/sandzakpress.net\/arhiva\/wp-content\/uploads\/2010\/07\/arapski.jpg\" alt=\"\" width=\"180\" height=\"220\" \/><\/a>Saudijska Arabija &#8211; U\u010denjaci u Saudijskoj Arabiji otvorili su \u2018bitku\u2019 po pitanju ko mo\u017ee izdavati fetve ili vjerske edikte, nakon \u0161to su \u2018tvrdolinija\u0161ki\u2019 i &#8220;napredni&#8221; u\u010denjaci krenuli u javnu raspravu po istom pitanju. <\/strong><\/p>\n<p>Ve\u0107ina rasprava u toku protekle sedmice proistekla je od fetve koju je izdao Adel el-Kalbani, u\u010denjak iz Rijada poznat kao prvi tamnoputi imam d\u017eamije u Mekki. Kalbani, poznat po svom prelijepom u\u010denju ajeta iz Kur\u2019ana, izjavio je kako nije prona\u0161ao ni\u0161ta u islamskim propisima koji bi oharamili ili zabranili muziku. \u201cNe postoji jasan tekst ili propis u islamu koji ka\u017ee da su pjevanje i muzika zabranjeni\u201d, izjavio je Kalbani. \u00a0Tako\u0111er u posljednjih nekoliko sedmica, visoko rangirani u\u010denjak, \u0161ejh Abdul Mohsen el-Obeikan, je podgrijao javno mjenje s dva svoja mi\u0161ljenja.<\/p>\n<p>Kao prvo, on zastupa mi\u0161ljenje da odrastao \u010dovjek se mo\u017ee smatrati sinom \u017eene ukoliko ga je ona podojila. Ovo pitanje pojedini vide kao na\u010din dozvoljavanja mje\u0161anja mu\u0161karaca i \u017eena, mada je podleglo ismijavanju i osudama \u017eena aktivistkinja u raznim organizacijama kao i kriti\u010darima Saudije \u0161irom svijeta. Ali Obeikan, vrhovni savjetnik na dvoru kralja Abdullaha, je tako\u0111er naljutio ultra-konzervativce kada je izjavio da se obavezni podnevni i poslijepodnevni namazi, podne i ikindija, mogu spajati kako bi se olak\u0161alo vjernicima tokom ljetnjih vru\u0107ina. Iako je ovaj vid spajanja namaza dozvoljen pojedincima u odre\u0111enim okolnostima, konzervativci ka\u017eu da se ne mo\u017ee primjeniti na sve generalno.<\/p>\n<p>Tokom svoje hudbe u petak \u0161ejh Abdul Rahman el-Sudejs je kritikovao ono \u0161to je on nazvao \u2018la\u017enim fetvama\u2019, porede\u0107i one koji su ih izdali s prodava\u010dima koji prodaju la\u017enu ili pokvarenu robu. U\u010dinak, izjavio je on, ide dalje od potkopavanja sigurnosti zemlje.<br \/>\nU me\u0111uvremenu, vrhovni muftija Saudijske Arabije, \u0161ejh Abdulaziz el-\u0160ejh, upozorio je na najstro\u017eije ka\u017enjavanje. \u201cOni koji izdaju abnormalne fetve koje nemaju potporu u Kur\u2019anu treba zaustaviti&#8221;, izjavio je on u nedjelju na televiziji El-Mad\u017ed. \u201cUkoliko nekvalifikovana osoba izdaje fetve, mi \u0107emo ga zaustaviti\u201d, rekao je on porede\u0107i takvu osobu s nadriljekarom kojem je dozvoljeno da lije\u010di bolesnike.<\/p>\n<p>Presudno, u svemu tome jeste da vlada nastoji izgraditi dosljednost u \u0161erijatskom pravu, gdje bi sudije bili svi u\u010denjaci \u010dije fetve igraju klju\u010dnu ulogu. Vlada \u017eeli samo jedno tijelo, kontrolisano od Savjeta visoke uleme, koje bi izdavalo fetve koje bi drugi u\u010denjaci morali prihvatiti. Pojedini ljudi \u017eele fetve uskla\u0111ene s modernim na\u010dinom \u017eivota. Ranije ove godine do\u0161lo je tako\u0111er do sramotnog prepucavanja zbog o\u010digledno slobodnog razmi\u0161ljanja direktora vjerske policije u Mekki, Ahmeda el-Gamdija, koji je na zaprepa\u0161tenje javnosti odobrio mje\u0161anje mu\u0161karaca i \u017eena, nakon \u010dega je i smijenjen. Hamed el-Qadi, \u010dlan Saudijske \u0160ure, nazvao je ovu borbu fetvama haosom. \u201cIslamski svijet prati sve ono \u0161to dolazi iz na\u0161e zemlje i njenih u\u010denjaka po pitanju islama\u201d, izjavio je on za novine El-Hayat.<\/p>\n<p>Sa svoje strane, Kalbani izjavio je da je otvoren za raspravu o tom pitanju. &#8220;Problem je \u0161to postoje pojedinci koji ne prihva\u0107aju raspravu na sve\u201d, rekao je. On je pojasnio da on nije odobrio svu muziku, koriste\u0107i dvije \u010desto libanonske pop pjeva\u010dice kao primjer. &#8220;Govorim o pristojnom pjevanju, koje sadr\u017ei pristojne rije\u010di i podr\u0161ku moralnosti&#8221;, izjavio je za online novine Sabq.org. &#8220;Jasno je da ne govorim o pjesmama Nancy Ajram ili Haife Wehbe ili o drugim nepristojnim pjesmama. No, ako Nancy Ajram bude pjevala pjesmu uz pozitivne poruke, onda \u0107e ona biti u okviru moje fetve.&#8221;<\/p>\n<p>Izvor: <strong>IslamBosna.ba<\/strong><\/p>\n","protected":false},"excerpt":{"rendered":"<p>Saudijska Arabija &#8211; U\u010denjaci u Saudijskoj Arabiji otvorili su \u2018bitku\u2019 po pitanju ko mo\u017ee izdavati fetve ili vjerske edikte, nakon \u0161to su \u2018tvrdolinija\u0161ki\u2019 i &#8220;napredni&#8221; u\u010denjaci krenuli u javnu raspravu po istom pitanju. Ve\u0107ina rasprava u toku protekle sedmice proistekla je od fetve koju je izdao Adel el-Kalbani, u\u010denjak iz Rijada poznat kao prvi tamnoputi [&hellip;]<\/p>\n","protected":false},"author":83,"featured_media":6100,"comment_status":"open","ping_status":"open","sticky":false,"template":"","format":"standard","meta":{"footnotes":""},"categories":[9],"tags":[],"class_list":{"0":"post-6099","1":"post","2":"type-post","3":"status-publish","4":"format-standard","5":"has-post-thumbnail","7":"category-svijet"},"yoast_head":"<!-- This site is optimized with the Yoast SEO Premium plugin v23.1 (Yoast SEO v24.9) - https:\/\/yoast.com\/wordpress\/plugins\/seo\/ -->\n<title>Borba oko fetvi<\/title>\n<meta name=\"robots\" content=\"index, follow, max-snippet:-1, max-image-preview:large, max-video-preview:-1\" \/>\n<link rel=\"canonical\" href=\"https:\/\/sandzakpress.net\/arhiva\/borba-oko-fetvi\/\" \/>\n<meta property=\"og:locale\" content=\"bs_BA\" \/>\n<meta property=\"og:type\" content=\"article\" \/>\n<meta property=\"og:title\" content=\"Borba oko fetvi\" \/>\n<meta property=\"og:description\" content=\"Saudijska Arabija &#8211; U\u010denjaci u Saudijskoj Arabiji otvorili su \u2018bitku\u2019 po pitanju ko mo\u017ee izdavati fetve ili vjerske edikte, nakon \u0161to su \u2018tvrdolinija\u0161ki\u2019 i &#8220;napredni&#8221; u\u010denjaci krenuli u javnu raspravu po istom pitanju. Ve\u0107ina rasprava u toku protekle sedmice proistekla je od fetve koju je izdao Adel el-Kalbani, u\u010denjak iz Rijada poznat kao prvi tamnoputi [&hellip;]\" \/>\n<meta property=\"og:url\" content=\"https:\/\/sandzakpress.net\/arhiva\/borba-oko-fetvi\/\" \/>\n<meta property=\"og:site_name\" content=\"Sand\u017eak PRESS\" \/>\n<meta property=\"article:published_time\" content=\"2010-07-07T15:43:47+00:00\" \/>\n<meta property=\"og:image\" content=\"https:\/\/sandzakpress.net\/arhiva\/wp-content\/uploads\/2010\/07\/arapski.jpg\" \/>\n\t<meta property=\"og:image:width\" content=\"180\" \/>\n\t<meta property=\"og:image:height\" content=\"220\" \/>\n\t<meta property=\"og:image:type\" content=\"image\/jpeg\" \/>\n<meta name=\"author\" content=\"bosniak\" \/>\n<meta name=\"twitter:card\" content=\"summary_large_image\" \/>\n<meta name=\"twitter:label1\" content=\"Written by\" \/>\n\t<meta name=\"twitter:data1\" content=\"bosniak\" \/>\n\t<meta name=\"twitter:label2\" content=\"Est. reading time\" \/>\n\t<meta name=\"twitter:data2\" content=\"3 minute\" \/>\n<script type=\"application\/ld+json\" class=\"yoast-schema-graph\">{\"@context\":\"https:\/\/schema.org\",\"@graph\":[{\"@type\":\"Article\",\"@id\":\"https:\/\/sandzakpress.net\/arhiva\/borba-oko-fetvi\/#article\",\"isPartOf\":{\"@id\":\"https:\/\/sandzakpress.net\/arhiva\/borba-oko-fetvi\/\"},\"author\":{\"name\":\"bosniak\",\"@id\":\"https:\/\/sandzakpress.net\/arhiva\/#\/schema\/person\/c8baee722073534b583ea7bdb2e36c02\"},\"headline\":\"Borba oko fetvi\",\"datePublished\":\"2010-07-07T15:43:47+00:00\",\"mainEntityOfPage\":{\"@id\":\"https:\/\/sandzakpress.net\/arhiva\/borba-oko-fetvi\/\"},\"wordCount\":607,\"commentCount\":1,\"publisher\":{\"@id\":\"https:\/\/sandzakpress.net\/arhiva\/#\/schema\/person\/6e72b67d6e51910a1117b3b483ba20bd\"},\"image\":{\"@id\":\"https:\/\/sandzakpress.net\/arhiva\/borba-oko-fetvi\/#primaryimage\"},\"thumbnailUrl\":\"https:\/\/sandzakpress.net\/arhiva\/wp-content\/uploads\/2010\/07\/arapski.jpg\",\"articleSection\":[\"Svijet\"],\"inLanguage\":\"bs-BA\",\"potentialAction\":[{\"@type\":\"CommentAction\",\"name\":\"Comment\",\"target\":[\"https:\/\/sandzakpress.net\/arhiva\/borba-oko-fetvi\/#respond\"]}]},{\"@type\":\"WebPage\",\"@id\":\"https:\/\/sandzakpress.net\/arhiva\/borba-oko-fetvi\/\",\"url\":\"https:\/\/sandzakpress.net\/arhiva\/borba-oko-fetvi\/\",\"name\":\"Borba oko fetvi\",\"isPartOf\":{\"@id\":\"https:\/\/sandzakpress.net\/arhiva\/#website\"},\"primaryImageOfPage\":{\"@id\":\"https:\/\/sandzakpress.net\/arhiva\/borba-oko-fetvi\/#primaryimage\"},\"image\":{\"@id\":\"https:\/\/sandzakpress.net\/arhiva\/borba-oko-fetvi\/#primaryimage\"},\"thumbnailUrl\":\"https:\/\/sandzakpress.net\/arhiva\/wp-content\/uploads\/2010\/07\/arapski.jpg\",\"datePublished\":\"2010-07-07T15:43:47+00:00\",\"breadcrumb\":{\"@id\":\"https:\/\/sandzakpress.net\/arhiva\/borba-oko-fetvi\/#breadcrumb\"},\"inLanguage\":\"bs-BA\",\"potentialAction\":[{\"@type\":\"ReadAction\",\"target\":[\"https:\/\/sandzakpress.net\/arhiva\/borba-oko-fetvi\/\"]}]},{\"@type\":\"ImageObject\",\"inLanguage\":\"bs-BA\",\"@id\":\"https:\/\/sandzakpress.net\/arhiva\/borba-oko-fetvi\/#primaryimage\",\"url\":\"https:\/\/sandzakpress.net\/arhiva\/wp-content\/uploads\/2010\/07\/arapski.jpg\",\"contentUrl\":\"https:\/\/sandzakpress.net\/arhiva\/wp-content\/uploads\/2010\/07\/arapski.jpg\",\"width\":180,\"height\":220},{\"@type\":\"BreadcrumbList\",\"@id\":\"https:\/\/sandzakpress.net\/arhiva\/borba-oko-fetvi\/#breadcrumb\",\"itemListElement\":[{\"@type\":\"ListItem\",\"position\":1,\"name\":\"Home\",\"item\":\"https:\/\/sandzakpress.net\/arhiva\/\"},{\"@type\":\"ListItem\",\"position\":2,\"name\":\"Borba oko fetvi\"}]},{\"@type\":\"WebSite\",\"@id\":\"https:\/\/sandzakpress.net\/arhiva\/#website\",\"url\":\"https:\/\/sandzakpress.net\/arhiva\/\",\"name\":\"Sand\u017eak PRESS\",\"description\":\"Prve elektronske novine u Sand\u017eaku\",\"publisher\":{\"@id\":\"https:\/\/sandzakpress.net\/arhiva\/#\/schema\/person\/6e72b67d6e51910a1117b3b483ba20bd\"},\"potentialAction\":[{\"@type\":\"SearchAction\",\"target\":{\"@type\":\"EntryPoint\",\"urlTemplate\":\"https:\/\/sandzakpress.net\/arhiva\/?s={search_term_string}\"},\"query-input\":{\"@type\":\"PropertyValueSpecification\",\"valueRequired\":true,\"valueName\":\"search_term_string\"}}],\"inLanguage\":\"bs-BA\"},{\"@type\":[\"Person\",\"Organization\"],\"@id\":\"https:\/\/sandzakpress.net\/arhiva\/#\/schema\/person\/6e72b67d6e51910a1117b3b483ba20bd\",\"name\":\"Kul\",\"image\":{\"@type\":\"ImageObject\",\"inLanguage\":\"bs-BA\",\"@id\":\"https:\/\/sandzakpress.net\/arhiva\/#\/schema\/person\/image\/\",\"url\":\"https:\/\/secure.gravatar.com\/avatar\/42263f39aa27ac04c43cab85c280eb2e?s=96&d=mm&r=pg\",\"contentUrl\":\"https:\/\/secure.gravatar.com\/avatar\/42263f39aa27ac04c43cab85c280eb2e?s=96&d=mm&r=pg\",\"caption\":\"Kul\"},\"logo\":{\"@id\":\"https:\/\/sandzakpress.net\/arhiva\/#\/schema\/person\/image\/\"}},{\"@type\":\"Person\",\"@id\":\"https:\/\/sandzakpress.net\/arhiva\/#\/schema\/person\/c8baee722073534b583ea7bdb2e36c02\",\"name\":\"bosniak\",\"image\":{\"@type\":\"ImageObject\",\"inLanguage\":\"bs-BA\",\"@id\":\"https:\/\/sandzakpress.net\/arhiva\/#\/schema\/person\/image\/\",\"url\":\"https:\/\/secure.gravatar.com\/avatar\/a04fd330bfe3a36a72a0ad4a6d89fca7?s=96&d=mm&r=pg\",\"contentUrl\":\"https:\/\/secure.gravatar.com\/avatar\/a04fd330bfe3a36a72a0ad4a6d89fca7?s=96&d=mm&r=pg\",\"caption\":\"bosniak\"},\"url\":\"https:\/\/sandzakpress.net\/arhiva\/author\/bosniak\/\"}]}<\/script>\n<!-- \/ Yoast SEO Premium plugin. -->","yoast_head_json":{"title":"Borba oko fetvi","robots":{"index":"index","follow":"follow","max-snippet":"max-snippet:-1","max-image-preview":"max-image-preview:large","max-video-preview":"max-video-preview:-1"},"canonical":"https:\/\/sandzakpress.net\/arhiva\/borba-oko-fetvi\/","og_locale":"bs_BA","og_type":"article","og_title":"Borba oko fetvi","og_description":"Saudijska Arabija &#8211; U\u010denjaci u Saudijskoj Arabiji otvorili su \u2018bitku\u2019 po pitanju ko mo\u017ee izdavati fetve ili vjerske edikte, nakon \u0161to su \u2018tvrdolinija\u0161ki\u2019 i &#8220;napredni&#8221; u\u010denjaci krenuli u javnu raspravu po istom pitanju. Ve\u0107ina rasprava u toku protekle sedmice proistekla je od fetve koju je izdao Adel el-Kalbani, u\u010denjak iz Rijada poznat kao prvi tamnoputi [&hellip;]","og_url":"https:\/\/sandzakpress.net\/arhiva\/borba-oko-fetvi\/","og_site_name":"Sand\u017eak PRESS","article_published_time":"2010-07-07T15:43:47+00:00","og_image":[{"width":180,"height":220,"url":"https:\/\/sandzakpress.net\/arhiva\/wp-content\/uploads\/2010\/07\/arapski.jpg","type":"image\/jpeg"}],"author":"bosniak","twitter_card":"summary_large_image","twitter_misc":{"Written by":"bosniak","Est. reading time":"3 minute"},"schema":{"@context":"https:\/\/schema.org","@graph":[{"@type":"Article","@id":"https:\/\/sandzakpress.net\/arhiva\/borba-oko-fetvi\/#article","isPartOf":{"@id":"https:\/\/sandzakpress.net\/arhiva\/borba-oko-fetvi\/"},"author":{"name":"bosniak","@id":"https:\/\/sandzakpress.net\/arhiva\/#\/schema\/person\/c8baee722073534b583ea7bdb2e36c02"},"headline":"Borba oko fetvi","datePublished":"2010-07-07T15:43:47+00:00","mainEntityOfPage":{"@id":"https:\/\/sandzakpress.net\/arhiva\/borba-oko-fetvi\/"},"wordCount":607,"commentCount":1,"publisher":{"@id":"https:\/\/sandzakpress.net\/arhiva\/#\/schema\/person\/6e72b67d6e51910a1117b3b483ba20bd"},"image":{"@id":"https:\/\/sandzakpress.net\/arhiva\/borba-oko-fetvi\/#primaryimage"},"thumbnailUrl":"https:\/\/sandzakpress.net\/arhiva\/wp-content\/uploads\/2010\/07\/arapski.jpg","articleSection":["Svijet"],"inLanguage":"bs-BA","potentialAction":[{"@type":"CommentAction","name":"Comment","target":["https:\/\/sandzakpress.net\/arhiva\/borba-oko-fetvi\/#respond"]}]},{"@type":"WebPage","@id":"https:\/\/sandzakpress.net\/arhiva\/borba-oko-fetvi\/","url":"https:\/\/sandzakpress.net\/arhiva\/borba-oko-fetvi\/","name":"Borba oko fetvi","isPartOf":{"@id":"https:\/\/sandzakpress.net\/arhiva\/#website"},"primaryImageOfPage":{"@id":"https:\/\/sandzakpress.net\/arhiva\/borba-oko-fetvi\/#primaryimage"},"image":{"@id":"https:\/\/sandzakpress.net\/arhiva\/borba-oko-fetvi\/#primaryimage"},"thumbnailUrl":"https:\/\/sandzakpress.net\/arhiva\/wp-content\/uploads\/2010\/07\/arapski.jpg","datePublished":"2010-07-07T15:43:47+00:00","breadcrumb":{"@id":"https:\/\/sandzakpress.net\/arhiva\/borba-oko-fetvi\/#breadcrumb"},"inLanguage":"bs-BA","potentialAction":[{"@type":"ReadAction","target":["https:\/\/sandzakpress.net\/arhiva\/borba-oko-fetvi\/"]}]},{"@type":"ImageObject","inLanguage":"bs-BA","@id":"https:\/\/sandzakpress.net\/arhiva\/borba-oko-fetvi\/#primaryimage","url":"https:\/\/sandzakpress.net\/arhiva\/wp-content\/uploads\/2010\/07\/arapski.jpg","contentUrl":"https:\/\/sandzakpress.net\/arhiva\/wp-content\/uploads\/2010\/07\/arapski.jpg","width":180,"height":220},{"@type":"BreadcrumbList","@id":"https:\/\/sandzakpress.net\/arhiva\/borba-oko-fetvi\/#breadcrumb","itemListElement":[{"@type":"ListItem","position":1,"name":"Home","item":"https:\/\/sandzakpress.net\/arhiva\/"},{"@type":"ListItem","position":2,"name":"Borba oko fetvi"}]},{"@type":"WebSite","@id":"https:\/\/sandzakpress.net\/arhiva\/#website","url":"https:\/\/sandzakpress.net\/arhiva\/","name":"Sand\u017eak PRESS","description":"Prve elektronske novine u Sand\u017eaku","publisher":{"@id":"https:\/\/sandzakpress.net\/arhiva\/#\/schema\/person\/6e72b67d6e51910a1117b3b483ba20bd"},"potentialAction":[{"@type":"SearchAction","target":{"@type":"EntryPoint","urlTemplate":"https:\/\/sandzakpress.net\/arhiva\/?s={search_term_string}"},"query-input":{"@type":"PropertyValueSpecification","valueRequired":true,"valueName":"search_term_string"}}],"inLanguage":"bs-BA"},{"@type":["Person","Organization"],"@id":"https:\/\/sandzakpress.net\/arhiva\/#\/schema\/person\/6e72b67d6e51910a1117b3b483ba20bd","name":"Kul","image":{"@type":"ImageObject","inLanguage":"bs-BA","@id":"https:\/\/sandzakpress.net\/arhiva\/#\/schema\/person\/image\/","url":"https:\/\/secure.gravatar.com\/avatar\/42263f39aa27ac04c43cab85c280eb2e?s=96&d=mm&r=pg","contentUrl":"https:\/\/secure.gravatar.com\/avatar\/42263f39aa27ac04c43cab85c280eb2e?s=96&d=mm&r=pg","caption":"Kul"},"logo":{"@id":"https:\/\/sandzakpress.net\/arhiva\/#\/schema\/person\/image\/"}},{"@type":"Person","@id":"https:\/\/sandzakpress.net\/arhiva\/#\/schema\/person\/c8baee722073534b583ea7bdb2e36c02","name":"bosniak","image":{"@type":"ImageObject","inLanguage":"bs-BA","@id":"https:\/\/sandzakpress.net\/arhiva\/#\/schema\/person\/image\/","url":"https:\/\/secure.gravatar.com\/avatar\/a04fd330bfe3a36a72a0ad4a6d89fca7?s=96&d=mm&r=pg","contentUrl":"https:\/\/secure.gravatar.com\/avatar\/a04fd330bfe3a36a72a0ad4a6d89fca7?s=96&d=mm&r=pg","caption":"bosniak"},"url":"https:\/\/sandzakpress.net\/arhiva\/author\/bosniak\/"}]}},"_links":{"self":[{"href":"https:\/\/sandzakpress.net\/arhiva\/wp-json\/wp\/v2\/posts\/6099"}],"collection":[{"href":"https:\/\/sandzakpress.net\/arhiva\/wp-json\/wp\/v2\/posts"}],"about":[{"href":"https:\/\/sandzakpress.net\/arhiva\/wp-json\/wp\/v2\/types\/post"}],"author":[{"embeddable":true,"href":"https:\/\/sandzakpress.net\/arhiva\/wp-json\/wp\/v2\/users\/83"}],"replies":[{"embeddable":true,"href":"https:\/\/sandzakpress.net\/arhiva\/wp-json\/wp\/v2\/comments?post=6099"}],"version-history":[{"count":0,"href":"https:\/\/sandzakpress.net\/arhiva\/wp-json\/wp\/v2\/posts\/6099\/revisions"}],"wp:featuredmedia":[{"embeddable":true,"href":"https:\/\/sandzakpress.net\/arhiva\/wp-json\/wp\/v2\/media\/6100"}],"wp:attachment":[{"href":"https:\/\/sandzakpress.net\/arhiva\/wp-json\/wp\/v2\/media?parent=6099"}],"wp:term":[{"taxonomy":"category","embeddable":true,"href":"https:\/\/sandzakpress.net\/arhiva\/wp-json\/wp\/v2\/categories?post=6099"},{"taxonomy":"post_tag","embeddable":true,"href":"https:\/\/sandzakpress.net\/arhiva\/wp-json\/wp\/v2\/tags?post=6099"}],"curies":[{"name":"wp","href":"https:\/\/api.w.org\/{rel}","templated":true}]}}