{"id":60921,"date":"2013-01-04T18:24:51","date_gmt":"2013-01-04T17:24:51","guid":{"rendered":"https:\/\/sandzakpress.net\/arhiva\/?p=60921"},"modified":"2013-01-04T18:24:51","modified_gmt":"2013-01-04T17:24:51","slug":"posla-ima-ako-ste-u-nemackoj","status":"publish","type":"post","link":"https:\/\/sandzakpress.net\/arhiva\/posla-ima-ako-ste-u-nemackoj\/","title":{"rendered":"Posla ima, ako ste u Nema\u010dkoj"},"content":{"rendered":"<p><strong><a href=\"https:\/\/sandzakpress.net\/arhiva\/wp-content\/uploads\/2013\/01\/016415464_40100.jpg\"><img loading=\"lazy\" decoding=\"async\" class=\"alignleft size-medium wp-image-60923\" title=\"0,,16415464_401,00\" src=\"https:\/\/sandzakpress.net\/arhiva\/wp-content\/uploads\/2013\/01\/016415464_40100-300x168.jpg\" alt=\"\" width=\"300\" height=\"168\" \/><\/a>Njema\u010dka &#8211; Nema\u010dko tr\u017ei\u0161te rada ja\u010de je nego ikad, tako barem tvrdi najnovija statistika. Upu\u0107eniji ipak izra\u017eavaju sumnju da \u0107e tako ostati i podse\u0107aju da su milioni mladih u Evropi trenutno bez posla.<\/strong><\/p>\n<div>\n<p>Dobre vijesti iz Nema\u010dke verovatno ne\u0107e izazvati preterano odu\u0161evljenje u dr\u017eavama, koje ve\u0107 godinama potresa du\u017eni\u010dka kriza. Pojedini nema\u010dki listovi danas skre\u0107u pa\u017enju na ogromnu nezaposlenost u Gr\u010dkoj i drugim zemljama u evrozoni. S druge strane, mnogi Nemci se pitaju na \u0161ta su potro\u0161ene miljarde evra pomo\u0107i iz njihove dr\u017eavne kase.<\/p>\n<div id=\"_mcePaste\">Rojtlinger general ancajger tvrdi da je nema\u010dka ekonomija i dalje pod uticajem krize, ali: \u201eIma mnogo naznaka da se trenutni slab period uskoro zavr\u0161ava. Gledano na srednji rok, tr\u017ei\u0161te rada \u0107e se dodatno pobolj\u0161ati zbog demografskih promena. U istom pravcu deluje i sve rasprostranjenije obrazovanje, koje donosi vi\u0161e fakultetskih diploma. Ipak, i dalje smo dosta daleko od toga da svi rade. Kvalifikacije su najbolja garancija da ne\u0107ete izgubiti posao, ili makar da ne\u0107ete dugo biti nezaposleni.\u201c<\/div>\n<div><\/div>\n<div id=\"_mcePaste\">Algemajne cajtung iz Manca pi\u0161e da je kucnuo trenutak za hrabrost: \u201eMi Nemci politi\u010darima opra\u0161tamo skoro sve \u2013 osim visoke nezaposlenosti i inflacije. Dakle, ako politi\u010dar ostavlja utisak da njegovi potezi dr\u017ee te dve stvari na niskom nivou, ne mora da se brine za svoju budu\u0107nost.<\/div>\n<div><\/div>\n<div>U svjetlu upravo saop\u0161tenih brojki o nacionalnom tr\u017ei\u0161tu rada, Angela Merkel mo\u017ee da se jo\u0161 vi\u0161e opusti, mada je opu\u0161tena i ina\u010de. Nikada u istoriji ove republike nije bilo vi\u0161e ljudi koji sami zara\u0111uju za komad hleba &#8211; i to dugoro\u010dno. Uz to, od 41,5 miliona ljudi njih 37 miliona imaju i socijalno osiguranje. Novih 416.000 zaposlenih gotovo svi spadaju u tu grupu. Pored toga, u zemlji je jo\u0161 uvek nepopunjeno gotovo 483.000 radnih mjesta.<\/div>\n<div><\/div>\n<div>Ba\u0161 nam dobro ide! Stvarno? Nema\u010dka je deo ujedinjene Evrope i izvla\u010di vi\u0161e profita od evra nego bilo koja druga dr\u017eava na ovom ovom kontinentu. I zato ne bi trebalo da se dugo radujemo ovim bez sumnje sjajnim brojkama, ve\u0107 da brzo okrenemo ka ju\u017enom i zapadnom dijelu Evrope. Zbog toga \u0161to tamo prijeti opasnost. Tamo gde su \u2013 pored Kine, Rusije i Sjedinjenih Dr\u017eava &#8211; na\u0161a klju\u010dna tr\u017ei\u0161ta.<\/div>\n<div><\/div>\n<div>Ali na\u0161 posao ne bi trebalo da nam bude najve\u0107a briga, ve\u0107 dru\u0161tvena, a time i politi\u010dka stabilnost u \u0160paniji, Gr\u010dkoj, Italiji i Portugalu.<\/div>\n<div>Ako je ta\u010dno predvi\u0111anje stru\u010dnjaka da \u0107e do kraja godine na ovom kontinentu 20 miliona ljudi biti bez posla i bez nade, krajnje jevreme za mnogo novih hrabrih ideja \u2013 i to bez obzira \u0161to se u Nema\u010dkoj krajem septembra odr\u017eavaju izbori.\u201d<\/div>\n<\/div>\n<div><\/div>\n<div>(DW)<\/div>\n","protected":false},"excerpt":{"rendered":"<p>Njema\u010dka &#8211; Nema\u010dko tr\u017ei\u0161te rada ja\u010de je nego ikad, tako barem tvrdi najnovija statistika. Upu\u0107eniji ipak izra\u017eavaju sumnju da \u0107e tako ostati i podse\u0107aju da su milioni mladih u Evropi trenutno bez posla. Dobre vijesti iz Nema\u010dke verovatno ne\u0107e izazvati preterano odu\u0161evljenje u dr\u017eavama, koje ve\u0107 godinama potresa du\u017eni\u010dka kriza. Pojedini nema\u010dki listovi danas skre\u0107u [&hellip;]<\/p>\n","protected":false},"author":16,"featured_media":60923,"comment_status":"open","ping_status":"open","sticky":false,"template":"","format":"standard","meta":{"footnotes":""},"categories":[9538,5],"tags":[],"class_list":{"0":"post-60921","1":"post","2":"type-post","3":"status-publish","4":"format-standard","5":"has-post-thumbnail","7":"category-njemacka-dijaspora-gradovi-vase-vijesti","8":"category-drustvo"},"yoast_head":"<!-- This site is optimized with the Yoast SEO Premium plugin v23.1 (Yoast SEO v24.9) - https:\/\/yoast.com\/wordpress\/plugins\/seo\/ -->\n<title>Posla ima, ako ste u Nema\u010dkoj<\/title>\n<meta name=\"robots\" content=\"index, follow, max-snippet:-1, max-image-preview:large, max-video-preview:-1\" \/>\n<link rel=\"canonical\" href=\"https:\/\/sandzakpress.net\/arhiva\/posla-ima-ako-ste-u-nemackoj\/\" \/>\n<meta property=\"og:locale\" content=\"bs_BA\" \/>\n<meta property=\"og:type\" content=\"article\" \/>\n<meta property=\"og:title\" content=\"Posla ima, ako ste u Nema\u010dkoj\" \/>\n<meta property=\"og:description\" content=\"Njema\u010dka &#8211; Nema\u010dko tr\u017ei\u0161te rada ja\u010de je nego ikad, tako barem tvrdi najnovija statistika. Upu\u0107eniji ipak izra\u017eavaju sumnju da \u0107e tako ostati i podse\u0107aju da su milioni mladih u Evropi trenutno bez posla. Dobre vijesti iz Nema\u010dke verovatno ne\u0107e izazvati preterano odu\u0161evljenje u dr\u017eavama, koje ve\u0107 godinama potresa du\u017eni\u010dka kriza. Pojedini nema\u010dki listovi danas skre\u0107u [&hellip;]\" \/>\n<meta property=\"og:url\" content=\"https:\/\/sandzakpress.net\/arhiva\/posla-ima-ako-ste-u-nemackoj\/\" \/>\n<meta property=\"og:site_name\" content=\"Sand\u017eak PRESS\" \/>\n<meta property=\"article:published_time\" content=\"2013-01-04T17:24:51+00:00\" \/>\n<meta property=\"og:image\" content=\"https:\/\/sandzakpress.net\/arhiva\/wp-content\/uploads\/2013\/01\/016415464_40100.jpg\" \/>\n\t<meta property=\"og:image:width\" content=\"616\" \/>\n\t<meta property=\"og:image:height\" content=\"347\" \/>\n\t<meta property=\"og:image:type\" content=\"image\/jpeg\" \/>\n<meta name=\"twitter:card\" content=\"summary_large_image\" \/>\n<meta name=\"twitter:label1\" content=\"Written by\" \/>\n\t<meta name=\"twitter:data1\" content=\"\" \/>\n\t<meta name=\"twitter:label2\" content=\"Est. reading time\" \/>\n\t<meta name=\"twitter:data2\" content=\"2 minute\" \/>\n<script type=\"application\/ld+json\" class=\"yoast-schema-graph\">{\"@context\":\"https:\/\/schema.org\",\"@graph\":[{\"@type\":\"Article\",\"@id\":\"https:\/\/sandzakpress.net\/arhiva\/posla-ima-ako-ste-u-nemackoj\/#article\",\"isPartOf\":{\"@id\":\"https:\/\/sandzakpress.net\/arhiva\/posla-ima-ako-ste-u-nemackoj\/\"},\"author\":{\"name\":\"\",\"@id\":\"\"},\"headline\":\"Posla ima, ako ste u Nema\u010dkoj\",\"datePublished\":\"2013-01-04T17:24:51+00:00\",\"mainEntityOfPage\":{\"@id\":\"https:\/\/sandzakpress.net\/arhiva\/posla-ima-ako-ste-u-nemackoj\/\"},\"wordCount\":480,\"commentCount\":0,\"publisher\":{\"@id\":\"https:\/\/sandzakpress.net\/arhiva\/#\/schema\/person\/6e72b67d6e51910a1117b3b483ba20bd\"},\"image\":{\"@id\":\"https:\/\/sandzakpress.net\/arhiva\/posla-ima-ako-ste-u-nemackoj\/#primaryimage\"},\"thumbnailUrl\":\"https:\/\/sandzakpress.net\/arhiva\/wp-content\/uploads\/2013\/01\/016415464_40100.jpg\",\"articleSection\":[\"Njema\u010dka\",\"Dru\u0161tvo\"],\"inLanguage\":\"bs-BA\",\"potentialAction\":[{\"@type\":\"CommentAction\",\"name\":\"Comment\",\"target\":[\"https:\/\/sandzakpress.net\/arhiva\/posla-ima-ako-ste-u-nemackoj\/#respond\"]}]},{\"@type\":\"WebPage\",\"@id\":\"https:\/\/sandzakpress.net\/arhiva\/posla-ima-ako-ste-u-nemackoj\/\",\"url\":\"https:\/\/sandzakpress.net\/arhiva\/posla-ima-ako-ste-u-nemackoj\/\",\"name\":\"Posla ima, ako ste u Nema\u010dkoj\",\"isPartOf\":{\"@id\":\"https:\/\/sandzakpress.net\/arhiva\/#website\"},\"primaryImageOfPage\":{\"@id\":\"https:\/\/sandzakpress.net\/arhiva\/posla-ima-ako-ste-u-nemackoj\/#primaryimage\"},\"image\":{\"@id\":\"https:\/\/sandzakpress.net\/arhiva\/posla-ima-ako-ste-u-nemackoj\/#primaryimage\"},\"thumbnailUrl\":\"https:\/\/sandzakpress.net\/arhiva\/wp-content\/uploads\/2013\/01\/016415464_40100.jpg\",\"datePublished\":\"2013-01-04T17:24:51+00:00\",\"breadcrumb\":{\"@id\":\"https:\/\/sandzakpress.net\/arhiva\/posla-ima-ako-ste-u-nemackoj\/#breadcrumb\"},\"inLanguage\":\"bs-BA\",\"potentialAction\":[{\"@type\":\"ReadAction\",\"target\":[\"https:\/\/sandzakpress.net\/arhiva\/posla-ima-ako-ste-u-nemackoj\/\"]}]},{\"@type\":\"ImageObject\",\"inLanguage\":\"bs-BA\",\"@id\":\"https:\/\/sandzakpress.net\/arhiva\/posla-ima-ako-ste-u-nemackoj\/#primaryimage\",\"url\":\"https:\/\/sandzakpress.net\/arhiva\/wp-content\/uploads\/2013\/01\/016415464_40100.jpg\",\"contentUrl\":\"https:\/\/sandzakpress.net\/arhiva\/wp-content\/uploads\/2013\/01\/016415464_40100.jpg\",\"width\":616,\"height\":347},{\"@type\":\"BreadcrumbList\",\"@id\":\"https:\/\/sandzakpress.net\/arhiva\/posla-ima-ako-ste-u-nemackoj\/#breadcrumb\",\"itemListElement\":[{\"@type\":\"ListItem\",\"position\":1,\"name\":\"Home\",\"item\":\"https:\/\/sandzakpress.net\/arhiva\/\"},{\"@type\":\"ListItem\",\"position\":2,\"name\":\"Posla ima, ako ste u Nema\u010dkoj\"}]},{\"@type\":\"WebSite\",\"@id\":\"https:\/\/sandzakpress.net\/arhiva\/#website\",\"url\":\"https:\/\/sandzakpress.net\/arhiva\/\",\"name\":\"Sand\u017eak PRESS\",\"description\":\"Prve elektronske novine u Sand\u017eaku\",\"publisher\":{\"@id\":\"https:\/\/sandzakpress.net\/arhiva\/#\/schema\/person\/6e72b67d6e51910a1117b3b483ba20bd\"},\"potentialAction\":[{\"@type\":\"SearchAction\",\"target\":{\"@type\":\"EntryPoint\",\"urlTemplate\":\"https:\/\/sandzakpress.net\/arhiva\/?s={search_term_string}\"},\"query-input\":{\"@type\":\"PropertyValueSpecification\",\"valueRequired\":true,\"valueName\":\"search_term_string\"}}],\"inLanguage\":\"bs-BA\"},{\"@type\":[\"Person\",\"Organization\"],\"@id\":\"https:\/\/sandzakpress.net\/arhiva\/#\/schema\/person\/6e72b67d6e51910a1117b3b483ba20bd\",\"name\":\"Kul\",\"image\":{\"@type\":\"ImageObject\",\"inLanguage\":\"bs-BA\",\"@id\":\"https:\/\/sandzakpress.net\/arhiva\/#\/schema\/person\/image\/\",\"url\":\"https:\/\/secure.gravatar.com\/avatar\/42263f39aa27ac04c43cab85c280eb2e?s=96&d=mm&r=pg\",\"contentUrl\":\"https:\/\/secure.gravatar.com\/avatar\/42263f39aa27ac04c43cab85c280eb2e?s=96&d=mm&r=pg\",\"caption\":\"Kul\"},\"logo\":{\"@id\":\"https:\/\/sandzakpress.net\/arhiva\/#\/schema\/person\/image\/\"}},{\"@type\":\"Person\",\"@id\":\"\",\"url\":\"https:\/\/sandzakpress.net\/arhiva\/author\/\"}]}<\/script>\n<!-- \/ Yoast SEO Premium plugin. -->","yoast_head_json":{"title":"Posla ima, ako ste u Nema\u010dkoj","robots":{"index":"index","follow":"follow","max-snippet":"max-snippet:-1","max-image-preview":"max-image-preview:large","max-video-preview":"max-video-preview:-1"},"canonical":"https:\/\/sandzakpress.net\/arhiva\/posla-ima-ako-ste-u-nemackoj\/","og_locale":"bs_BA","og_type":"article","og_title":"Posla ima, ako ste u Nema\u010dkoj","og_description":"Njema\u010dka &#8211; Nema\u010dko tr\u017ei\u0161te rada ja\u010de je nego ikad, tako barem tvrdi najnovija statistika. Upu\u0107eniji ipak izra\u017eavaju sumnju da \u0107e tako ostati i podse\u0107aju da su milioni mladih u Evropi trenutno bez posla. Dobre vijesti iz Nema\u010dke verovatno ne\u0107e izazvati preterano odu\u0161evljenje u dr\u017eavama, koje ve\u0107 godinama potresa du\u017eni\u010dka kriza. Pojedini nema\u010dki listovi danas skre\u0107u [&hellip;]","og_url":"https:\/\/sandzakpress.net\/arhiva\/posla-ima-ako-ste-u-nemackoj\/","og_site_name":"Sand\u017eak PRESS","article_published_time":"2013-01-04T17:24:51+00:00","og_image":[{"width":616,"height":347,"url":"https:\/\/sandzakpress.net\/arhiva\/wp-content\/uploads\/2013\/01\/016415464_40100.jpg","type":"image\/jpeg"}],"twitter_card":"summary_large_image","twitter_misc":{"Written by":"","Est. reading time":"2 minute"},"schema":{"@context":"https:\/\/schema.org","@graph":[{"@type":"Article","@id":"https:\/\/sandzakpress.net\/arhiva\/posla-ima-ako-ste-u-nemackoj\/#article","isPartOf":{"@id":"https:\/\/sandzakpress.net\/arhiva\/posla-ima-ako-ste-u-nemackoj\/"},"author":{"name":"","@id":""},"headline":"Posla ima, ako ste u Nema\u010dkoj","datePublished":"2013-01-04T17:24:51+00:00","mainEntityOfPage":{"@id":"https:\/\/sandzakpress.net\/arhiva\/posla-ima-ako-ste-u-nemackoj\/"},"wordCount":480,"commentCount":0,"publisher":{"@id":"https:\/\/sandzakpress.net\/arhiva\/#\/schema\/person\/6e72b67d6e51910a1117b3b483ba20bd"},"image":{"@id":"https:\/\/sandzakpress.net\/arhiva\/posla-ima-ako-ste-u-nemackoj\/#primaryimage"},"thumbnailUrl":"https:\/\/sandzakpress.net\/arhiva\/wp-content\/uploads\/2013\/01\/016415464_40100.jpg","articleSection":["Njema\u010dka","Dru\u0161tvo"],"inLanguage":"bs-BA","potentialAction":[{"@type":"CommentAction","name":"Comment","target":["https:\/\/sandzakpress.net\/arhiva\/posla-ima-ako-ste-u-nemackoj\/#respond"]}]},{"@type":"WebPage","@id":"https:\/\/sandzakpress.net\/arhiva\/posla-ima-ako-ste-u-nemackoj\/","url":"https:\/\/sandzakpress.net\/arhiva\/posla-ima-ako-ste-u-nemackoj\/","name":"Posla ima, ako ste u Nema\u010dkoj","isPartOf":{"@id":"https:\/\/sandzakpress.net\/arhiva\/#website"},"primaryImageOfPage":{"@id":"https:\/\/sandzakpress.net\/arhiva\/posla-ima-ako-ste-u-nemackoj\/#primaryimage"},"image":{"@id":"https:\/\/sandzakpress.net\/arhiva\/posla-ima-ako-ste-u-nemackoj\/#primaryimage"},"thumbnailUrl":"https:\/\/sandzakpress.net\/arhiva\/wp-content\/uploads\/2013\/01\/016415464_40100.jpg","datePublished":"2013-01-04T17:24:51+00:00","breadcrumb":{"@id":"https:\/\/sandzakpress.net\/arhiva\/posla-ima-ako-ste-u-nemackoj\/#breadcrumb"},"inLanguage":"bs-BA","potentialAction":[{"@type":"ReadAction","target":["https:\/\/sandzakpress.net\/arhiva\/posla-ima-ako-ste-u-nemackoj\/"]}]},{"@type":"ImageObject","inLanguage":"bs-BA","@id":"https:\/\/sandzakpress.net\/arhiva\/posla-ima-ako-ste-u-nemackoj\/#primaryimage","url":"https:\/\/sandzakpress.net\/arhiva\/wp-content\/uploads\/2013\/01\/016415464_40100.jpg","contentUrl":"https:\/\/sandzakpress.net\/arhiva\/wp-content\/uploads\/2013\/01\/016415464_40100.jpg","width":616,"height":347},{"@type":"BreadcrumbList","@id":"https:\/\/sandzakpress.net\/arhiva\/posla-ima-ako-ste-u-nemackoj\/#breadcrumb","itemListElement":[{"@type":"ListItem","position":1,"name":"Home","item":"https:\/\/sandzakpress.net\/arhiva\/"},{"@type":"ListItem","position":2,"name":"Posla ima, ako ste u Nema\u010dkoj"}]},{"@type":"WebSite","@id":"https:\/\/sandzakpress.net\/arhiva\/#website","url":"https:\/\/sandzakpress.net\/arhiva\/","name":"Sand\u017eak PRESS","description":"Prve elektronske novine u Sand\u017eaku","publisher":{"@id":"https:\/\/sandzakpress.net\/arhiva\/#\/schema\/person\/6e72b67d6e51910a1117b3b483ba20bd"},"potentialAction":[{"@type":"SearchAction","target":{"@type":"EntryPoint","urlTemplate":"https:\/\/sandzakpress.net\/arhiva\/?s={search_term_string}"},"query-input":{"@type":"PropertyValueSpecification","valueRequired":true,"valueName":"search_term_string"}}],"inLanguage":"bs-BA"},{"@type":["Person","Organization"],"@id":"https:\/\/sandzakpress.net\/arhiva\/#\/schema\/person\/6e72b67d6e51910a1117b3b483ba20bd","name":"Kul","image":{"@type":"ImageObject","inLanguage":"bs-BA","@id":"https:\/\/sandzakpress.net\/arhiva\/#\/schema\/person\/image\/","url":"https:\/\/secure.gravatar.com\/avatar\/42263f39aa27ac04c43cab85c280eb2e?s=96&d=mm&r=pg","contentUrl":"https:\/\/secure.gravatar.com\/avatar\/42263f39aa27ac04c43cab85c280eb2e?s=96&d=mm&r=pg","caption":"Kul"},"logo":{"@id":"https:\/\/sandzakpress.net\/arhiva\/#\/schema\/person\/image\/"}},{"@type":"Person","@id":"","url":"https:\/\/sandzakpress.net\/arhiva\/author\/"}]}},"_links":{"self":[{"href":"https:\/\/sandzakpress.net\/arhiva\/wp-json\/wp\/v2\/posts\/60921"}],"collection":[{"href":"https:\/\/sandzakpress.net\/arhiva\/wp-json\/wp\/v2\/posts"}],"about":[{"href":"https:\/\/sandzakpress.net\/arhiva\/wp-json\/wp\/v2\/types\/post"}],"author":[{"embeddable":true,"href":"https:\/\/sandzakpress.net\/arhiva\/wp-json\/wp\/v2\/users\/16"}],"replies":[{"embeddable":true,"href":"https:\/\/sandzakpress.net\/arhiva\/wp-json\/wp\/v2\/comments?post=60921"}],"version-history":[{"count":0,"href":"https:\/\/sandzakpress.net\/arhiva\/wp-json\/wp\/v2\/posts\/60921\/revisions"}],"wp:featuredmedia":[{"embeddable":true,"href":"https:\/\/sandzakpress.net\/arhiva\/wp-json\/wp\/v2\/media\/60923"}],"wp:attachment":[{"href":"https:\/\/sandzakpress.net\/arhiva\/wp-json\/wp\/v2\/media?parent=60921"}],"wp:term":[{"taxonomy":"category","embeddable":true,"href":"https:\/\/sandzakpress.net\/arhiva\/wp-json\/wp\/v2\/categories?post=60921"},{"taxonomy":"post_tag","embeddable":true,"href":"https:\/\/sandzakpress.net\/arhiva\/wp-json\/wp\/v2\/tags?post=60921"}],"curies":[{"name":"wp","href":"https:\/\/api.w.org\/{rel}","templated":true}]}}