{"id":60917,"date":"2013-01-04T18:21:02","date_gmt":"2013-01-04T17:21:02","guid":{"rendered":"https:\/\/sandzakpress.net\/arhiva\/?p=60917"},"modified":"2013-01-04T18:21:02","modified_gmt":"2013-01-04T17:21:02","slug":"stanovnici-balkana-se-guse-u-zagadenom-zraku","status":"publish","type":"post","link":"https:\/\/sandzakpress.net\/arhiva\/stanovnici-balkana-se-guse-u-zagadenom-zraku\/","title":{"rendered":"Stanovnici Balkana se gu\u0161e u zaga\u0111enom zraku"},"content":{"rendered":"<div>\n<div><strong><a href=\"https:\/\/sandzakpress.net\/arhiva\/wp-content\/uploads\/2013\/01\/copyright_aabadoluajansi_2013_20130104172014.jpg\"><img loading=\"lazy\" decoding=\"async\" class=\"alignleft size-medium wp-image-60919\" title=\"copyright_aabadoluajansi_2013_20130104172014\" src=\"https:\/\/sandzakpress.net\/arhiva\/wp-content\/uploads\/2013\/01\/copyright_aabadoluajansi_2013_20130104172014-300x208.jpg\" alt=\"\" width=\"300\" height=\"208\" \/><\/a>BIH &#8211; Najzaga\u0111eniji zrak je u Sarajevu i Skoplju, najmanja zaga\u0111enost u Hrvatskoj, uzroci lo\u0161e automobilsko gorivo, lo\u017ei\u0161ta i industrija<\/strong><\/div>\n<div>\n<p>Posljednjih godina mnogo se pi\u0161e i govori o ozbiljnim razmjerama zaga\u0111enosti i negativnom uticaju lo\u0161e kvalitete zraka po stanovni\u0161tvo u zemljama jugoisto\u010dne Evrope. Skoro sve dr\u017eave u regionu Balkana, osim Hrvatske, imaju vrlo visok procenat zaga\u0111enosti zraka, pokazalo je mini istra\u017eivanje agencije Anadolija.<\/p>\n<p>U vrhu liste gradova sa najzaga\u0111enijim zrakom, sasvim sigurno, nalazi se glavni grad Bosne i Hercegovine.\u00a0 Kvalitet zraka u Kantonu Sarajevo vrlo je lo\u0161, a koncentracija opasnih materija je daleko iznad dozvoljene. Ove godine u Sarajevu je koncentracija sumpor dioksida u zraku nerijetko iznosila do 600 miligrama, a grani\u010dne vrijednosti su 100 do 150 miligrama.<\/p>\n<p>Generalno, kvaliteta zraka u Bosni i Hercegovini je me\u0111u najlo\u0161ijom u Europi. Tako je zbog prevelike koncentracije pra\u0161ine i sitnih \u010destica ove zime Sarajevo progla\u0161eno gradom najzaga\u0111enijeg zraka na podru\u010dju Europe. Uz Sarajevo, lo\u0161a kvaliteta zraka bilje\u017ei se i u svim bh. gradovima koji imaju metaloprera\u0111iva\u010dke fabrike i termoelektrane, poput Zenice.<\/p>\n<p>Tako\u0111er, u BiH je veliki broj starih automobila koji su iz Europe izvezeni kao otpad i koji emituju znatno ve\u0107e koli\u010dine \u0161tetnih plinova nego automobili novijeg datuma proizvodnje.<br \/>\nVi\u0161i stru\u010dni saradnik u Odjelu sektora \u017eivotne okoline u Hidrometeorolo\u0161kom zavodu FBiH Enis Omer\u010di\u0107 za agenciju Anadolija je izjavio da je\u00a0zaga\u0111enje zraka u BiH, konkretno u Sarajevu, na vrlo visokom nivou.<\/p>\n<p>\u201cZaga\u0111enost zraka je zaista na vrlo ozbiljnom nivou. Glavni uzro\u010dnici zaga\u0111enja su saobra\u0107aj i lo\u017ei\u0161ta, dok su to u Kaknju, Lukavcu i Zenici industrija i energetika\u201d, kazao je Omer\u010di\u0107.<br \/>\nNapomenuo je da je potrebno u\u010diniti dodatni napor kako bi se sprije\u010dilo daljnje zaga\u0111ivanje zraka.<\/p>\n<p>\u201cPotrebno je poja\u010dati zakonsku regulativu i po\u0161tovati postoje\u0107u. Potrebno je pove\u0107ati i kvalitet automobila, izvr\u0161iti pritisak na zaga\u0111iva\u010de u izrazito industrijskim mjestima, pro\u0161iriti postoje\u0107u cestovnu mre\u017eu itd.\u201d, istakao je Omer\u010di\u0107.<\/p>\n<p>On je napomenuo da zaga\u0111eni zrak u Sarajevu vrlo negativno uti\u010de i na zdravlje njegovih stanovnika.<\/p>\n<p>\u201cZaga\u0111enost zraka je tre\u0107e kategorije, i to je iznad dozvoljenog projeska. Tako\u0111er, ve\u0107 odavno su medicinski stru\u010dnjaci dali ocjenu da takva situaciju vrlo lo\u0161e utje\u010de i na zdravstveno stanje samih gra\u0111ana\u201d, izjavio je vi\u0161i stru\u010dni saradnik u Odjelu sektora \u017eivotne okoline u Hidrometeorolo\u0161kom zavodu FBiH.<\/p>\n<p>\u201cOd ukupno 504 pacijenata tokom posljednja 24 sata, 40 je do\u0161lo sa problemima sa srcem i krvnim sudovima, dok su se 23 pacijenta javila sa problemom disanja. Uglavnom je rije\u010d o hroni\u010dnim bolesnicima ili pacijentima koji imaju poreme\u0107aj sr\u010danog ritma\u201c, potvrdili su iz Hitne pomo\u0107i Sarajevo.<\/p>\n<p>Za razliku od ve\u0107ih gradova, u kojima je gu\u0161\u0107i promet i koji posjeduju ve\u0107e industrijske tvrtke, u manjim sredinama poput op\u0107ina Zapadnohercegova\u010dkog kantona je kvaliteta zraka u zakonski propisanim granicama, potvrdilo je mjerenje kvalitete zraka koje je provelo Ministarstvo prostornog ure\u0111enja, resursa i za\u0161tite okoli\u0161a.<\/p>\n<p>U Srbiji je je tako\u0111er izra\u017een problem zaga\u0111enja vazduha, a osnovni uzroci zaga\u0111enja su lo\u0161 kvalitet motornih goriva, upotreba starih vozila bez katalizatora i zastarjela tehnologija u industrijskom i energetskom sektoru.<\/p>\n<p>Tako\u0111er, jedan od najve\u0107ih uzroka zaga\u0111enja vazduha u toj zemlji je sagorijevanje uglja lo\u0161eg kvaliteta u termoelektranama. Koncentracija \u010destica \u010da\u0111i i CO2 je u nekoliko industrijskih gradova na kriti\u010dnoj granici \u0161to negativno uti\u010de na zdravlje gra\u0111ana. Izduvni gasovi iz motornih vozila ubedljivo su najopasniji protivnik \u010distog i zdravog vazduha u Srbiji. Stru\u010dnjaci ukazuju da je saobra\u0107aj najve\u0107i zaga\u0111iva\u010d u Beogradu, Novom Sadu i Ni\u0161u<\/p>\n<p>Prema rezultatima izvje\u0161taja o stanju u oblasti \u017eivotne sredine u Srbiji u 2010, najbolji kvalitet zraka je bio u Para\u0107inu, Kopaoniku, Kameni\u010dkom Visu, Valjevu, Vranju, Zaje\u010daru, Kikindi, Kosjeri\u0107u, Kostolcu, Kru\u0161evcu i Leskovcu. U izve\u0161taju se navodi da je zrak umjereno zaga\u0111en, odnosno u rangu &#8220;druge kategorije&#8221; u Beogradu i Pan\u010devu, a prekomjerno\u00a0zaga\u0111enje zraka, odnosno &#8220;tre\u0107a kategorija&#8221; kvalitete je zabilje\u017eena u Boru, Ni\u0161u, Novom Sadu, U\u017eicu i Zrenjaninu.<\/p>\n<p>Prema nekim izvje\u0161tajima, u Hrvatskoj je i dalje zrak uglavnom \u010dist ili neznatno one\u010di\u0161\u0107en, odnosno zabilje\u017een je zrak prve kategorije, dok je samo u pojedinim urbanim podru\u010djima utvr\u0111ena druga i tre\u0107a kategorija (umjereno i prekomjerno one\u010di\u0161\u0107en zrak).<\/p>\n<p>Prema posljednjim mjerenjima,\u00a0zaga\u0111enje zraka u Skoplju \u0161est puta prelazi dozvoljene vrijednosti, a na nekim mjestima koli\u010dina uglji\u010dnog dioksida je i do 12 puta ve\u0107a. Prema Svjetskoj zdravstvenoj organizaciji (WHO), godi\u0161nje u Makedoniji od zaga\u0111enja zraka umire 1.350 ljudi. Zrak najvi\u0161e zaga\u0111uju automobili i industrija koja je locirana u samom gradu.<\/p>\n<p>Prema analizama stru\u010dnjaka, zaga\u0111enost zraka u Tirani skra\u0107uje \u017eivotni vijek stanovnika za jednu do dvije godine. Smog, pra\u0161ina i paljenje sme\u0107a glavni su faktori koji stoje iza zaga\u0111enja, \u010diji nivo uveliko prevazilazi prihvatljive standarde. Svjetska zdravstvena organizacija procjenjuje da oko 200 smrtnih slu\u010dajeva koji se svake godine zabilje\u017ee u Albaniji su rezultat zaga\u0111enja zraka.<\/p>\n<p>Svjetska zdravstvena organizacija (WHO) izvje\u0161tava kako se lo\u0161im kvalitetom zraka umanjuje o\u010dekivani \u017eivotni vijek ljudi u Evropi za godinu dana, a 40 miliona ljudi u 115 najve\u0107ih gradova u Evropskoj uniji izlo\u017eeno je zaga\u0111iva\u010dima koji nadilaze standarde WHO-a.<\/p>\n<p>(AA)<\/p>\n<\/div>\n<\/div>\n","protected":false},"excerpt":{"rendered":"<p>BIH &#8211; Najzaga\u0111eniji zrak je u Sarajevu i Skoplju, najmanja zaga\u0111enost u Hrvatskoj, uzroci lo\u0161e automobilsko gorivo, lo\u017ei\u0161ta i industrija Posljednjih godina mnogo se pi\u0161e i govori o ozbiljnim razmjerama zaga\u0111enosti i negativnom uticaju lo\u0161e kvalitete zraka po stanovni\u0161tvo u zemljama jugoisto\u010dne Evrope. Skoro sve dr\u017eave u regionu Balkana, osim Hrvatske, imaju vrlo visok procenat [&hellip;]<\/p>\n","protected":false},"author":16,"featured_media":60919,"comment_status":"open","ping_status":"open","sticky":false,"template":"","format":"standard","meta":{"footnotes":""},"categories":[2860,5],"tags":[],"class_list":{"0":"post-60917","1":"post","2":"type-post","3":"status-publish","4":"format-standard","5":"has-post-thumbnail","7":"category-bosna-i-hercegovina-gradovi","8":"category-drustvo"},"yoast_head":"<!-- This site is optimized with the Yoast SEO Premium plugin v23.1 (Yoast SEO v24.9) - https:\/\/yoast.com\/wordpress\/plugins\/seo\/ -->\n<title>Stanovnici Balkana se gu\u0161e u zaga\u0111enom zraku<\/title>\n<meta name=\"robots\" content=\"index, follow, max-snippet:-1, max-image-preview:large, max-video-preview:-1\" \/>\n<link rel=\"canonical\" href=\"https:\/\/sandzakpress.net\/arhiva\/stanovnici-balkana-se-guse-u-zagadenom-zraku\/\" \/>\n<meta property=\"og:locale\" content=\"bs_BA\" \/>\n<meta property=\"og:type\" content=\"article\" \/>\n<meta property=\"og:title\" content=\"Stanovnici Balkana se gu\u0161e u zaga\u0111enom zraku\" \/>\n<meta property=\"og:description\" content=\"BIH &#8211; Najzaga\u0111eniji zrak je u Sarajevu i Skoplju, najmanja zaga\u0111enost u Hrvatskoj, uzroci lo\u0161e automobilsko gorivo, lo\u017ei\u0161ta i industrija Posljednjih godina mnogo se pi\u0161e i govori o ozbiljnim razmjerama zaga\u0111enosti i negativnom uticaju lo\u0161e kvalitete zraka po stanovni\u0161tvo u zemljama jugoisto\u010dne Evrope. Skoro sve dr\u017eave u regionu Balkana, osim Hrvatske, imaju vrlo visok procenat [&hellip;]\" \/>\n<meta property=\"og:url\" content=\"https:\/\/sandzakpress.net\/arhiva\/stanovnici-balkana-se-guse-u-zagadenom-zraku\/\" \/>\n<meta property=\"og:site_name\" content=\"Sand\u017eak PRESS\" \/>\n<meta property=\"article:published_time\" content=\"2013-01-04T17:21:02+00:00\" \/>\n<meta property=\"og:image\" content=\"https:\/\/sandzakpress.net\/arhiva\/wp-content\/uploads\/2013\/01\/copyright_aabadoluajansi_2013_20130104172014.jpg\" \/>\n\t<meta property=\"og:image:width\" content=\"609\" \/>\n\t<meta property=\"og:image:height\" content=\"424\" \/>\n\t<meta property=\"og:image:type\" content=\"image\/jpeg\" \/>\n<meta name=\"twitter:card\" content=\"summary_large_image\" \/>\n<meta name=\"twitter:label1\" content=\"Written by\" \/>\n\t<meta name=\"twitter:data1\" content=\"\" \/>\n\t<meta name=\"twitter:label2\" content=\"Est. reading time\" \/>\n\t<meta name=\"twitter:data2\" content=\"5 minuta\" \/>\n<script type=\"application\/ld+json\" class=\"yoast-schema-graph\">{\"@context\":\"https:\/\/schema.org\",\"@graph\":[{\"@type\":\"Article\",\"@id\":\"https:\/\/sandzakpress.net\/arhiva\/stanovnici-balkana-se-guse-u-zagadenom-zraku\/#article\",\"isPartOf\":{\"@id\":\"https:\/\/sandzakpress.net\/arhiva\/stanovnici-balkana-se-guse-u-zagadenom-zraku\/\"},\"author\":{\"name\":\"\",\"@id\":\"\"},\"headline\":\"Stanovnici Balkana se gu\u0161e u zaga\u0111enom zraku\",\"datePublished\":\"2013-01-04T17:21:02+00:00\",\"mainEntityOfPage\":{\"@id\":\"https:\/\/sandzakpress.net\/arhiva\/stanovnici-balkana-se-guse-u-zagadenom-zraku\/\"},\"wordCount\":938,\"commentCount\":0,\"publisher\":{\"@id\":\"https:\/\/sandzakpress.net\/arhiva\/#\/schema\/person\/6e72b67d6e51910a1117b3b483ba20bd\"},\"image\":{\"@id\":\"https:\/\/sandzakpress.net\/arhiva\/stanovnici-balkana-se-guse-u-zagadenom-zraku\/#primaryimage\"},\"thumbnailUrl\":\"https:\/\/sandzakpress.net\/arhiva\/wp-content\/uploads\/2013\/01\/copyright_aabadoluajansi_2013_20130104172014.jpg\",\"articleSection\":[\"Bosna i Hercegovina\",\"Dru\u0161tvo\"],\"inLanguage\":\"bs-BA\",\"potentialAction\":[{\"@type\":\"CommentAction\",\"name\":\"Comment\",\"target\":[\"https:\/\/sandzakpress.net\/arhiva\/stanovnici-balkana-se-guse-u-zagadenom-zraku\/#respond\"]}]},{\"@type\":\"WebPage\",\"@id\":\"https:\/\/sandzakpress.net\/arhiva\/stanovnici-balkana-se-guse-u-zagadenom-zraku\/\",\"url\":\"https:\/\/sandzakpress.net\/arhiva\/stanovnici-balkana-se-guse-u-zagadenom-zraku\/\",\"name\":\"Stanovnici Balkana se gu\u0161e u zaga\u0111enom zraku\",\"isPartOf\":{\"@id\":\"https:\/\/sandzakpress.net\/arhiva\/#website\"},\"primaryImageOfPage\":{\"@id\":\"https:\/\/sandzakpress.net\/arhiva\/stanovnici-balkana-se-guse-u-zagadenom-zraku\/#primaryimage\"},\"image\":{\"@id\":\"https:\/\/sandzakpress.net\/arhiva\/stanovnici-balkana-se-guse-u-zagadenom-zraku\/#primaryimage\"},\"thumbnailUrl\":\"https:\/\/sandzakpress.net\/arhiva\/wp-content\/uploads\/2013\/01\/copyright_aabadoluajansi_2013_20130104172014.jpg\",\"datePublished\":\"2013-01-04T17:21:02+00:00\",\"breadcrumb\":{\"@id\":\"https:\/\/sandzakpress.net\/arhiva\/stanovnici-balkana-se-guse-u-zagadenom-zraku\/#breadcrumb\"},\"inLanguage\":\"bs-BA\",\"potentialAction\":[{\"@type\":\"ReadAction\",\"target\":[\"https:\/\/sandzakpress.net\/arhiva\/stanovnici-balkana-se-guse-u-zagadenom-zraku\/\"]}]},{\"@type\":\"ImageObject\",\"inLanguage\":\"bs-BA\",\"@id\":\"https:\/\/sandzakpress.net\/arhiva\/stanovnici-balkana-se-guse-u-zagadenom-zraku\/#primaryimage\",\"url\":\"https:\/\/sandzakpress.net\/arhiva\/wp-content\/uploads\/2013\/01\/copyright_aabadoluajansi_2013_20130104172014.jpg\",\"contentUrl\":\"https:\/\/sandzakpress.net\/arhiva\/wp-content\/uploads\/2013\/01\/copyright_aabadoluajansi_2013_20130104172014.jpg\",\"width\":609,\"height\":424},{\"@type\":\"BreadcrumbList\",\"@id\":\"https:\/\/sandzakpress.net\/arhiva\/stanovnici-balkana-se-guse-u-zagadenom-zraku\/#breadcrumb\",\"itemListElement\":[{\"@type\":\"ListItem\",\"position\":1,\"name\":\"Home\",\"item\":\"https:\/\/sandzakpress.net\/arhiva\/\"},{\"@type\":\"ListItem\",\"position\":2,\"name\":\"Stanovnici Balkana se gu\u0161e u zaga\u0111enom zraku\"}]},{\"@type\":\"WebSite\",\"@id\":\"https:\/\/sandzakpress.net\/arhiva\/#website\",\"url\":\"https:\/\/sandzakpress.net\/arhiva\/\",\"name\":\"Sand\u017eak PRESS\",\"description\":\"Prve elektronske novine u Sand\u017eaku\",\"publisher\":{\"@id\":\"https:\/\/sandzakpress.net\/arhiva\/#\/schema\/person\/6e72b67d6e51910a1117b3b483ba20bd\"},\"potentialAction\":[{\"@type\":\"SearchAction\",\"target\":{\"@type\":\"EntryPoint\",\"urlTemplate\":\"https:\/\/sandzakpress.net\/arhiva\/?s={search_term_string}\"},\"query-input\":{\"@type\":\"PropertyValueSpecification\",\"valueRequired\":true,\"valueName\":\"search_term_string\"}}],\"inLanguage\":\"bs-BA\"},{\"@type\":[\"Person\",\"Organization\"],\"@id\":\"https:\/\/sandzakpress.net\/arhiva\/#\/schema\/person\/6e72b67d6e51910a1117b3b483ba20bd\",\"name\":\"Kul\",\"image\":{\"@type\":\"ImageObject\",\"inLanguage\":\"bs-BA\",\"@id\":\"https:\/\/sandzakpress.net\/arhiva\/#\/schema\/person\/image\/\",\"url\":\"https:\/\/secure.gravatar.com\/avatar\/42263f39aa27ac04c43cab85c280eb2e?s=96&d=mm&r=pg\",\"contentUrl\":\"https:\/\/secure.gravatar.com\/avatar\/42263f39aa27ac04c43cab85c280eb2e?s=96&d=mm&r=pg\",\"caption\":\"Kul\"},\"logo\":{\"@id\":\"https:\/\/sandzakpress.net\/arhiva\/#\/schema\/person\/image\/\"}},{\"@type\":\"Person\",\"@id\":\"\",\"url\":\"https:\/\/sandzakpress.net\/arhiva\/author\/\"}]}<\/script>\n<!-- \/ Yoast SEO Premium plugin. -->","yoast_head_json":{"title":"Stanovnici Balkana se gu\u0161e u zaga\u0111enom zraku","robots":{"index":"index","follow":"follow","max-snippet":"max-snippet:-1","max-image-preview":"max-image-preview:large","max-video-preview":"max-video-preview:-1"},"canonical":"https:\/\/sandzakpress.net\/arhiva\/stanovnici-balkana-se-guse-u-zagadenom-zraku\/","og_locale":"bs_BA","og_type":"article","og_title":"Stanovnici Balkana se gu\u0161e u zaga\u0111enom zraku","og_description":"BIH &#8211; Najzaga\u0111eniji zrak je u Sarajevu i Skoplju, najmanja zaga\u0111enost u Hrvatskoj, uzroci lo\u0161e automobilsko gorivo, lo\u017ei\u0161ta i industrija Posljednjih godina mnogo se pi\u0161e i govori o ozbiljnim razmjerama zaga\u0111enosti i negativnom uticaju lo\u0161e kvalitete zraka po stanovni\u0161tvo u zemljama jugoisto\u010dne Evrope. Skoro sve dr\u017eave u regionu Balkana, osim Hrvatske, imaju vrlo visok procenat [&hellip;]","og_url":"https:\/\/sandzakpress.net\/arhiva\/stanovnici-balkana-se-guse-u-zagadenom-zraku\/","og_site_name":"Sand\u017eak PRESS","article_published_time":"2013-01-04T17:21:02+00:00","og_image":[{"width":609,"height":424,"url":"https:\/\/sandzakpress.net\/arhiva\/wp-content\/uploads\/2013\/01\/copyright_aabadoluajansi_2013_20130104172014.jpg","type":"image\/jpeg"}],"twitter_card":"summary_large_image","twitter_misc":{"Written by":"","Est. reading time":"5 minuta"},"schema":{"@context":"https:\/\/schema.org","@graph":[{"@type":"Article","@id":"https:\/\/sandzakpress.net\/arhiva\/stanovnici-balkana-se-guse-u-zagadenom-zraku\/#article","isPartOf":{"@id":"https:\/\/sandzakpress.net\/arhiva\/stanovnici-balkana-se-guse-u-zagadenom-zraku\/"},"author":{"name":"","@id":""},"headline":"Stanovnici Balkana se gu\u0161e u zaga\u0111enom zraku","datePublished":"2013-01-04T17:21:02+00:00","mainEntityOfPage":{"@id":"https:\/\/sandzakpress.net\/arhiva\/stanovnici-balkana-se-guse-u-zagadenom-zraku\/"},"wordCount":938,"commentCount":0,"publisher":{"@id":"https:\/\/sandzakpress.net\/arhiva\/#\/schema\/person\/6e72b67d6e51910a1117b3b483ba20bd"},"image":{"@id":"https:\/\/sandzakpress.net\/arhiva\/stanovnici-balkana-se-guse-u-zagadenom-zraku\/#primaryimage"},"thumbnailUrl":"https:\/\/sandzakpress.net\/arhiva\/wp-content\/uploads\/2013\/01\/copyright_aabadoluajansi_2013_20130104172014.jpg","articleSection":["Bosna i Hercegovina","Dru\u0161tvo"],"inLanguage":"bs-BA","potentialAction":[{"@type":"CommentAction","name":"Comment","target":["https:\/\/sandzakpress.net\/arhiva\/stanovnici-balkana-se-guse-u-zagadenom-zraku\/#respond"]}]},{"@type":"WebPage","@id":"https:\/\/sandzakpress.net\/arhiva\/stanovnici-balkana-se-guse-u-zagadenom-zraku\/","url":"https:\/\/sandzakpress.net\/arhiva\/stanovnici-balkana-se-guse-u-zagadenom-zraku\/","name":"Stanovnici Balkana se gu\u0161e u zaga\u0111enom zraku","isPartOf":{"@id":"https:\/\/sandzakpress.net\/arhiva\/#website"},"primaryImageOfPage":{"@id":"https:\/\/sandzakpress.net\/arhiva\/stanovnici-balkana-se-guse-u-zagadenom-zraku\/#primaryimage"},"image":{"@id":"https:\/\/sandzakpress.net\/arhiva\/stanovnici-balkana-se-guse-u-zagadenom-zraku\/#primaryimage"},"thumbnailUrl":"https:\/\/sandzakpress.net\/arhiva\/wp-content\/uploads\/2013\/01\/copyright_aabadoluajansi_2013_20130104172014.jpg","datePublished":"2013-01-04T17:21:02+00:00","breadcrumb":{"@id":"https:\/\/sandzakpress.net\/arhiva\/stanovnici-balkana-se-guse-u-zagadenom-zraku\/#breadcrumb"},"inLanguage":"bs-BA","potentialAction":[{"@type":"ReadAction","target":["https:\/\/sandzakpress.net\/arhiva\/stanovnici-balkana-se-guse-u-zagadenom-zraku\/"]}]},{"@type":"ImageObject","inLanguage":"bs-BA","@id":"https:\/\/sandzakpress.net\/arhiva\/stanovnici-balkana-se-guse-u-zagadenom-zraku\/#primaryimage","url":"https:\/\/sandzakpress.net\/arhiva\/wp-content\/uploads\/2013\/01\/copyright_aabadoluajansi_2013_20130104172014.jpg","contentUrl":"https:\/\/sandzakpress.net\/arhiva\/wp-content\/uploads\/2013\/01\/copyright_aabadoluajansi_2013_20130104172014.jpg","width":609,"height":424},{"@type":"BreadcrumbList","@id":"https:\/\/sandzakpress.net\/arhiva\/stanovnici-balkana-se-guse-u-zagadenom-zraku\/#breadcrumb","itemListElement":[{"@type":"ListItem","position":1,"name":"Home","item":"https:\/\/sandzakpress.net\/arhiva\/"},{"@type":"ListItem","position":2,"name":"Stanovnici Balkana se gu\u0161e u zaga\u0111enom zraku"}]},{"@type":"WebSite","@id":"https:\/\/sandzakpress.net\/arhiva\/#website","url":"https:\/\/sandzakpress.net\/arhiva\/","name":"Sand\u017eak PRESS","description":"Prve elektronske novine u Sand\u017eaku","publisher":{"@id":"https:\/\/sandzakpress.net\/arhiva\/#\/schema\/person\/6e72b67d6e51910a1117b3b483ba20bd"},"potentialAction":[{"@type":"SearchAction","target":{"@type":"EntryPoint","urlTemplate":"https:\/\/sandzakpress.net\/arhiva\/?s={search_term_string}"},"query-input":{"@type":"PropertyValueSpecification","valueRequired":true,"valueName":"search_term_string"}}],"inLanguage":"bs-BA"},{"@type":["Person","Organization"],"@id":"https:\/\/sandzakpress.net\/arhiva\/#\/schema\/person\/6e72b67d6e51910a1117b3b483ba20bd","name":"Kul","image":{"@type":"ImageObject","inLanguage":"bs-BA","@id":"https:\/\/sandzakpress.net\/arhiva\/#\/schema\/person\/image\/","url":"https:\/\/secure.gravatar.com\/avatar\/42263f39aa27ac04c43cab85c280eb2e?s=96&d=mm&r=pg","contentUrl":"https:\/\/secure.gravatar.com\/avatar\/42263f39aa27ac04c43cab85c280eb2e?s=96&d=mm&r=pg","caption":"Kul"},"logo":{"@id":"https:\/\/sandzakpress.net\/arhiva\/#\/schema\/person\/image\/"}},{"@type":"Person","@id":"","url":"https:\/\/sandzakpress.net\/arhiva\/author\/"}]}},"_links":{"self":[{"href":"https:\/\/sandzakpress.net\/arhiva\/wp-json\/wp\/v2\/posts\/60917"}],"collection":[{"href":"https:\/\/sandzakpress.net\/arhiva\/wp-json\/wp\/v2\/posts"}],"about":[{"href":"https:\/\/sandzakpress.net\/arhiva\/wp-json\/wp\/v2\/types\/post"}],"author":[{"embeddable":true,"href":"https:\/\/sandzakpress.net\/arhiva\/wp-json\/wp\/v2\/users\/16"}],"replies":[{"embeddable":true,"href":"https:\/\/sandzakpress.net\/arhiva\/wp-json\/wp\/v2\/comments?post=60917"}],"version-history":[{"count":0,"href":"https:\/\/sandzakpress.net\/arhiva\/wp-json\/wp\/v2\/posts\/60917\/revisions"}],"wp:featuredmedia":[{"embeddable":true,"href":"https:\/\/sandzakpress.net\/arhiva\/wp-json\/wp\/v2\/media\/60919"}],"wp:attachment":[{"href":"https:\/\/sandzakpress.net\/arhiva\/wp-json\/wp\/v2\/media?parent=60917"}],"wp:term":[{"taxonomy":"category","embeddable":true,"href":"https:\/\/sandzakpress.net\/arhiva\/wp-json\/wp\/v2\/categories?post=60917"},{"taxonomy":"post_tag","embeddable":true,"href":"https:\/\/sandzakpress.net\/arhiva\/wp-json\/wp\/v2\/tags?post=60917"}],"curies":[{"name":"wp","href":"https:\/\/api.w.org\/{rel}","templated":true}]}}