{"id":60772,"date":"2013-01-03T20:22:58","date_gmt":"2013-01-03T19:22:58","guid":{"rendered":"https:\/\/sandzakpress.net\/arhiva\/?p=60772"},"modified":"2013-01-03T20:22:58","modified_gmt":"2013-01-03T19:22:58","slug":"bijelo-polje-danas-slavi-dan-opstine","status":"publish","type":"post","link":"https:\/\/sandzakpress.net\/arhiva\/bijelo-polje-danas-slavi-dan-opstine\/","title":{"rendered":"Bijelo Polje danas slavi Dan op\u0161tine"},"content":{"rendered":"<p><strong><a href=\"https:\/\/sandzakpress.net\/arhiva\/wp-content\/uploads\/2013\/01\/bijelo-polje-panorama-g.jpg\"><img loading=\"lazy\" decoding=\"async\" class=\"alignleft size-medium wp-image-60773\" title=\"bijelo-polje-panorama-g\" src=\"https:\/\/sandzakpress.net\/arhiva\/wp-content\/uploads\/2013\/01\/bijelo-polje-panorama-g-300x168.jpg\" alt=\"\" width=\"300\" height=\"168\" \/><\/a>Bijelo Polje \u2013 Predsjednik Skup\u0161tine Ranko Krivokapi\u0107, premijer Milo \u0110ukanovi\u0107 i predsjednik Socijalisti\u010dke narodne partije Sr\u0111an Mili\u0107 uputili su, povodom 3. januara, Dana op\u0161tine i Dana oslobo\u0111enja Bijelog Polja, \u010destitke\u00a0 predsjedniku Skup\u0161tine, predsjedniku op\u0161tine, gra\u0111ankama i gra\u0111anima.<\/strong><\/p>\n<div>\n<p>Mjesto \u0111e smo prvi put u istoriji slavili 13. jul sa crnogorskom himnom i crnogorskom zastavom, danas slavi svoj dan. Vjerujem u va\u0161 dalji razvoj i siguran sam da \u0107ete i dalje imati mudrosti, jer vam truda i posve\u0107enosti ne fali, da svoj grad vodite evropskim \u0161inama \u2013 ka\u017ee se u \u010destitki Krivokapi\u0107a.<\/p>\n<p>Premijer Milo \u0110ukanovi\u0107 je poru\u010dio da je taj grad intenzivnim razvojem postao jedan od savremenih urbanih centara moderne Crne Gore.<br \/>\n&#8211; Izgra\u0111eni su mnogi infrastrukturni objekti i stvoreni uslovi za zadovoljenje interesa mlade generacije u oblasti obrazovanja, kulture, sporta \u2013 \u00a0ka\u017ee se u \u010destitki \u0110ukanovi\u0107a.<\/p>\n<p>Predsjednik Socijalisti\u010dke narodne partije Sr\u0111an Mili\u0107, u \u010destitki upu\u0107enoj \u010delnicima i gra\u0111anima Bijelog Polja, isti\u010de da je uvjeren da \u0107e Bijelo Polje i gra\u0111ani ovog grada doprinijeti i dalje uticati na kreiranje razvojnih potencijala, privrednog i kulturnog okru\u017eenja, kako bi se oni valorizovali, a \u017eivot gra\u0111ana pobolj\u0161ao i grad postao pravi akademski centar.<\/p>\n<p>(Pobjeda)<\/p>\n<\/div>\n","protected":false},"excerpt":{"rendered":"<p>Bijelo Polje \u2013 Predsjednik Skup\u0161tine Ranko Krivokapi\u0107, premijer Milo \u0110ukanovi\u0107 i predsjednik Socijalisti\u010dke narodne partije Sr\u0111an Mili\u0107 uputili su, povodom 3. januara, Dana op\u0161tine i Dana oslobo\u0111enja Bijelog Polja, \u010destitke\u00a0 predsjedniku Skup\u0161tine, predsjedniku op\u0161tine, gra\u0111ankama i gra\u0111anima. Mjesto \u0111e smo prvi put u istoriji slavili 13. jul sa crnogorskom himnom i crnogorskom zastavom, danas slavi [&hellip;]<\/p>\n","protected":false},"author":16,"featured_media":60773,"comment_status":"open","ping_status":"open","sticky":false,"template":"","format":"standard","meta":{"footnotes":""},"categories":[396,5],"tags":[],"class_list":{"0":"post-60772","1":"post","2":"type-post","3":"status-publish","4":"format-standard","5":"has-post-thumbnail","7":"category-bijelo_polje","8":"category-drustvo"},"yoast_head":"<!-- This site is optimized with the Yoast SEO Premium plugin v23.1 (Yoast SEO v24.9) - https:\/\/yoast.com\/wordpress\/plugins\/seo\/ -->\n<title>Bijelo Polje danas slavi Dan op\u0161tine<\/title>\n<meta name=\"robots\" content=\"index, follow, max-snippet:-1, max-image-preview:large, max-video-preview:-1\" \/>\n<link rel=\"canonical\" href=\"https:\/\/sandzakpress.net\/arhiva\/bijelo-polje-danas-slavi-dan-opstine\/\" \/>\n<meta property=\"og:locale\" content=\"bs_BA\" \/>\n<meta property=\"og:type\" content=\"article\" \/>\n<meta property=\"og:title\" content=\"Bijelo Polje danas slavi Dan op\u0161tine\" \/>\n<meta property=\"og:description\" content=\"Bijelo Polje \u2013 Predsjednik Skup\u0161tine Ranko Krivokapi\u0107, premijer Milo \u0110ukanovi\u0107 i predsjednik Socijalisti\u010dke narodne partije Sr\u0111an Mili\u0107 uputili su, povodom 3. januara, Dana op\u0161tine i Dana oslobo\u0111enja Bijelog Polja, \u010destitke\u00a0 predsjedniku Skup\u0161tine, predsjedniku op\u0161tine, gra\u0111ankama i gra\u0111anima. Mjesto \u0111e smo prvi put u istoriji slavili 13. jul sa crnogorskom himnom i crnogorskom zastavom, danas slavi [&hellip;]\" \/>\n<meta property=\"og:url\" content=\"https:\/\/sandzakpress.net\/arhiva\/bijelo-polje-danas-slavi-dan-opstine\/\" \/>\n<meta property=\"og:site_name\" content=\"Sand\u017eak PRESS\" \/>\n<meta property=\"article:published_time\" content=\"2013-01-03T19:22:58+00:00\" \/>\n<meta property=\"og:image\" content=\"https:\/\/sandzakpress.net\/arhiva\/wp-content\/uploads\/2013\/01\/bijelo-polje-panorama-g.jpg\" \/>\n\t<meta property=\"og:image:width\" content=\"616\" \/>\n\t<meta property=\"og:image:height\" content=\"346\" \/>\n\t<meta property=\"og:image:type\" content=\"image\/jpeg\" \/>\n<meta name=\"twitter:card\" content=\"summary_large_image\" \/>\n<meta name=\"twitter:label1\" content=\"Written by\" \/>\n\t<meta name=\"twitter:data1\" content=\"\" \/>\n\t<meta name=\"twitter:label2\" content=\"Est. reading time\" \/>\n\t<meta name=\"twitter:data2\" content=\"1 minuta\" \/>\n<script type=\"application\/ld+json\" class=\"yoast-schema-graph\">{\"@context\":\"https:\/\/schema.org\",\"@graph\":[{\"@type\":\"Article\",\"@id\":\"https:\/\/sandzakpress.net\/arhiva\/bijelo-polje-danas-slavi-dan-opstine\/#article\",\"isPartOf\":{\"@id\":\"https:\/\/sandzakpress.net\/arhiva\/bijelo-polje-danas-slavi-dan-opstine\/\"},\"author\":{\"name\":\"\",\"@id\":\"\"},\"headline\":\"Bijelo Polje danas slavi Dan op\u0161tine\",\"datePublished\":\"2013-01-03T19:22:58+00:00\",\"mainEntityOfPage\":{\"@id\":\"https:\/\/sandzakpress.net\/arhiva\/bijelo-polje-danas-slavi-dan-opstine\/\"},\"wordCount\":216,\"commentCount\":0,\"publisher\":{\"@id\":\"https:\/\/sandzakpress.net\/arhiva\/#\/schema\/person\/6e72b67d6e51910a1117b3b483ba20bd\"},\"image\":{\"@id\":\"https:\/\/sandzakpress.net\/arhiva\/bijelo-polje-danas-slavi-dan-opstine\/#primaryimage\"},\"thumbnailUrl\":\"https:\/\/sandzakpress.net\/arhiva\/wp-content\/uploads\/2013\/01\/bijelo-polje-panorama-g.jpg\",\"articleSection\":[\"Bijelo Polje\",\"Dru\u0161tvo\"],\"inLanguage\":\"bs-BA\",\"potentialAction\":[{\"@type\":\"CommentAction\",\"name\":\"Comment\",\"target\":[\"https:\/\/sandzakpress.net\/arhiva\/bijelo-polje-danas-slavi-dan-opstine\/#respond\"]}]},{\"@type\":\"WebPage\",\"@id\":\"https:\/\/sandzakpress.net\/arhiva\/bijelo-polje-danas-slavi-dan-opstine\/\",\"url\":\"https:\/\/sandzakpress.net\/arhiva\/bijelo-polje-danas-slavi-dan-opstine\/\",\"name\":\"Bijelo Polje danas slavi Dan op\u0161tine\",\"isPartOf\":{\"@id\":\"https:\/\/sandzakpress.net\/arhiva\/#website\"},\"primaryImageOfPage\":{\"@id\":\"https:\/\/sandzakpress.net\/arhiva\/bijelo-polje-danas-slavi-dan-opstine\/#primaryimage\"},\"image\":{\"@id\":\"https:\/\/sandzakpress.net\/arhiva\/bijelo-polje-danas-slavi-dan-opstine\/#primaryimage\"},\"thumbnailUrl\":\"https:\/\/sandzakpress.net\/arhiva\/wp-content\/uploads\/2013\/01\/bijelo-polje-panorama-g.jpg\",\"datePublished\":\"2013-01-03T19:22:58+00:00\",\"breadcrumb\":{\"@id\":\"https:\/\/sandzakpress.net\/arhiva\/bijelo-polje-danas-slavi-dan-opstine\/#breadcrumb\"},\"inLanguage\":\"bs-BA\",\"potentialAction\":[{\"@type\":\"ReadAction\",\"target\":[\"https:\/\/sandzakpress.net\/arhiva\/bijelo-polje-danas-slavi-dan-opstine\/\"]}]},{\"@type\":\"ImageObject\",\"inLanguage\":\"bs-BA\",\"@id\":\"https:\/\/sandzakpress.net\/arhiva\/bijelo-polje-danas-slavi-dan-opstine\/#primaryimage\",\"url\":\"https:\/\/sandzakpress.net\/arhiva\/wp-content\/uploads\/2013\/01\/bijelo-polje-panorama-g.jpg\",\"contentUrl\":\"https:\/\/sandzakpress.net\/arhiva\/wp-content\/uploads\/2013\/01\/bijelo-polje-panorama-g.jpg\",\"width\":616,\"height\":346},{\"@type\":\"BreadcrumbList\",\"@id\":\"https:\/\/sandzakpress.net\/arhiva\/bijelo-polje-danas-slavi-dan-opstine\/#breadcrumb\",\"itemListElement\":[{\"@type\":\"ListItem\",\"position\":1,\"name\":\"Home\",\"item\":\"https:\/\/sandzakpress.net\/arhiva\/\"},{\"@type\":\"ListItem\",\"position\":2,\"name\":\"Bijelo Polje danas slavi Dan op\u0161tine\"}]},{\"@type\":\"WebSite\",\"@id\":\"https:\/\/sandzakpress.net\/arhiva\/#website\",\"url\":\"https:\/\/sandzakpress.net\/arhiva\/\",\"name\":\"Sand\u017eak PRESS\",\"description\":\"Prve elektronske novine u Sand\u017eaku\",\"publisher\":{\"@id\":\"https:\/\/sandzakpress.net\/arhiva\/#\/schema\/person\/6e72b67d6e51910a1117b3b483ba20bd\"},\"potentialAction\":[{\"@type\":\"SearchAction\",\"target\":{\"@type\":\"EntryPoint\",\"urlTemplate\":\"https:\/\/sandzakpress.net\/arhiva\/?s={search_term_string}\"},\"query-input\":{\"@type\":\"PropertyValueSpecification\",\"valueRequired\":true,\"valueName\":\"search_term_string\"}}],\"inLanguage\":\"bs-BA\"},{\"@type\":[\"Person\",\"Organization\"],\"@id\":\"https:\/\/sandzakpress.net\/arhiva\/#\/schema\/person\/6e72b67d6e51910a1117b3b483ba20bd\",\"name\":\"Kul\",\"image\":{\"@type\":\"ImageObject\",\"inLanguage\":\"bs-BA\",\"@id\":\"https:\/\/sandzakpress.net\/arhiva\/#\/schema\/person\/image\/\",\"url\":\"https:\/\/secure.gravatar.com\/avatar\/42263f39aa27ac04c43cab85c280eb2e?s=96&d=mm&r=pg\",\"contentUrl\":\"https:\/\/secure.gravatar.com\/avatar\/42263f39aa27ac04c43cab85c280eb2e?s=96&d=mm&r=pg\",\"caption\":\"Kul\"},\"logo\":{\"@id\":\"https:\/\/sandzakpress.net\/arhiva\/#\/schema\/person\/image\/\"}},{\"@type\":\"Person\",\"@id\":\"\",\"url\":\"https:\/\/sandzakpress.net\/arhiva\/author\/\"}]}<\/script>\n<!-- \/ Yoast SEO Premium plugin. -->","yoast_head_json":{"title":"Bijelo Polje danas slavi Dan op\u0161tine","robots":{"index":"index","follow":"follow","max-snippet":"max-snippet:-1","max-image-preview":"max-image-preview:large","max-video-preview":"max-video-preview:-1"},"canonical":"https:\/\/sandzakpress.net\/arhiva\/bijelo-polje-danas-slavi-dan-opstine\/","og_locale":"bs_BA","og_type":"article","og_title":"Bijelo Polje danas slavi Dan op\u0161tine","og_description":"Bijelo Polje \u2013 Predsjednik Skup\u0161tine Ranko Krivokapi\u0107, premijer Milo \u0110ukanovi\u0107 i predsjednik Socijalisti\u010dke narodne partije Sr\u0111an Mili\u0107 uputili su, povodom 3. januara, Dana op\u0161tine i Dana oslobo\u0111enja Bijelog Polja, \u010destitke\u00a0 predsjedniku Skup\u0161tine, predsjedniku op\u0161tine, gra\u0111ankama i gra\u0111anima. Mjesto \u0111e smo prvi put u istoriji slavili 13. jul sa crnogorskom himnom i crnogorskom zastavom, danas slavi [&hellip;]","og_url":"https:\/\/sandzakpress.net\/arhiva\/bijelo-polje-danas-slavi-dan-opstine\/","og_site_name":"Sand\u017eak PRESS","article_published_time":"2013-01-03T19:22:58+00:00","og_image":[{"width":616,"height":346,"url":"https:\/\/sandzakpress.net\/arhiva\/wp-content\/uploads\/2013\/01\/bijelo-polje-panorama-g.jpg","type":"image\/jpeg"}],"twitter_card":"summary_large_image","twitter_misc":{"Written by":"","Est. reading time":"1 minuta"},"schema":{"@context":"https:\/\/schema.org","@graph":[{"@type":"Article","@id":"https:\/\/sandzakpress.net\/arhiva\/bijelo-polje-danas-slavi-dan-opstine\/#article","isPartOf":{"@id":"https:\/\/sandzakpress.net\/arhiva\/bijelo-polje-danas-slavi-dan-opstine\/"},"author":{"name":"","@id":""},"headline":"Bijelo Polje danas slavi Dan op\u0161tine","datePublished":"2013-01-03T19:22:58+00:00","mainEntityOfPage":{"@id":"https:\/\/sandzakpress.net\/arhiva\/bijelo-polje-danas-slavi-dan-opstine\/"},"wordCount":216,"commentCount":0,"publisher":{"@id":"https:\/\/sandzakpress.net\/arhiva\/#\/schema\/person\/6e72b67d6e51910a1117b3b483ba20bd"},"image":{"@id":"https:\/\/sandzakpress.net\/arhiva\/bijelo-polje-danas-slavi-dan-opstine\/#primaryimage"},"thumbnailUrl":"https:\/\/sandzakpress.net\/arhiva\/wp-content\/uploads\/2013\/01\/bijelo-polje-panorama-g.jpg","articleSection":["Bijelo Polje","Dru\u0161tvo"],"inLanguage":"bs-BA","potentialAction":[{"@type":"CommentAction","name":"Comment","target":["https:\/\/sandzakpress.net\/arhiva\/bijelo-polje-danas-slavi-dan-opstine\/#respond"]}]},{"@type":"WebPage","@id":"https:\/\/sandzakpress.net\/arhiva\/bijelo-polje-danas-slavi-dan-opstine\/","url":"https:\/\/sandzakpress.net\/arhiva\/bijelo-polje-danas-slavi-dan-opstine\/","name":"Bijelo Polje danas slavi Dan op\u0161tine","isPartOf":{"@id":"https:\/\/sandzakpress.net\/arhiva\/#website"},"primaryImageOfPage":{"@id":"https:\/\/sandzakpress.net\/arhiva\/bijelo-polje-danas-slavi-dan-opstine\/#primaryimage"},"image":{"@id":"https:\/\/sandzakpress.net\/arhiva\/bijelo-polje-danas-slavi-dan-opstine\/#primaryimage"},"thumbnailUrl":"https:\/\/sandzakpress.net\/arhiva\/wp-content\/uploads\/2013\/01\/bijelo-polje-panorama-g.jpg","datePublished":"2013-01-03T19:22:58+00:00","breadcrumb":{"@id":"https:\/\/sandzakpress.net\/arhiva\/bijelo-polje-danas-slavi-dan-opstine\/#breadcrumb"},"inLanguage":"bs-BA","potentialAction":[{"@type":"ReadAction","target":["https:\/\/sandzakpress.net\/arhiva\/bijelo-polje-danas-slavi-dan-opstine\/"]}]},{"@type":"ImageObject","inLanguage":"bs-BA","@id":"https:\/\/sandzakpress.net\/arhiva\/bijelo-polje-danas-slavi-dan-opstine\/#primaryimage","url":"https:\/\/sandzakpress.net\/arhiva\/wp-content\/uploads\/2013\/01\/bijelo-polje-panorama-g.jpg","contentUrl":"https:\/\/sandzakpress.net\/arhiva\/wp-content\/uploads\/2013\/01\/bijelo-polje-panorama-g.jpg","width":616,"height":346},{"@type":"BreadcrumbList","@id":"https:\/\/sandzakpress.net\/arhiva\/bijelo-polje-danas-slavi-dan-opstine\/#breadcrumb","itemListElement":[{"@type":"ListItem","position":1,"name":"Home","item":"https:\/\/sandzakpress.net\/arhiva\/"},{"@type":"ListItem","position":2,"name":"Bijelo Polje danas slavi Dan op\u0161tine"}]},{"@type":"WebSite","@id":"https:\/\/sandzakpress.net\/arhiva\/#website","url":"https:\/\/sandzakpress.net\/arhiva\/","name":"Sand\u017eak PRESS","description":"Prve elektronske novine u Sand\u017eaku","publisher":{"@id":"https:\/\/sandzakpress.net\/arhiva\/#\/schema\/person\/6e72b67d6e51910a1117b3b483ba20bd"},"potentialAction":[{"@type":"SearchAction","target":{"@type":"EntryPoint","urlTemplate":"https:\/\/sandzakpress.net\/arhiva\/?s={search_term_string}"},"query-input":{"@type":"PropertyValueSpecification","valueRequired":true,"valueName":"search_term_string"}}],"inLanguage":"bs-BA"},{"@type":["Person","Organization"],"@id":"https:\/\/sandzakpress.net\/arhiva\/#\/schema\/person\/6e72b67d6e51910a1117b3b483ba20bd","name":"Kul","image":{"@type":"ImageObject","inLanguage":"bs-BA","@id":"https:\/\/sandzakpress.net\/arhiva\/#\/schema\/person\/image\/","url":"https:\/\/secure.gravatar.com\/avatar\/42263f39aa27ac04c43cab85c280eb2e?s=96&d=mm&r=pg","contentUrl":"https:\/\/secure.gravatar.com\/avatar\/42263f39aa27ac04c43cab85c280eb2e?s=96&d=mm&r=pg","caption":"Kul"},"logo":{"@id":"https:\/\/sandzakpress.net\/arhiva\/#\/schema\/person\/image\/"}},{"@type":"Person","@id":"","url":"https:\/\/sandzakpress.net\/arhiva\/author\/"}]}},"_links":{"self":[{"href":"https:\/\/sandzakpress.net\/arhiva\/wp-json\/wp\/v2\/posts\/60772"}],"collection":[{"href":"https:\/\/sandzakpress.net\/arhiva\/wp-json\/wp\/v2\/posts"}],"about":[{"href":"https:\/\/sandzakpress.net\/arhiva\/wp-json\/wp\/v2\/types\/post"}],"author":[{"embeddable":true,"href":"https:\/\/sandzakpress.net\/arhiva\/wp-json\/wp\/v2\/users\/16"}],"replies":[{"embeddable":true,"href":"https:\/\/sandzakpress.net\/arhiva\/wp-json\/wp\/v2\/comments?post=60772"}],"version-history":[{"count":0,"href":"https:\/\/sandzakpress.net\/arhiva\/wp-json\/wp\/v2\/posts\/60772\/revisions"}],"wp:featuredmedia":[{"embeddable":true,"href":"https:\/\/sandzakpress.net\/arhiva\/wp-json\/wp\/v2\/media\/60773"}],"wp:attachment":[{"href":"https:\/\/sandzakpress.net\/arhiva\/wp-json\/wp\/v2\/media?parent=60772"}],"wp:term":[{"taxonomy":"category","embeddable":true,"href":"https:\/\/sandzakpress.net\/arhiva\/wp-json\/wp\/v2\/categories?post=60772"},{"taxonomy":"post_tag","embeddable":true,"href":"https:\/\/sandzakpress.net\/arhiva\/wp-json\/wp\/v2\/tags?post=60772"}],"curies":[{"name":"wp","href":"https:\/\/api.w.org\/{rel}","templated":true}]}}