{"id":60494,"date":"2013-01-01T00:06:17","date_gmt":"2012-12-31T23:06:17","guid":{"rendered":"https:\/\/sandzakpress.net\/arhiva\/?p=60494"},"modified":"2013-01-01T00:06:17","modified_gmt":"2012-12-31T23:06:17","slug":"susret-clanova-mesihata-sa-aktivistima-medzlisa-frankfurt","status":"publish","type":"post","link":"https:\/\/sandzakpress.net\/arhiva\/susret-clanova-mesihata-sa-aktivistima-medzlisa-frankfurt\/","title":{"rendered":"Susret \u010dlanova Me\u0161ihata sa aktivistima Med\u017elisa Frankfurt"},"content":{"rendered":"<p><strong><a href=\"https:\/\/sandzakpress.net\/arhiva\/wp-content\/uploads\/2013\/01\/Druzenje_Mainz_1.jpg\"><img loading=\"lazy\" decoding=\"async\" class=\"alignleft size-medium wp-image-60495\" title=\"Druzenje_Mainz_1\" src=\"https:\/\/sandzakpress.net\/arhiva\/wp-content\/uploads\/2013\/01\/Druzenje_Mainz_1-300x200.jpg\" alt=\"\" width=\"300\" height=\"200\" \/><\/a>Njema\u010dka &#8211; U ponedjeljak 24.12.2012. godine, iza jacije namaza \u010dlanovi Me\u0161ihata IZBNJ uprili\u010dili su dru\u017eenje sa aktivistima Islamske Zajednice Bo\u0161njaka u Njema\u010dkoj sa regije Frankfurt.<\/strong><\/p>\n<p>Cilj susreta bio je da se \u010dlanovi Me\u0161ihata bli\u017ee upoznaju sa predstavnicima d\u017eemata kao i sa stanjem i prilikama na ovom med\u017elisu.\u00a0 Nakon jacijskog namaza uslijedila je zajedni\u010dka sve\u010dana ve\u010dera na zavr\u0161etku kalendarske 2012. godine. Ideju je pokrenuo i osmislio \u0160evket Zuki\u0107 \u010dlan Me\u0161ihata a realizirana je u saradnji sa Glavnim imamom, Ishak ef. Ale\u0161evi\u0107em koji je te ve\u010deri bio i moderator. Muftija i Predsjednik zajedno sa preostalim \u010dlanovima Me\u0161ihata srda\u010dno su prihvatili i pozdravili ovu ideju.<\/p>\n<p>Skup je, nakon zajedni\u010dke ve\u010dere, otvorio glavni imam Med\u017elisa Frankfurt, Ishak ef. Ale\u0161evi\u0107 zahvaliv\u0161i se svima koji su se odazvali ve\u010dera\u0161njem dru\u017eenju. On je prisutne ujedno i kratko informisao o stanju na ovom med\u017elisu.<\/p>\n<p><a href=\"https:\/\/sandzakpress.net\/arhiva\/wp-content\/uploads\/2013\/01\/IMG_5047.jpg\"><img loading=\"lazy\" decoding=\"async\" class=\"aligncenter size-medium wp-image-60496\" title=\"IMG_5047\" src=\"https:\/\/sandzakpress.net\/arhiva\/wp-content\/uploads\/2013\/01\/IMG_5047-300x200.jpg\" alt=\"\" width=\"300\" height=\"200\" \/><\/a><\/p>\n<p>Nakon uvodnog izlaganja glavnog imama, prisutnima se obratio doma\u0107in ve\u010deri, Rifat Halilovi\u0107, predsjednik d\u017eemata Mainz. On je u svom govoru, prije svega, izrazio zadovoljstvo D\u017eemata Mainz \u0161to mogu biti doma\u0107ini jednom ovakvom skupu a potom se u najkra\u0107im crtama osvrnuo na stanje, prilike i planove u ovom d\u017eematu po\u017eeliv\u0161i na kraju svima toplu dobrodo\u0161licu, ugodan boravak i uspje\u0161no dru\u017eenje.<\/p>\n<p>U nastavku su se pojedina\u010dno predstavili svi prisutni imami, predsjednici, potpredsjednici, blagajnici i drugi aktivisti Islamske Zajednice. Rije\u010d je uzeo i predstavnik koordinacionog odbora omladine Hessen, Harun Zlojo te u nekoliko minuta predstavio rad i ciljeve ove grupe, o\u010dekuju\u0107i konkretnu podr\u0161ku d\u017eemata, med\u017elisa i na kraju Me\u0161ihata \u00a0kada je u pitanju organizacija na\u0161e omladine. Njegovo izlaganje kao predstavnika omladine na\u0161eg med\u017elisa te planovi i ciljevi koje je iznio nai\u0161li su na potpuno odobravanje prisutnih.<\/p>\n<p><a href=\"https:\/\/sandzakpress.net\/arhiva\/wp-content\/uploads\/2013\/01\/Predsjednik-dzemata-Mainz_Rifat-Halilovic.jpg\"><img loading=\"lazy\" decoding=\"async\" class=\"aligncenter size-medium wp-image-60497\" title=\"Predsjednik-dzemata-Mainz_Rifat-Halilovic\" src=\"https:\/\/sandzakpress.net\/arhiva\/wp-content\/uploads\/2013\/01\/Predsjednik-dzemata-Mainz_Rifat-Halilovic-300x200.jpg\" alt=\"\" width=\"300\" height=\"200\" \/><\/a><\/p>\n<p>Skupu se obratio i inicijator ovog dru\u017eenja \u0160evket Zuki\u0107, \u010dlan Me\u0161ihata sa regije Frankfurt i u svom izlaganju posebno podvukao va\u017enost ovakvih dru\u017eenja, isti\u010du\u0107i pri tom da je i on od samih po\u010detaka gotovo posve srastao sa razli\u010ditim oblicima rada i djelovanja u Zajednici od prve generacije do ove dana\u0161nje.<\/p>\n<p>Potom se skupu biranim rije\u010dima obratio predsjednik Me\u0161ihata, Edin Atlagi\u0107.\u00a0 On se prisutnima najprije kratko predstavio. Istakao je kako se u Njema\u010dkoj vode ozbiljni procesi koji bi na kraju trebali rezultirati kona\u010dnoj institucionalizaciji islama. Prisustvo i zna\u010daj islama na ovim prostorima danas u Njema\u010dkoj ne spori niko, \u010dak ni konzervativna politi\u010dka struja. I oni polahko uvi\u0111aju da se za muslimanske zajednice mora izna\u0107i bolje rije\u0161enje. S tim u vezi njema\u010dke vlasti pripremaju teren da onim vjerskim zajednicama koje ispunjavaju odre\u0111ene institucionalne uslove dodijele status javno-pravnog subjekta. To je status koji u ovoj dr\u017eavi imaju crkve i on bi za na\u0161u zajednicu predstavljao zna\u010dajan i trajan napredak u institucionalo-pravno-materijalnom smislu. Istakao je da turske muslimanske organizacije ve\u0107 godinama rade na ispunjavanju uslova za sticanje pomenutog statusa. Naveo je dalje, da je potrebno da se i na\u0161 narod na ovim prostorima senzibilira po pitanju tih procesa i da se IZBNJ mora po\u010deti ozbiljno baviti tim pitanjima, jer su ona klju\u010dna za buducnost na\u0161e zajednice na prostoru SR Njema\u010dke. Predsjednik je se kratko osvrnuo i na \u010dinjenicu da je potrebno dalje ja\u010danje i unaprijedjivanje administracije u svim organizacionim jedinicama islamske zajednice, po\u010dev od d\u017eemata pa do izvr\u0161nog tijela zajednice.<\/p>\n<p>Nakon obra\u0107anja predsjednika Me\u0161ihata skupu se, kako je to i red, na kraju obratio i muftija IZBNJ, Pa\u0161o ef. Feti\u0107. Muftija je svoju besjedu po\u010deo u\u010denjem i tuma\u010denjem sure ihlas aludiraju\u0107i time na \u010dinjenicu da su ovih dana u Njema\u010dkoj praznici te ukazuju\u0107i na zna\u010daj i jednostavnost u\u010denja islama u pogledu Bo\u017eije jedno\u0107e.\u00a0 On se u svome govoru tako\u0111er zahvalio doma\u0107inima na prijemu kao i prisutnima koji su se odzvali na ovo dru\u017eenje te izrazio svoje zadovoljstvo \u0161to je po drugi put u slu\u017ebenoj posjeti ovom d\u017eematu sa tako mladim i uspje\u0161nim rukovodstvom. Muftija je \u010destitao rukovodstvu i d\u017eematlijama d\u017eemata Mainz koji su za vrlo kratko vrijeme bez i\u010dije pomo\u0107i sa strane sakupili sredstva i otplatili zemlji\u0161te za izgradnju budu\u0107eg islamskog kulturnog centra. U nastavku je Muftija govorio o aktivnostima Me\u0161ihata i kratko predstavio rad Islamske Zajednice Bo\u0161njaka u Njema\u010dkoj te istakao kako su d\u017eemati prve organizacione jedinice Islamske Zajednice a potom dolazi med\u017elis i na vrhu kao krovna organizacija \u2013 Me\u0161ihat. U svom djelovanju moramo ja\u010dati sve tri ove instance. Ja\u010daju\u0107i jednu, mi tako ja\u010damo i druge dvije. Dakle, svaki na\u0161 doprinos radu na bilo kojem nivo u kona\u010dnici ja\u010da cjelokupnu Islamsku Zajednicu \u2013 rekao je Muftija. Muftija je na kraju svog govora pozvao prisutne da zajedno radimo za dobrobit svih nas, \u010duvamo d\u017eemate, slogu i zajedni\u0161tvo.<\/p>\n<p>Dru\u017eenje je odr\u017eano u d\u017eematu Mainz a prisustvovali su mu, pored doma\u0107ina, imami i predstavnici slijede\u0107ih d\u017eemata sa ovog Med\u017elisa: Saarbr\u00fccken IKC, Saarbr\u00fccken BKC, Mannheim, W\u00fcrzburg, BKC Offenbach, SAN Offenbach, Darmstadt, IKC Frankfurt, BIG Frankfurt i Hanau \u010dime je gotovo u cijelosti bila zastupljena\u00a0 oblast na kojoj djeluje Med\u017elis Frankfurt.<\/p>\n<p>Preostalo vrijeme od oko sat i pol bilo je vrijeme za razgovor u kojem je uglavnom d\u017eematska problematika bila u prvom planu. Najvi\u0161e pitanja bilo je upu\u0107eno Predsjedniku Edinu Atlagi\u0107u koji je odgovarao na upite vezane za vakufsku imovinu, izradu jedinstvenog statuta za d\u017eemate, ja\u010danju med\u017elisa i druga pitanja organizacionog, administrativnog, pravnog i ekonomskog karaktera. Gosti su se tek u kasnim ve\u010dernjim satima razi\u0161li dok su \u010dlanovi Me\u0161ihata po\u0161li na po\u010dinak da bi sutradan, u Wiesbadenu 25.12. nastavili zapo\u010detu sjednicu iz prethodnog dana.<\/p>\n<h2><strong>Rekli su\u2026 Izdvajamo<\/strong><\/h2>\n<p><strong>Rifat Halilovi\u0107, predsjednik d\u017eemata Mainz<\/strong><\/p>\n<blockquote><p>\u201eZaista, bez imalo pretjerivanja, bila mi je\u00a0 li\u010dno a i d\u017eematu koga predstavljam, velika \u010dast biti doma\u0107in ovom nesvakida\u0161njem skupu. Rijetka je prilika gdje se na jednom mjestu okupe vode\u0107i ljudi Islamske Zajednice Bo\u0161njaka u Njema\u010dkoj i u neposrednom razgovoru sa imamima, d\u017eematskim odborima i d\u017eematlijama planiraju i organizuju Islamsku Zajednicu i aktivnosti u njoj. Posebno me se dojmila velika odlu\u010dnost predsjednika Islamske Zajednica i muftije za temeljitim promjenama i nastojanjima da izgradimo jednu organizovaniju, funkcionalniju i d\u017eematima pristupa\u010dniju Islamsku Zajednicu. U tom smislu ja mogu samo da podr\u017eim ovakav rad \u010delnih ljudi Islamske Zajednice, da istovremeno apeliram na druge d\u017eemate da podr\u017ee i aktivno se uklju\u010de u rad Islamske Zajednice Bo\u0161njaka u Njema\u010dkoj, mole\u0107i Svevi\u0161njeg Allaha d\u017e. \u0161. da nam bude na pomo\u0107i u rije\u0161avanju svih problema\u201c.<\/p><\/blockquote>\n<p><strong>Harun Zlojo, predstavnik koordinacionog odbora omladine Hessen<\/strong><\/p>\n<blockquote><p>\u201eDru\u017eenje je bilo u jednom ugodnom ambijentu, ljepoj i opu\u0161tenoj atmosferi sa puno \u0161ala ali i sa veoma interesantnim temama. Bilo je interesanto \u010duti nove planove Me\u0161ihata kojim putem \u017eeli nastaviti svoj rad i pozicioniranje kao vjerska zajednica Bo\u0161njaka u Njema\u010dkoj. Drago mi je da se tako razmi\u0161lja jer je to ono \u0161to mi mladi prepoznajemo i sa \u010dime \u0107e se mlade aktivne osobe\u00a0 u d\u017eemaatima u budu\u0107nosti susretati. A mi svakako \u017eelimo svoje mjesto u Islamskoj Zajednici. Kao \u0161to je re\u010deno, samo sa dobrom komunikacijom i jakom vezom izme\u0111u d\u017eemaata pojedina\u010dno i d\u017eemaata sa Me\u0161ihatom mo\u017ee se oja\u010dati na\u0161a Zajednica. Te ta\u010dke su mene kao omladinca najvi\u0161e inspirisale i sla\u017eu se sa idejama i ciljem omladinskog odbora za oblast Hessen. Posebno se mora spomenuti da me je \u010ditav Me\u0161ihat i svi prisutni primili kao sagovornika i dali mi pa\u017enju i \u0161ansu da im se obratim i iznesem planove omladinaca! U moje i ime omladinaca \u017eelim se zahvaliti i nadam se da \u0107e na\u0161i budu\u0107i planovi i radovi pozitivno se odraziti u svim d\u017eemaatima.\u201c<\/p><\/blockquote>\n<p><strong>\u010cehedarevi\u0107 Mersudin, predsjednik IKC Frankfurt<\/strong><\/p>\n<blockquote><p>Hvala Uzvi\u0161enom Allahu koji nas je ovako ovdje lijepo okupio. Zahvaljujem se Presjedniku na ljepom govoru, sa sobom \u0107u ve\u010deras da ponesem veoma interesantnih tema sa kojima \u0107u se pozabaviti kao predsjednik D\u017eemata. Zadovoljan sam radom Me\u0161ihata i zaista se osjeti veliki korak koji ste postigli tako da\u00a0 se ta energija i ve\u010deras ovdje osjetila. Ja li\u010dno mislim da bi mi i kao Me\u0161ihat i d\u017eemati\u00a0 trebali da budemo jedni drugima kao\u00a0 odje\u0107a, da samo tako na\u0161a bratska ljubav mo\u017ee da oja\u010da i da \u0107emo puno uspjeha imati u buducem radu, ako Bog da.<\/p><\/blockquote>\n<p><strong>Hazim ef. Be\u0107irovi\u0107, imam u Puli, RH<\/strong><\/p>\n<blockquote><p>Trenutno sam u posjeti kod sina u Saarbrueckenu i drago mi je da sam ve\u010deras ovdje sa vama. Posebno me se dojmio nastup va\u0161eg predsjednika koji, iako je ro\u0111en i odrastao u Njema\u010dkoj, perfektno govori bosanski jezik. Zaista je lijepo slu\u0161ati kako svi sa toliko entuzijazma govorite o institucionalizaciji Islamske Zajednice. Sigurno je da postoji razlika izme\u0111u Hrvatske i Njema\u010dke u pogledu institucionalizacije islama, me\u0111utim mnoga pitanja koja vi ovdje tek morate rije\u0161iti, mi smo u Republici Hrvatskoj ve\u0107 rije\u0161ili i siguran sam da bi vam neka na\u0161a rje\u0161enja mogla poslu\u017eiti kao primjer.<\/p><\/blockquote>\n<p><strong>Huso Delali\u0107 iz d\u017eemata Mannheim<\/strong><\/p>\n<blockquote><p>Ja sam ve\u0107 \u010detrdeset godina u Njema\u010dkoj i pro\u0161ao sam kroz mnoge d\u017eemate i klubove. Mi stari smo po dolasku u Njema\u010dku po\u010deli raditi i graditi. Mo\u017eda nismo sve najbolje znali, pa su se de\u0161avali i mnogi propusti, ali smo imali veliku \u017eelju da ne\u0161to napravimo. Danas imamo mlade Bo\u0161njake koji su obrazovani i imaju znanje, ali nemaju tako \u010dvrstu volju kao mi prije. To je neko moje dosada\u0161nje iskustvo. Me\u0111utim meni je drago ve\u010deras vidjeti ove ljude ovdje a posebno mi je drago \u0161to vidim da su to mladi i obrazovani ljudi sa \u010dvrstom \u017eeljom da rade za dobrobit islama i nas muslimana na ovim prostorima.<\/p>\n<p>(IGBD)<\/p><\/blockquote>\n","protected":false},"excerpt":{"rendered":"<p>Njema\u010dka &#8211; U ponedjeljak 24.12.2012. godine, iza jacije namaza \u010dlanovi Me\u0161ihata IZBNJ uprili\u010dili su dru\u017eenje sa aktivistima Islamske Zajednice Bo\u0161njaka u Njema\u010dkoj sa regije Frankfurt. Cilj susreta bio je da se \u010dlanovi Me\u0161ihata bli\u017ee upoznaju sa predstavnicima d\u017eemata kao i sa stanjem i prilikama na ovom med\u017elisu.\u00a0 Nakon jacijskog namaza uslijedila je zajedni\u010dka sve\u010dana ve\u010dera [&hellip;]<\/p>\n","protected":false},"author":16,"featured_media":60495,"comment_status":"open","ping_status":"open","sticky":false,"template":"","format":"standard","meta":{"footnotes":""},"categories":[9538,802],"tags":[],"class_list":{"0":"post-60494","1":"post","2":"type-post","3":"status-publish","4":"format-standard","5":"has-post-thumbnail","7":"category-njemacka-dijaspora-gradovi-vase-vijesti","8":"category-islamska_zajednica"},"yoast_head":"<!-- This site is optimized with the Yoast SEO Premium plugin v23.1 (Yoast SEO v24.9) - https:\/\/yoast.com\/wordpress\/plugins\/seo\/ -->\n<title>Susret \u010dlanova Me\u0161ihata sa aktivistima Med\u017elisa Frankfurt<\/title>\n<meta name=\"robots\" content=\"index, follow, max-snippet:-1, max-image-preview:large, max-video-preview:-1\" \/>\n<link rel=\"canonical\" href=\"https:\/\/sandzakpress.net\/arhiva\/susret-clanova-mesihata-sa-aktivistima-medzlisa-frankfurt\/\" \/>\n<meta property=\"og:locale\" content=\"bs_BA\" \/>\n<meta property=\"og:type\" content=\"article\" \/>\n<meta property=\"og:title\" content=\"Susret \u010dlanova Me\u0161ihata sa aktivistima Med\u017elisa Frankfurt\" \/>\n<meta property=\"og:description\" content=\"Njema\u010dka &#8211; U ponedjeljak 24.12.2012. godine, iza jacije namaza \u010dlanovi Me\u0161ihata IZBNJ uprili\u010dili su dru\u017eenje sa aktivistima Islamske Zajednice Bo\u0161njaka u Njema\u010dkoj sa regije Frankfurt. Cilj susreta bio je da se \u010dlanovi Me\u0161ihata bli\u017ee upoznaju sa predstavnicima d\u017eemata kao i sa stanjem i prilikama na ovom med\u017elisu.\u00a0 Nakon jacijskog namaza uslijedila je zajedni\u010dka sve\u010dana ve\u010dera [&hellip;]\" \/>\n<meta property=\"og:url\" content=\"https:\/\/sandzakpress.net\/arhiva\/susret-clanova-mesihata-sa-aktivistima-medzlisa-frankfurt\/\" \/>\n<meta property=\"og:site_name\" content=\"Sand\u017eak PRESS\" \/>\n<meta property=\"article:published_time\" content=\"2012-12-31T23:06:17+00:00\" \/>\n<meta property=\"og:image\" content=\"https:\/\/sandzakpress.net\/arhiva\/wp-content\/uploads\/2013\/01\/Druzenje_Mainz_1.jpg\" \/>\n\t<meta property=\"og:image:width\" content=\"616\" \/>\n\t<meta property=\"og:image:height\" content=\"411\" \/>\n\t<meta property=\"og:image:type\" content=\"image\/jpeg\" \/>\n<meta name=\"twitter:card\" content=\"summary_large_image\" \/>\n<meta name=\"twitter:label1\" content=\"Written by\" \/>\n\t<meta name=\"twitter:data1\" content=\"\" \/>\n\t<meta name=\"twitter:label2\" content=\"Est. reading time\" \/>\n\t<meta name=\"twitter:data2\" content=\"9 minuta\" \/>\n<script type=\"application\/ld+json\" class=\"yoast-schema-graph\">{\"@context\":\"https:\/\/schema.org\",\"@graph\":[{\"@type\":\"Article\",\"@id\":\"https:\/\/sandzakpress.net\/arhiva\/susret-clanova-mesihata-sa-aktivistima-medzlisa-frankfurt\/#article\",\"isPartOf\":{\"@id\":\"https:\/\/sandzakpress.net\/arhiva\/susret-clanova-mesihata-sa-aktivistima-medzlisa-frankfurt\/\"},\"author\":{\"name\":\"\",\"@id\":\"\"},\"headline\":\"Susret \u010dlanova Me\u0161ihata sa aktivistima Med\u017elisa Frankfurt\",\"datePublished\":\"2012-12-31T23:06:17+00:00\",\"mainEntityOfPage\":{\"@id\":\"https:\/\/sandzakpress.net\/arhiva\/susret-clanova-mesihata-sa-aktivistima-medzlisa-frankfurt\/\"},\"wordCount\":1732,\"commentCount\":0,\"publisher\":{\"@id\":\"https:\/\/sandzakpress.net\/arhiva\/#\/schema\/person\/6e72b67d6e51910a1117b3b483ba20bd\"},\"image\":{\"@id\":\"https:\/\/sandzakpress.net\/arhiva\/susret-clanova-mesihata-sa-aktivistima-medzlisa-frankfurt\/#primaryimage\"},\"thumbnailUrl\":\"https:\/\/sandzakpress.net\/arhiva\/wp-content\/uploads\/2013\/01\/Druzenje_Mainz_1.jpg\",\"articleSection\":[\"Njema\u010dka\",\"Islamska zajednica\"],\"inLanguage\":\"bs-BA\",\"potentialAction\":[{\"@type\":\"CommentAction\",\"name\":\"Comment\",\"target\":[\"https:\/\/sandzakpress.net\/arhiva\/susret-clanova-mesihata-sa-aktivistima-medzlisa-frankfurt\/#respond\"]}]},{\"@type\":\"WebPage\",\"@id\":\"https:\/\/sandzakpress.net\/arhiva\/susret-clanova-mesihata-sa-aktivistima-medzlisa-frankfurt\/\",\"url\":\"https:\/\/sandzakpress.net\/arhiva\/susret-clanova-mesihata-sa-aktivistima-medzlisa-frankfurt\/\",\"name\":\"Susret \u010dlanova Me\u0161ihata sa aktivistima Med\u017elisa Frankfurt\",\"isPartOf\":{\"@id\":\"https:\/\/sandzakpress.net\/arhiva\/#website\"},\"primaryImageOfPage\":{\"@id\":\"https:\/\/sandzakpress.net\/arhiva\/susret-clanova-mesihata-sa-aktivistima-medzlisa-frankfurt\/#primaryimage\"},\"image\":{\"@id\":\"https:\/\/sandzakpress.net\/arhiva\/susret-clanova-mesihata-sa-aktivistima-medzlisa-frankfurt\/#primaryimage\"},\"thumbnailUrl\":\"https:\/\/sandzakpress.net\/arhiva\/wp-content\/uploads\/2013\/01\/Druzenje_Mainz_1.jpg\",\"datePublished\":\"2012-12-31T23:06:17+00:00\",\"breadcrumb\":{\"@id\":\"https:\/\/sandzakpress.net\/arhiva\/susret-clanova-mesihata-sa-aktivistima-medzlisa-frankfurt\/#breadcrumb\"},\"inLanguage\":\"bs-BA\",\"potentialAction\":[{\"@type\":\"ReadAction\",\"target\":[\"https:\/\/sandzakpress.net\/arhiva\/susret-clanova-mesihata-sa-aktivistima-medzlisa-frankfurt\/\"]}]},{\"@type\":\"ImageObject\",\"inLanguage\":\"bs-BA\",\"@id\":\"https:\/\/sandzakpress.net\/arhiva\/susret-clanova-mesihata-sa-aktivistima-medzlisa-frankfurt\/#primaryimage\",\"url\":\"https:\/\/sandzakpress.net\/arhiva\/wp-content\/uploads\/2013\/01\/Druzenje_Mainz_1.jpg\",\"contentUrl\":\"https:\/\/sandzakpress.net\/arhiva\/wp-content\/uploads\/2013\/01\/Druzenje_Mainz_1.jpg\",\"width\":616,\"height\":411},{\"@type\":\"BreadcrumbList\",\"@id\":\"https:\/\/sandzakpress.net\/arhiva\/susret-clanova-mesihata-sa-aktivistima-medzlisa-frankfurt\/#breadcrumb\",\"itemListElement\":[{\"@type\":\"ListItem\",\"position\":1,\"name\":\"Home\",\"item\":\"https:\/\/sandzakpress.net\/arhiva\/\"},{\"@type\":\"ListItem\",\"position\":2,\"name\":\"Susret \u010dlanova Me\u0161ihata sa aktivistima Med\u017elisa Frankfurt\"}]},{\"@type\":\"WebSite\",\"@id\":\"https:\/\/sandzakpress.net\/arhiva\/#website\",\"url\":\"https:\/\/sandzakpress.net\/arhiva\/\",\"name\":\"Sand\u017eak PRESS\",\"description\":\"Prve elektronske novine u Sand\u017eaku\",\"publisher\":{\"@id\":\"https:\/\/sandzakpress.net\/arhiva\/#\/schema\/person\/6e72b67d6e51910a1117b3b483ba20bd\"},\"potentialAction\":[{\"@type\":\"SearchAction\",\"target\":{\"@type\":\"EntryPoint\",\"urlTemplate\":\"https:\/\/sandzakpress.net\/arhiva\/?s={search_term_string}\"},\"query-input\":{\"@type\":\"PropertyValueSpecification\",\"valueRequired\":true,\"valueName\":\"search_term_string\"}}],\"inLanguage\":\"bs-BA\"},{\"@type\":[\"Person\",\"Organization\"],\"@id\":\"https:\/\/sandzakpress.net\/arhiva\/#\/schema\/person\/6e72b67d6e51910a1117b3b483ba20bd\",\"name\":\"Kul\",\"image\":{\"@type\":\"ImageObject\",\"inLanguage\":\"bs-BA\",\"@id\":\"https:\/\/sandzakpress.net\/arhiva\/#\/schema\/person\/image\/\",\"url\":\"https:\/\/secure.gravatar.com\/avatar\/42263f39aa27ac04c43cab85c280eb2e?s=96&d=mm&r=pg\",\"contentUrl\":\"https:\/\/secure.gravatar.com\/avatar\/42263f39aa27ac04c43cab85c280eb2e?s=96&d=mm&r=pg\",\"caption\":\"Kul\"},\"logo\":{\"@id\":\"https:\/\/sandzakpress.net\/arhiva\/#\/schema\/person\/image\/\"}},{\"@type\":\"Person\",\"@id\":\"\",\"url\":\"https:\/\/sandzakpress.net\/arhiva\/author\/\"}]}<\/script>\n<!-- \/ Yoast SEO Premium plugin. -->","yoast_head_json":{"title":"Susret \u010dlanova Me\u0161ihata sa aktivistima Med\u017elisa Frankfurt","robots":{"index":"index","follow":"follow","max-snippet":"max-snippet:-1","max-image-preview":"max-image-preview:large","max-video-preview":"max-video-preview:-1"},"canonical":"https:\/\/sandzakpress.net\/arhiva\/susret-clanova-mesihata-sa-aktivistima-medzlisa-frankfurt\/","og_locale":"bs_BA","og_type":"article","og_title":"Susret \u010dlanova Me\u0161ihata sa aktivistima Med\u017elisa Frankfurt","og_description":"Njema\u010dka &#8211; U ponedjeljak 24.12.2012. godine, iza jacije namaza \u010dlanovi Me\u0161ihata IZBNJ uprili\u010dili su dru\u017eenje sa aktivistima Islamske Zajednice Bo\u0161njaka u Njema\u010dkoj sa regije Frankfurt. Cilj susreta bio je da se \u010dlanovi Me\u0161ihata bli\u017ee upoznaju sa predstavnicima d\u017eemata kao i sa stanjem i prilikama na ovom med\u017elisu.\u00a0 Nakon jacijskog namaza uslijedila je zajedni\u010dka sve\u010dana ve\u010dera [&hellip;]","og_url":"https:\/\/sandzakpress.net\/arhiva\/susret-clanova-mesihata-sa-aktivistima-medzlisa-frankfurt\/","og_site_name":"Sand\u017eak PRESS","article_published_time":"2012-12-31T23:06:17+00:00","og_image":[{"width":616,"height":411,"url":"https:\/\/sandzakpress.net\/arhiva\/wp-content\/uploads\/2013\/01\/Druzenje_Mainz_1.jpg","type":"image\/jpeg"}],"twitter_card":"summary_large_image","twitter_misc":{"Written by":"","Est. reading time":"9 minuta"},"schema":{"@context":"https:\/\/schema.org","@graph":[{"@type":"Article","@id":"https:\/\/sandzakpress.net\/arhiva\/susret-clanova-mesihata-sa-aktivistima-medzlisa-frankfurt\/#article","isPartOf":{"@id":"https:\/\/sandzakpress.net\/arhiva\/susret-clanova-mesihata-sa-aktivistima-medzlisa-frankfurt\/"},"author":{"name":"","@id":""},"headline":"Susret \u010dlanova Me\u0161ihata sa aktivistima Med\u017elisa Frankfurt","datePublished":"2012-12-31T23:06:17+00:00","mainEntityOfPage":{"@id":"https:\/\/sandzakpress.net\/arhiva\/susret-clanova-mesihata-sa-aktivistima-medzlisa-frankfurt\/"},"wordCount":1732,"commentCount":0,"publisher":{"@id":"https:\/\/sandzakpress.net\/arhiva\/#\/schema\/person\/6e72b67d6e51910a1117b3b483ba20bd"},"image":{"@id":"https:\/\/sandzakpress.net\/arhiva\/susret-clanova-mesihata-sa-aktivistima-medzlisa-frankfurt\/#primaryimage"},"thumbnailUrl":"https:\/\/sandzakpress.net\/arhiva\/wp-content\/uploads\/2013\/01\/Druzenje_Mainz_1.jpg","articleSection":["Njema\u010dka","Islamska zajednica"],"inLanguage":"bs-BA","potentialAction":[{"@type":"CommentAction","name":"Comment","target":["https:\/\/sandzakpress.net\/arhiva\/susret-clanova-mesihata-sa-aktivistima-medzlisa-frankfurt\/#respond"]}]},{"@type":"WebPage","@id":"https:\/\/sandzakpress.net\/arhiva\/susret-clanova-mesihata-sa-aktivistima-medzlisa-frankfurt\/","url":"https:\/\/sandzakpress.net\/arhiva\/susret-clanova-mesihata-sa-aktivistima-medzlisa-frankfurt\/","name":"Susret \u010dlanova Me\u0161ihata sa aktivistima Med\u017elisa Frankfurt","isPartOf":{"@id":"https:\/\/sandzakpress.net\/arhiva\/#website"},"primaryImageOfPage":{"@id":"https:\/\/sandzakpress.net\/arhiva\/susret-clanova-mesihata-sa-aktivistima-medzlisa-frankfurt\/#primaryimage"},"image":{"@id":"https:\/\/sandzakpress.net\/arhiva\/susret-clanova-mesihata-sa-aktivistima-medzlisa-frankfurt\/#primaryimage"},"thumbnailUrl":"https:\/\/sandzakpress.net\/arhiva\/wp-content\/uploads\/2013\/01\/Druzenje_Mainz_1.jpg","datePublished":"2012-12-31T23:06:17+00:00","breadcrumb":{"@id":"https:\/\/sandzakpress.net\/arhiva\/susret-clanova-mesihata-sa-aktivistima-medzlisa-frankfurt\/#breadcrumb"},"inLanguage":"bs-BA","potentialAction":[{"@type":"ReadAction","target":["https:\/\/sandzakpress.net\/arhiva\/susret-clanova-mesihata-sa-aktivistima-medzlisa-frankfurt\/"]}]},{"@type":"ImageObject","inLanguage":"bs-BA","@id":"https:\/\/sandzakpress.net\/arhiva\/susret-clanova-mesihata-sa-aktivistima-medzlisa-frankfurt\/#primaryimage","url":"https:\/\/sandzakpress.net\/arhiva\/wp-content\/uploads\/2013\/01\/Druzenje_Mainz_1.jpg","contentUrl":"https:\/\/sandzakpress.net\/arhiva\/wp-content\/uploads\/2013\/01\/Druzenje_Mainz_1.jpg","width":616,"height":411},{"@type":"BreadcrumbList","@id":"https:\/\/sandzakpress.net\/arhiva\/susret-clanova-mesihata-sa-aktivistima-medzlisa-frankfurt\/#breadcrumb","itemListElement":[{"@type":"ListItem","position":1,"name":"Home","item":"https:\/\/sandzakpress.net\/arhiva\/"},{"@type":"ListItem","position":2,"name":"Susret \u010dlanova Me\u0161ihata sa aktivistima Med\u017elisa Frankfurt"}]},{"@type":"WebSite","@id":"https:\/\/sandzakpress.net\/arhiva\/#website","url":"https:\/\/sandzakpress.net\/arhiva\/","name":"Sand\u017eak PRESS","description":"Prve elektronske novine u Sand\u017eaku","publisher":{"@id":"https:\/\/sandzakpress.net\/arhiva\/#\/schema\/person\/6e72b67d6e51910a1117b3b483ba20bd"},"potentialAction":[{"@type":"SearchAction","target":{"@type":"EntryPoint","urlTemplate":"https:\/\/sandzakpress.net\/arhiva\/?s={search_term_string}"},"query-input":{"@type":"PropertyValueSpecification","valueRequired":true,"valueName":"search_term_string"}}],"inLanguage":"bs-BA"},{"@type":["Person","Organization"],"@id":"https:\/\/sandzakpress.net\/arhiva\/#\/schema\/person\/6e72b67d6e51910a1117b3b483ba20bd","name":"Kul","image":{"@type":"ImageObject","inLanguage":"bs-BA","@id":"https:\/\/sandzakpress.net\/arhiva\/#\/schema\/person\/image\/","url":"https:\/\/secure.gravatar.com\/avatar\/42263f39aa27ac04c43cab85c280eb2e?s=96&d=mm&r=pg","contentUrl":"https:\/\/secure.gravatar.com\/avatar\/42263f39aa27ac04c43cab85c280eb2e?s=96&d=mm&r=pg","caption":"Kul"},"logo":{"@id":"https:\/\/sandzakpress.net\/arhiva\/#\/schema\/person\/image\/"}},{"@type":"Person","@id":"","url":"https:\/\/sandzakpress.net\/arhiva\/author\/"}]}},"_links":{"self":[{"href":"https:\/\/sandzakpress.net\/arhiva\/wp-json\/wp\/v2\/posts\/60494"}],"collection":[{"href":"https:\/\/sandzakpress.net\/arhiva\/wp-json\/wp\/v2\/posts"}],"about":[{"href":"https:\/\/sandzakpress.net\/arhiva\/wp-json\/wp\/v2\/types\/post"}],"author":[{"embeddable":true,"href":"https:\/\/sandzakpress.net\/arhiva\/wp-json\/wp\/v2\/users\/16"}],"replies":[{"embeddable":true,"href":"https:\/\/sandzakpress.net\/arhiva\/wp-json\/wp\/v2\/comments?post=60494"}],"version-history":[{"count":0,"href":"https:\/\/sandzakpress.net\/arhiva\/wp-json\/wp\/v2\/posts\/60494\/revisions"}],"wp:featuredmedia":[{"embeddable":true,"href":"https:\/\/sandzakpress.net\/arhiva\/wp-json\/wp\/v2\/media\/60495"}],"wp:attachment":[{"href":"https:\/\/sandzakpress.net\/arhiva\/wp-json\/wp\/v2\/media?parent=60494"}],"wp:term":[{"taxonomy":"category","embeddable":true,"href":"https:\/\/sandzakpress.net\/arhiva\/wp-json\/wp\/v2\/categories?post=60494"},{"taxonomy":"post_tag","embeddable":true,"href":"https:\/\/sandzakpress.net\/arhiva\/wp-json\/wp\/v2\/tags?post=60494"}],"curies":[{"name":"wp","href":"https:\/\/api.w.org\/{rel}","templated":true}]}}