{"id":6019,"date":"2010-07-05T20:35:15","date_gmt":"2010-07-05T20:35:15","guid":{"rendered":"https:\/\/sandzakpress.net\/arhiva\/?p=6019"},"modified":"2010-07-05T20:35:15","modified_gmt":"2010-07-05T20:35:15","slug":"ik-el-kelimeh-osuduje-fotomontazu-blica","status":"publish","type":"post","link":"https:\/\/sandzakpress.net\/arhiva\/ik-el-kelimeh-osuduje-fotomontazu-blica\/","title":{"rendered":"IK El-Kelimeh osu\u0111uje fotomonta\u017eu Blica"},"content":{"rendered":"<p><strong><a href=\"https:\/\/sandzakpress.net\/arhiva\/wp-content\/uploads\/2010\/07\/Untitled-11.jpg\"><img loading=\"lazy\" decoding=\"async\" class=\"alignleft size-full wp-image-6020\" title=\"Untitled-1\" src=\"https:\/\/sandzakpress.net\/arhiva\/wp-content\/uploads\/2010\/07\/Untitled-11.jpg\" alt=\"\" width=\"281\" height=\"97\" \/><\/a>Novi Pazar &#8211; Povodom uvredljive fotomonta\u017ee u srbijanskom dnevnom listu \u201eBlic\u201c od 19. 6. 2010. godine, gdje se glavni muftija Islamske zajednice u Srbiji prikazuje u hri\u0161\u0107anskoj sve\u0107eni\u010dkoj odori s krstom na glavi, Izdava\u010dka ku\u0107a Me\u0161ihata Islamske zajednice u Srbiji \u201eEl-Kelimeh\u201c izdaje:<\/strong><\/p>\n<blockquote>\n<p style=\"text-align: center;\"><strong>SAOP\u0106ENJE ZA JAVNOST<\/strong><\/p>\n<p>Izdava\u010dka ku\u0107a \u201cEl-Kelimeh\u201d sa svim svojim kapacitetima i resursima stoji na raspologanju Islamskoj zajednici u Srbiji i glavnom muftiji Muamer-ef. Zukorli\u0107u da sprovedu u djelo sve zaklju\u010dke Sveop\u0161teg sabora Islamske zajednice, odr\u017eanog u subotu 26. 6. 2010. godine, a u cilju zadovoljenja demokratskih prava i sloboda ljudi, a u ovom slu\u010daju muslimana, Bo\u0161njaka u Republici Srbiji.<\/p>\n<p>Izdava\u010dka ku\u0107a \u201cEl-Kelimeh\u201d osu\u0111uje pona\u0161anje kako dnevnog lista \u201cBlic\u201d tako i politiku dvostrukih standarda koju provode medijski lobiji protiv muslimana i njihovih velikodostojnika. Nezamislivo je da u demokratskom dru\u0161tvu bilo ko bilo koga vrije\u0111a i poni\u017eava na vjerskoj, rasnoj i nacionalnoj osnovi. Pogotovu je zastra\u0161uju\u0107e da jedan nacionalni medij na ovaj na\u010din predstavlja vjerskog vo\u0111u i nacionalnog lidera manjiskog naroda \u0161alju\u0107i time jasne signale predstavnicima tog naroda i vrije\u0111aju\u0107i njihove najve\u0107e svetinje.<\/p>\n<p>Bo\u0161nja\u010dki narod je u pro\u0161losti pretrpio vi\u0161e genocida, od kojih je najsvje\u017eiji onaj u Srebrenici, koji su inicirani vjerskim i nacionalnim nerazumijevanjem njihovih susjeda. Zbog toga, krst na glavi Glavnoga muftije budi nelagodnost kod Bo\u0161njaka, jer ih podsje\u0107a na jo\u0161 uvijek nezacijeljene rane i upozorava ih da tendencije pokr\u0161tavanja, koje je zapo\u010delo odlaskom Osmanlija sa ovih krajeva, jo\u0161 uvijek traju i da protagonisti istog nemaju namjeru ostaviti ih na miru da \u017eive u svojim domovima, na svojoj teritoriji kao pripadnici vjere koju su im njihovi preci ostavili u amanet.<\/p>\n<p>Imaju\u0107i u vidu sve naprijed kazano, Izdava\u010dka ku\u0107a \u201cEl-Kelimeh\u201d zdu\u0161no podr\u017eava Glavnoga muftiju i Me\u0161ihat u namjeri da na sudu ostvare prava koja im zakoni i Ustav dr\u017eave Srbije garantiraju.<\/p>\n<p><em>direktor, Malik Nurovi\u0107<\/em><\/p><\/blockquote>\n<p>Izvor: <strong>Kelimeh.com<\/strong><em><br \/>\n<\/em><\/p>\n","protected":false},"excerpt":{"rendered":"<p>Novi Pazar &#8211; Povodom uvredljive fotomonta\u017ee u srbijanskom dnevnom listu \u201eBlic\u201c od 19. 6. 2010. godine, gdje se glavni muftija Islamske zajednice u Srbiji prikazuje u hri\u0161\u0107anskoj sve\u0107eni\u010dkoj odori s krstom na glavi, Izdava\u010dka ku\u0107a Me\u0161ihata Islamske zajednice u Srbiji \u201eEl-Kelimeh\u201c izdaje: SAOP\u0106ENJE ZA JAVNOST Izdava\u010dka ku\u0107a \u201cEl-Kelimeh\u201d sa svim svojim kapacitetima i resursima stoji [&hellip;]<\/p>\n","protected":false},"author":83,"featured_media":6020,"comment_status":"open","ping_status":"open","sticky":false,"template":"","format":"standard","meta":{"footnotes":""},"categories":[72,802],"tags":[],"class_list":{"0":"post-6019","1":"post","2":"type-post","3":"status-publish","4":"format-standard","5":"has-post-thumbnail","7":"category-novi-pazar","8":"category-islamska_zajednica"},"yoast_head":"<!-- This site is optimized with the Yoast SEO Premium plugin v23.1 (Yoast SEO v24.9) - https:\/\/yoast.com\/wordpress\/plugins\/seo\/ -->\n<title>IK El-Kelimeh osu\u0111uje fotomonta\u017eu Blica<\/title>\n<meta name=\"robots\" content=\"index, follow, max-snippet:-1, max-image-preview:large, max-video-preview:-1\" \/>\n<link rel=\"canonical\" href=\"https:\/\/sandzakpress.net\/arhiva\/ik-el-kelimeh-osuduje-fotomontazu-blica\/\" \/>\n<meta property=\"og:locale\" content=\"bs_BA\" \/>\n<meta property=\"og:type\" content=\"article\" \/>\n<meta property=\"og:title\" content=\"IK El-Kelimeh osu\u0111uje fotomonta\u017eu Blica\" \/>\n<meta property=\"og:description\" content=\"Novi Pazar &#8211; Povodom uvredljive fotomonta\u017ee u srbijanskom dnevnom listu \u201eBlic\u201c od 19. 6. 2010. godine, gdje se glavni muftija Islamske zajednice u Srbiji prikazuje u hri\u0161\u0107anskoj sve\u0107eni\u010dkoj odori s krstom na glavi, Izdava\u010dka ku\u0107a Me\u0161ihata Islamske zajednice u Srbiji \u201eEl-Kelimeh\u201c izdaje: SAOP\u0106ENJE ZA JAVNOST Izdava\u010dka ku\u0107a \u201cEl-Kelimeh\u201d sa svim svojim kapacitetima i resursima stoji [&hellip;]\" \/>\n<meta property=\"og:url\" content=\"https:\/\/sandzakpress.net\/arhiva\/ik-el-kelimeh-osuduje-fotomontazu-blica\/\" \/>\n<meta property=\"og:site_name\" content=\"Sand\u017eak PRESS\" \/>\n<meta property=\"article:published_time\" content=\"2010-07-05T20:35:15+00:00\" \/>\n<meta property=\"og:image\" content=\"https:\/\/sandzakpress.net\/arhiva\/wp-content\/uploads\/2010\/07\/Untitled-11.jpg\" \/>\n\t<meta property=\"og:image:width\" content=\"281\" \/>\n\t<meta property=\"og:image:height\" content=\"97\" \/>\n\t<meta property=\"og:image:type\" content=\"image\/jpeg\" \/>\n<meta name=\"author\" content=\"bosniak\" \/>\n<meta name=\"twitter:card\" content=\"summary_large_image\" \/>\n<meta name=\"twitter:label1\" content=\"Written by\" \/>\n\t<meta name=\"twitter:data1\" content=\"bosniak\" \/>\n\t<meta name=\"twitter:label2\" content=\"Est. reading time\" \/>\n\t<meta name=\"twitter:data2\" content=\"2 minute\" \/>\n<script type=\"application\/ld+json\" class=\"yoast-schema-graph\">{\"@context\":\"https:\/\/schema.org\",\"@graph\":[{\"@type\":\"Article\",\"@id\":\"https:\/\/sandzakpress.net\/arhiva\/ik-el-kelimeh-osuduje-fotomontazu-blica\/#article\",\"isPartOf\":{\"@id\":\"https:\/\/sandzakpress.net\/arhiva\/ik-el-kelimeh-osuduje-fotomontazu-blica\/\"},\"author\":{\"name\":\"bosniak\",\"@id\":\"https:\/\/sandzakpress.net\/arhiva\/#\/schema\/person\/c8baee722073534b583ea7bdb2e36c02\"},\"headline\":\"IK El-Kelimeh osu\u0111uje fotomonta\u017eu Blica\",\"datePublished\":\"2010-07-05T20:35:15+00:00\",\"mainEntityOfPage\":{\"@id\":\"https:\/\/sandzakpress.net\/arhiva\/ik-el-kelimeh-osuduje-fotomontazu-blica\/\"},\"wordCount\":346,\"commentCount\":0,\"publisher\":{\"@id\":\"https:\/\/sandzakpress.net\/arhiva\/#\/schema\/person\/6e72b67d6e51910a1117b3b483ba20bd\"},\"image\":{\"@id\":\"https:\/\/sandzakpress.net\/arhiva\/ik-el-kelimeh-osuduje-fotomontazu-blica\/#primaryimage\"},\"thumbnailUrl\":\"https:\/\/sandzakpress.net\/arhiva\/wp-content\/uploads\/2010\/07\/Untitled-11.jpg\",\"articleSection\":[\"Novi Pazar\",\"Islamska zajednica\"],\"inLanguage\":\"bs-BA\",\"potentialAction\":[{\"@type\":\"CommentAction\",\"name\":\"Comment\",\"target\":[\"https:\/\/sandzakpress.net\/arhiva\/ik-el-kelimeh-osuduje-fotomontazu-blica\/#respond\"]}]},{\"@type\":\"WebPage\",\"@id\":\"https:\/\/sandzakpress.net\/arhiva\/ik-el-kelimeh-osuduje-fotomontazu-blica\/\",\"url\":\"https:\/\/sandzakpress.net\/arhiva\/ik-el-kelimeh-osuduje-fotomontazu-blica\/\",\"name\":\"IK El-Kelimeh osu\u0111uje fotomonta\u017eu Blica\",\"isPartOf\":{\"@id\":\"https:\/\/sandzakpress.net\/arhiva\/#website\"},\"primaryImageOfPage\":{\"@id\":\"https:\/\/sandzakpress.net\/arhiva\/ik-el-kelimeh-osuduje-fotomontazu-blica\/#primaryimage\"},\"image\":{\"@id\":\"https:\/\/sandzakpress.net\/arhiva\/ik-el-kelimeh-osuduje-fotomontazu-blica\/#primaryimage\"},\"thumbnailUrl\":\"https:\/\/sandzakpress.net\/arhiva\/wp-content\/uploads\/2010\/07\/Untitled-11.jpg\",\"datePublished\":\"2010-07-05T20:35:15+00:00\",\"breadcrumb\":{\"@id\":\"https:\/\/sandzakpress.net\/arhiva\/ik-el-kelimeh-osuduje-fotomontazu-blica\/#breadcrumb\"},\"inLanguage\":\"bs-BA\",\"potentialAction\":[{\"@type\":\"ReadAction\",\"target\":[\"https:\/\/sandzakpress.net\/arhiva\/ik-el-kelimeh-osuduje-fotomontazu-blica\/\"]}]},{\"@type\":\"ImageObject\",\"inLanguage\":\"bs-BA\",\"@id\":\"https:\/\/sandzakpress.net\/arhiva\/ik-el-kelimeh-osuduje-fotomontazu-blica\/#primaryimage\",\"url\":\"https:\/\/sandzakpress.net\/arhiva\/wp-content\/uploads\/2010\/07\/Untitled-11.jpg\",\"contentUrl\":\"https:\/\/sandzakpress.net\/arhiva\/wp-content\/uploads\/2010\/07\/Untitled-11.jpg\",\"width\":281,\"height\":97},{\"@type\":\"BreadcrumbList\",\"@id\":\"https:\/\/sandzakpress.net\/arhiva\/ik-el-kelimeh-osuduje-fotomontazu-blica\/#breadcrumb\",\"itemListElement\":[{\"@type\":\"ListItem\",\"position\":1,\"name\":\"Home\",\"item\":\"https:\/\/sandzakpress.net\/arhiva\/\"},{\"@type\":\"ListItem\",\"position\":2,\"name\":\"IK El-Kelimeh osu\u0111uje fotomonta\u017eu Blica\"}]},{\"@type\":\"WebSite\",\"@id\":\"https:\/\/sandzakpress.net\/arhiva\/#website\",\"url\":\"https:\/\/sandzakpress.net\/arhiva\/\",\"name\":\"Sand\u017eak PRESS\",\"description\":\"Prve elektronske novine u Sand\u017eaku\",\"publisher\":{\"@id\":\"https:\/\/sandzakpress.net\/arhiva\/#\/schema\/person\/6e72b67d6e51910a1117b3b483ba20bd\"},\"potentialAction\":[{\"@type\":\"SearchAction\",\"target\":{\"@type\":\"EntryPoint\",\"urlTemplate\":\"https:\/\/sandzakpress.net\/arhiva\/?s={search_term_string}\"},\"query-input\":{\"@type\":\"PropertyValueSpecification\",\"valueRequired\":true,\"valueName\":\"search_term_string\"}}],\"inLanguage\":\"bs-BA\"},{\"@type\":[\"Person\",\"Organization\"],\"@id\":\"https:\/\/sandzakpress.net\/arhiva\/#\/schema\/person\/6e72b67d6e51910a1117b3b483ba20bd\",\"name\":\"Kul\",\"image\":{\"@type\":\"ImageObject\",\"inLanguage\":\"bs-BA\",\"@id\":\"https:\/\/sandzakpress.net\/arhiva\/#\/schema\/person\/image\/\",\"url\":\"https:\/\/secure.gravatar.com\/avatar\/42263f39aa27ac04c43cab85c280eb2e?s=96&d=mm&r=pg\",\"contentUrl\":\"https:\/\/secure.gravatar.com\/avatar\/42263f39aa27ac04c43cab85c280eb2e?s=96&d=mm&r=pg\",\"caption\":\"Kul\"},\"logo\":{\"@id\":\"https:\/\/sandzakpress.net\/arhiva\/#\/schema\/person\/image\/\"}},{\"@type\":\"Person\",\"@id\":\"https:\/\/sandzakpress.net\/arhiva\/#\/schema\/person\/c8baee722073534b583ea7bdb2e36c02\",\"name\":\"bosniak\",\"image\":{\"@type\":\"ImageObject\",\"inLanguage\":\"bs-BA\",\"@id\":\"https:\/\/sandzakpress.net\/arhiva\/#\/schema\/person\/image\/\",\"url\":\"https:\/\/secure.gravatar.com\/avatar\/a04fd330bfe3a36a72a0ad4a6d89fca7?s=96&d=mm&r=pg\",\"contentUrl\":\"https:\/\/secure.gravatar.com\/avatar\/a04fd330bfe3a36a72a0ad4a6d89fca7?s=96&d=mm&r=pg\",\"caption\":\"bosniak\"},\"url\":\"https:\/\/sandzakpress.net\/arhiva\/author\/bosniak\/\"}]}<\/script>\n<!-- \/ Yoast SEO Premium plugin. -->","yoast_head_json":{"title":"IK El-Kelimeh osu\u0111uje fotomonta\u017eu Blica","robots":{"index":"index","follow":"follow","max-snippet":"max-snippet:-1","max-image-preview":"max-image-preview:large","max-video-preview":"max-video-preview:-1"},"canonical":"https:\/\/sandzakpress.net\/arhiva\/ik-el-kelimeh-osuduje-fotomontazu-blica\/","og_locale":"bs_BA","og_type":"article","og_title":"IK El-Kelimeh osu\u0111uje fotomonta\u017eu Blica","og_description":"Novi Pazar &#8211; Povodom uvredljive fotomonta\u017ee u srbijanskom dnevnom listu \u201eBlic\u201c od 19. 6. 2010. godine, gdje se glavni muftija Islamske zajednice u Srbiji prikazuje u hri\u0161\u0107anskoj sve\u0107eni\u010dkoj odori s krstom na glavi, Izdava\u010dka ku\u0107a Me\u0161ihata Islamske zajednice u Srbiji \u201eEl-Kelimeh\u201c izdaje: SAOP\u0106ENJE ZA JAVNOST Izdava\u010dka ku\u0107a \u201cEl-Kelimeh\u201d sa svim svojim kapacitetima i resursima stoji [&hellip;]","og_url":"https:\/\/sandzakpress.net\/arhiva\/ik-el-kelimeh-osuduje-fotomontazu-blica\/","og_site_name":"Sand\u017eak PRESS","article_published_time":"2010-07-05T20:35:15+00:00","og_image":[{"width":281,"height":97,"url":"https:\/\/sandzakpress.net\/arhiva\/wp-content\/uploads\/2010\/07\/Untitled-11.jpg","type":"image\/jpeg"}],"author":"bosniak","twitter_card":"summary_large_image","twitter_misc":{"Written by":"bosniak","Est. reading time":"2 minute"},"schema":{"@context":"https:\/\/schema.org","@graph":[{"@type":"Article","@id":"https:\/\/sandzakpress.net\/arhiva\/ik-el-kelimeh-osuduje-fotomontazu-blica\/#article","isPartOf":{"@id":"https:\/\/sandzakpress.net\/arhiva\/ik-el-kelimeh-osuduje-fotomontazu-blica\/"},"author":{"name":"bosniak","@id":"https:\/\/sandzakpress.net\/arhiva\/#\/schema\/person\/c8baee722073534b583ea7bdb2e36c02"},"headline":"IK El-Kelimeh osu\u0111uje fotomonta\u017eu Blica","datePublished":"2010-07-05T20:35:15+00:00","mainEntityOfPage":{"@id":"https:\/\/sandzakpress.net\/arhiva\/ik-el-kelimeh-osuduje-fotomontazu-blica\/"},"wordCount":346,"commentCount":0,"publisher":{"@id":"https:\/\/sandzakpress.net\/arhiva\/#\/schema\/person\/6e72b67d6e51910a1117b3b483ba20bd"},"image":{"@id":"https:\/\/sandzakpress.net\/arhiva\/ik-el-kelimeh-osuduje-fotomontazu-blica\/#primaryimage"},"thumbnailUrl":"https:\/\/sandzakpress.net\/arhiva\/wp-content\/uploads\/2010\/07\/Untitled-11.jpg","articleSection":["Novi Pazar","Islamska zajednica"],"inLanguage":"bs-BA","potentialAction":[{"@type":"CommentAction","name":"Comment","target":["https:\/\/sandzakpress.net\/arhiva\/ik-el-kelimeh-osuduje-fotomontazu-blica\/#respond"]}]},{"@type":"WebPage","@id":"https:\/\/sandzakpress.net\/arhiva\/ik-el-kelimeh-osuduje-fotomontazu-blica\/","url":"https:\/\/sandzakpress.net\/arhiva\/ik-el-kelimeh-osuduje-fotomontazu-blica\/","name":"IK El-Kelimeh osu\u0111uje fotomonta\u017eu Blica","isPartOf":{"@id":"https:\/\/sandzakpress.net\/arhiva\/#website"},"primaryImageOfPage":{"@id":"https:\/\/sandzakpress.net\/arhiva\/ik-el-kelimeh-osuduje-fotomontazu-blica\/#primaryimage"},"image":{"@id":"https:\/\/sandzakpress.net\/arhiva\/ik-el-kelimeh-osuduje-fotomontazu-blica\/#primaryimage"},"thumbnailUrl":"https:\/\/sandzakpress.net\/arhiva\/wp-content\/uploads\/2010\/07\/Untitled-11.jpg","datePublished":"2010-07-05T20:35:15+00:00","breadcrumb":{"@id":"https:\/\/sandzakpress.net\/arhiva\/ik-el-kelimeh-osuduje-fotomontazu-blica\/#breadcrumb"},"inLanguage":"bs-BA","potentialAction":[{"@type":"ReadAction","target":["https:\/\/sandzakpress.net\/arhiva\/ik-el-kelimeh-osuduje-fotomontazu-blica\/"]}]},{"@type":"ImageObject","inLanguage":"bs-BA","@id":"https:\/\/sandzakpress.net\/arhiva\/ik-el-kelimeh-osuduje-fotomontazu-blica\/#primaryimage","url":"https:\/\/sandzakpress.net\/arhiva\/wp-content\/uploads\/2010\/07\/Untitled-11.jpg","contentUrl":"https:\/\/sandzakpress.net\/arhiva\/wp-content\/uploads\/2010\/07\/Untitled-11.jpg","width":281,"height":97},{"@type":"BreadcrumbList","@id":"https:\/\/sandzakpress.net\/arhiva\/ik-el-kelimeh-osuduje-fotomontazu-blica\/#breadcrumb","itemListElement":[{"@type":"ListItem","position":1,"name":"Home","item":"https:\/\/sandzakpress.net\/arhiva\/"},{"@type":"ListItem","position":2,"name":"IK El-Kelimeh osu\u0111uje fotomonta\u017eu Blica"}]},{"@type":"WebSite","@id":"https:\/\/sandzakpress.net\/arhiva\/#website","url":"https:\/\/sandzakpress.net\/arhiva\/","name":"Sand\u017eak PRESS","description":"Prve elektronske novine u Sand\u017eaku","publisher":{"@id":"https:\/\/sandzakpress.net\/arhiva\/#\/schema\/person\/6e72b67d6e51910a1117b3b483ba20bd"},"potentialAction":[{"@type":"SearchAction","target":{"@type":"EntryPoint","urlTemplate":"https:\/\/sandzakpress.net\/arhiva\/?s={search_term_string}"},"query-input":{"@type":"PropertyValueSpecification","valueRequired":true,"valueName":"search_term_string"}}],"inLanguage":"bs-BA"},{"@type":["Person","Organization"],"@id":"https:\/\/sandzakpress.net\/arhiva\/#\/schema\/person\/6e72b67d6e51910a1117b3b483ba20bd","name":"Kul","image":{"@type":"ImageObject","inLanguage":"bs-BA","@id":"https:\/\/sandzakpress.net\/arhiva\/#\/schema\/person\/image\/","url":"https:\/\/secure.gravatar.com\/avatar\/42263f39aa27ac04c43cab85c280eb2e?s=96&d=mm&r=pg","contentUrl":"https:\/\/secure.gravatar.com\/avatar\/42263f39aa27ac04c43cab85c280eb2e?s=96&d=mm&r=pg","caption":"Kul"},"logo":{"@id":"https:\/\/sandzakpress.net\/arhiva\/#\/schema\/person\/image\/"}},{"@type":"Person","@id":"https:\/\/sandzakpress.net\/arhiva\/#\/schema\/person\/c8baee722073534b583ea7bdb2e36c02","name":"bosniak","image":{"@type":"ImageObject","inLanguage":"bs-BA","@id":"https:\/\/sandzakpress.net\/arhiva\/#\/schema\/person\/image\/","url":"https:\/\/secure.gravatar.com\/avatar\/a04fd330bfe3a36a72a0ad4a6d89fca7?s=96&d=mm&r=pg","contentUrl":"https:\/\/secure.gravatar.com\/avatar\/a04fd330bfe3a36a72a0ad4a6d89fca7?s=96&d=mm&r=pg","caption":"bosniak"},"url":"https:\/\/sandzakpress.net\/arhiva\/author\/bosniak\/"}]}},"_links":{"self":[{"href":"https:\/\/sandzakpress.net\/arhiva\/wp-json\/wp\/v2\/posts\/6019"}],"collection":[{"href":"https:\/\/sandzakpress.net\/arhiva\/wp-json\/wp\/v2\/posts"}],"about":[{"href":"https:\/\/sandzakpress.net\/arhiva\/wp-json\/wp\/v2\/types\/post"}],"author":[{"embeddable":true,"href":"https:\/\/sandzakpress.net\/arhiva\/wp-json\/wp\/v2\/users\/83"}],"replies":[{"embeddable":true,"href":"https:\/\/sandzakpress.net\/arhiva\/wp-json\/wp\/v2\/comments?post=6019"}],"version-history":[{"count":0,"href":"https:\/\/sandzakpress.net\/arhiva\/wp-json\/wp\/v2\/posts\/6019\/revisions"}],"wp:featuredmedia":[{"embeddable":true,"href":"https:\/\/sandzakpress.net\/arhiva\/wp-json\/wp\/v2\/media\/6020"}],"wp:attachment":[{"href":"https:\/\/sandzakpress.net\/arhiva\/wp-json\/wp\/v2\/media?parent=6019"}],"wp:term":[{"taxonomy":"category","embeddable":true,"href":"https:\/\/sandzakpress.net\/arhiva\/wp-json\/wp\/v2\/categories?post=6019"},{"taxonomy":"post_tag","embeddable":true,"href":"https:\/\/sandzakpress.net\/arhiva\/wp-json\/wp\/v2\/tags?post=6019"}],"curies":[{"name":"wp","href":"https:\/\/api.w.org\/{rel}","templated":true}]}}