{"id":60170,"date":"2012-12-28T22:29:41","date_gmt":"2012-12-28T21:29:41","guid":{"rendered":"https:\/\/sandzakpress.net\/arhiva\/?p=60170"},"modified":"2012-12-28T22:29:41","modified_gmt":"2012-12-28T21:29:41","slug":"premijer-erdogan-%e2%80%93-vodeca-muslimanska-licnost-u-svijetu","status":"publish","type":"post","link":"https:\/\/sandzakpress.net\/arhiva\/premijer-erdogan-%e2%80%93-vodeca-muslimanska-licnost-u-svijetu\/","title":{"rendered":"Premijer Erdogan \u2013 vode\u0107a muslimanska li\u010dnost u svijetu"},"content":{"rendered":"<p><strong><a href=\"https:\/\/sandzakpress.net\/arhiva\/wp-content\/uploads\/2012\/12\/premijer-erdogan-\u2013-vodeca-muslimanska-licnost-u-svijetu_trt-bosanski-13013.jpg\"><img loading=\"lazy\" decoding=\"async\" class=\"alignleft size-medium wp-image-60171\" title=\"premijer-erdogan-\u2013-vodeca-muslimanska-licnost-u-svijetu_trt-bosanski-13013\" src=\"https:\/\/sandzakpress.net\/arhiva\/wp-content\/uploads\/2012\/12\/premijer-erdogan-\u2013-vodeca-muslimanska-licnost-u-svijetu_trt-bosanski-13013-300x208.jpg\" alt=\"\" width=\"300\" height=\"208\" \/><\/a>Turska &#8211; Prema anketi koju je sproveo list &#8220;Preporod&#8221;, ina\u010de slu\u017ebeno glasilo Islamske zajednice u Bosni i Hercegovini (IZBiH), turski premijer Recep Tayyip Erdogan je li\u010dnost koja je u proteklih godinu dana dala poseban doprinos islamu i uop\u0107e \u017eivotu muslimana.<br \/>\n<\/strong><br \/>\nAnketa je sprovedena me\u0111u saradnicima, \u010ditateljima i bo\u0161nja\u010dkim uglednicima, profesorima, alimima, aktivistima&#8230;<\/p>\n<p>&#8220;Istakao bih utjecaj koji je Turska postigla i jo\u0161 vi\u0161e oja\u010dala u proteklom periodu. Ta zemlja je va\u017ean politi\u010dki i ekonomski faktor u svijetu i njezin napredak je o\u010digledan. Pogotovo u vrijeme trenutne krize u Siriji, ali i u pore\u0111enju s atmosferom ekonomske i politi\u010dke nestabilnosti u Gr\u010dkoj i drugim zemljama Europske unije&#8221;, kazao je u anketi Tarik \u0110o\u0111i\u0107, generalni direktor Al Jezeera Balkans, prenosi novinar AA.<\/p>\n<p>Profesorica Fakulteta politi\u010dkih nauka (FPN) prof. dr. Fahira Fejzi\u0107 &#8211; \u010cengi\u0107 dodala je<br \/>\n&#8220;da je li\u010dnost Recepa Tayyipa Recepa Erdogana dala veliki pe\u010dat u 2012. godini, unutar njegove zemlje i van nje&#8221;.<\/p>\n<p>&#8220;Konferencija o dijalogu u Istanbulu za mene je ve\u0107i iskorak i glas pravednosti nego sve ono \u0161to su u istoj godini dali Davosi, New Yorci, Londoni&#8230; kao konferencijske destinacije&#8221;, smatra Fejzi\u0107.<\/p>\n<p>U\u010desnici ankete su posebno naglasili va\u017enost, kako su rekli, dva lidera muslimanskog svijeta, turskog premijera Recepa Tayyipa Erdogana u Turskoj, kao i Muhammeda Mursija u Egiptu, jer su &#8220;poslali jasne poruke i bili nezaobilazan faktor u rje\u0161avanju i prekidu vi\u0161ednevne okrutne agresije na Pojas Gazze u Palestini&#8221;.<\/p>\n<p>Glavni imam Med\u017elisa Islamske zajednice Sarajevo Ferid ef. Dautovi\u0107 rekao je kako premijera Erdogana smatra &#8220;najva\u017enijom li\u010dno\u0161\u0107u jer svojim \u017eivotom i politikom podsje\u0107a na na\u0161eg predsjednika rahmetli Aliju Izetbegovi\u0107a&#8221;.<\/p>\n<p>Istra\u017eiva\u010d-saradnik, turkolog s Orijentalnog instituta u Sarajevu mr. Amina \u0160iljak-Jesenkovi\u0107 istakla je, tako\u0111er, ulogu Recepa Tayyipa Erdogana, turskog \u0161efa diplomatije Ahmeta Davutolgua, te njihovu\u00a0 &#8220;pametnu me\u0111unarodnu politiku, koja ne ugro\u017eava druge&#8221;.<\/p>\n<p>Dio anketiranih konstatirao je da je &#8220;turski premijer Erdogan li\u010dnost zahvaljuju\u0107i kojoj Turska preuzima vode\u0107u ulogu na svjetskoj politi\u010dkoj sceni, a \u0161to potvr\u0111uje da je rije\u010d o lideru koji ima jasnu viziju&#8221;.<\/p>\n<p>Prema jednom od anketiranih, Erdogan je &#8220;na svjetskom nivou, u me\u0111unarodnim odnosima, muslimanima vratio makar malo dostojanstva&#8221;.<\/p>\n<p>&#8220;Ima hrabrosti i petlje kazati ono \u0161to svi znamo, a ve\u0107ina muslimanskih<br \/>\nlidera sramno \u0161uti, jer ne smiju od svojih gospodara&#8221;, pojasnio je u\u010desnik ankete.<\/p>\n<p>Dio u\u010desnika ankete je, tako\u0111er, ocijenio da je Erdogan &#8220;nesumnjivo najzna\u010dajniji muslimanski lider danas u svijetu, koji je obilje\u017eio i godinu iza nas&#8221;.<\/p>\n<p>&#8220;Turski premijer Recep Tayyip Erdogan je najzna\u010dajnija muslimanska li\u010dnost. To je potvrdio svojom vizijom, dr\u017eanjem, odnosom prema sirijskoj krizi i izbjeglicama&#8221;, apostrofirano je u anketi.<\/p>\n<p>Zaklju\u010deno je da &#8220;turski premijer iz godine u godinu pokazuje da je vode\u0107i muslimanski lider koji na jedan novi na\u010din prilazi interesima svoje dr\u017eave, ali i interesima muslimana van Turske&#8221;.<\/p>\n<p>U\u010desnici ankete smatraju da je centralni doga\u0111aj za muslimanski svijet u 2012. godini svakako to \u0161to je Palestina dobila status dr\u017eave ne\u010dlanice \u2013 posmatra\u010da u Ujedinjenim nacijama. Jo\u0161 jednom je nagla\u0161ena i va\u017enost Arapskog prolje\u0107a. Na doma\u0107em planu, anketirani su istakli va\u017enost zavr\u0161etka izbora novog reisu-l-uleme mr. Huseina ef. Kavazovi\u0107a. Kazano je da je Islamska zajednica u BiH u tom procesu pokazala svoju &#8220;zrelost i dostojanstvo&#8221;.<\/p>\n<p>(trtbosanski)<\/p>\n","protected":false},"excerpt":{"rendered":"<p>Turska &#8211; Prema anketi koju je sproveo list &#8220;Preporod&#8221;, ina\u010de slu\u017ebeno glasilo Islamske zajednice u Bosni i Hercegovini (IZBiH), turski premijer Recep Tayyip Erdogan je li\u010dnost koja je u proteklih godinu dana dala poseban doprinos islamu i uop\u0107e \u017eivotu muslimana. Anketa je sprovedena me\u0111u saradnicima, \u010ditateljima i bo\u0161nja\u010dkim uglednicima, profesorima, alimima, aktivistima&#8230; &#8220;Istakao bih utjecaj [&hellip;]<\/p>\n","protected":false},"author":16,"featured_media":60171,"comment_status":"open","ping_status":"open","sticky":false,"template":"","format":"standard","meta":{"footnotes":""},"categories":[9,2692],"tags":[],"class_list":{"0":"post-60170","1":"post","2":"type-post","3":"status-publish","4":"format-standard","5":"has-post-thumbnail","7":"category-svijet","8":"category-turska-gradovi"},"yoast_head":"<!-- This site is optimized with the Yoast SEO Premium plugin v23.1 (Yoast SEO v24.9) - https:\/\/yoast.com\/wordpress\/plugins\/seo\/ -->\n<title>Premijer Erdogan \u2013 vode\u0107a muslimanska li\u010dnost u svijetu<\/title>\n<meta name=\"robots\" content=\"index, follow, max-snippet:-1, max-image-preview:large, max-video-preview:-1\" \/>\n<link rel=\"canonical\" href=\"https:\/\/sandzakpress.net\/arhiva\/premijer-erdogan-\u2013-vodeca-muslimanska-licnost-u-svijetu\/\" \/>\n<meta property=\"og:locale\" content=\"bs_BA\" \/>\n<meta property=\"og:type\" content=\"article\" \/>\n<meta property=\"og:title\" content=\"Premijer Erdogan \u2013 vode\u0107a muslimanska li\u010dnost u svijetu\" \/>\n<meta property=\"og:description\" content=\"Turska &#8211; Prema anketi koju je sproveo list &#8220;Preporod&#8221;, ina\u010de slu\u017ebeno glasilo Islamske zajednice u Bosni i Hercegovini (IZBiH), turski premijer Recep Tayyip Erdogan je li\u010dnost koja je u proteklih godinu dana dala poseban doprinos islamu i uop\u0107e \u017eivotu muslimana. Anketa je sprovedena me\u0111u saradnicima, \u010ditateljima i bo\u0161nja\u010dkim uglednicima, profesorima, alimima, aktivistima&#8230; &#8220;Istakao bih utjecaj [&hellip;]\" \/>\n<meta property=\"og:url\" content=\"https:\/\/sandzakpress.net\/arhiva\/premijer-erdogan-\u2013-vodeca-muslimanska-licnost-u-svijetu\/\" \/>\n<meta property=\"og:site_name\" content=\"Sand\u017eak PRESS\" \/>\n<meta property=\"article:published_time\" content=\"2012-12-28T21:29:41+00:00\" \/>\n<meta property=\"og:image\" content=\"https:\/\/sandzakpress.net\/arhiva\/wp-content\/uploads\/2012\/12\/premijer-erdogan-\u2013-vodeca-muslimanska-licnost-u-svijetu_trt-bosanski-13013.jpg\" \/>\n\t<meta property=\"og:image:width\" content=\"522\" \/>\n\t<meta property=\"og:image:height\" content=\"363\" \/>\n\t<meta property=\"og:image:type\" content=\"image\/jpeg\" \/>\n<meta name=\"twitter:card\" content=\"summary_large_image\" \/>\n<meta name=\"twitter:label1\" content=\"Written by\" \/>\n\t<meta name=\"twitter:data1\" content=\"\" \/>\n\t<meta name=\"twitter:label2\" content=\"Est. reading time\" \/>\n\t<meta name=\"twitter:data2\" content=\"3 minute\" \/>\n<script type=\"application\/ld+json\" class=\"yoast-schema-graph\">{\"@context\":\"https:\/\/schema.org\",\"@graph\":[{\"@type\":\"Article\",\"@id\":\"https:\/\/sandzakpress.net\/arhiva\/premijer-erdogan-%e2%80%93-vodeca-muslimanska-licnost-u-svijetu\/#article\",\"isPartOf\":{\"@id\":\"https:\/\/sandzakpress.net\/arhiva\/premijer-erdogan-%e2%80%93-vodeca-muslimanska-licnost-u-svijetu\/\"},\"author\":{\"name\":\"\",\"@id\":\"\"},\"headline\":\"Premijer Erdogan \u2013 vode\u0107a muslimanska li\u010dnost u svijetu\",\"datePublished\":\"2012-12-28T21:29:41+00:00\",\"mainEntityOfPage\":{\"@id\":\"https:\/\/sandzakpress.net\/arhiva\/premijer-erdogan-%e2%80%93-vodeca-muslimanska-licnost-u-svijetu\/\"},\"wordCount\":581,\"commentCount\":0,\"publisher\":{\"@id\":\"https:\/\/sandzakpress.net\/arhiva\/#\/schema\/person\/6e72b67d6e51910a1117b3b483ba20bd\"},\"image\":{\"@id\":\"https:\/\/sandzakpress.net\/arhiva\/premijer-erdogan-%e2%80%93-vodeca-muslimanska-licnost-u-svijetu\/#primaryimage\"},\"thumbnailUrl\":\"https:\/\/sandzakpress.net\/arhiva\/wp-content\/uploads\/2012\/12\/premijer-erdogan-\u2013-vodeca-muslimanska-licnost-u-svijetu_trt-bosanski-13013.jpg\",\"articleSection\":[\"Svijet\",\"Turska\"],\"inLanguage\":\"bs-BA\",\"potentialAction\":[{\"@type\":\"CommentAction\",\"name\":\"Comment\",\"target\":[\"https:\/\/sandzakpress.net\/arhiva\/premijer-erdogan-%e2%80%93-vodeca-muslimanska-licnost-u-svijetu\/#respond\"]}]},{\"@type\":\"WebPage\",\"@id\":\"https:\/\/sandzakpress.net\/arhiva\/premijer-erdogan-%e2%80%93-vodeca-muslimanska-licnost-u-svijetu\/\",\"url\":\"https:\/\/sandzakpress.net\/arhiva\/premijer-erdogan-%e2%80%93-vodeca-muslimanska-licnost-u-svijetu\/\",\"name\":\"Premijer Erdogan \u2013 vode\u0107a muslimanska li\u010dnost u svijetu\",\"isPartOf\":{\"@id\":\"https:\/\/sandzakpress.net\/arhiva\/#website\"},\"primaryImageOfPage\":{\"@id\":\"https:\/\/sandzakpress.net\/arhiva\/premijer-erdogan-%e2%80%93-vodeca-muslimanska-licnost-u-svijetu\/#primaryimage\"},\"image\":{\"@id\":\"https:\/\/sandzakpress.net\/arhiva\/premijer-erdogan-%e2%80%93-vodeca-muslimanska-licnost-u-svijetu\/#primaryimage\"},\"thumbnailUrl\":\"https:\/\/sandzakpress.net\/arhiva\/wp-content\/uploads\/2012\/12\/premijer-erdogan-\u2013-vodeca-muslimanska-licnost-u-svijetu_trt-bosanski-13013.jpg\",\"datePublished\":\"2012-12-28T21:29:41+00:00\",\"breadcrumb\":{\"@id\":\"https:\/\/sandzakpress.net\/arhiva\/premijer-erdogan-%e2%80%93-vodeca-muslimanska-licnost-u-svijetu\/#breadcrumb\"},\"inLanguage\":\"bs-BA\",\"potentialAction\":[{\"@type\":\"ReadAction\",\"target\":[\"https:\/\/sandzakpress.net\/arhiva\/premijer-erdogan-%e2%80%93-vodeca-muslimanska-licnost-u-svijetu\/\"]}]},{\"@type\":\"ImageObject\",\"inLanguage\":\"bs-BA\",\"@id\":\"https:\/\/sandzakpress.net\/arhiva\/premijer-erdogan-%e2%80%93-vodeca-muslimanska-licnost-u-svijetu\/#primaryimage\",\"url\":\"https:\/\/sandzakpress.net\/arhiva\/wp-content\/uploads\/2012\/12\/premijer-erdogan-\u2013-vodeca-muslimanska-licnost-u-svijetu_trt-bosanski-13013.jpg\",\"contentUrl\":\"https:\/\/sandzakpress.net\/arhiva\/wp-content\/uploads\/2012\/12\/premijer-erdogan-\u2013-vodeca-muslimanska-licnost-u-svijetu_trt-bosanski-13013.jpg\",\"width\":522,\"height\":363},{\"@type\":\"BreadcrumbList\",\"@id\":\"https:\/\/sandzakpress.net\/arhiva\/premijer-erdogan-%e2%80%93-vodeca-muslimanska-licnost-u-svijetu\/#breadcrumb\",\"itemListElement\":[{\"@type\":\"ListItem\",\"position\":1,\"name\":\"Home\",\"item\":\"https:\/\/sandzakpress.net\/arhiva\/\"},{\"@type\":\"ListItem\",\"position\":2,\"name\":\"Premijer Erdogan \u2013 vode\u0107a muslimanska li\u010dnost u svijetu\"}]},{\"@type\":\"WebSite\",\"@id\":\"https:\/\/sandzakpress.net\/arhiva\/#website\",\"url\":\"https:\/\/sandzakpress.net\/arhiva\/\",\"name\":\"Sand\u017eak PRESS\",\"description\":\"Prve elektronske novine u Sand\u017eaku\",\"publisher\":{\"@id\":\"https:\/\/sandzakpress.net\/arhiva\/#\/schema\/person\/6e72b67d6e51910a1117b3b483ba20bd\"},\"potentialAction\":[{\"@type\":\"SearchAction\",\"target\":{\"@type\":\"EntryPoint\",\"urlTemplate\":\"https:\/\/sandzakpress.net\/arhiva\/?s={search_term_string}\"},\"query-input\":{\"@type\":\"PropertyValueSpecification\",\"valueRequired\":true,\"valueName\":\"search_term_string\"}}],\"inLanguage\":\"bs-BA\"},{\"@type\":[\"Person\",\"Organization\"],\"@id\":\"https:\/\/sandzakpress.net\/arhiva\/#\/schema\/person\/6e72b67d6e51910a1117b3b483ba20bd\",\"name\":\"Kul\",\"image\":{\"@type\":\"ImageObject\",\"inLanguage\":\"bs-BA\",\"@id\":\"https:\/\/sandzakpress.net\/arhiva\/#\/schema\/person\/image\/\",\"url\":\"https:\/\/secure.gravatar.com\/avatar\/42263f39aa27ac04c43cab85c280eb2e?s=96&d=mm&r=pg\",\"contentUrl\":\"https:\/\/secure.gravatar.com\/avatar\/42263f39aa27ac04c43cab85c280eb2e?s=96&d=mm&r=pg\",\"caption\":\"Kul\"},\"logo\":{\"@id\":\"https:\/\/sandzakpress.net\/arhiva\/#\/schema\/person\/image\/\"}},{\"@type\":\"Person\",\"@id\":\"\",\"url\":\"https:\/\/sandzakpress.net\/arhiva\/author\/\"}]}<\/script>\n<!-- \/ Yoast SEO Premium plugin. -->","yoast_head_json":{"title":"Premijer Erdogan \u2013 vode\u0107a muslimanska li\u010dnost u svijetu","robots":{"index":"index","follow":"follow","max-snippet":"max-snippet:-1","max-image-preview":"max-image-preview:large","max-video-preview":"max-video-preview:-1"},"canonical":"https:\/\/sandzakpress.net\/arhiva\/premijer-erdogan-\u2013-vodeca-muslimanska-licnost-u-svijetu\/","og_locale":"bs_BA","og_type":"article","og_title":"Premijer Erdogan \u2013 vode\u0107a muslimanska li\u010dnost u svijetu","og_description":"Turska &#8211; Prema anketi koju je sproveo list &#8220;Preporod&#8221;, ina\u010de slu\u017ebeno glasilo Islamske zajednice u Bosni i Hercegovini (IZBiH), turski premijer Recep Tayyip Erdogan je li\u010dnost koja je u proteklih godinu dana dala poseban doprinos islamu i uop\u0107e \u017eivotu muslimana. Anketa je sprovedena me\u0111u saradnicima, \u010ditateljima i bo\u0161nja\u010dkim uglednicima, profesorima, alimima, aktivistima&#8230; &#8220;Istakao bih utjecaj [&hellip;]","og_url":"https:\/\/sandzakpress.net\/arhiva\/premijer-erdogan-\u2013-vodeca-muslimanska-licnost-u-svijetu\/","og_site_name":"Sand\u017eak PRESS","article_published_time":"2012-12-28T21:29:41+00:00","og_image":[{"width":522,"height":363,"url":"https:\/\/sandzakpress.net\/arhiva\/wp-content\/uploads\/2012\/12\/premijer-erdogan-\u2013-vodeca-muslimanska-licnost-u-svijetu_trt-bosanski-13013.jpg","type":"image\/jpeg"}],"twitter_card":"summary_large_image","twitter_misc":{"Written by":"","Est. reading time":"3 minute"},"schema":{"@context":"https:\/\/schema.org","@graph":[{"@type":"Article","@id":"https:\/\/sandzakpress.net\/arhiva\/premijer-erdogan-%e2%80%93-vodeca-muslimanska-licnost-u-svijetu\/#article","isPartOf":{"@id":"https:\/\/sandzakpress.net\/arhiva\/premijer-erdogan-%e2%80%93-vodeca-muslimanska-licnost-u-svijetu\/"},"author":{"name":"","@id":""},"headline":"Premijer Erdogan \u2013 vode\u0107a muslimanska li\u010dnost u svijetu","datePublished":"2012-12-28T21:29:41+00:00","mainEntityOfPage":{"@id":"https:\/\/sandzakpress.net\/arhiva\/premijer-erdogan-%e2%80%93-vodeca-muslimanska-licnost-u-svijetu\/"},"wordCount":581,"commentCount":0,"publisher":{"@id":"https:\/\/sandzakpress.net\/arhiva\/#\/schema\/person\/6e72b67d6e51910a1117b3b483ba20bd"},"image":{"@id":"https:\/\/sandzakpress.net\/arhiva\/premijer-erdogan-%e2%80%93-vodeca-muslimanska-licnost-u-svijetu\/#primaryimage"},"thumbnailUrl":"https:\/\/sandzakpress.net\/arhiva\/wp-content\/uploads\/2012\/12\/premijer-erdogan-\u2013-vodeca-muslimanska-licnost-u-svijetu_trt-bosanski-13013.jpg","articleSection":["Svijet","Turska"],"inLanguage":"bs-BA","potentialAction":[{"@type":"CommentAction","name":"Comment","target":["https:\/\/sandzakpress.net\/arhiva\/premijer-erdogan-%e2%80%93-vodeca-muslimanska-licnost-u-svijetu\/#respond"]}]},{"@type":"WebPage","@id":"https:\/\/sandzakpress.net\/arhiva\/premijer-erdogan-%e2%80%93-vodeca-muslimanska-licnost-u-svijetu\/","url":"https:\/\/sandzakpress.net\/arhiva\/premijer-erdogan-%e2%80%93-vodeca-muslimanska-licnost-u-svijetu\/","name":"Premijer Erdogan \u2013 vode\u0107a muslimanska li\u010dnost u svijetu","isPartOf":{"@id":"https:\/\/sandzakpress.net\/arhiva\/#website"},"primaryImageOfPage":{"@id":"https:\/\/sandzakpress.net\/arhiva\/premijer-erdogan-%e2%80%93-vodeca-muslimanska-licnost-u-svijetu\/#primaryimage"},"image":{"@id":"https:\/\/sandzakpress.net\/arhiva\/premijer-erdogan-%e2%80%93-vodeca-muslimanska-licnost-u-svijetu\/#primaryimage"},"thumbnailUrl":"https:\/\/sandzakpress.net\/arhiva\/wp-content\/uploads\/2012\/12\/premijer-erdogan-\u2013-vodeca-muslimanska-licnost-u-svijetu_trt-bosanski-13013.jpg","datePublished":"2012-12-28T21:29:41+00:00","breadcrumb":{"@id":"https:\/\/sandzakpress.net\/arhiva\/premijer-erdogan-%e2%80%93-vodeca-muslimanska-licnost-u-svijetu\/#breadcrumb"},"inLanguage":"bs-BA","potentialAction":[{"@type":"ReadAction","target":["https:\/\/sandzakpress.net\/arhiva\/premijer-erdogan-%e2%80%93-vodeca-muslimanska-licnost-u-svijetu\/"]}]},{"@type":"ImageObject","inLanguage":"bs-BA","@id":"https:\/\/sandzakpress.net\/arhiva\/premijer-erdogan-%e2%80%93-vodeca-muslimanska-licnost-u-svijetu\/#primaryimage","url":"https:\/\/sandzakpress.net\/arhiva\/wp-content\/uploads\/2012\/12\/premijer-erdogan-\u2013-vodeca-muslimanska-licnost-u-svijetu_trt-bosanski-13013.jpg","contentUrl":"https:\/\/sandzakpress.net\/arhiva\/wp-content\/uploads\/2012\/12\/premijer-erdogan-\u2013-vodeca-muslimanska-licnost-u-svijetu_trt-bosanski-13013.jpg","width":522,"height":363},{"@type":"BreadcrumbList","@id":"https:\/\/sandzakpress.net\/arhiva\/premijer-erdogan-%e2%80%93-vodeca-muslimanska-licnost-u-svijetu\/#breadcrumb","itemListElement":[{"@type":"ListItem","position":1,"name":"Home","item":"https:\/\/sandzakpress.net\/arhiva\/"},{"@type":"ListItem","position":2,"name":"Premijer Erdogan \u2013 vode\u0107a muslimanska li\u010dnost u svijetu"}]},{"@type":"WebSite","@id":"https:\/\/sandzakpress.net\/arhiva\/#website","url":"https:\/\/sandzakpress.net\/arhiva\/","name":"Sand\u017eak PRESS","description":"Prve elektronske novine u Sand\u017eaku","publisher":{"@id":"https:\/\/sandzakpress.net\/arhiva\/#\/schema\/person\/6e72b67d6e51910a1117b3b483ba20bd"},"potentialAction":[{"@type":"SearchAction","target":{"@type":"EntryPoint","urlTemplate":"https:\/\/sandzakpress.net\/arhiva\/?s={search_term_string}"},"query-input":{"@type":"PropertyValueSpecification","valueRequired":true,"valueName":"search_term_string"}}],"inLanguage":"bs-BA"},{"@type":["Person","Organization"],"@id":"https:\/\/sandzakpress.net\/arhiva\/#\/schema\/person\/6e72b67d6e51910a1117b3b483ba20bd","name":"Kul","image":{"@type":"ImageObject","inLanguage":"bs-BA","@id":"https:\/\/sandzakpress.net\/arhiva\/#\/schema\/person\/image\/","url":"https:\/\/secure.gravatar.com\/avatar\/42263f39aa27ac04c43cab85c280eb2e?s=96&d=mm&r=pg","contentUrl":"https:\/\/secure.gravatar.com\/avatar\/42263f39aa27ac04c43cab85c280eb2e?s=96&d=mm&r=pg","caption":"Kul"},"logo":{"@id":"https:\/\/sandzakpress.net\/arhiva\/#\/schema\/person\/image\/"}},{"@type":"Person","@id":"","url":"https:\/\/sandzakpress.net\/arhiva\/author\/"}]}},"_links":{"self":[{"href":"https:\/\/sandzakpress.net\/arhiva\/wp-json\/wp\/v2\/posts\/60170"}],"collection":[{"href":"https:\/\/sandzakpress.net\/arhiva\/wp-json\/wp\/v2\/posts"}],"about":[{"href":"https:\/\/sandzakpress.net\/arhiva\/wp-json\/wp\/v2\/types\/post"}],"author":[{"embeddable":true,"href":"https:\/\/sandzakpress.net\/arhiva\/wp-json\/wp\/v2\/users\/16"}],"replies":[{"embeddable":true,"href":"https:\/\/sandzakpress.net\/arhiva\/wp-json\/wp\/v2\/comments?post=60170"}],"version-history":[{"count":0,"href":"https:\/\/sandzakpress.net\/arhiva\/wp-json\/wp\/v2\/posts\/60170\/revisions"}],"wp:featuredmedia":[{"embeddable":true,"href":"https:\/\/sandzakpress.net\/arhiva\/wp-json\/wp\/v2\/media\/60171"}],"wp:attachment":[{"href":"https:\/\/sandzakpress.net\/arhiva\/wp-json\/wp\/v2\/media?parent=60170"}],"wp:term":[{"taxonomy":"category","embeddable":true,"href":"https:\/\/sandzakpress.net\/arhiva\/wp-json\/wp\/v2\/categories?post=60170"},{"taxonomy":"post_tag","embeddable":true,"href":"https:\/\/sandzakpress.net\/arhiva\/wp-json\/wp\/v2\/tags?post=60170"}],"curies":[{"name":"wp","href":"https:\/\/api.w.org\/{rel}","templated":true}]}}