{"id":6008,"date":"2010-07-05T19:58:32","date_gmt":"2010-07-05T19:58:32","guid":{"rendered":"https:\/\/sandzakpress.net\/arhiva\/?p=6008"},"modified":"2010-07-05T19:58:32","modified_gmt":"2010-07-05T19:58:32","slug":"mali-broj-ce-ove-godine-na-ljetovanje","status":"publish","type":"post","link":"https:\/\/sandzakpress.net\/arhiva\/mali-broj-ce-ove-godine-na-ljetovanje\/","title":{"rendered":"Mali broj \u0107e ove godine na ljetovanje"},"content":{"rendered":"<p><strong><a href=\"https:\/\/sandzakpress.net\/arhiva\/wp-content\/uploads\/2010\/07\/kraljicina-bar.jpg\"><img loading=\"lazy\" decoding=\"async\" class=\"alignleft size-medium wp-image-6009\" title=\"kraljicina bar\" src=\"https:\/\/sandzakpress.net\/arhiva\/wp-content\/uploads\/2010\/07\/kraljicina-bar-300x133.jpg\" alt=\"\" width=\"300\" height=\"133\" \/><\/a>Novi Pazar &#8211; Velika svjetska ekonomska kriza koja hara razvijenim zemljama sveta, nije zaobi\u0161la ni Srbiju, kao ni na\u0161 grad. Nizak \u017eivotni standard, velika nezaposlenost uslovila je stanovnike na\u0161eg grada da se odreknu odlaska na neku od primamljivih destinacija za ljetnji odmor.<\/strong><\/p>\n<p>Prema rije\u010dima zapo\u0161lenih u agenciji &#8220;Karavan&#8221;, oni su spremno do\u010dekali ljetnju sezonu sa bogatim ponudama koje su prihvatljive za sve slojeve dru\u0161tva. Destinacije koje najvi\u0161e privla\u010de na\u0161e sugra\u0111ane jesu crnogorsko primorje i turska obala, dok su \u0160panija, Egipat pa i Gr\u010dka mnogo manje interesantni.<\/p>\n<p>Iako su agencije zadovoljne kako ponudama tako i potra\u017enjom, prema rije\u010dima anketiranih Novopazaraca, za ve\u0107inu na\u0161ih sugra\u0111ana, ljetovanje sve vi\u0161e postaje luksuz i sve su rje\u0111i ku\u0107ni bud\u017eeti koji mogu finansirati ovakve vrste odmora.<\/p>\n<p>Izvor: <strong>Universa.tv<\/strong><\/p>\n","protected":false},"excerpt":{"rendered":"<p>Novi Pazar &#8211; Velika svjetska ekonomska kriza koja hara razvijenim zemljama sveta, nije zaobi\u0161la ni Srbiju, kao ni na\u0161 grad. Nizak \u017eivotni standard, velika nezaposlenost uslovila je stanovnike na\u0161eg grada da se odreknu odlaska na neku od primamljivih destinacija za ljetnji odmor. Prema rije\u010dima zapo\u0161lenih u agenciji &#8220;Karavan&#8221;, oni su spremno do\u010dekali ljetnju sezonu sa [&hellip;]<\/p>\n","protected":false},"author":83,"featured_media":6009,"comment_status":"open","ping_status":"open","sticky":false,"template":"","format":"standard","meta":{"footnotes":""},"categories":[72,5],"tags":[],"class_list":{"0":"post-6008","1":"post","2":"type-post","3":"status-publish","4":"format-standard","5":"has-post-thumbnail","7":"category-novi-pazar","8":"category-drustvo"},"yoast_head":"<!-- This site is optimized with the Yoast SEO Premium plugin v23.1 (Yoast SEO v24.9) - https:\/\/yoast.com\/wordpress\/plugins\/seo\/ -->\n<title>Mali broj \u0107e ove godine na ljetovanje<\/title>\n<meta name=\"robots\" content=\"index, follow, max-snippet:-1, max-image-preview:large, max-video-preview:-1\" \/>\n<link rel=\"canonical\" href=\"https:\/\/sandzakpress.net\/arhiva\/mali-broj-ce-ove-godine-na-ljetovanje\/\" \/>\n<meta property=\"og:locale\" content=\"bs_BA\" \/>\n<meta property=\"og:type\" content=\"article\" \/>\n<meta property=\"og:title\" content=\"Mali broj \u0107e ove godine na ljetovanje\" \/>\n<meta property=\"og:description\" content=\"Novi Pazar &#8211; Velika svjetska ekonomska kriza koja hara razvijenim zemljama sveta, nije zaobi\u0161la ni Srbiju, kao ni na\u0161 grad. Nizak \u017eivotni standard, velika nezaposlenost uslovila je stanovnike na\u0161eg grada da se odreknu odlaska na neku od primamljivih destinacija za ljetnji odmor. Prema rije\u010dima zapo\u0161lenih u agenciji &#8220;Karavan&#8221;, oni su spremno do\u010dekali ljetnju sezonu sa [&hellip;]\" \/>\n<meta property=\"og:url\" content=\"https:\/\/sandzakpress.net\/arhiva\/mali-broj-ce-ove-godine-na-ljetovanje\/\" \/>\n<meta property=\"og:site_name\" content=\"Sand\u017eak PRESS\" \/>\n<meta property=\"article:published_time\" content=\"2010-07-05T19:58:32+00:00\" \/>\n<meta property=\"og:image\" content=\"https:\/\/sandzakpress.net\/arhiva\/wp-content\/uploads\/2010\/07\/kraljicina-bar.jpg\" \/>\n\t<meta property=\"og:image:width\" content=\"495\" \/>\n\t<meta property=\"og:image:height\" content=\"220\" \/>\n\t<meta property=\"og:image:type\" content=\"image\/jpeg\" \/>\n<meta name=\"author\" content=\"bosniak\" \/>\n<meta name=\"twitter:card\" content=\"summary_large_image\" \/>\n<meta name=\"twitter:label1\" content=\"Written by\" \/>\n\t<meta name=\"twitter:data1\" content=\"bosniak\" \/>\n\t<meta name=\"twitter:label2\" content=\"Est. reading time\" \/>\n\t<meta name=\"twitter:data2\" content=\"1 minuta\" \/>\n<script type=\"application\/ld+json\" class=\"yoast-schema-graph\">{\"@context\":\"https:\/\/schema.org\",\"@graph\":[{\"@type\":\"Article\",\"@id\":\"https:\/\/sandzakpress.net\/arhiva\/mali-broj-ce-ove-godine-na-ljetovanje\/#article\",\"isPartOf\":{\"@id\":\"https:\/\/sandzakpress.net\/arhiva\/mali-broj-ce-ove-godine-na-ljetovanje\/\"},\"author\":{\"name\":\"bosniak\",\"@id\":\"https:\/\/sandzakpress.net\/arhiva\/#\/schema\/person\/c8baee722073534b583ea7bdb2e36c02\"},\"headline\":\"Mali broj \u0107e ove godine na ljetovanje\",\"datePublished\":\"2010-07-05T19:58:32+00:00\",\"mainEntityOfPage\":{\"@id\":\"https:\/\/sandzakpress.net\/arhiva\/mali-broj-ce-ove-godine-na-ljetovanje\/\"},\"wordCount\":150,\"commentCount\":0,\"publisher\":{\"@id\":\"https:\/\/sandzakpress.net\/arhiva\/#\/schema\/person\/6e72b67d6e51910a1117b3b483ba20bd\"},\"image\":{\"@id\":\"https:\/\/sandzakpress.net\/arhiva\/mali-broj-ce-ove-godine-na-ljetovanje\/#primaryimage\"},\"thumbnailUrl\":\"https:\/\/sandzakpress.net\/arhiva\/wp-content\/uploads\/2010\/07\/kraljicina-bar.jpg\",\"articleSection\":[\"Novi Pazar\",\"Dru\u0161tvo\"],\"inLanguage\":\"bs-BA\",\"potentialAction\":[{\"@type\":\"CommentAction\",\"name\":\"Comment\",\"target\":[\"https:\/\/sandzakpress.net\/arhiva\/mali-broj-ce-ove-godine-na-ljetovanje\/#respond\"]}]},{\"@type\":\"WebPage\",\"@id\":\"https:\/\/sandzakpress.net\/arhiva\/mali-broj-ce-ove-godine-na-ljetovanje\/\",\"url\":\"https:\/\/sandzakpress.net\/arhiva\/mali-broj-ce-ove-godine-na-ljetovanje\/\",\"name\":\"Mali broj \u0107e ove godine na ljetovanje\",\"isPartOf\":{\"@id\":\"https:\/\/sandzakpress.net\/arhiva\/#website\"},\"primaryImageOfPage\":{\"@id\":\"https:\/\/sandzakpress.net\/arhiva\/mali-broj-ce-ove-godine-na-ljetovanje\/#primaryimage\"},\"image\":{\"@id\":\"https:\/\/sandzakpress.net\/arhiva\/mali-broj-ce-ove-godine-na-ljetovanje\/#primaryimage\"},\"thumbnailUrl\":\"https:\/\/sandzakpress.net\/arhiva\/wp-content\/uploads\/2010\/07\/kraljicina-bar.jpg\",\"datePublished\":\"2010-07-05T19:58:32+00:00\",\"breadcrumb\":{\"@id\":\"https:\/\/sandzakpress.net\/arhiva\/mali-broj-ce-ove-godine-na-ljetovanje\/#breadcrumb\"},\"inLanguage\":\"bs-BA\",\"potentialAction\":[{\"@type\":\"ReadAction\",\"target\":[\"https:\/\/sandzakpress.net\/arhiva\/mali-broj-ce-ove-godine-na-ljetovanje\/\"]}]},{\"@type\":\"ImageObject\",\"inLanguage\":\"bs-BA\",\"@id\":\"https:\/\/sandzakpress.net\/arhiva\/mali-broj-ce-ove-godine-na-ljetovanje\/#primaryimage\",\"url\":\"https:\/\/sandzakpress.net\/arhiva\/wp-content\/uploads\/2010\/07\/kraljicina-bar.jpg\",\"contentUrl\":\"https:\/\/sandzakpress.net\/arhiva\/wp-content\/uploads\/2010\/07\/kraljicina-bar.jpg\",\"width\":495,\"height\":220},{\"@type\":\"BreadcrumbList\",\"@id\":\"https:\/\/sandzakpress.net\/arhiva\/mali-broj-ce-ove-godine-na-ljetovanje\/#breadcrumb\",\"itemListElement\":[{\"@type\":\"ListItem\",\"position\":1,\"name\":\"Home\",\"item\":\"https:\/\/sandzakpress.net\/arhiva\/\"},{\"@type\":\"ListItem\",\"position\":2,\"name\":\"Mali broj \u0107e ove godine na ljetovanje\"}]},{\"@type\":\"WebSite\",\"@id\":\"https:\/\/sandzakpress.net\/arhiva\/#website\",\"url\":\"https:\/\/sandzakpress.net\/arhiva\/\",\"name\":\"Sand\u017eak PRESS\",\"description\":\"Prve elektronske novine u Sand\u017eaku\",\"publisher\":{\"@id\":\"https:\/\/sandzakpress.net\/arhiva\/#\/schema\/person\/6e72b67d6e51910a1117b3b483ba20bd\"},\"potentialAction\":[{\"@type\":\"SearchAction\",\"target\":{\"@type\":\"EntryPoint\",\"urlTemplate\":\"https:\/\/sandzakpress.net\/arhiva\/?s={search_term_string}\"},\"query-input\":{\"@type\":\"PropertyValueSpecification\",\"valueRequired\":true,\"valueName\":\"search_term_string\"}}],\"inLanguage\":\"bs-BA\"},{\"@type\":[\"Person\",\"Organization\"],\"@id\":\"https:\/\/sandzakpress.net\/arhiva\/#\/schema\/person\/6e72b67d6e51910a1117b3b483ba20bd\",\"name\":\"Kul\",\"image\":{\"@type\":\"ImageObject\",\"inLanguage\":\"bs-BA\",\"@id\":\"https:\/\/sandzakpress.net\/arhiva\/#\/schema\/person\/image\/\",\"url\":\"https:\/\/secure.gravatar.com\/avatar\/42263f39aa27ac04c43cab85c280eb2e?s=96&d=mm&r=pg\",\"contentUrl\":\"https:\/\/secure.gravatar.com\/avatar\/42263f39aa27ac04c43cab85c280eb2e?s=96&d=mm&r=pg\",\"caption\":\"Kul\"},\"logo\":{\"@id\":\"https:\/\/sandzakpress.net\/arhiva\/#\/schema\/person\/image\/\"}},{\"@type\":\"Person\",\"@id\":\"https:\/\/sandzakpress.net\/arhiva\/#\/schema\/person\/c8baee722073534b583ea7bdb2e36c02\",\"name\":\"bosniak\",\"image\":{\"@type\":\"ImageObject\",\"inLanguage\":\"bs-BA\",\"@id\":\"https:\/\/sandzakpress.net\/arhiva\/#\/schema\/person\/image\/\",\"url\":\"https:\/\/secure.gravatar.com\/avatar\/a04fd330bfe3a36a72a0ad4a6d89fca7?s=96&d=mm&r=pg\",\"contentUrl\":\"https:\/\/secure.gravatar.com\/avatar\/a04fd330bfe3a36a72a0ad4a6d89fca7?s=96&d=mm&r=pg\",\"caption\":\"bosniak\"},\"url\":\"https:\/\/sandzakpress.net\/arhiva\/author\/bosniak\/\"}]}<\/script>\n<!-- \/ Yoast SEO Premium plugin. -->","yoast_head_json":{"title":"Mali broj \u0107e ove godine na ljetovanje","robots":{"index":"index","follow":"follow","max-snippet":"max-snippet:-1","max-image-preview":"max-image-preview:large","max-video-preview":"max-video-preview:-1"},"canonical":"https:\/\/sandzakpress.net\/arhiva\/mali-broj-ce-ove-godine-na-ljetovanje\/","og_locale":"bs_BA","og_type":"article","og_title":"Mali broj \u0107e ove godine na ljetovanje","og_description":"Novi Pazar &#8211; Velika svjetska ekonomska kriza koja hara razvijenim zemljama sveta, nije zaobi\u0161la ni Srbiju, kao ni na\u0161 grad. Nizak \u017eivotni standard, velika nezaposlenost uslovila je stanovnike na\u0161eg grada da se odreknu odlaska na neku od primamljivih destinacija za ljetnji odmor. Prema rije\u010dima zapo\u0161lenih u agenciji &#8220;Karavan&#8221;, oni su spremno do\u010dekali ljetnju sezonu sa [&hellip;]","og_url":"https:\/\/sandzakpress.net\/arhiva\/mali-broj-ce-ove-godine-na-ljetovanje\/","og_site_name":"Sand\u017eak PRESS","article_published_time":"2010-07-05T19:58:32+00:00","og_image":[{"width":495,"height":220,"url":"https:\/\/sandzakpress.net\/arhiva\/wp-content\/uploads\/2010\/07\/kraljicina-bar.jpg","type":"image\/jpeg"}],"author":"bosniak","twitter_card":"summary_large_image","twitter_misc":{"Written by":"bosniak","Est. reading time":"1 minuta"},"schema":{"@context":"https:\/\/schema.org","@graph":[{"@type":"Article","@id":"https:\/\/sandzakpress.net\/arhiva\/mali-broj-ce-ove-godine-na-ljetovanje\/#article","isPartOf":{"@id":"https:\/\/sandzakpress.net\/arhiva\/mali-broj-ce-ove-godine-na-ljetovanje\/"},"author":{"name":"bosniak","@id":"https:\/\/sandzakpress.net\/arhiva\/#\/schema\/person\/c8baee722073534b583ea7bdb2e36c02"},"headline":"Mali broj \u0107e ove godine na ljetovanje","datePublished":"2010-07-05T19:58:32+00:00","mainEntityOfPage":{"@id":"https:\/\/sandzakpress.net\/arhiva\/mali-broj-ce-ove-godine-na-ljetovanje\/"},"wordCount":150,"commentCount":0,"publisher":{"@id":"https:\/\/sandzakpress.net\/arhiva\/#\/schema\/person\/6e72b67d6e51910a1117b3b483ba20bd"},"image":{"@id":"https:\/\/sandzakpress.net\/arhiva\/mali-broj-ce-ove-godine-na-ljetovanje\/#primaryimage"},"thumbnailUrl":"https:\/\/sandzakpress.net\/arhiva\/wp-content\/uploads\/2010\/07\/kraljicina-bar.jpg","articleSection":["Novi Pazar","Dru\u0161tvo"],"inLanguage":"bs-BA","potentialAction":[{"@type":"CommentAction","name":"Comment","target":["https:\/\/sandzakpress.net\/arhiva\/mali-broj-ce-ove-godine-na-ljetovanje\/#respond"]}]},{"@type":"WebPage","@id":"https:\/\/sandzakpress.net\/arhiva\/mali-broj-ce-ove-godine-na-ljetovanje\/","url":"https:\/\/sandzakpress.net\/arhiva\/mali-broj-ce-ove-godine-na-ljetovanje\/","name":"Mali broj \u0107e ove godine na ljetovanje","isPartOf":{"@id":"https:\/\/sandzakpress.net\/arhiva\/#website"},"primaryImageOfPage":{"@id":"https:\/\/sandzakpress.net\/arhiva\/mali-broj-ce-ove-godine-na-ljetovanje\/#primaryimage"},"image":{"@id":"https:\/\/sandzakpress.net\/arhiva\/mali-broj-ce-ove-godine-na-ljetovanje\/#primaryimage"},"thumbnailUrl":"https:\/\/sandzakpress.net\/arhiva\/wp-content\/uploads\/2010\/07\/kraljicina-bar.jpg","datePublished":"2010-07-05T19:58:32+00:00","breadcrumb":{"@id":"https:\/\/sandzakpress.net\/arhiva\/mali-broj-ce-ove-godine-na-ljetovanje\/#breadcrumb"},"inLanguage":"bs-BA","potentialAction":[{"@type":"ReadAction","target":["https:\/\/sandzakpress.net\/arhiva\/mali-broj-ce-ove-godine-na-ljetovanje\/"]}]},{"@type":"ImageObject","inLanguage":"bs-BA","@id":"https:\/\/sandzakpress.net\/arhiva\/mali-broj-ce-ove-godine-na-ljetovanje\/#primaryimage","url":"https:\/\/sandzakpress.net\/arhiva\/wp-content\/uploads\/2010\/07\/kraljicina-bar.jpg","contentUrl":"https:\/\/sandzakpress.net\/arhiva\/wp-content\/uploads\/2010\/07\/kraljicina-bar.jpg","width":495,"height":220},{"@type":"BreadcrumbList","@id":"https:\/\/sandzakpress.net\/arhiva\/mali-broj-ce-ove-godine-na-ljetovanje\/#breadcrumb","itemListElement":[{"@type":"ListItem","position":1,"name":"Home","item":"https:\/\/sandzakpress.net\/arhiva\/"},{"@type":"ListItem","position":2,"name":"Mali broj \u0107e ove godine na ljetovanje"}]},{"@type":"WebSite","@id":"https:\/\/sandzakpress.net\/arhiva\/#website","url":"https:\/\/sandzakpress.net\/arhiva\/","name":"Sand\u017eak PRESS","description":"Prve elektronske novine u Sand\u017eaku","publisher":{"@id":"https:\/\/sandzakpress.net\/arhiva\/#\/schema\/person\/6e72b67d6e51910a1117b3b483ba20bd"},"potentialAction":[{"@type":"SearchAction","target":{"@type":"EntryPoint","urlTemplate":"https:\/\/sandzakpress.net\/arhiva\/?s={search_term_string}"},"query-input":{"@type":"PropertyValueSpecification","valueRequired":true,"valueName":"search_term_string"}}],"inLanguage":"bs-BA"},{"@type":["Person","Organization"],"@id":"https:\/\/sandzakpress.net\/arhiva\/#\/schema\/person\/6e72b67d6e51910a1117b3b483ba20bd","name":"Kul","image":{"@type":"ImageObject","inLanguage":"bs-BA","@id":"https:\/\/sandzakpress.net\/arhiva\/#\/schema\/person\/image\/","url":"https:\/\/secure.gravatar.com\/avatar\/42263f39aa27ac04c43cab85c280eb2e?s=96&d=mm&r=pg","contentUrl":"https:\/\/secure.gravatar.com\/avatar\/42263f39aa27ac04c43cab85c280eb2e?s=96&d=mm&r=pg","caption":"Kul"},"logo":{"@id":"https:\/\/sandzakpress.net\/arhiva\/#\/schema\/person\/image\/"}},{"@type":"Person","@id":"https:\/\/sandzakpress.net\/arhiva\/#\/schema\/person\/c8baee722073534b583ea7bdb2e36c02","name":"bosniak","image":{"@type":"ImageObject","inLanguage":"bs-BA","@id":"https:\/\/sandzakpress.net\/arhiva\/#\/schema\/person\/image\/","url":"https:\/\/secure.gravatar.com\/avatar\/a04fd330bfe3a36a72a0ad4a6d89fca7?s=96&d=mm&r=pg","contentUrl":"https:\/\/secure.gravatar.com\/avatar\/a04fd330bfe3a36a72a0ad4a6d89fca7?s=96&d=mm&r=pg","caption":"bosniak"},"url":"https:\/\/sandzakpress.net\/arhiva\/author\/bosniak\/"}]}},"_links":{"self":[{"href":"https:\/\/sandzakpress.net\/arhiva\/wp-json\/wp\/v2\/posts\/6008"}],"collection":[{"href":"https:\/\/sandzakpress.net\/arhiva\/wp-json\/wp\/v2\/posts"}],"about":[{"href":"https:\/\/sandzakpress.net\/arhiva\/wp-json\/wp\/v2\/types\/post"}],"author":[{"embeddable":true,"href":"https:\/\/sandzakpress.net\/arhiva\/wp-json\/wp\/v2\/users\/83"}],"replies":[{"embeddable":true,"href":"https:\/\/sandzakpress.net\/arhiva\/wp-json\/wp\/v2\/comments?post=6008"}],"version-history":[{"count":0,"href":"https:\/\/sandzakpress.net\/arhiva\/wp-json\/wp\/v2\/posts\/6008\/revisions"}],"wp:featuredmedia":[{"embeddable":true,"href":"https:\/\/sandzakpress.net\/arhiva\/wp-json\/wp\/v2\/media\/6009"}],"wp:attachment":[{"href":"https:\/\/sandzakpress.net\/arhiva\/wp-json\/wp\/v2\/media?parent=6008"}],"wp:term":[{"taxonomy":"category","embeddable":true,"href":"https:\/\/sandzakpress.net\/arhiva\/wp-json\/wp\/v2\/categories?post=6008"},{"taxonomy":"post_tag","embeddable":true,"href":"https:\/\/sandzakpress.net\/arhiva\/wp-json\/wp\/v2\/tags?post=6008"}],"curies":[{"name":"wp","href":"https:\/\/api.w.org\/{rel}","templated":true}]}}