{"id":59928,"date":"2012-12-27T20:12:41","date_gmt":"2012-12-27T19:12:41","guid":{"rendered":"https:\/\/sandzakpress.net\/arhiva\/?p=59928"},"modified":"2012-12-27T20:13:11","modified_gmt":"2012-12-27T19:13:11","slug":"bilt-nikolic-je-prvo-trebalo-da-poseti-sarajevo","status":"publish","type":"post","link":"https:\/\/sandzakpress.net\/arhiva\/bilt-nikolic-je-prvo-trebalo-da-poseti-sarajevo\/","title":{"rendered":"Bilt: Nikoli\u0107 je prvo trebalo da poseti Sarajevo"},"content":{"rendered":"<p><a href=\"https:\/\/sandzakpress.net\/arhiva\/wp-content\/uploads\/2012\/12\/232353_karl-bilt-wiki_f.jpg\"><img loading=\"lazy\" decoding=\"async\" class=\"alignleft size-medium wp-image-59929\" title=\"232353_karl-bilt-wiki_f\" src=\"https:\/\/sandzakpress.net\/arhiva\/wp-content\/uploads\/2012\/12\/232353_karl-bilt-wiki_f-300x172.jpg\" alt=\"\" width=\"300\" height=\"172\" \/><\/a><strong>BIH &#8211; \u0160vedska &#8211; Ministar spoljnih poslova \u0160vedske Karl Bilt ocijenio je danas da bi bilo primerenije da je predsjednik Srbije Tomislav Nikoli\u0107 svoju prvu posjetu Bosni i Hercegovini &#8220;otpo\u010deo posjetom Sarajevom, a onda naravno i posjetio Banjaluku&#8221;.<\/strong><\/p>\n<p>&#8220;Bilo bi primerenije da je srpski predsjednik Nikoli\u0107 posjetom Sarajevu zapo\u010deo svoju prvu posjetu Bosni. Onda, naravno i Banjaluka&#8221;, napisao je Bilt na svom nalogu na Tviteru.<\/p>\n<p>U Banjaluci je ju\u010de odr\u017eana sjednica Saveta za saradnju Srbije i Republike Srpske, kojoj je osim predsjednika Nikoli\u0107a prisustvovao i predsjednik RS Milorad Dodik, kao i premijeri Srbije i RS, Ivica Da\u010di\u0107 i Aleksandar D\u017eombi\u0107.<br \/>\nNikoli\u0107 je tom prilikom izjavio da je spreman za saradnju sa vlastima u Sarajevu i politi\u010dkim predstavnicima Bo\u0161njaka, ali da je za to potrebna obostrana volja.<\/p>\n<p>(tanjug)<\/p>\n","protected":false},"excerpt":{"rendered":"<p>BIH &#8211; \u0160vedska &#8211; Ministar spoljnih poslova \u0160vedske Karl Bilt ocijenio je danas da bi bilo primerenije da je predsjednik Srbije Tomislav Nikoli\u0107 svoju prvu posjetu Bosni i Hercegovini &#8220;otpo\u010deo posjetom Sarajevom, a onda naravno i posjetio Banjaluku&#8221;. &#8220;Bilo bi primerenije da je srpski predsjednik Nikoli\u0107 posjetom Sarajevu zapo\u010deo svoju prvu posjetu Bosni. Onda, naravno [&hellip;]<\/p>\n","protected":false},"author":33,"featured_media":59929,"comment_status":"open","ping_status":"open","sticky":false,"template":"","format":"standard","meta":{"footnotes":""},"categories":[2860,1,9543],"tags":[],"class_list":{"0":"post-59928","1":"post","2":"type-post","3":"status-publish","4":"format-standard","5":"has-post-thumbnail","7":"category-bosna-i-hercegovina-gradovi","8":"category-politika","9":"category-svedska-dijaspora-gradovi-vase-vijesti"},"yoast_head":"<!-- This site is optimized with the Yoast SEO Premium plugin v23.1 (Yoast SEO v24.9) - https:\/\/yoast.com\/wordpress\/plugins\/seo\/ -->\n<title>Bilt: Nikoli\u0107 je prvo trebalo da poseti Sarajevo<\/title>\n<meta name=\"robots\" content=\"index, follow, max-snippet:-1, max-image-preview:large, max-video-preview:-1\" \/>\n<link rel=\"canonical\" href=\"https:\/\/sandzakpress.net\/arhiva\/bilt-nikolic-je-prvo-trebalo-da-poseti-sarajevo\/\" \/>\n<meta property=\"og:locale\" content=\"bs_BA\" \/>\n<meta property=\"og:type\" content=\"article\" \/>\n<meta property=\"og:title\" content=\"Bilt: Nikoli\u0107 je prvo trebalo da poseti Sarajevo\" \/>\n<meta property=\"og:description\" content=\"BIH &#8211; \u0160vedska &#8211; Ministar spoljnih poslova \u0160vedske Karl Bilt ocijenio je danas da bi bilo primerenije da je predsjednik Srbije Tomislav Nikoli\u0107 svoju prvu posjetu Bosni i Hercegovini &#8220;otpo\u010deo posjetom Sarajevom, a onda naravno i posjetio Banjaluku&#8221;. &#8220;Bilo bi primerenije da je srpski predsjednik Nikoli\u0107 posjetom Sarajevu zapo\u010deo svoju prvu posjetu Bosni. Onda, naravno [&hellip;]\" \/>\n<meta property=\"og:url\" content=\"https:\/\/sandzakpress.net\/arhiva\/bilt-nikolic-je-prvo-trebalo-da-poseti-sarajevo\/\" \/>\n<meta property=\"og:site_name\" content=\"Sand\u017eak PRESS\" \/>\n<meta property=\"article:published_time\" content=\"2012-12-27T19:12:41+00:00\" \/>\n<meta property=\"article:modified_time\" content=\"2012-12-27T19:13:11+00:00\" \/>\n<meta property=\"og:image\" content=\"https:\/\/sandzakpress.net\/arhiva\/wp-content\/uploads\/2012\/12\/232353_karl-bilt-wiki_f.jpg\" \/>\n\t<meta property=\"og:image:width\" content=\"470\" \/>\n\t<meta property=\"og:image:height\" content=\"270\" \/>\n\t<meta property=\"og:image:type\" content=\"image\/jpeg\" \/>\n<meta name=\"twitter:card\" content=\"summary_large_image\" \/>\n<meta name=\"twitter:label1\" content=\"Written by\" \/>\n\t<meta name=\"twitter:data1\" content=\"\" \/>\n\t<meta name=\"twitter:label2\" content=\"Est. reading time\" \/>\n\t<meta name=\"twitter:data2\" content=\"1 minuta\" \/>\n<script type=\"application\/ld+json\" class=\"yoast-schema-graph\">{\"@context\":\"https:\/\/schema.org\",\"@graph\":[{\"@type\":\"Article\",\"@id\":\"https:\/\/sandzakpress.net\/arhiva\/bilt-nikolic-je-prvo-trebalo-da-poseti-sarajevo\/#article\",\"isPartOf\":{\"@id\":\"https:\/\/sandzakpress.net\/arhiva\/bilt-nikolic-je-prvo-trebalo-da-poseti-sarajevo\/\"},\"author\":{\"name\":\"\",\"@id\":\"\"},\"headline\":\"Bilt: Nikoli\u0107 je prvo trebalo da poseti Sarajevo\",\"datePublished\":\"2012-12-27T19:12:41+00:00\",\"dateModified\":\"2012-12-27T19:13:11+00:00\",\"mainEntityOfPage\":{\"@id\":\"https:\/\/sandzakpress.net\/arhiva\/bilt-nikolic-je-prvo-trebalo-da-poseti-sarajevo\/\"},\"wordCount\":144,\"commentCount\":0,\"publisher\":{\"@id\":\"https:\/\/sandzakpress.net\/arhiva\/#\/schema\/person\/6e72b67d6e51910a1117b3b483ba20bd\"},\"image\":{\"@id\":\"https:\/\/sandzakpress.net\/arhiva\/bilt-nikolic-je-prvo-trebalo-da-poseti-sarajevo\/#primaryimage\"},\"thumbnailUrl\":\"https:\/\/sandzakpress.net\/arhiva\/wp-content\/uploads\/2012\/12\/232353_karl-bilt-wiki_f.jpg\",\"articleSection\":[\"Bosna i Hercegovina\",\"Politika\",\"\u0160vedska\"],\"inLanguage\":\"bs-BA\",\"potentialAction\":[{\"@type\":\"CommentAction\",\"name\":\"Comment\",\"target\":[\"https:\/\/sandzakpress.net\/arhiva\/bilt-nikolic-je-prvo-trebalo-da-poseti-sarajevo\/#respond\"]}]},{\"@type\":\"WebPage\",\"@id\":\"https:\/\/sandzakpress.net\/arhiva\/bilt-nikolic-je-prvo-trebalo-da-poseti-sarajevo\/\",\"url\":\"https:\/\/sandzakpress.net\/arhiva\/bilt-nikolic-je-prvo-trebalo-da-poseti-sarajevo\/\",\"name\":\"Bilt: Nikoli\u0107 je prvo trebalo da poseti Sarajevo\",\"isPartOf\":{\"@id\":\"https:\/\/sandzakpress.net\/arhiva\/#website\"},\"primaryImageOfPage\":{\"@id\":\"https:\/\/sandzakpress.net\/arhiva\/bilt-nikolic-je-prvo-trebalo-da-poseti-sarajevo\/#primaryimage\"},\"image\":{\"@id\":\"https:\/\/sandzakpress.net\/arhiva\/bilt-nikolic-je-prvo-trebalo-da-poseti-sarajevo\/#primaryimage\"},\"thumbnailUrl\":\"https:\/\/sandzakpress.net\/arhiva\/wp-content\/uploads\/2012\/12\/232353_karl-bilt-wiki_f.jpg\",\"datePublished\":\"2012-12-27T19:12:41+00:00\",\"dateModified\":\"2012-12-27T19:13:11+00:00\",\"breadcrumb\":{\"@id\":\"https:\/\/sandzakpress.net\/arhiva\/bilt-nikolic-je-prvo-trebalo-da-poseti-sarajevo\/#breadcrumb\"},\"inLanguage\":\"bs-BA\",\"potentialAction\":[{\"@type\":\"ReadAction\",\"target\":[\"https:\/\/sandzakpress.net\/arhiva\/bilt-nikolic-je-prvo-trebalo-da-poseti-sarajevo\/\"]}]},{\"@type\":\"ImageObject\",\"inLanguage\":\"bs-BA\",\"@id\":\"https:\/\/sandzakpress.net\/arhiva\/bilt-nikolic-je-prvo-trebalo-da-poseti-sarajevo\/#primaryimage\",\"url\":\"https:\/\/sandzakpress.net\/arhiva\/wp-content\/uploads\/2012\/12\/232353_karl-bilt-wiki_f.jpg\",\"contentUrl\":\"https:\/\/sandzakpress.net\/arhiva\/wp-content\/uploads\/2012\/12\/232353_karl-bilt-wiki_f.jpg\",\"width\":470,\"height\":270},{\"@type\":\"BreadcrumbList\",\"@id\":\"https:\/\/sandzakpress.net\/arhiva\/bilt-nikolic-je-prvo-trebalo-da-poseti-sarajevo\/#breadcrumb\",\"itemListElement\":[{\"@type\":\"ListItem\",\"position\":1,\"name\":\"Home\",\"item\":\"https:\/\/sandzakpress.net\/arhiva\/\"},{\"@type\":\"ListItem\",\"position\":2,\"name\":\"Bilt: Nikoli\u0107 je prvo trebalo da poseti Sarajevo\"}]},{\"@type\":\"WebSite\",\"@id\":\"https:\/\/sandzakpress.net\/arhiva\/#website\",\"url\":\"https:\/\/sandzakpress.net\/arhiva\/\",\"name\":\"Sand\u017eak PRESS\",\"description\":\"Prve elektronske novine u Sand\u017eaku\",\"publisher\":{\"@id\":\"https:\/\/sandzakpress.net\/arhiva\/#\/schema\/person\/6e72b67d6e51910a1117b3b483ba20bd\"},\"potentialAction\":[{\"@type\":\"SearchAction\",\"target\":{\"@type\":\"EntryPoint\",\"urlTemplate\":\"https:\/\/sandzakpress.net\/arhiva\/?s={search_term_string}\"},\"query-input\":{\"@type\":\"PropertyValueSpecification\",\"valueRequired\":true,\"valueName\":\"search_term_string\"}}],\"inLanguage\":\"bs-BA\"},{\"@type\":[\"Person\",\"Organization\"],\"@id\":\"https:\/\/sandzakpress.net\/arhiva\/#\/schema\/person\/6e72b67d6e51910a1117b3b483ba20bd\",\"name\":\"Kul\",\"image\":{\"@type\":\"ImageObject\",\"inLanguage\":\"bs-BA\",\"@id\":\"https:\/\/sandzakpress.net\/arhiva\/#\/schema\/person\/image\/\",\"url\":\"https:\/\/secure.gravatar.com\/avatar\/42263f39aa27ac04c43cab85c280eb2e?s=96&d=mm&r=pg\",\"contentUrl\":\"https:\/\/secure.gravatar.com\/avatar\/42263f39aa27ac04c43cab85c280eb2e?s=96&d=mm&r=pg\",\"caption\":\"Kul\"},\"logo\":{\"@id\":\"https:\/\/sandzakpress.net\/arhiva\/#\/schema\/person\/image\/\"}},{\"@type\":\"Person\",\"@id\":\"\",\"url\":\"https:\/\/sandzakpress.net\/arhiva\/author\/\"}]}<\/script>\n<!-- \/ Yoast SEO Premium plugin. -->","yoast_head_json":{"title":"Bilt: Nikoli\u0107 je prvo trebalo da poseti Sarajevo","robots":{"index":"index","follow":"follow","max-snippet":"max-snippet:-1","max-image-preview":"max-image-preview:large","max-video-preview":"max-video-preview:-1"},"canonical":"https:\/\/sandzakpress.net\/arhiva\/bilt-nikolic-je-prvo-trebalo-da-poseti-sarajevo\/","og_locale":"bs_BA","og_type":"article","og_title":"Bilt: Nikoli\u0107 je prvo trebalo da poseti Sarajevo","og_description":"BIH &#8211; \u0160vedska &#8211; Ministar spoljnih poslova \u0160vedske Karl Bilt ocijenio je danas da bi bilo primerenije da je predsjednik Srbije Tomislav Nikoli\u0107 svoju prvu posjetu Bosni i Hercegovini &#8220;otpo\u010deo posjetom Sarajevom, a onda naravno i posjetio Banjaluku&#8221;. &#8220;Bilo bi primerenije da je srpski predsjednik Nikoli\u0107 posjetom Sarajevu zapo\u010deo svoju prvu posjetu Bosni. Onda, naravno [&hellip;]","og_url":"https:\/\/sandzakpress.net\/arhiva\/bilt-nikolic-je-prvo-trebalo-da-poseti-sarajevo\/","og_site_name":"Sand\u017eak PRESS","article_published_time":"2012-12-27T19:12:41+00:00","article_modified_time":"2012-12-27T19:13:11+00:00","og_image":[{"width":470,"height":270,"url":"https:\/\/sandzakpress.net\/arhiva\/wp-content\/uploads\/2012\/12\/232353_karl-bilt-wiki_f.jpg","type":"image\/jpeg"}],"twitter_card":"summary_large_image","twitter_misc":{"Written by":"","Est. reading time":"1 minuta"},"schema":{"@context":"https:\/\/schema.org","@graph":[{"@type":"Article","@id":"https:\/\/sandzakpress.net\/arhiva\/bilt-nikolic-je-prvo-trebalo-da-poseti-sarajevo\/#article","isPartOf":{"@id":"https:\/\/sandzakpress.net\/arhiva\/bilt-nikolic-je-prvo-trebalo-da-poseti-sarajevo\/"},"author":{"name":"","@id":""},"headline":"Bilt: Nikoli\u0107 je prvo trebalo da poseti Sarajevo","datePublished":"2012-12-27T19:12:41+00:00","dateModified":"2012-12-27T19:13:11+00:00","mainEntityOfPage":{"@id":"https:\/\/sandzakpress.net\/arhiva\/bilt-nikolic-je-prvo-trebalo-da-poseti-sarajevo\/"},"wordCount":144,"commentCount":0,"publisher":{"@id":"https:\/\/sandzakpress.net\/arhiva\/#\/schema\/person\/6e72b67d6e51910a1117b3b483ba20bd"},"image":{"@id":"https:\/\/sandzakpress.net\/arhiva\/bilt-nikolic-je-prvo-trebalo-da-poseti-sarajevo\/#primaryimage"},"thumbnailUrl":"https:\/\/sandzakpress.net\/arhiva\/wp-content\/uploads\/2012\/12\/232353_karl-bilt-wiki_f.jpg","articleSection":["Bosna i Hercegovina","Politika","\u0160vedska"],"inLanguage":"bs-BA","potentialAction":[{"@type":"CommentAction","name":"Comment","target":["https:\/\/sandzakpress.net\/arhiva\/bilt-nikolic-je-prvo-trebalo-da-poseti-sarajevo\/#respond"]}]},{"@type":"WebPage","@id":"https:\/\/sandzakpress.net\/arhiva\/bilt-nikolic-je-prvo-trebalo-da-poseti-sarajevo\/","url":"https:\/\/sandzakpress.net\/arhiva\/bilt-nikolic-je-prvo-trebalo-da-poseti-sarajevo\/","name":"Bilt: Nikoli\u0107 je prvo trebalo da poseti Sarajevo","isPartOf":{"@id":"https:\/\/sandzakpress.net\/arhiva\/#website"},"primaryImageOfPage":{"@id":"https:\/\/sandzakpress.net\/arhiva\/bilt-nikolic-je-prvo-trebalo-da-poseti-sarajevo\/#primaryimage"},"image":{"@id":"https:\/\/sandzakpress.net\/arhiva\/bilt-nikolic-je-prvo-trebalo-da-poseti-sarajevo\/#primaryimage"},"thumbnailUrl":"https:\/\/sandzakpress.net\/arhiva\/wp-content\/uploads\/2012\/12\/232353_karl-bilt-wiki_f.jpg","datePublished":"2012-12-27T19:12:41+00:00","dateModified":"2012-12-27T19:13:11+00:00","breadcrumb":{"@id":"https:\/\/sandzakpress.net\/arhiva\/bilt-nikolic-je-prvo-trebalo-da-poseti-sarajevo\/#breadcrumb"},"inLanguage":"bs-BA","potentialAction":[{"@type":"ReadAction","target":["https:\/\/sandzakpress.net\/arhiva\/bilt-nikolic-je-prvo-trebalo-da-poseti-sarajevo\/"]}]},{"@type":"ImageObject","inLanguage":"bs-BA","@id":"https:\/\/sandzakpress.net\/arhiva\/bilt-nikolic-je-prvo-trebalo-da-poseti-sarajevo\/#primaryimage","url":"https:\/\/sandzakpress.net\/arhiva\/wp-content\/uploads\/2012\/12\/232353_karl-bilt-wiki_f.jpg","contentUrl":"https:\/\/sandzakpress.net\/arhiva\/wp-content\/uploads\/2012\/12\/232353_karl-bilt-wiki_f.jpg","width":470,"height":270},{"@type":"BreadcrumbList","@id":"https:\/\/sandzakpress.net\/arhiva\/bilt-nikolic-je-prvo-trebalo-da-poseti-sarajevo\/#breadcrumb","itemListElement":[{"@type":"ListItem","position":1,"name":"Home","item":"https:\/\/sandzakpress.net\/arhiva\/"},{"@type":"ListItem","position":2,"name":"Bilt: Nikoli\u0107 je prvo trebalo da poseti Sarajevo"}]},{"@type":"WebSite","@id":"https:\/\/sandzakpress.net\/arhiva\/#website","url":"https:\/\/sandzakpress.net\/arhiva\/","name":"Sand\u017eak PRESS","description":"Prve elektronske novine u Sand\u017eaku","publisher":{"@id":"https:\/\/sandzakpress.net\/arhiva\/#\/schema\/person\/6e72b67d6e51910a1117b3b483ba20bd"},"potentialAction":[{"@type":"SearchAction","target":{"@type":"EntryPoint","urlTemplate":"https:\/\/sandzakpress.net\/arhiva\/?s={search_term_string}"},"query-input":{"@type":"PropertyValueSpecification","valueRequired":true,"valueName":"search_term_string"}}],"inLanguage":"bs-BA"},{"@type":["Person","Organization"],"@id":"https:\/\/sandzakpress.net\/arhiva\/#\/schema\/person\/6e72b67d6e51910a1117b3b483ba20bd","name":"Kul","image":{"@type":"ImageObject","inLanguage":"bs-BA","@id":"https:\/\/sandzakpress.net\/arhiva\/#\/schema\/person\/image\/","url":"https:\/\/secure.gravatar.com\/avatar\/42263f39aa27ac04c43cab85c280eb2e?s=96&d=mm&r=pg","contentUrl":"https:\/\/secure.gravatar.com\/avatar\/42263f39aa27ac04c43cab85c280eb2e?s=96&d=mm&r=pg","caption":"Kul"},"logo":{"@id":"https:\/\/sandzakpress.net\/arhiva\/#\/schema\/person\/image\/"}},{"@type":"Person","@id":"","url":"https:\/\/sandzakpress.net\/arhiva\/author\/"}]}},"_links":{"self":[{"href":"https:\/\/sandzakpress.net\/arhiva\/wp-json\/wp\/v2\/posts\/59928"}],"collection":[{"href":"https:\/\/sandzakpress.net\/arhiva\/wp-json\/wp\/v2\/posts"}],"about":[{"href":"https:\/\/sandzakpress.net\/arhiva\/wp-json\/wp\/v2\/types\/post"}],"author":[{"embeddable":true,"href":"https:\/\/sandzakpress.net\/arhiva\/wp-json\/wp\/v2\/users\/33"}],"replies":[{"embeddable":true,"href":"https:\/\/sandzakpress.net\/arhiva\/wp-json\/wp\/v2\/comments?post=59928"}],"version-history":[{"count":0,"href":"https:\/\/sandzakpress.net\/arhiva\/wp-json\/wp\/v2\/posts\/59928\/revisions"}],"wp:featuredmedia":[{"embeddable":true,"href":"https:\/\/sandzakpress.net\/arhiva\/wp-json\/wp\/v2\/media\/59929"}],"wp:attachment":[{"href":"https:\/\/sandzakpress.net\/arhiva\/wp-json\/wp\/v2\/media?parent=59928"}],"wp:term":[{"taxonomy":"category","embeddable":true,"href":"https:\/\/sandzakpress.net\/arhiva\/wp-json\/wp\/v2\/categories?post=59928"},{"taxonomy":"post_tag","embeddable":true,"href":"https:\/\/sandzakpress.net\/arhiva\/wp-json\/wp\/v2\/tags?post=59928"}],"curies":[{"name":"wp","href":"https:\/\/api.w.org\/{rel}","templated":true}]}}