{"id":59871,"date":"2012-12-27T11:30:19","date_gmt":"2012-12-27T10:30:19","guid":{"rendered":"https:\/\/sandzakpress.net\/arhiva\/?p=59871"},"modified":"2012-12-27T12:37:51","modified_gmt":"2012-12-27T11:37:51","slug":"sudski-epilog-akademik-rastoder-i-dr-andrijasevic","status":"publish","type":"post","link":"https:\/\/sandzakpress.net\/arhiva\/sudski-epilog-akademik-rastoder-i-dr-andrijasevic\/","title":{"rendered":"Sudski epilog &#8211; akademik Rastoder i dr Andrija\u0161evi\u0107"},"content":{"rendered":"<p><strong>HARANGA PROTJERIVANJA AKADEMIKA RASTODERA IZ CRNE GORE &#8211; ANDRIJA\u0160EVI\u0106 OSTAJE BEZ DOKTORATA!<\/strong><\/p>\n<p><strong>P<\/strong><strong><a href=\"https:\/\/sandzakpress.net\/arhiva\/wp-content\/uploads\/2012\/12\/sefket_krcic_nova_001.jpg\"><img loading=\"lazy\" decoding=\"async\" class=\"alignleft size-medium wp-image-59872\" title=\"sefket_krcic_nova_001\" src=\"https:\/\/sandzakpress.net\/arhiva\/wp-content\/uploads\/2012\/12\/sefket_krcic_nova_001-300x142.jpg\" alt=\"\" width=\"300\" height=\"142\" \/><\/a><\/strong><strong>i\u0161e: Prof. dr \u0160efket KRCI\u0106*<!--more--><\/strong><span style=\"text-decoration: underline;\"> <\/span><\/p>\n<p>U povodu slu\u010daja sudskog spora, koji je plasiran preko dnevnika Vijesti i drugih medija u Crnoj Gori, a koji je pokrenuo dr \u017divko Andrija\u0161evi\u0107 protiv svog mentora akademika prof. dr \u0160erba Rastodera, za za\u0161titu autorskih prava, gdje je Osnovni sud u Baru \u00abprosudio\u00bb u korist tu\u017eitelja, kao pratilac zbivanja u Crnoj Gori i \u0161ire \u017eelim javnosti nepristrasno iznijeti svoj stav.<\/p>\n<p>Iz objavljenih tekstova, nisam spoznao kakav je stru\u010dni nalaz vje\u0161taka, niti znam koja su njihova nau\u010dna zvanja! Tako da ne mogu procjenjivati o \u010ditavom procesu, koji \u0107e prema svemu sude\u0107i, potrajati, jer je u pitanju montirana haranga protiv Bo\u0161njaka u Crnoj Gori, koji se nalaze na visokim funkcijama, a sada je do\u0161ao na red i na akademika prof. dr \u0160erba Rastodera.<\/p>\n<p>Najprije, \u017eelim se \u00abzahvaliti\u00bb gospodinu dr \u0160. Rastodreru, na pomo\u0107i koju je pri\u017euo mojim progoniteljima 1991. i po\u010detkom 1992. godine pro\u0161elog stolje\u0107a, prilikom mog montiranog udaljavanja (iz politi\u010dkih razloga) sa Univerziteta Crne Gore. Tada sam svoj azil duha na\u0161ao u srcu slobodnog mi\u0161ljenja, u Novom Pazaru, gdje sam sa kolegama pripremao plodno tlo za osnivanje Univerziteta u Sand\u017eaku. Kao \u0161to je poznato, zahvaljuju\u0107i Glavnom muftiji Muameru ef. Zukorli\u0107u i njegovom me\u0111unarodnom anga\u017emanu, zvani\u010dno je utemeljen Internacionalni univerzitet u Novom Pazaru, koji je po\u010deo sa radom 30. marta 2002. godine. Da podjestim, radi se o jednom veoma afirmiranom otvorenom univerzitetu, koji se na zvani\u010dnim svjetskim listama univerziteta nalazi na mnogo viso\u010dijem mjestu od Univerziteta Crne Gore. Na istom Univerzitetu radim od osnivanja, i gostuju\u0107i sam profeosr, kao i po pozivu predajem na mnogim univerzitetima u okru\u017eenju i u svijetu. Tako da sam do\u017eivo veliku afirmaciju, \u0161to bi \u017eelio da ima i prof. Rastoder.<\/p>\n<p>Dalje, na ovom Univerzitetu predaje preko 30 profesora sa Univerziteta Crne Gore i drugih univerzitetskih jedinica, me\u0111u kojima ima izuzetno glasovitih imena, koji su nekada radili samnom i sa kolegom Rastoderom, na Filozofskom fakultetu u Nk\u0161i\u0107u, te na Pravnom fakultetu u Podgorici. Ovom prilikom nave\u0161\u0107u samo neka imena stalnih i gostuju\u0107ih profesora iz Crne Gore na Univerzitetu u Novom Pazaru: prof. dr Bojka \u0110ukanovi\u0107, prof. dr Vladimir Krivokapi\u0107, prof. emeritus dr David Da\u0161i\u0107, prof. dr Vuk Ognjanovi\u0107, prof. dr Miodrag Jovi\u0107, prof. dr Sefer Me\u0111edovi\u0107, prof. dr Be\u0107ir Kala\u010d, dr Sr\u0111an Vukadinovi\u0107, prof. dr Milo\u0161 Babovi\u0107, prof. dr Petar Bojovi\u0107, prof. dr \u017darko Leki\u0107, prof. dr Safet Kala\u010d, prof. dr Husnija Biboljica, prof. dr Biljana Milatovi\u0107, dr Aleksandra Nik\u010devi\u0107, doc. dr Aleksandar Ivanovi\u0107, doc. dr Marija Kne\u017eevi\u0107, prof. dr Miodrag Jovanovi\u0107, prof. dr \\or\u0111e Bla\u017ei\u0107, prof. dr Savo Markovi\u0107, doc. dr Ranko Vuki\u0107, doc. dr Zoran \u017di\u017ei\u0107, doc. dr Dra\u0161ko Do\u0161ljak, prof. dr Nuho Muratovi\u0107, doc. dr Jelena Leki\u0107, doc. dr Dragan Foli\u0107, prof. dr Be\u0107ir \u0160aboti\u0107, doc. dr Safet Mukovi\u0107, doc. dr Ajsela Tuti\u0107, doc. dr Ibro Skenderovi\u0107, doc. dr Aleksandar Ivanovi\u0107 i drugi. Ove \u010dinjenice, govore mnogo o otvorenosti Univerziteta u Novom Pazaru. Jasno, svi ovi spomenuti profesori mogu javno da iznesu svoje stavove, da li sam u pravu ili nisam.<\/p>\n<p>Prema tome, radi se o Uiverzitetu, koji nema nacionalne predrasude prema znanstvenicima i profesorima iz drugih etnosa, ve\u0107 na njemu predaju renomirani stru\u010dnjaci i eksperti iz drugih zemlja, kako Zapada, tako i Istoka. U tom smislu, s obzirom da se nametnutnim sudskim epilogom i ukupnom atmosferom u Crnoj Gori, piprema udaljavanje profesora historije Rastodera sa Univerziteta Crne Gore, samo \u0161to je \u010dlan BANU &#8211; Bo\u0161nja\u010dke akademije nauka umjetnosti sa sjedi\u0161tem u Novom Pazaru i Sarajevu i \u0161to se naknadno zamjerio svom u\u010deniku Andrija\u0161evi\u0107u, kojeg je na brzu ruku proizveo u doktora nauka, ne znam tkoji bi drugi bio relevantan razlog. Jer u dosada\u0161njem radu, prof. Rastoder je predano akribijski istra\u017eivao i objavljivao crnogorsku historiju, dok su mnogi crnogorski histori\u010dari drijemali i spavali, jer nisu znali kako \u0107e se zavr\u0161titi referendumska ujdurma, oko daljeg statusa Crne Gore. U tom smislu, pitanje je vi\u0161e dana kada \u0107e prof. Rastoder biti prognan sa Univerziteta Crne Gore.<\/p>\n<p>Kao njegov biv\u0161i kolega i sunarodnik (kako saznajem u novije vrijeme se deklarira kao Bo\u0161njak), slobodan sam, shvataju\u0107i njegovu ugro\u017eenost, u ime Savjeta Univerziteta u Novom Pazaru, pozvati profesora Rastodera, da ne dozvoli dalje poni\u017eavanje i da prije zvani\u010dnog udaljavanja sa Univerziteta Crne Gore, do\u0111e u Sand\u017eak, gdje mu mogu obezbijediti mjesto profesora u sva izborna zvanja i da bude \u0160ef katedre za historiju Sand\u017eaka. Nek on kona\u010dno shvati, da je do\u0161lo vrijeme da razumije smisao hadisa Muhammeda a.s. koji je rekao: \u00ab<em>Dobro se \u010duvaj onoga kome si u\u010dinio dobro<\/em>!\u00bb<\/p>\n<p>Zasigurno, govorim kao profesor etike, da za \u010dovjeka nema ni\u0161ta gore, a posebno za intelektualca, nego da do\u017eivi amoralni stav, da se proglasi lopovom, kao \u0161to je to Andrija\u0161evi\u0107 preko Barskog suda uspio. Bezbeli, plagijat nije ni\u0161ta drugo do intelektualna kra\u0111a, a nastala je jo\u0161 u vaktu i zemanu anti\u010dkog Rima \u2013 pa se razvijala i traje sve do danas. A Crna Gora nema relevantna zakon o autorskom pravu. U tom konteksu, da li je Sud u Baru donio relevantnu i istinitu Odluku ili nije, nije na\u0161e da prosu\u0111ujemo. Da li \u0107e ta Odluka postati pravomo\u0107na \u2013 to za siromaha akademika Rastodera, vi\u0161e nije bitno, jer je bruka pukla i nju ne mo\u017ee ispraviti nikakva sudska odluka. Ovim \u010dinom, Andrija\u0161evi\u0107u ne preostaje ni\u0161ta drugo nego da na nekom drugom univerztetu prijavi doktorsku disertaciju, na kojem \u0107e prestati da bude sjenka profesora \u0160. Rastodera. Tim \u010dinom pro\u0161iruje se problem ovog sudskog slu\u010daja, koji mo\u017ee imati dalekose\u017ene konsekvence po dru\u0161tveni i univerzitetski \u017eivot Crne Gore.<\/p>\n<p>Na kraju, zvani\u010dno \u0107u pokrenuti inicijativu sa renomiranim histori\u010darima Crne Gore koji imaju me\u0111unarodnu reputaciju, da se \u017divku Andrija\u0161evi\u0107u poni\u0161ti doktorat, koji je ste\u010den pod mentorstvom prof. dr \u0160. Rastodera. S druge strane, istovremeno \u0107u preispitati okolnosti, tko je stvarni autor publikacije \u00ab<em>Pokr\u0161tavanje muslimana u Plavu 1913. godine<\/em>\u00bb, koju je podgori\u010dki Almanah objavio kao autorstvo \u017divka Andrija\u0161evi\u0107a!? Pouzdano znam, da taj autor nije boravio u Plavu i koristio relevantnu arihvsku gra\u0111u u vezi ovog slu\u010daja. Tekst te knjige je objavljen manipulanskom metodom uo\u010di izbora, kako bi vlastodr\u0161ci obmanjivali bo\u0161nja\u010dke bira\u010de, za zlo\u010din za koji se zvani\u010dna Crna Gora nikad nije izvinula. U tom pravcu, treba dalje promi\u0161ljati pozadinu protjerivanja akademika \u0160. Rastodera sa Univerziteta Crne Gore. Zacijelo, onaj tkoji udari na svog mentora, kao duhovnog oca, ustvari, udario je na svoga Baba. Mo\u017eda je Andrija\u0161evi\u0107 ishitreno ovo sve podigao, na taj ne\u017eeljeni nivo, jer vjeorvatno je stekao novog Mentora, pa mu je taj novi stavio ove nebuloze u zadatak. Ako je tako, to mu je presuda, odnosno, duhovno samoubistvo.<\/p>\n<p><strong>*Autor je redovni profesor filozofije, etike i estetike na Univerzitetu u Novom Pazaru, i predsjednik Matice Bo\u0161njaka Sand\u017eaka.<\/strong><\/p>\n","protected":false},"excerpt":{"rendered":"<p>HARANGA PROTJERIVANJA AKADEMIKA RASTODERA IZ CRNE GORE &#8211; ANDRIJA\u0160EVI\u0106 OSTAJE BEZ DOKTORATA! Pi\u0161e: Prof. dr \u0160efket KRCI\u0106*<\/p>\n","protected":false},"author":83,"featured_media":59872,"comment_status":"open","ping_status":"open","sticky":false,"template":"","format":"standard","meta":{"footnotes":""},"categories":[398,399],"tags":[],"class_list":{"0":"post-59871","1":"post","2":"type-post","3":"status-publish","4":"format-standard","5":"has-post-thumbnail","7":"category-rozaje","8":"category-plav_"},"yoast_head":"<!-- This site is optimized with the Yoast SEO Premium plugin v23.1 (Yoast SEO v24.9) - https:\/\/yoast.com\/wordpress\/plugins\/seo\/ -->\n<title>Sudski epilog - akademik Rastoder i dr Andrija\u0161evi\u0107<\/title>\n<meta name=\"robots\" content=\"index, follow, max-snippet:-1, max-image-preview:large, max-video-preview:-1\" \/>\n<link rel=\"canonical\" href=\"https:\/\/sandzakpress.net\/arhiva\/sudski-epilog-akademik-rastoder-i-dr-andrijasevic\/\" \/>\n<meta property=\"og:locale\" content=\"bs_BA\" \/>\n<meta property=\"og:type\" content=\"article\" \/>\n<meta property=\"og:title\" content=\"Sudski epilog - akademik Rastoder i dr Andrija\u0161evi\u0107\" \/>\n<meta property=\"og:description\" content=\"HARANGA PROTJERIVANJA AKADEMIKA RASTODERA IZ CRNE GORE &#8211; ANDRIJA\u0160EVI\u0106 OSTAJE BEZ DOKTORATA! Pi\u0161e: Prof. dr \u0160efket KRCI\u0106*\" \/>\n<meta property=\"og:url\" content=\"https:\/\/sandzakpress.net\/arhiva\/sudski-epilog-akademik-rastoder-i-dr-andrijasevic\/\" \/>\n<meta property=\"og:site_name\" content=\"Sand\u017eak PRESS\" \/>\n<meta property=\"article:published_time\" content=\"2012-12-27T10:30:19+00:00\" \/>\n<meta property=\"article:modified_time\" content=\"2012-12-27T11:37:51+00:00\" \/>\n<meta property=\"og:image\" content=\"https:\/\/sandzakpress.net\/arhiva\/wp-content\/uploads\/2012\/12\/sefket_krcic_nova_001.jpg\" \/>\n\t<meta property=\"og:image:width\" content=\"650\" \/>\n\t<meta property=\"og:image:height\" content=\"308\" \/>\n\t<meta property=\"og:image:type\" content=\"image\/jpeg\" \/>\n<meta name=\"author\" content=\"bosniak\" \/>\n<meta name=\"twitter:card\" content=\"summary_large_image\" \/>\n<meta name=\"twitter:label1\" content=\"Written by\" \/>\n\t<meta name=\"twitter:data1\" content=\"bosniak\" \/>\n\t<meta name=\"twitter:label2\" content=\"Est. reading time\" \/>\n\t<meta name=\"twitter:data2\" content=\"6 minuta\" \/>\n<script type=\"application\/ld+json\" class=\"yoast-schema-graph\">{\"@context\":\"https:\/\/schema.org\",\"@graph\":[{\"@type\":\"Article\",\"@id\":\"https:\/\/sandzakpress.net\/arhiva\/sudski-epilog-akademik-rastoder-i-dr-andrijasevic\/#article\",\"isPartOf\":{\"@id\":\"https:\/\/sandzakpress.net\/arhiva\/sudski-epilog-akademik-rastoder-i-dr-andrijasevic\/\"},\"author\":{\"name\":\"bosniak\",\"@id\":\"https:\/\/sandzakpress.net\/arhiva\/#\/schema\/person\/c8baee722073534b583ea7bdb2e36c02\"},\"headline\":\"Sudski epilog &#8211; akademik Rastoder i dr Andrija\u0161evi\u0107\",\"datePublished\":\"2012-12-27T10:30:19+00:00\",\"dateModified\":\"2012-12-27T11:37:51+00:00\",\"mainEntityOfPage\":{\"@id\":\"https:\/\/sandzakpress.net\/arhiva\/sudski-epilog-akademik-rastoder-i-dr-andrijasevic\/\"},\"wordCount\":1213,\"commentCount\":1,\"publisher\":{\"@id\":\"https:\/\/sandzakpress.net\/arhiva\/#\/schema\/person\/6e72b67d6e51910a1117b3b483ba20bd\"},\"image\":{\"@id\":\"https:\/\/sandzakpress.net\/arhiva\/sudski-epilog-akademik-rastoder-i-dr-andrijasevic\/#primaryimage\"},\"thumbnailUrl\":\"https:\/\/sandzakpress.net\/arhiva\/wp-content\/uploads\/2012\/12\/sefket_krcic_nova_001.jpg\",\"articleSection\":[\"Ro\u017eaje\",\"Plav\"],\"inLanguage\":\"bs-BA\",\"potentialAction\":[{\"@type\":\"CommentAction\",\"name\":\"Comment\",\"target\":[\"https:\/\/sandzakpress.net\/arhiva\/sudski-epilog-akademik-rastoder-i-dr-andrijasevic\/#respond\"]}]},{\"@type\":\"WebPage\",\"@id\":\"https:\/\/sandzakpress.net\/arhiva\/sudski-epilog-akademik-rastoder-i-dr-andrijasevic\/\",\"url\":\"https:\/\/sandzakpress.net\/arhiva\/sudski-epilog-akademik-rastoder-i-dr-andrijasevic\/\",\"name\":\"Sudski epilog - akademik Rastoder i dr Andrija\u0161evi\u0107\",\"isPartOf\":{\"@id\":\"https:\/\/sandzakpress.net\/arhiva\/#website\"},\"primaryImageOfPage\":{\"@id\":\"https:\/\/sandzakpress.net\/arhiva\/sudski-epilog-akademik-rastoder-i-dr-andrijasevic\/#primaryimage\"},\"image\":{\"@id\":\"https:\/\/sandzakpress.net\/arhiva\/sudski-epilog-akademik-rastoder-i-dr-andrijasevic\/#primaryimage\"},\"thumbnailUrl\":\"https:\/\/sandzakpress.net\/arhiva\/wp-content\/uploads\/2012\/12\/sefket_krcic_nova_001.jpg\",\"datePublished\":\"2012-12-27T10:30:19+00:00\",\"dateModified\":\"2012-12-27T11:37:51+00:00\",\"breadcrumb\":{\"@id\":\"https:\/\/sandzakpress.net\/arhiva\/sudski-epilog-akademik-rastoder-i-dr-andrijasevic\/#breadcrumb\"},\"inLanguage\":\"bs-BA\",\"potentialAction\":[{\"@type\":\"ReadAction\",\"target\":[\"https:\/\/sandzakpress.net\/arhiva\/sudski-epilog-akademik-rastoder-i-dr-andrijasevic\/\"]}]},{\"@type\":\"ImageObject\",\"inLanguage\":\"bs-BA\",\"@id\":\"https:\/\/sandzakpress.net\/arhiva\/sudski-epilog-akademik-rastoder-i-dr-andrijasevic\/#primaryimage\",\"url\":\"https:\/\/sandzakpress.net\/arhiva\/wp-content\/uploads\/2012\/12\/sefket_krcic_nova_001.jpg\",\"contentUrl\":\"https:\/\/sandzakpress.net\/arhiva\/wp-content\/uploads\/2012\/12\/sefket_krcic_nova_001.jpg\",\"width\":650,\"height\":308},{\"@type\":\"BreadcrumbList\",\"@id\":\"https:\/\/sandzakpress.net\/arhiva\/sudski-epilog-akademik-rastoder-i-dr-andrijasevic\/#breadcrumb\",\"itemListElement\":[{\"@type\":\"ListItem\",\"position\":1,\"name\":\"Home\",\"item\":\"https:\/\/sandzakpress.net\/arhiva\/\"},{\"@type\":\"ListItem\",\"position\":2,\"name\":\"Sudski epilog &#8211; akademik Rastoder i dr Andrija\u0161evi\u0107\"}]},{\"@type\":\"WebSite\",\"@id\":\"https:\/\/sandzakpress.net\/arhiva\/#website\",\"url\":\"https:\/\/sandzakpress.net\/arhiva\/\",\"name\":\"Sand\u017eak PRESS\",\"description\":\"Prve elektronske novine u Sand\u017eaku\",\"publisher\":{\"@id\":\"https:\/\/sandzakpress.net\/arhiva\/#\/schema\/person\/6e72b67d6e51910a1117b3b483ba20bd\"},\"potentialAction\":[{\"@type\":\"SearchAction\",\"target\":{\"@type\":\"EntryPoint\",\"urlTemplate\":\"https:\/\/sandzakpress.net\/arhiva\/?s={search_term_string}\"},\"query-input\":{\"@type\":\"PropertyValueSpecification\",\"valueRequired\":true,\"valueName\":\"search_term_string\"}}],\"inLanguage\":\"bs-BA\"},{\"@type\":[\"Person\",\"Organization\"],\"@id\":\"https:\/\/sandzakpress.net\/arhiva\/#\/schema\/person\/6e72b67d6e51910a1117b3b483ba20bd\",\"name\":\"Kul\",\"image\":{\"@type\":\"ImageObject\",\"inLanguage\":\"bs-BA\",\"@id\":\"https:\/\/sandzakpress.net\/arhiva\/#\/schema\/person\/image\/\",\"url\":\"https:\/\/secure.gravatar.com\/avatar\/42263f39aa27ac04c43cab85c280eb2e?s=96&d=mm&r=pg\",\"contentUrl\":\"https:\/\/secure.gravatar.com\/avatar\/42263f39aa27ac04c43cab85c280eb2e?s=96&d=mm&r=pg\",\"caption\":\"Kul\"},\"logo\":{\"@id\":\"https:\/\/sandzakpress.net\/arhiva\/#\/schema\/person\/image\/\"}},{\"@type\":\"Person\",\"@id\":\"https:\/\/sandzakpress.net\/arhiva\/#\/schema\/person\/c8baee722073534b583ea7bdb2e36c02\",\"name\":\"bosniak\",\"image\":{\"@type\":\"ImageObject\",\"inLanguage\":\"bs-BA\",\"@id\":\"https:\/\/sandzakpress.net\/arhiva\/#\/schema\/person\/image\/\",\"url\":\"https:\/\/secure.gravatar.com\/avatar\/a04fd330bfe3a36a72a0ad4a6d89fca7?s=96&d=mm&r=pg\",\"contentUrl\":\"https:\/\/secure.gravatar.com\/avatar\/a04fd330bfe3a36a72a0ad4a6d89fca7?s=96&d=mm&r=pg\",\"caption\":\"bosniak\"},\"url\":\"https:\/\/sandzakpress.net\/arhiva\/author\/bosniak\/\"}]}<\/script>\n<!-- \/ Yoast SEO Premium plugin. -->","yoast_head_json":{"title":"Sudski epilog - akademik Rastoder i dr Andrija\u0161evi\u0107","robots":{"index":"index","follow":"follow","max-snippet":"max-snippet:-1","max-image-preview":"max-image-preview:large","max-video-preview":"max-video-preview:-1"},"canonical":"https:\/\/sandzakpress.net\/arhiva\/sudski-epilog-akademik-rastoder-i-dr-andrijasevic\/","og_locale":"bs_BA","og_type":"article","og_title":"Sudski epilog - akademik Rastoder i dr Andrija\u0161evi\u0107","og_description":"HARANGA PROTJERIVANJA AKADEMIKA RASTODERA IZ CRNE GORE &#8211; ANDRIJA\u0160EVI\u0106 OSTAJE BEZ DOKTORATA! Pi\u0161e: Prof. dr \u0160efket KRCI\u0106*","og_url":"https:\/\/sandzakpress.net\/arhiva\/sudski-epilog-akademik-rastoder-i-dr-andrijasevic\/","og_site_name":"Sand\u017eak PRESS","article_published_time":"2012-12-27T10:30:19+00:00","article_modified_time":"2012-12-27T11:37:51+00:00","og_image":[{"width":650,"height":308,"url":"https:\/\/sandzakpress.net\/arhiva\/wp-content\/uploads\/2012\/12\/sefket_krcic_nova_001.jpg","type":"image\/jpeg"}],"author":"bosniak","twitter_card":"summary_large_image","twitter_misc":{"Written by":"bosniak","Est. reading time":"6 minuta"},"schema":{"@context":"https:\/\/schema.org","@graph":[{"@type":"Article","@id":"https:\/\/sandzakpress.net\/arhiva\/sudski-epilog-akademik-rastoder-i-dr-andrijasevic\/#article","isPartOf":{"@id":"https:\/\/sandzakpress.net\/arhiva\/sudski-epilog-akademik-rastoder-i-dr-andrijasevic\/"},"author":{"name":"bosniak","@id":"https:\/\/sandzakpress.net\/arhiva\/#\/schema\/person\/c8baee722073534b583ea7bdb2e36c02"},"headline":"Sudski epilog &#8211; akademik Rastoder i dr Andrija\u0161evi\u0107","datePublished":"2012-12-27T10:30:19+00:00","dateModified":"2012-12-27T11:37:51+00:00","mainEntityOfPage":{"@id":"https:\/\/sandzakpress.net\/arhiva\/sudski-epilog-akademik-rastoder-i-dr-andrijasevic\/"},"wordCount":1213,"commentCount":1,"publisher":{"@id":"https:\/\/sandzakpress.net\/arhiva\/#\/schema\/person\/6e72b67d6e51910a1117b3b483ba20bd"},"image":{"@id":"https:\/\/sandzakpress.net\/arhiva\/sudski-epilog-akademik-rastoder-i-dr-andrijasevic\/#primaryimage"},"thumbnailUrl":"https:\/\/sandzakpress.net\/arhiva\/wp-content\/uploads\/2012\/12\/sefket_krcic_nova_001.jpg","articleSection":["Ro\u017eaje","Plav"],"inLanguage":"bs-BA","potentialAction":[{"@type":"CommentAction","name":"Comment","target":["https:\/\/sandzakpress.net\/arhiva\/sudski-epilog-akademik-rastoder-i-dr-andrijasevic\/#respond"]}]},{"@type":"WebPage","@id":"https:\/\/sandzakpress.net\/arhiva\/sudski-epilog-akademik-rastoder-i-dr-andrijasevic\/","url":"https:\/\/sandzakpress.net\/arhiva\/sudski-epilog-akademik-rastoder-i-dr-andrijasevic\/","name":"Sudski epilog - akademik Rastoder i dr Andrija\u0161evi\u0107","isPartOf":{"@id":"https:\/\/sandzakpress.net\/arhiva\/#website"},"primaryImageOfPage":{"@id":"https:\/\/sandzakpress.net\/arhiva\/sudski-epilog-akademik-rastoder-i-dr-andrijasevic\/#primaryimage"},"image":{"@id":"https:\/\/sandzakpress.net\/arhiva\/sudski-epilog-akademik-rastoder-i-dr-andrijasevic\/#primaryimage"},"thumbnailUrl":"https:\/\/sandzakpress.net\/arhiva\/wp-content\/uploads\/2012\/12\/sefket_krcic_nova_001.jpg","datePublished":"2012-12-27T10:30:19+00:00","dateModified":"2012-12-27T11:37:51+00:00","breadcrumb":{"@id":"https:\/\/sandzakpress.net\/arhiva\/sudski-epilog-akademik-rastoder-i-dr-andrijasevic\/#breadcrumb"},"inLanguage":"bs-BA","potentialAction":[{"@type":"ReadAction","target":["https:\/\/sandzakpress.net\/arhiva\/sudski-epilog-akademik-rastoder-i-dr-andrijasevic\/"]}]},{"@type":"ImageObject","inLanguage":"bs-BA","@id":"https:\/\/sandzakpress.net\/arhiva\/sudski-epilog-akademik-rastoder-i-dr-andrijasevic\/#primaryimage","url":"https:\/\/sandzakpress.net\/arhiva\/wp-content\/uploads\/2012\/12\/sefket_krcic_nova_001.jpg","contentUrl":"https:\/\/sandzakpress.net\/arhiva\/wp-content\/uploads\/2012\/12\/sefket_krcic_nova_001.jpg","width":650,"height":308},{"@type":"BreadcrumbList","@id":"https:\/\/sandzakpress.net\/arhiva\/sudski-epilog-akademik-rastoder-i-dr-andrijasevic\/#breadcrumb","itemListElement":[{"@type":"ListItem","position":1,"name":"Home","item":"https:\/\/sandzakpress.net\/arhiva\/"},{"@type":"ListItem","position":2,"name":"Sudski epilog &#8211; akademik Rastoder i dr Andrija\u0161evi\u0107"}]},{"@type":"WebSite","@id":"https:\/\/sandzakpress.net\/arhiva\/#website","url":"https:\/\/sandzakpress.net\/arhiva\/","name":"Sand\u017eak PRESS","description":"Prve elektronske novine u Sand\u017eaku","publisher":{"@id":"https:\/\/sandzakpress.net\/arhiva\/#\/schema\/person\/6e72b67d6e51910a1117b3b483ba20bd"},"potentialAction":[{"@type":"SearchAction","target":{"@type":"EntryPoint","urlTemplate":"https:\/\/sandzakpress.net\/arhiva\/?s={search_term_string}"},"query-input":{"@type":"PropertyValueSpecification","valueRequired":true,"valueName":"search_term_string"}}],"inLanguage":"bs-BA"},{"@type":["Person","Organization"],"@id":"https:\/\/sandzakpress.net\/arhiva\/#\/schema\/person\/6e72b67d6e51910a1117b3b483ba20bd","name":"Kul","image":{"@type":"ImageObject","inLanguage":"bs-BA","@id":"https:\/\/sandzakpress.net\/arhiva\/#\/schema\/person\/image\/","url":"https:\/\/secure.gravatar.com\/avatar\/42263f39aa27ac04c43cab85c280eb2e?s=96&d=mm&r=pg","contentUrl":"https:\/\/secure.gravatar.com\/avatar\/42263f39aa27ac04c43cab85c280eb2e?s=96&d=mm&r=pg","caption":"Kul"},"logo":{"@id":"https:\/\/sandzakpress.net\/arhiva\/#\/schema\/person\/image\/"}},{"@type":"Person","@id":"https:\/\/sandzakpress.net\/arhiva\/#\/schema\/person\/c8baee722073534b583ea7bdb2e36c02","name":"bosniak","image":{"@type":"ImageObject","inLanguage":"bs-BA","@id":"https:\/\/sandzakpress.net\/arhiva\/#\/schema\/person\/image\/","url":"https:\/\/secure.gravatar.com\/avatar\/a04fd330bfe3a36a72a0ad4a6d89fca7?s=96&d=mm&r=pg","contentUrl":"https:\/\/secure.gravatar.com\/avatar\/a04fd330bfe3a36a72a0ad4a6d89fca7?s=96&d=mm&r=pg","caption":"bosniak"},"url":"https:\/\/sandzakpress.net\/arhiva\/author\/bosniak\/"}]}},"_links":{"self":[{"href":"https:\/\/sandzakpress.net\/arhiva\/wp-json\/wp\/v2\/posts\/59871"}],"collection":[{"href":"https:\/\/sandzakpress.net\/arhiva\/wp-json\/wp\/v2\/posts"}],"about":[{"href":"https:\/\/sandzakpress.net\/arhiva\/wp-json\/wp\/v2\/types\/post"}],"author":[{"embeddable":true,"href":"https:\/\/sandzakpress.net\/arhiva\/wp-json\/wp\/v2\/users\/83"}],"replies":[{"embeddable":true,"href":"https:\/\/sandzakpress.net\/arhiva\/wp-json\/wp\/v2\/comments?post=59871"}],"version-history":[{"count":0,"href":"https:\/\/sandzakpress.net\/arhiva\/wp-json\/wp\/v2\/posts\/59871\/revisions"}],"wp:featuredmedia":[{"embeddable":true,"href":"https:\/\/sandzakpress.net\/arhiva\/wp-json\/wp\/v2\/media\/59872"}],"wp:attachment":[{"href":"https:\/\/sandzakpress.net\/arhiva\/wp-json\/wp\/v2\/media?parent=59871"}],"wp:term":[{"taxonomy":"category","embeddable":true,"href":"https:\/\/sandzakpress.net\/arhiva\/wp-json\/wp\/v2\/categories?post=59871"},{"taxonomy":"post_tag","embeddable":true,"href":"https:\/\/sandzakpress.net\/arhiva\/wp-json\/wp\/v2\/tags?post=59871"}],"curies":[{"name":"wp","href":"https:\/\/api.w.org\/{rel}","templated":true}]}}