{"id":5961,"date":"2010-07-05T02:09:26","date_gmt":"2010-07-05T02:09:26","guid":{"rendered":"https:\/\/sandzakpress.net\/arhiva\/?p=5961"},"modified":"2010-07-05T02:11:25","modified_gmt":"2010-07-05T02:11:25","slug":"najava-formiranja-bosnjackog-vijeca","status":"publish","type":"post","link":"https:\/\/sandzakpress.net\/arhiva\/najava-formiranja-bosnjackog-vijeca\/","title":{"rendered":"Najava formiranja Bo\u0161nja\u010dkog vije\u0107a"},"content":{"rendered":"<p><strong><a href=\"https:\/\/sandzakpress.net\/arhiva\/wp-content\/uploads\/2010\/07\/29945_1256772743493_1354830998_549748_2636017_n.jpg\"><img loading=\"lazy\" decoding=\"async\" class=\"alignleft size-medium wp-image-5962\" title=\"29945_1256772743493_1354830998_549748_2636017_n\" src=\"https:\/\/sandzakpress.net\/arhiva\/wp-content\/uploads\/2010\/07\/29945_1256772743493_1354830998_549748_2636017_n-300x237.jpg\" alt=\"\" width=\"300\" height=\"237\" \/><\/a>Sjeverni Sand\u017eak &#8211; Nosilac liste Bo\u0161nja\u010dka kulturna zajednica muftija Muamer ef. Zukorli\u0107 izjavio je da postoji ve\u0107ina za konstituisanje novog saziva Bo\u0161nja\u010dkog nacionalnog ve\u0107a u Srbiji.<\/strong><\/p>\n<p>On je novopzarskoj televiziji Jedinstvo rekao da je ministarstvo za ljudska i manjinska prava Srbije sjednicu zakazalo za 7. jul, dva dana prije kraja zakonskog roka.<\/p>\n<p>Koalicija Bo\u0161nja\u010dka lista za evropski Sand\u017eak Sulejmana Ugljanina podr\u017eala je na majskim izborima Bo\u0161nja\u010dku listu, dok je iza Bo\u0161nja\u010dkog preporoda stajala Sand\u017ea\u010dka demokratska partija (SDP) Rasima Ljaji\u0107a.<\/p>\n<p>Muftija Muamer ef. Zukorli\u0107, koji je na \u010delu IZ u Srbiji i predsjednik Upravnog odbora Internacionalnog univerziteta u Novom Pazaru, rekao je, komentari\u0161u\u0107i spekulacije o budu\u0107em predsjedniku Vije\u0107a, da postoje dva mogu\u0107a scenarija.<\/p>\n<p>&#8220;Prvi scenario je da postignemo dogovor sa ostale dvije liste. Drugi je da BKZ formira ve\u0107inu i bira predsjednika bez drugih lista&#8221;, rekao je Muftija.<\/p>\n<p>Izborna lista BKZ, od 35 zastupni\u010dkih mjesta budu\u0107eg Ve\u0107a, osvojila je 17, Bo\u0161nja\u010dka lista imat \u0107e 13 predstavnika, a lista Bo\u0161nja\u010dki preporod 5.<\/p>\n<p>Esad D\u017eud\u017eevi\u0107 je, u izjavi Tanjugu, najavio da njihovi \u010dlanovi ne\u0107eu\u010destvovati konstitutivnoj sjednici i nije se ovaj put izsjasnio po pitanju ve\u0107ine.<\/p>\n<p>Izvor: <strong>SandzakPRESS.net<\/strong><\/p>\n","protected":false},"excerpt":{"rendered":"<p>Sjeverni Sand\u017eak &#8211; Nosilac liste Bo\u0161nja\u010dka kulturna zajednica muftija Muamer ef. Zukorli\u0107 izjavio je da postoji ve\u0107ina za konstituisanje novog saziva Bo\u0161nja\u010dkog nacionalnog ve\u0107a u Srbiji. On je novopzarskoj televiziji Jedinstvo rekao da je ministarstvo za ljudska i manjinska prava Srbije sjednicu zakazalo za 7. jul, dva dana prije kraja zakonskog roka. Koalicija Bo\u0161nja\u010dka lista [&hellip;]<\/p>\n","protected":false},"author":83,"featured_media":5962,"comment_status":"open","ping_status":"open","sticky":false,"template":"","format":"standard","meta":{"footnotes":""},"categories":[800,72,52,327,392,393,394],"tags":[],"class_list":{"0":"post-5961","1":"post","2":"type-post","3":"status-publish","4":"format-standard","5":"has-post-thumbnail","7":"category-nacija","8":"category-novi-pazar","9":"category-sjenica","10":"category-tutin","11":"category-prijepolje_","12":"category-priboj","13":"category-nova-varos"},"yoast_head":"<!-- This site is optimized with the Yoast SEO Premium plugin v23.1 (Yoast SEO v24.9) - https:\/\/yoast.com\/wordpress\/plugins\/seo\/ -->\n<title>Najava formiranja Bo\u0161nja\u010dkog vije\u0107a<\/title>\n<meta name=\"robots\" content=\"index, follow, max-snippet:-1, max-image-preview:large, max-video-preview:-1\" \/>\n<link rel=\"canonical\" href=\"https:\/\/sandzakpress.net\/arhiva\/najava-formiranja-bosnjackog-vijeca\/\" \/>\n<meta property=\"og:locale\" content=\"bs_BA\" \/>\n<meta property=\"og:type\" content=\"article\" \/>\n<meta property=\"og:title\" content=\"Najava formiranja Bo\u0161nja\u010dkog vije\u0107a\" \/>\n<meta property=\"og:description\" content=\"Sjeverni Sand\u017eak &#8211; Nosilac liste Bo\u0161nja\u010dka kulturna zajednica muftija Muamer ef. Zukorli\u0107 izjavio je da postoji ve\u0107ina za konstituisanje novog saziva Bo\u0161nja\u010dkog nacionalnog ve\u0107a u Srbiji. On je novopzarskoj televiziji Jedinstvo rekao da je ministarstvo za ljudska i manjinska prava Srbije sjednicu zakazalo za 7. jul, dva dana prije kraja zakonskog roka. Koalicija Bo\u0161nja\u010dka lista [&hellip;]\" \/>\n<meta property=\"og:url\" content=\"https:\/\/sandzakpress.net\/arhiva\/najava-formiranja-bosnjackog-vijeca\/\" \/>\n<meta property=\"og:site_name\" content=\"Sand\u017eak PRESS\" \/>\n<meta property=\"article:published_time\" content=\"2010-07-05T02:09:26+00:00\" \/>\n<meta property=\"article:modified_time\" content=\"2010-07-05T02:11:25+00:00\" \/>\n<meta property=\"og:image\" content=\"https:\/\/sandzakpress.net\/arhiva\/wp-content\/uploads\/2010\/07\/29945_1256772743493_1354830998_549748_2636017_n.jpg\" \/>\n\t<meta property=\"og:image:width\" content=\"341\" \/>\n\t<meta property=\"og:image:height\" content=\"270\" \/>\n\t<meta property=\"og:image:type\" content=\"image\/jpeg\" \/>\n<meta name=\"author\" content=\"bosniak\" \/>\n<meta name=\"twitter:card\" content=\"summary_large_image\" \/>\n<meta name=\"twitter:label1\" content=\"Written by\" \/>\n\t<meta name=\"twitter:data1\" content=\"bosniak\" \/>\n\t<meta name=\"twitter:label2\" content=\"Est. reading time\" \/>\n\t<meta name=\"twitter:data2\" content=\"1 minuta\" \/>\n<script type=\"application\/ld+json\" class=\"yoast-schema-graph\">{\"@context\":\"https:\/\/schema.org\",\"@graph\":[{\"@type\":\"Article\",\"@id\":\"https:\/\/sandzakpress.net\/arhiva\/najava-formiranja-bosnjackog-vijeca\/#article\",\"isPartOf\":{\"@id\":\"https:\/\/sandzakpress.net\/arhiva\/najava-formiranja-bosnjackog-vijeca\/\"},\"author\":{\"name\":\"bosniak\",\"@id\":\"https:\/\/sandzakpress.net\/arhiva\/#\/schema\/person\/c8baee722073534b583ea7bdb2e36c02\"},\"headline\":\"Najava formiranja Bo\u0161nja\u010dkog vije\u0107a\",\"datePublished\":\"2010-07-05T02:09:26+00:00\",\"dateModified\":\"2010-07-05T02:11:25+00:00\",\"mainEntityOfPage\":{\"@id\":\"https:\/\/sandzakpress.net\/arhiva\/najava-formiranja-bosnjackog-vijeca\/\"},\"wordCount\":223,\"commentCount\":3,\"publisher\":{\"@id\":\"https:\/\/sandzakpress.net\/arhiva\/#\/schema\/person\/6e72b67d6e51910a1117b3b483ba20bd\"},\"image\":{\"@id\":\"https:\/\/sandzakpress.net\/arhiva\/najava-formiranja-bosnjackog-vijeca\/#primaryimage\"},\"thumbnailUrl\":\"https:\/\/sandzakpress.net\/arhiva\/wp-content\/uploads\/2010\/07\/29945_1256772743493_1354830998_549748_2636017_n.jpg\",\"articleSection\":[\"Nacija\",\"Novi Pazar\",\"Sjenica\",\"Tutin\",\"Prijepolje\",\"Priboj\",\"Nova Varo\u0161\"],\"inLanguage\":\"bs-BA\",\"potentialAction\":[{\"@type\":\"CommentAction\",\"name\":\"Comment\",\"target\":[\"https:\/\/sandzakpress.net\/arhiva\/najava-formiranja-bosnjackog-vijeca\/#respond\"]}]},{\"@type\":\"WebPage\",\"@id\":\"https:\/\/sandzakpress.net\/arhiva\/najava-formiranja-bosnjackog-vijeca\/\",\"url\":\"https:\/\/sandzakpress.net\/arhiva\/najava-formiranja-bosnjackog-vijeca\/\",\"name\":\"Najava formiranja Bo\u0161nja\u010dkog vije\u0107a\",\"isPartOf\":{\"@id\":\"https:\/\/sandzakpress.net\/arhiva\/#website\"},\"primaryImageOfPage\":{\"@id\":\"https:\/\/sandzakpress.net\/arhiva\/najava-formiranja-bosnjackog-vijeca\/#primaryimage\"},\"image\":{\"@id\":\"https:\/\/sandzakpress.net\/arhiva\/najava-formiranja-bosnjackog-vijeca\/#primaryimage\"},\"thumbnailUrl\":\"https:\/\/sandzakpress.net\/arhiva\/wp-content\/uploads\/2010\/07\/29945_1256772743493_1354830998_549748_2636017_n.jpg\",\"datePublished\":\"2010-07-05T02:09:26+00:00\",\"dateModified\":\"2010-07-05T02:11:25+00:00\",\"breadcrumb\":{\"@id\":\"https:\/\/sandzakpress.net\/arhiva\/najava-formiranja-bosnjackog-vijeca\/#breadcrumb\"},\"inLanguage\":\"bs-BA\",\"potentialAction\":[{\"@type\":\"ReadAction\",\"target\":[\"https:\/\/sandzakpress.net\/arhiva\/najava-formiranja-bosnjackog-vijeca\/\"]}]},{\"@type\":\"ImageObject\",\"inLanguage\":\"bs-BA\",\"@id\":\"https:\/\/sandzakpress.net\/arhiva\/najava-formiranja-bosnjackog-vijeca\/#primaryimage\",\"url\":\"https:\/\/sandzakpress.net\/arhiva\/wp-content\/uploads\/2010\/07\/29945_1256772743493_1354830998_549748_2636017_n.jpg\",\"contentUrl\":\"https:\/\/sandzakpress.net\/arhiva\/wp-content\/uploads\/2010\/07\/29945_1256772743493_1354830998_549748_2636017_n.jpg\",\"width\":341,\"height\":270},{\"@type\":\"BreadcrumbList\",\"@id\":\"https:\/\/sandzakpress.net\/arhiva\/najava-formiranja-bosnjackog-vijeca\/#breadcrumb\",\"itemListElement\":[{\"@type\":\"ListItem\",\"position\":1,\"name\":\"Home\",\"item\":\"https:\/\/sandzakpress.net\/arhiva\/\"},{\"@type\":\"ListItem\",\"position\":2,\"name\":\"Najava formiranja Bo\u0161nja\u010dkog vije\u0107a\"}]},{\"@type\":\"WebSite\",\"@id\":\"https:\/\/sandzakpress.net\/arhiva\/#website\",\"url\":\"https:\/\/sandzakpress.net\/arhiva\/\",\"name\":\"Sand\u017eak PRESS\",\"description\":\"Prve elektronske novine u Sand\u017eaku\",\"publisher\":{\"@id\":\"https:\/\/sandzakpress.net\/arhiva\/#\/schema\/person\/6e72b67d6e51910a1117b3b483ba20bd\"},\"potentialAction\":[{\"@type\":\"SearchAction\",\"target\":{\"@type\":\"EntryPoint\",\"urlTemplate\":\"https:\/\/sandzakpress.net\/arhiva\/?s={search_term_string}\"},\"query-input\":{\"@type\":\"PropertyValueSpecification\",\"valueRequired\":true,\"valueName\":\"search_term_string\"}}],\"inLanguage\":\"bs-BA\"},{\"@type\":[\"Person\",\"Organization\"],\"@id\":\"https:\/\/sandzakpress.net\/arhiva\/#\/schema\/person\/6e72b67d6e51910a1117b3b483ba20bd\",\"name\":\"Kul\",\"image\":{\"@type\":\"ImageObject\",\"inLanguage\":\"bs-BA\",\"@id\":\"https:\/\/sandzakpress.net\/arhiva\/#\/schema\/person\/image\/\",\"url\":\"https:\/\/secure.gravatar.com\/avatar\/42263f39aa27ac04c43cab85c280eb2e?s=96&d=mm&r=pg\",\"contentUrl\":\"https:\/\/secure.gravatar.com\/avatar\/42263f39aa27ac04c43cab85c280eb2e?s=96&d=mm&r=pg\",\"caption\":\"Kul\"},\"logo\":{\"@id\":\"https:\/\/sandzakpress.net\/arhiva\/#\/schema\/person\/image\/\"}},{\"@type\":\"Person\",\"@id\":\"https:\/\/sandzakpress.net\/arhiva\/#\/schema\/person\/c8baee722073534b583ea7bdb2e36c02\",\"name\":\"bosniak\",\"image\":{\"@type\":\"ImageObject\",\"inLanguage\":\"bs-BA\",\"@id\":\"https:\/\/sandzakpress.net\/arhiva\/#\/schema\/person\/image\/\",\"url\":\"https:\/\/secure.gravatar.com\/avatar\/a04fd330bfe3a36a72a0ad4a6d89fca7?s=96&d=mm&r=pg\",\"contentUrl\":\"https:\/\/secure.gravatar.com\/avatar\/a04fd330bfe3a36a72a0ad4a6d89fca7?s=96&d=mm&r=pg\",\"caption\":\"bosniak\"},\"url\":\"https:\/\/sandzakpress.net\/arhiva\/author\/bosniak\/\"}]}<\/script>\n<!-- \/ Yoast SEO Premium plugin. -->","yoast_head_json":{"title":"Najava formiranja Bo\u0161nja\u010dkog vije\u0107a","robots":{"index":"index","follow":"follow","max-snippet":"max-snippet:-1","max-image-preview":"max-image-preview:large","max-video-preview":"max-video-preview:-1"},"canonical":"https:\/\/sandzakpress.net\/arhiva\/najava-formiranja-bosnjackog-vijeca\/","og_locale":"bs_BA","og_type":"article","og_title":"Najava formiranja Bo\u0161nja\u010dkog vije\u0107a","og_description":"Sjeverni Sand\u017eak &#8211; Nosilac liste Bo\u0161nja\u010dka kulturna zajednica muftija Muamer ef. Zukorli\u0107 izjavio je da postoji ve\u0107ina za konstituisanje novog saziva Bo\u0161nja\u010dkog nacionalnog ve\u0107a u Srbiji. On je novopzarskoj televiziji Jedinstvo rekao da je ministarstvo za ljudska i manjinska prava Srbije sjednicu zakazalo za 7. jul, dva dana prije kraja zakonskog roka. Koalicija Bo\u0161nja\u010dka lista [&hellip;]","og_url":"https:\/\/sandzakpress.net\/arhiva\/najava-formiranja-bosnjackog-vijeca\/","og_site_name":"Sand\u017eak PRESS","article_published_time":"2010-07-05T02:09:26+00:00","article_modified_time":"2010-07-05T02:11:25+00:00","og_image":[{"width":341,"height":270,"url":"https:\/\/sandzakpress.net\/arhiva\/wp-content\/uploads\/2010\/07\/29945_1256772743493_1354830998_549748_2636017_n.jpg","type":"image\/jpeg"}],"author":"bosniak","twitter_card":"summary_large_image","twitter_misc":{"Written by":"bosniak","Est. reading time":"1 minuta"},"schema":{"@context":"https:\/\/schema.org","@graph":[{"@type":"Article","@id":"https:\/\/sandzakpress.net\/arhiva\/najava-formiranja-bosnjackog-vijeca\/#article","isPartOf":{"@id":"https:\/\/sandzakpress.net\/arhiva\/najava-formiranja-bosnjackog-vijeca\/"},"author":{"name":"bosniak","@id":"https:\/\/sandzakpress.net\/arhiva\/#\/schema\/person\/c8baee722073534b583ea7bdb2e36c02"},"headline":"Najava formiranja Bo\u0161nja\u010dkog vije\u0107a","datePublished":"2010-07-05T02:09:26+00:00","dateModified":"2010-07-05T02:11:25+00:00","mainEntityOfPage":{"@id":"https:\/\/sandzakpress.net\/arhiva\/najava-formiranja-bosnjackog-vijeca\/"},"wordCount":223,"commentCount":3,"publisher":{"@id":"https:\/\/sandzakpress.net\/arhiva\/#\/schema\/person\/6e72b67d6e51910a1117b3b483ba20bd"},"image":{"@id":"https:\/\/sandzakpress.net\/arhiva\/najava-formiranja-bosnjackog-vijeca\/#primaryimage"},"thumbnailUrl":"https:\/\/sandzakpress.net\/arhiva\/wp-content\/uploads\/2010\/07\/29945_1256772743493_1354830998_549748_2636017_n.jpg","articleSection":["Nacija","Novi Pazar","Sjenica","Tutin","Prijepolje","Priboj","Nova Varo\u0161"],"inLanguage":"bs-BA","potentialAction":[{"@type":"CommentAction","name":"Comment","target":["https:\/\/sandzakpress.net\/arhiva\/najava-formiranja-bosnjackog-vijeca\/#respond"]}]},{"@type":"WebPage","@id":"https:\/\/sandzakpress.net\/arhiva\/najava-formiranja-bosnjackog-vijeca\/","url":"https:\/\/sandzakpress.net\/arhiva\/najava-formiranja-bosnjackog-vijeca\/","name":"Najava formiranja Bo\u0161nja\u010dkog vije\u0107a","isPartOf":{"@id":"https:\/\/sandzakpress.net\/arhiva\/#website"},"primaryImageOfPage":{"@id":"https:\/\/sandzakpress.net\/arhiva\/najava-formiranja-bosnjackog-vijeca\/#primaryimage"},"image":{"@id":"https:\/\/sandzakpress.net\/arhiva\/najava-formiranja-bosnjackog-vijeca\/#primaryimage"},"thumbnailUrl":"https:\/\/sandzakpress.net\/arhiva\/wp-content\/uploads\/2010\/07\/29945_1256772743493_1354830998_549748_2636017_n.jpg","datePublished":"2010-07-05T02:09:26+00:00","dateModified":"2010-07-05T02:11:25+00:00","breadcrumb":{"@id":"https:\/\/sandzakpress.net\/arhiva\/najava-formiranja-bosnjackog-vijeca\/#breadcrumb"},"inLanguage":"bs-BA","potentialAction":[{"@type":"ReadAction","target":["https:\/\/sandzakpress.net\/arhiva\/najava-formiranja-bosnjackog-vijeca\/"]}]},{"@type":"ImageObject","inLanguage":"bs-BA","@id":"https:\/\/sandzakpress.net\/arhiva\/najava-formiranja-bosnjackog-vijeca\/#primaryimage","url":"https:\/\/sandzakpress.net\/arhiva\/wp-content\/uploads\/2010\/07\/29945_1256772743493_1354830998_549748_2636017_n.jpg","contentUrl":"https:\/\/sandzakpress.net\/arhiva\/wp-content\/uploads\/2010\/07\/29945_1256772743493_1354830998_549748_2636017_n.jpg","width":341,"height":270},{"@type":"BreadcrumbList","@id":"https:\/\/sandzakpress.net\/arhiva\/najava-formiranja-bosnjackog-vijeca\/#breadcrumb","itemListElement":[{"@type":"ListItem","position":1,"name":"Home","item":"https:\/\/sandzakpress.net\/arhiva\/"},{"@type":"ListItem","position":2,"name":"Najava formiranja Bo\u0161nja\u010dkog vije\u0107a"}]},{"@type":"WebSite","@id":"https:\/\/sandzakpress.net\/arhiva\/#website","url":"https:\/\/sandzakpress.net\/arhiva\/","name":"Sand\u017eak PRESS","description":"Prve elektronske novine u Sand\u017eaku","publisher":{"@id":"https:\/\/sandzakpress.net\/arhiva\/#\/schema\/person\/6e72b67d6e51910a1117b3b483ba20bd"},"potentialAction":[{"@type":"SearchAction","target":{"@type":"EntryPoint","urlTemplate":"https:\/\/sandzakpress.net\/arhiva\/?s={search_term_string}"},"query-input":{"@type":"PropertyValueSpecification","valueRequired":true,"valueName":"search_term_string"}}],"inLanguage":"bs-BA"},{"@type":["Person","Organization"],"@id":"https:\/\/sandzakpress.net\/arhiva\/#\/schema\/person\/6e72b67d6e51910a1117b3b483ba20bd","name":"Kul","image":{"@type":"ImageObject","inLanguage":"bs-BA","@id":"https:\/\/sandzakpress.net\/arhiva\/#\/schema\/person\/image\/","url":"https:\/\/secure.gravatar.com\/avatar\/42263f39aa27ac04c43cab85c280eb2e?s=96&d=mm&r=pg","contentUrl":"https:\/\/secure.gravatar.com\/avatar\/42263f39aa27ac04c43cab85c280eb2e?s=96&d=mm&r=pg","caption":"Kul"},"logo":{"@id":"https:\/\/sandzakpress.net\/arhiva\/#\/schema\/person\/image\/"}},{"@type":"Person","@id":"https:\/\/sandzakpress.net\/arhiva\/#\/schema\/person\/c8baee722073534b583ea7bdb2e36c02","name":"bosniak","image":{"@type":"ImageObject","inLanguage":"bs-BA","@id":"https:\/\/sandzakpress.net\/arhiva\/#\/schema\/person\/image\/","url":"https:\/\/secure.gravatar.com\/avatar\/a04fd330bfe3a36a72a0ad4a6d89fca7?s=96&d=mm&r=pg","contentUrl":"https:\/\/secure.gravatar.com\/avatar\/a04fd330bfe3a36a72a0ad4a6d89fca7?s=96&d=mm&r=pg","caption":"bosniak"},"url":"https:\/\/sandzakpress.net\/arhiva\/author\/bosniak\/"}]}},"_links":{"self":[{"href":"https:\/\/sandzakpress.net\/arhiva\/wp-json\/wp\/v2\/posts\/5961"}],"collection":[{"href":"https:\/\/sandzakpress.net\/arhiva\/wp-json\/wp\/v2\/posts"}],"about":[{"href":"https:\/\/sandzakpress.net\/arhiva\/wp-json\/wp\/v2\/types\/post"}],"author":[{"embeddable":true,"href":"https:\/\/sandzakpress.net\/arhiva\/wp-json\/wp\/v2\/users\/83"}],"replies":[{"embeddable":true,"href":"https:\/\/sandzakpress.net\/arhiva\/wp-json\/wp\/v2\/comments?post=5961"}],"version-history":[{"count":0,"href":"https:\/\/sandzakpress.net\/arhiva\/wp-json\/wp\/v2\/posts\/5961\/revisions"}],"wp:featuredmedia":[{"embeddable":true,"href":"https:\/\/sandzakpress.net\/arhiva\/wp-json\/wp\/v2\/media\/5962"}],"wp:attachment":[{"href":"https:\/\/sandzakpress.net\/arhiva\/wp-json\/wp\/v2\/media?parent=5961"}],"wp:term":[{"taxonomy":"category","embeddable":true,"href":"https:\/\/sandzakpress.net\/arhiva\/wp-json\/wp\/v2\/categories?post=5961"},{"taxonomy":"post_tag","embeddable":true,"href":"https:\/\/sandzakpress.net\/arhiva\/wp-json\/wp\/v2\/tags?post=5961"}],"curies":[{"name":"wp","href":"https:\/\/api.w.org\/{rel}","templated":true}]}}