{"id":59145,"date":"2012-12-21T17:53:26","date_gmt":"2012-12-21T16:53:26","guid":{"rendered":"https:\/\/sandzakpress.net\/arhiva\/?p=59145"},"modified":"2012-12-21T17:53:26","modified_gmt":"2012-12-21T16:53:26","slug":"plav-direktore-terete-za-smrt-starice-u-liftu","status":"publish","type":"post","link":"https:\/\/sandzakpress.net\/arhiva\/plav-direktore-terete-za-smrt-starice-u-liftu\/","title":{"rendered":"Plav: Direktore terete za smrt starice u liftu"},"content":{"rendered":"<p><strong><a href=\"https:\/\/sandzakpress.net\/arhiva\/wp-content\/uploads\/2012\/12\/elevator-original_2060270.jpg\"><img loading=\"lazy\" decoding=\"async\" class=\"alignleft size-medium wp-image-59146\" title=\"elevator-original_2060270\" src=\"https:\/\/sandzakpress.net\/arhiva\/wp-content\/uploads\/2012\/12\/elevator-original_2060270-300x225.jpg\" alt=\"\" width=\"300\" height=\"225\" \/><\/a>Plav &#8211; Advokat Munaver Ku\u010d podnio je ju\u010de vrhovnom dr\u017eavnom tu\u017eiocu Ranki \u010carapi\u0107 krivi\u010dnu prijavu protiv Bjelopoljca Fuada \u0160abovi\u0107a, vlasnika DOO \u201eIntesagrup\u201c, i Safeta Lje\u0161njanina, biv\u0161eg direktora Doma zdravlja \u201eDr Branko Zogovi\u0107\u201c, uz tvrdnju da su odgovorni za smrt Sabrije Pjetrovi\u0107, koja je u januaru 2010. godine u toj zdravstvenoj ustanovi prona\u0111ena mrtva na dnu otvora za lift. <\/strong><\/p>\n<p>Krivi\u010dna prijava po istom osnovu podnesena je i protiv NN lica koja su kriti\u010dne no\u0107i obavljala radne zadatke u Domu zdravlja Plav, kao i NN ovla\u0161\u0107enog lica \u2013 predstavnika Ministarstva zdravlja koji je zaklju\u010dio ugovor o izgradnji pomenutog lifta i izvo\u0111enju drugih gra\u0111evinskih radova.<br \/>\nU krivi\u010dnoj prijavi je nazna\u010deno da Fuad \u0160abovi\u0107, kao vlasnik DOO \u201eIntesagrup\u201c, nije posjedovao potrebnu dokumentaciju, kao ni gra\u0111evinsku dozvolu za izvo\u0111enje radova u plavskom Domu zdravlja i da je svojim ne\u010dinjenjem ugrozio op\u0161tu sigurnost. Istaknuto je da izvo\u0111a\u010d radova nije na propisan na\u010din obezbijedio otvor lifta u izgradnji, u koji je usled nehata upala Sabrija Pjetrovi\u0107 i nakon toga smrtno stradala.<br \/>\nAdvokat Ku\u010d je, kao opunomo\u0107enik porodice Pjetrovi\u0107, naglasio da i tada\u0161nji direktor plavskog Doma zdravlja Safet Lje\u0161njanin snosi krivi\u010dnopravnu odgovornost jer nije preduzeo sve zakonski potrebne radnje da prilikom odabira izvo\u0111a\u010da radova i zaklju\u010divanja ugovora obezbijedi sigurnost pacijenata i zaposlenih koji borave u pomenutoj ustanovi.<br \/>\n\u2013 Lje\u0161njanin u svojstvu odgovornog lica nije preduzeo potrebne aktivnosti u cilju provjere potrebnih sredstava za\u0161tite kod izvo\u0111a\u010da radova, niti je sprovodio aktivnosti u vezi sa redovnom kontrolom radova, iako mu je bilo op\u0161tepoznato da u toj zdravstvenoj ustanovi, i to u neposrednoj blizini bolesni\u010dkih soba, postoji potpuno neza\u0161ti\u0107en otvor za lift \u2013 navodi se u krivi\u010dnij prijavi.<br \/>\nUkazano je da ni ovla\u0161\u0107eni slu\u017ebenik Ministarstva zdravlja nije preduzeo nijednu adekvatnu radnju niti mjeru u cilju zakonitog odabira izvo\u0111a\u010da radova na izgradnji lifta u Domu zdravlja Plav, niti je nalo\u017eio direktoru Lje\u0161njaninu da na adekvatan na\u010din prati izvo\u0111enje gra\u0111evinskih radova u toj ustanovi, \u010dime je tako\u0111e doprinio smrti Sabrije Pjetrovi\u0107.<br \/>\nSedamdesetsedmogodi\u0161nja Sabrija Pjetrovi\u0107 iz Gusinja prona\u0111ena je mrtva 23. januara 2010. godine, ne\u0161to oko 4 sata ujutru, na dnu otvora za lift Doma zdravlja u Plavu, gdje je nekoliko dana prije toga primljena na stacionarno lije\u010denje. Tada\u0161nji direktor te zdravstvene ustanove dr Safet Lje\u0161njanin je tada izjavio da se pomenuti lift nalazio u fazi izgradnje i da je njegov otvor bio za\u0161ti\u0107en drvenom ogradom visine jedan metar.<br \/>\n\u2013 S obzirom na to da ograda nije o\u0161te\u0107ena, a da su kod kreveta pacijentkinje, u sobi u kojoj su smje\u0161tene jo\u0161 dvije bolesnice, prona\u0111ene papu\u010de, to ostavlja prostor za sumnju da je ta radnja namjerno izvr\u0161ena \u2013 izjavio je Lje\u0161njanin neposredno poslije smrti Sabrije Pjetrovi\u0107.\tD.J.<\/p>\n<p>(Dan)<\/p>\n","protected":false},"excerpt":{"rendered":"<p>Plav &#8211; Advokat Munaver Ku\u010d podnio je ju\u010de vrhovnom dr\u017eavnom tu\u017eiocu Ranki \u010carapi\u0107 krivi\u010dnu prijavu protiv Bjelopoljca Fuada \u0160abovi\u0107a, vlasnika DOO \u201eIntesagrup\u201c, i Safeta Lje\u0161njanina, biv\u0161eg direktora Doma zdravlja \u201eDr Branko Zogovi\u0107\u201c, uz tvrdnju da su odgovorni za smrt Sabrije Pjetrovi\u0107, koja je u januaru 2010. godine u toj zdravstvenoj ustanovi prona\u0111ena mrtva na dnu [&hellip;]<\/p>\n","protected":false},"author":16,"featured_media":59146,"comment_status":"open","ping_status":"open","sticky":false,"template":"","format":"standard","meta":{"footnotes":""},"categories":[399,801],"tags":[],"class_list":{"0":"post-59145","1":"post","2":"type-post","3":"status-publish","4":"format-standard","5":"has-post-thumbnail","7":"category-plav_","8":"category-crna_hronika"},"yoast_head":"<!-- This site is optimized with the Yoast SEO Premium plugin v23.1 (Yoast SEO v24.9) - https:\/\/yoast.com\/wordpress\/plugins\/seo\/ -->\n<title>Plav: Direktore terete za smrt starice u liftu<\/title>\n<meta name=\"robots\" content=\"index, follow, max-snippet:-1, max-image-preview:large, max-video-preview:-1\" \/>\n<link rel=\"canonical\" href=\"https:\/\/sandzakpress.net\/arhiva\/plav-direktore-terete-za-smrt-starice-u-liftu\/\" \/>\n<meta property=\"og:locale\" content=\"bs_BA\" \/>\n<meta property=\"og:type\" content=\"article\" \/>\n<meta property=\"og:title\" content=\"Plav: Direktore terete za smrt starice u liftu\" \/>\n<meta property=\"og:description\" content=\"Plav &#8211; Advokat Munaver Ku\u010d podnio je ju\u010de vrhovnom dr\u017eavnom tu\u017eiocu Ranki \u010carapi\u0107 krivi\u010dnu prijavu protiv Bjelopoljca Fuada \u0160abovi\u0107a, vlasnika DOO \u201eIntesagrup\u201c, i Safeta Lje\u0161njanina, biv\u0161eg direktora Doma zdravlja \u201eDr Branko Zogovi\u0107\u201c, uz tvrdnju da su odgovorni za smrt Sabrije Pjetrovi\u0107, koja je u januaru 2010. godine u toj zdravstvenoj ustanovi prona\u0111ena mrtva na dnu [&hellip;]\" \/>\n<meta property=\"og:url\" content=\"https:\/\/sandzakpress.net\/arhiva\/plav-direktore-terete-za-smrt-starice-u-liftu\/\" \/>\n<meta property=\"og:site_name\" content=\"Sand\u017eak PRESS\" \/>\n<meta property=\"article:published_time\" content=\"2012-12-21T16:53:26+00:00\" \/>\n<meta property=\"og:image\" content=\"https:\/\/sandzakpress.net\/arhiva\/wp-content\/uploads\/2012\/12\/elevator-original_2060270.jpg\" \/>\n\t<meta property=\"og:image:width\" content=\"616\" \/>\n\t<meta property=\"og:image:height\" content=\"462\" \/>\n\t<meta property=\"og:image:type\" content=\"image\/jpeg\" \/>\n<meta name=\"twitter:card\" content=\"summary_large_image\" \/>\n<meta name=\"twitter:label1\" content=\"Written by\" \/>\n\t<meta name=\"twitter:data1\" content=\"\" \/>\n\t<meta name=\"twitter:label2\" content=\"Est. reading time\" \/>\n\t<meta name=\"twitter:data2\" content=\"2 minute\" \/>\n<script type=\"application\/ld+json\" class=\"yoast-schema-graph\">{\"@context\":\"https:\/\/schema.org\",\"@graph\":[{\"@type\":\"Article\",\"@id\":\"https:\/\/sandzakpress.net\/arhiva\/plav-direktore-terete-za-smrt-starice-u-liftu\/#article\",\"isPartOf\":{\"@id\":\"https:\/\/sandzakpress.net\/arhiva\/plav-direktore-terete-za-smrt-starice-u-liftu\/\"},\"author\":{\"name\":\"\",\"@id\":\"\"},\"headline\":\"Plav: Direktore terete za smrt starice u liftu\",\"datePublished\":\"2012-12-21T16:53:26+00:00\",\"mainEntityOfPage\":{\"@id\":\"https:\/\/sandzakpress.net\/arhiva\/plav-direktore-terete-za-smrt-starice-u-liftu\/\"},\"wordCount\":497,\"commentCount\":0,\"publisher\":{\"@id\":\"https:\/\/sandzakpress.net\/arhiva\/#\/schema\/person\/6e72b67d6e51910a1117b3b483ba20bd\"},\"image\":{\"@id\":\"https:\/\/sandzakpress.net\/arhiva\/plav-direktore-terete-za-smrt-starice-u-liftu\/#primaryimage\"},\"thumbnailUrl\":\"https:\/\/sandzakpress.net\/arhiva\/wp-content\/uploads\/2012\/12\/elevator-original_2060270.jpg\",\"articleSection\":[\"Plav\",\"Hronika\"],\"inLanguage\":\"bs-BA\",\"potentialAction\":[{\"@type\":\"CommentAction\",\"name\":\"Comment\",\"target\":[\"https:\/\/sandzakpress.net\/arhiva\/plav-direktore-terete-za-smrt-starice-u-liftu\/#respond\"]}]},{\"@type\":\"WebPage\",\"@id\":\"https:\/\/sandzakpress.net\/arhiva\/plav-direktore-terete-za-smrt-starice-u-liftu\/\",\"url\":\"https:\/\/sandzakpress.net\/arhiva\/plav-direktore-terete-za-smrt-starice-u-liftu\/\",\"name\":\"Plav: Direktore terete za smrt starice u liftu\",\"isPartOf\":{\"@id\":\"https:\/\/sandzakpress.net\/arhiva\/#website\"},\"primaryImageOfPage\":{\"@id\":\"https:\/\/sandzakpress.net\/arhiva\/plav-direktore-terete-za-smrt-starice-u-liftu\/#primaryimage\"},\"image\":{\"@id\":\"https:\/\/sandzakpress.net\/arhiva\/plav-direktore-terete-za-smrt-starice-u-liftu\/#primaryimage\"},\"thumbnailUrl\":\"https:\/\/sandzakpress.net\/arhiva\/wp-content\/uploads\/2012\/12\/elevator-original_2060270.jpg\",\"datePublished\":\"2012-12-21T16:53:26+00:00\",\"breadcrumb\":{\"@id\":\"https:\/\/sandzakpress.net\/arhiva\/plav-direktore-terete-za-smrt-starice-u-liftu\/#breadcrumb\"},\"inLanguage\":\"bs-BA\",\"potentialAction\":[{\"@type\":\"ReadAction\",\"target\":[\"https:\/\/sandzakpress.net\/arhiva\/plav-direktore-terete-za-smrt-starice-u-liftu\/\"]}]},{\"@type\":\"ImageObject\",\"inLanguage\":\"bs-BA\",\"@id\":\"https:\/\/sandzakpress.net\/arhiva\/plav-direktore-terete-za-smrt-starice-u-liftu\/#primaryimage\",\"url\":\"https:\/\/sandzakpress.net\/arhiva\/wp-content\/uploads\/2012\/12\/elevator-original_2060270.jpg\",\"contentUrl\":\"https:\/\/sandzakpress.net\/arhiva\/wp-content\/uploads\/2012\/12\/elevator-original_2060270.jpg\",\"width\":616,\"height\":462},{\"@type\":\"BreadcrumbList\",\"@id\":\"https:\/\/sandzakpress.net\/arhiva\/plav-direktore-terete-za-smrt-starice-u-liftu\/#breadcrumb\",\"itemListElement\":[{\"@type\":\"ListItem\",\"position\":1,\"name\":\"Home\",\"item\":\"https:\/\/sandzakpress.net\/arhiva\/\"},{\"@type\":\"ListItem\",\"position\":2,\"name\":\"Plav: Direktore terete za smrt starice u liftu\"}]},{\"@type\":\"WebSite\",\"@id\":\"https:\/\/sandzakpress.net\/arhiva\/#website\",\"url\":\"https:\/\/sandzakpress.net\/arhiva\/\",\"name\":\"Sand\u017eak PRESS\",\"description\":\"Prve elektronske novine u Sand\u017eaku\",\"publisher\":{\"@id\":\"https:\/\/sandzakpress.net\/arhiva\/#\/schema\/person\/6e72b67d6e51910a1117b3b483ba20bd\"},\"potentialAction\":[{\"@type\":\"SearchAction\",\"target\":{\"@type\":\"EntryPoint\",\"urlTemplate\":\"https:\/\/sandzakpress.net\/arhiva\/?s={search_term_string}\"},\"query-input\":{\"@type\":\"PropertyValueSpecification\",\"valueRequired\":true,\"valueName\":\"search_term_string\"}}],\"inLanguage\":\"bs-BA\"},{\"@type\":[\"Person\",\"Organization\"],\"@id\":\"https:\/\/sandzakpress.net\/arhiva\/#\/schema\/person\/6e72b67d6e51910a1117b3b483ba20bd\",\"name\":\"Kul\",\"image\":{\"@type\":\"ImageObject\",\"inLanguage\":\"bs-BA\",\"@id\":\"https:\/\/sandzakpress.net\/arhiva\/#\/schema\/person\/image\/\",\"url\":\"https:\/\/secure.gravatar.com\/avatar\/42263f39aa27ac04c43cab85c280eb2e?s=96&d=mm&r=pg\",\"contentUrl\":\"https:\/\/secure.gravatar.com\/avatar\/42263f39aa27ac04c43cab85c280eb2e?s=96&d=mm&r=pg\",\"caption\":\"Kul\"},\"logo\":{\"@id\":\"https:\/\/sandzakpress.net\/arhiva\/#\/schema\/person\/image\/\"}},{\"@type\":\"Person\",\"@id\":\"\",\"url\":\"https:\/\/sandzakpress.net\/arhiva\/author\/\"}]}<\/script>\n<!-- \/ Yoast SEO Premium plugin. -->","yoast_head_json":{"title":"Plav: Direktore terete za smrt starice u liftu","robots":{"index":"index","follow":"follow","max-snippet":"max-snippet:-1","max-image-preview":"max-image-preview:large","max-video-preview":"max-video-preview:-1"},"canonical":"https:\/\/sandzakpress.net\/arhiva\/plav-direktore-terete-za-smrt-starice-u-liftu\/","og_locale":"bs_BA","og_type":"article","og_title":"Plav: Direktore terete za smrt starice u liftu","og_description":"Plav &#8211; Advokat Munaver Ku\u010d podnio je ju\u010de vrhovnom dr\u017eavnom tu\u017eiocu Ranki \u010carapi\u0107 krivi\u010dnu prijavu protiv Bjelopoljca Fuada \u0160abovi\u0107a, vlasnika DOO \u201eIntesagrup\u201c, i Safeta Lje\u0161njanina, biv\u0161eg direktora Doma zdravlja \u201eDr Branko Zogovi\u0107\u201c, uz tvrdnju da su odgovorni za smrt Sabrije Pjetrovi\u0107, koja je u januaru 2010. godine u toj zdravstvenoj ustanovi prona\u0111ena mrtva na dnu [&hellip;]","og_url":"https:\/\/sandzakpress.net\/arhiva\/plav-direktore-terete-za-smrt-starice-u-liftu\/","og_site_name":"Sand\u017eak PRESS","article_published_time":"2012-12-21T16:53:26+00:00","og_image":[{"width":616,"height":462,"url":"https:\/\/sandzakpress.net\/arhiva\/wp-content\/uploads\/2012\/12\/elevator-original_2060270.jpg","type":"image\/jpeg"}],"twitter_card":"summary_large_image","twitter_misc":{"Written by":"","Est. reading time":"2 minute"},"schema":{"@context":"https:\/\/schema.org","@graph":[{"@type":"Article","@id":"https:\/\/sandzakpress.net\/arhiva\/plav-direktore-terete-za-smrt-starice-u-liftu\/#article","isPartOf":{"@id":"https:\/\/sandzakpress.net\/arhiva\/plav-direktore-terete-za-smrt-starice-u-liftu\/"},"author":{"name":"","@id":""},"headline":"Plav: Direktore terete za smrt starice u liftu","datePublished":"2012-12-21T16:53:26+00:00","mainEntityOfPage":{"@id":"https:\/\/sandzakpress.net\/arhiva\/plav-direktore-terete-za-smrt-starice-u-liftu\/"},"wordCount":497,"commentCount":0,"publisher":{"@id":"https:\/\/sandzakpress.net\/arhiva\/#\/schema\/person\/6e72b67d6e51910a1117b3b483ba20bd"},"image":{"@id":"https:\/\/sandzakpress.net\/arhiva\/plav-direktore-terete-za-smrt-starice-u-liftu\/#primaryimage"},"thumbnailUrl":"https:\/\/sandzakpress.net\/arhiva\/wp-content\/uploads\/2012\/12\/elevator-original_2060270.jpg","articleSection":["Plav","Hronika"],"inLanguage":"bs-BA","potentialAction":[{"@type":"CommentAction","name":"Comment","target":["https:\/\/sandzakpress.net\/arhiva\/plav-direktore-terete-za-smrt-starice-u-liftu\/#respond"]}]},{"@type":"WebPage","@id":"https:\/\/sandzakpress.net\/arhiva\/plav-direktore-terete-za-smrt-starice-u-liftu\/","url":"https:\/\/sandzakpress.net\/arhiva\/plav-direktore-terete-za-smrt-starice-u-liftu\/","name":"Plav: Direktore terete za smrt starice u liftu","isPartOf":{"@id":"https:\/\/sandzakpress.net\/arhiva\/#website"},"primaryImageOfPage":{"@id":"https:\/\/sandzakpress.net\/arhiva\/plav-direktore-terete-za-smrt-starice-u-liftu\/#primaryimage"},"image":{"@id":"https:\/\/sandzakpress.net\/arhiva\/plav-direktore-terete-za-smrt-starice-u-liftu\/#primaryimage"},"thumbnailUrl":"https:\/\/sandzakpress.net\/arhiva\/wp-content\/uploads\/2012\/12\/elevator-original_2060270.jpg","datePublished":"2012-12-21T16:53:26+00:00","breadcrumb":{"@id":"https:\/\/sandzakpress.net\/arhiva\/plav-direktore-terete-za-smrt-starice-u-liftu\/#breadcrumb"},"inLanguage":"bs-BA","potentialAction":[{"@type":"ReadAction","target":["https:\/\/sandzakpress.net\/arhiva\/plav-direktore-terete-za-smrt-starice-u-liftu\/"]}]},{"@type":"ImageObject","inLanguage":"bs-BA","@id":"https:\/\/sandzakpress.net\/arhiva\/plav-direktore-terete-za-smrt-starice-u-liftu\/#primaryimage","url":"https:\/\/sandzakpress.net\/arhiva\/wp-content\/uploads\/2012\/12\/elevator-original_2060270.jpg","contentUrl":"https:\/\/sandzakpress.net\/arhiva\/wp-content\/uploads\/2012\/12\/elevator-original_2060270.jpg","width":616,"height":462},{"@type":"BreadcrumbList","@id":"https:\/\/sandzakpress.net\/arhiva\/plav-direktore-terete-za-smrt-starice-u-liftu\/#breadcrumb","itemListElement":[{"@type":"ListItem","position":1,"name":"Home","item":"https:\/\/sandzakpress.net\/arhiva\/"},{"@type":"ListItem","position":2,"name":"Plav: Direktore terete za smrt starice u liftu"}]},{"@type":"WebSite","@id":"https:\/\/sandzakpress.net\/arhiva\/#website","url":"https:\/\/sandzakpress.net\/arhiva\/","name":"Sand\u017eak PRESS","description":"Prve elektronske novine u Sand\u017eaku","publisher":{"@id":"https:\/\/sandzakpress.net\/arhiva\/#\/schema\/person\/6e72b67d6e51910a1117b3b483ba20bd"},"potentialAction":[{"@type":"SearchAction","target":{"@type":"EntryPoint","urlTemplate":"https:\/\/sandzakpress.net\/arhiva\/?s={search_term_string}"},"query-input":{"@type":"PropertyValueSpecification","valueRequired":true,"valueName":"search_term_string"}}],"inLanguage":"bs-BA"},{"@type":["Person","Organization"],"@id":"https:\/\/sandzakpress.net\/arhiva\/#\/schema\/person\/6e72b67d6e51910a1117b3b483ba20bd","name":"Kul","image":{"@type":"ImageObject","inLanguage":"bs-BA","@id":"https:\/\/sandzakpress.net\/arhiva\/#\/schema\/person\/image\/","url":"https:\/\/secure.gravatar.com\/avatar\/42263f39aa27ac04c43cab85c280eb2e?s=96&d=mm&r=pg","contentUrl":"https:\/\/secure.gravatar.com\/avatar\/42263f39aa27ac04c43cab85c280eb2e?s=96&d=mm&r=pg","caption":"Kul"},"logo":{"@id":"https:\/\/sandzakpress.net\/arhiva\/#\/schema\/person\/image\/"}},{"@type":"Person","@id":"","url":"https:\/\/sandzakpress.net\/arhiva\/author\/"}]}},"_links":{"self":[{"href":"https:\/\/sandzakpress.net\/arhiva\/wp-json\/wp\/v2\/posts\/59145"}],"collection":[{"href":"https:\/\/sandzakpress.net\/arhiva\/wp-json\/wp\/v2\/posts"}],"about":[{"href":"https:\/\/sandzakpress.net\/arhiva\/wp-json\/wp\/v2\/types\/post"}],"author":[{"embeddable":true,"href":"https:\/\/sandzakpress.net\/arhiva\/wp-json\/wp\/v2\/users\/16"}],"replies":[{"embeddable":true,"href":"https:\/\/sandzakpress.net\/arhiva\/wp-json\/wp\/v2\/comments?post=59145"}],"version-history":[{"count":0,"href":"https:\/\/sandzakpress.net\/arhiva\/wp-json\/wp\/v2\/posts\/59145\/revisions"}],"wp:featuredmedia":[{"embeddable":true,"href":"https:\/\/sandzakpress.net\/arhiva\/wp-json\/wp\/v2\/media\/59146"}],"wp:attachment":[{"href":"https:\/\/sandzakpress.net\/arhiva\/wp-json\/wp\/v2\/media?parent=59145"}],"wp:term":[{"taxonomy":"category","embeddable":true,"href":"https:\/\/sandzakpress.net\/arhiva\/wp-json\/wp\/v2\/categories?post=59145"},{"taxonomy":"post_tag","embeddable":true,"href":"https:\/\/sandzakpress.net\/arhiva\/wp-json\/wp\/v2\/tags?post=59145"}],"curies":[{"name":"wp","href":"https:\/\/api.w.org\/{rel}","templated":true}]}}