{"id":59101,"date":"2012-12-21T17:02:37","date_gmt":"2012-12-21T16:02:37","guid":{"rendered":"https:\/\/sandzakpress.net\/arhiva\/?p=59101"},"modified":"2012-12-21T17:02:37","modified_gmt":"2012-12-21T16:02:37","slug":"usvojen-budzet-grada-za-2013-godinu-i-rebalans-budzeta-za-tekucu-godinu","status":"publish","type":"post","link":"https:\/\/sandzakpress.net\/arhiva\/usvojen-budzet-grada-za-2013-godinu-i-rebalans-budzeta-za-tekucu-godinu\/","title":{"rendered":"Usvojen bud\u017eet grada za 2013.godinu i rebalans bud\u017eeta za teku\u0107u godinu"},"content":{"rendered":"<p><strong><a href=\"https:\/\/sandzakpress.net\/arhiva\/wp-content\/uploads\/2012\/12\/20.12_skupstina_1.jpg\"><img loading=\"lazy\" decoding=\"async\" class=\"alignleft size-medium wp-image-59102\" title=\"20.12_skupstina_1\" src=\"https:\/\/sandzakpress.net\/arhiva\/wp-content\/uploads\/2012\/12\/20.12_skupstina_1-300x199.jpg\" alt=\"\" width=\"300\" height=\"199\" \/><\/a>Novi Pazar &#8211; Bud\u017eet grada Novog Pazara za predstoje\u0107u 2013.godinu usvojen je glasovima odborni\u010dke ve\u0107ina na petoj po redu sjednici Skup\u0161tine. <\/strong><\/p>\n<p>Osim predloga bud\u017eeta za narednu, pred odbornicima se na\u0161ao i tre\u0107i rebalans bud\u017eeta za teku\u0107u 2012. godinu. Obe ta\u010dke dnevnog reda usvojene su nakon obrazlo\u017eenja izvestioca i odborni\u010dkih rasprava. Povodom usvajanja bud\u017eeta za slede\u0107u godinu, koji je projektovan na iznos od 2 miljarde 341 milion dinara, predsjednik Skup\u0161tine, Fuad Ba\u0107i\u0107anin rekao je re\u010d o aktu koji projektuje maksimalnu u\u0161tedu sredstava.<\/p>\n<p>\u201eU pitanju je restrktivan bud\u017eet, a javnom u\u0161tedom planiram oda maksimalno rastere\u0107eni problema u\u0111emo u 2013. godinu\u201c, rekao je Ba\u0107i\u0107anin, nagla\u0161avaju\u0107i da su u pored aktuelne ekonomske situacije, planirane zna\u010dajne investicije u koje \u0107e biti ulo\u017een deo sredstava. \u0160ef odoborni\u010dke grupe Za evropski Novi Pazar, Muamer Ba\u010devac istakao je i izjavi za medije da je i gradona\u010delnik, dr Meho Mahmutovi\u0107 kao zakoniti izvr\u0161ilac bud\u017eeta, pored izvestioca vrlo jasno predstavio bud\u017eet za narednu godinu.<\/p>\n<p>\u201eRe\u010d je o restriktivnom bud\u017eetu, a na\u0161 prioritet bi\u0107e re\u0161avanje socijalno ekonomskih pitanja. Na nama je da imid\u017e ovog otvoreng grada sa\u010duvamo i unapredimo, u \u0161ta \u0107emo ulo\u017eiti svu snagu i raspolo\u017eiva finansijska sredstva.\u201c<\/p>\n<p>Ba\u010devac je isto tako prokomentarisao vezano za stranku BDZ kao \u201eneozbiljan nastavak kampanje koja je po BDZ dala lo\u0161 rezultat\u201c.<\/p>\n<p>\u201eRe\u010d je o poku\u0161aju pojedinih elemenata odborni\u010dke grupe BDZ da na sebe skre\u0107u pa\u017enju nekakvim trikovima. Takvim potezima nije mjesto u Skup\u0161tini, jer nama su gra\u0111ani dali mandat da u okviru ozbiljne institucije donosimo odluke od va\u017enosti za budu\u0107nost svih Novopazaraca&#8221; rekao je Ba\u010devac.<\/p>\n<p>\u0160ef Odborni\u010dke grupe Stranke demokratske akcije , Fahrudin \u0110eki\u0107 ponovio je da da je \u201eu pitanju realan akt\u201c, a da \u201e\u010dinjenica da je definisan restriktivan bud\u017eet potvr\u0111uje nastojanje gradskih vlasti da pobolj\u0161aju trenutno ne tako povoljno ekonomsko stanje u gradu\u201c.<\/p>\n<p>Na petoj ovogodi\u0161njoj sjednici Skup\u0161tine verifikovan je mandat \u010dlanu Stranke demokratske akcije, koji \u0107e du\u017enost odbornika obavljati umesto Golo\u0161 Fuada. \u010clan Srpske napredne stranke i Srpske liste Milivoje Milanovi\u0107, imenovan je odlukom odbornika u aktuelnom sazivu za \u010dlana Gradskog vije\u0107a grada Novog Pazara.<\/p>\n<p>(novipazar)<\/p>\n","protected":false},"excerpt":{"rendered":"<p>Novi Pazar &#8211; Bud\u017eet grada Novog Pazara za predstoje\u0107u 2013.godinu usvojen je glasovima odborni\u010dke ve\u0107ina na petoj po redu sjednici Skup\u0161tine. Osim predloga bud\u017eeta za narednu, pred odbornicima se na\u0161ao i tre\u0107i rebalans bud\u017eeta za teku\u0107u 2012. godinu. Obe ta\u010dke dnevnog reda usvojene su nakon obrazlo\u017eenja izvestioca i odborni\u010dkih rasprava. Povodom usvajanja bud\u017eeta za slede\u0107u [&hellip;]<\/p>\n","protected":false},"author":16,"featured_media":59102,"comment_status":"open","ping_status":"open","sticky":false,"template":"","format":"standard","meta":{"footnotes":""},"categories":[72,1],"tags":[],"class_list":{"0":"post-59101","1":"post","2":"type-post","3":"status-publish","4":"format-standard","5":"has-post-thumbnail","7":"category-novi-pazar","8":"category-politika"},"yoast_head":"<!-- This site is optimized with the Yoast SEO Premium plugin v23.1 (Yoast SEO v24.9) - https:\/\/yoast.com\/wordpress\/plugins\/seo\/ -->\n<title>Usvojen bud\u017eet grada za 2013.godinu i rebalans bud\u017eeta za teku\u0107u godinu<\/title>\n<meta name=\"robots\" content=\"index, follow, max-snippet:-1, max-image-preview:large, max-video-preview:-1\" \/>\n<link rel=\"canonical\" href=\"https:\/\/sandzakpress.net\/arhiva\/usvojen-budzet-grada-za-2013-godinu-i-rebalans-budzeta-za-tekucu-godinu\/\" \/>\n<meta property=\"og:locale\" content=\"bs_BA\" \/>\n<meta property=\"og:type\" content=\"article\" \/>\n<meta property=\"og:title\" content=\"Usvojen bud\u017eet grada za 2013.godinu i rebalans bud\u017eeta za teku\u0107u godinu\" \/>\n<meta property=\"og:description\" content=\"Novi Pazar &#8211; Bud\u017eet grada Novog Pazara za predstoje\u0107u 2013.godinu usvojen je glasovima odborni\u010dke ve\u0107ina na petoj po redu sjednici Skup\u0161tine. Osim predloga bud\u017eeta za narednu, pred odbornicima se na\u0161ao i tre\u0107i rebalans bud\u017eeta za teku\u0107u 2012. godinu. Obe ta\u010dke dnevnog reda usvojene su nakon obrazlo\u017eenja izvestioca i odborni\u010dkih rasprava. Povodom usvajanja bud\u017eeta za slede\u0107u [&hellip;]\" \/>\n<meta property=\"og:url\" content=\"https:\/\/sandzakpress.net\/arhiva\/usvojen-budzet-grada-za-2013-godinu-i-rebalans-budzeta-za-tekucu-godinu\/\" \/>\n<meta property=\"og:site_name\" content=\"Sand\u017eak PRESS\" \/>\n<meta property=\"article:published_time\" content=\"2012-12-21T16:02:37+00:00\" \/>\n<meta property=\"og:image\" content=\"https:\/\/sandzakpress.net\/arhiva\/wp-content\/uploads\/2012\/12\/20.12_skupstina_1.jpg\" \/>\n\t<meta property=\"og:image:width\" content=\"616\" \/>\n\t<meta property=\"og:image:height\" content=\"409\" \/>\n\t<meta property=\"og:image:type\" content=\"image\/jpeg\" \/>\n<meta name=\"twitter:card\" content=\"summary_large_image\" \/>\n<meta name=\"twitter:label1\" content=\"Written by\" \/>\n\t<meta name=\"twitter:data1\" content=\"\" \/>\n\t<meta name=\"twitter:label2\" content=\"Est. reading time\" \/>\n\t<meta name=\"twitter:data2\" content=\"2 minute\" \/>\n<script type=\"application\/ld+json\" class=\"yoast-schema-graph\">{\"@context\":\"https:\/\/schema.org\",\"@graph\":[{\"@type\":\"Article\",\"@id\":\"https:\/\/sandzakpress.net\/arhiva\/usvojen-budzet-grada-za-2013-godinu-i-rebalans-budzeta-za-tekucu-godinu\/#article\",\"isPartOf\":{\"@id\":\"https:\/\/sandzakpress.net\/arhiva\/usvojen-budzet-grada-za-2013-godinu-i-rebalans-budzeta-za-tekucu-godinu\/\"},\"author\":{\"name\":\"\",\"@id\":\"\"},\"headline\":\"Usvojen bud\u017eet grada za 2013.godinu i rebalans bud\u017eeta za teku\u0107u godinu\",\"datePublished\":\"2012-12-21T16:02:37+00:00\",\"mainEntityOfPage\":{\"@id\":\"https:\/\/sandzakpress.net\/arhiva\/usvojen-budzet-grada-za-2013-godinu-i-rebalans-budzeta-za-tekucu-godinu\/\"},\"wordCount\":404,\"commentCount\":0,\"publisher\":{\"@id\":\"https:\/\/sandzakpress.net\/arhiva\/#\/schema\/person\/6e72b67d6e51910a1117b3b483ba20bd\"},\"image\":{\"@id\":\"https:\/\/sandzakpress.net\/arhiva\/usvojen-budzet-grada-za-2013-godinu-i-rebalans-budzeta-za-tekucu-godinu\/#primaryimage\"},\"thumbnailUrl\":\"https:\/\/sandzakpress.net\/arhiva\/wp-content\/uploads\/2012\/12\/20.12_skupstina_1.jpg\",\"articleSection\":[\"Novi Pazar\",\"Politika\"],\"inLanguage\":\"bs-BA\",\"potentialAction\":[{\"@type\":\"CommentAction\",\"name\":\"Comment\",\"target\":[\"https:\/\/sandzakpress.net\/arhiva\/usvojen-budzet-grada-za-2013-godinu-i-rebalans-budzeta-za-tekucu-godinu\/#respond\"]}]},{\"@type\":\"WebPage\",\"@id\":\"https:\/\/sandzakpress.net\/arhiva\/usvojen-budzet-grada-za-2013-godinu-i-rebalans-budzeta-za-tekucu-godinu\/\",\"url\":\"https:\/\/sandzakpress.net\/arhiva\/usvojen-budzet-grada-za-2013-godinu-i-rebalans-budzeta-za-tekucu-godinu\/\",\"name\":\"Usvojen bud\u017eet grada za 2013.godinu i rebalans bud\u017eeta za teku\u0107u godinu\",\"isPartOf\":{\"@id\":\"https:\/\/sandzakpress.net\/arhiva\/#website\"},\"primaryImageOfPage\":{\"@id\":\"https:\/\/sandzakpress.net\/arhiva\/usvojen-budzet-grada-za-2013-godinu-i-rebalans-budzeta-za-tekucu-godinu\/#primaryimage\"},\"image\":{\"@id\":\"https:\/\/sandzakpress.net\/arhiva\/usvojen-budzet-grada-za-2013-godinu-i-rebalans-budzeta-za-tekucu-godinu\/#primaryimage\"},\"thumbnailUrl\":\"https:\/\/sandzakpress.net\/arhiva\/wp-content\/uploads\/2012\/12\/20.12_skupstina_1.jpg\",\"datePublished\":\"2012-12-21T16:02:37+00:00\",\"breadcrumb\":{\"@id\":\"https:\/\/sandzakpress.net\/arhiva\/usvojen-budzet-grada-za-2013-godinu-i-rebalans-budzeta-za-tekucu-godinu\/#breadcrumb\"},\"inLanguage\":\"bs-BA\",\"potentialAction\":[{\"@type\":\"ReadAction\",\"target\":[\"https:\/\/sandzakpress.net\/arhiva\/usvojen-budzet-grada-za-2013-godinu-i-rebalans-budzeta-za-tekucu-godinu\/\"]}]},{\"@type\":\"ImageObject\",\"inLanguage\":\"bs-BA\",\"@id\":\"https:\/\/sandzakpress.net\/arhiva\/usvojen-budzet-grada-za-2013-godinu-i-rebalans-budzeta-za-tekucu-godinu\/#primaryimage\",\"url\":\"https:\/\/sandzakpress.net\/arhiva\/wp-content\/uploads\/2012\/12\/20.12_skupstina_1.jpg\",\"contentUrl\":\"https:\/\/sandzakpress.net\/arhiva\/wp-content\/uploads\/2012\/12\/20.12_skupstina_1.jpg\",\"width\":616,\"height\":409},{\"@type\":\"BreadcrumbList\",\"@id\":\"https:\/\/sandzakpress.net\/arhiva\/usvojen-budzet-grada-za-2013-godinu-i-rebalans-budzeta-za-tekucu-godinu\/#breadcrumb\",\"itemListElement\":[{\"@type\":\"ListItem\",\"position\":1,\"name\":\"Home\",\"item\":\"https:\/\/sandzakpress.net\/arhiva\/\"},{\"@type\":\"ListItem\",\"position\":2,\"name\":\"Usvojen bud\u017eet grada za 2013.godinu i rebalans bud\u017eeta za teku\u0107u godinu\"}]},{\"@type\":\"WebSite\",\"@id\":\"https:\/\/sandzakpress.net\/arhiva\/#website\",\"url\":\"https:\/\/sandzakpress.net\/arhiva\/\",\"name\":\"Sand\u017eak PRESS\",\"description\":\"Prve elektronske novine u Sand\u017eaku\",\"publisher\":{\"@id\":\"https:\/\/sandzakpress.net\/arhiva\/#\/schema\/person\/6e72b67d6e51910a1117b3b483ba20bd\"},\"potentialAction\":[{\"@type\":\"SearchAction\",\"target\":{\"@type\":\"EntryPoint\",\"urlTemplate\":\"https:\/\/sandzakpress.net\/arhiva\/?s={search_term_string}\"},\"query-input\":{\"@type\":\"PropertyValueSpecification\",\"valueRequired\":true,\"valueName\":\"search_term_string\"}}],\"inLanguage\":\"bs-BA\"},{\"@type\":[\"Person\",\"Organization\"],\"@id\":\"https:\/\/sandzakpress.net\/arhiva\/#\/schema\/person\/6e72b67d6e51910a1117b3b483ba20bd\",\"name\":\"Kul\",\"image\":{\"@type\":\"ImageObject\",\"inLanguage\":\"bs-BA\",\"@id\":\"https:\/\/sandzakpress.net\/arhiva\/#\/schema\/person\/image\/\",\"url\":\"https:\/\/secure.gravatar.com\/avatar\/42263f39aa27ac04c43cab85c280eb2e?s=96&d=mm&r=pg\",\"contentUrl\":\"https:\/\/secure.gravatar.com\/avatar\/42263f39aa27ac04c43cab85c280eb2e?s=96&d=mm&r=pg\",\"caption\":\"Kul\"},\"logo\":{\"@id\":\"https:\/\/sandzakpress.net\/arhiva\/#\/schema\/person\/image\/\"}},{\"@type\":\"Person\",\"@id\":\"\",\"url\":\"https:\/\/sandzakpress.net\/arhiva\/author\/\"}]}<\/script>\n<!-- \/ Yoast SEO Premium plugin. -->","yoast_head_json":{"title":"Usvojen bud\u017eet grada za 2013.godinu i rebalans bud\u017eeta za teku\u0107u godinu","robots":{"index":"index","follow":"follow","max-snippet":"max-snippet:-1","max-image-preview":"max-image-preview:large","max-video-preview":"max-video-preview:-1"},"canonical":"https:\/\/sandzakpress.net\/arhiva\/usvojen-budzet-grada-za-2013-godinu-i-rebalans-budzeta-za-tekucu-godinu\/","og_locale":"bs_BA","og_type":"article","og_title":"Usvojen bud\u017eet grada za 2013.godinu i rebalans bud\u017eeta za teku\u0107u godinu","og_description":"Novi Pazar &#8211; Bud\u017eet grada Novog Pazara za predstoje\u0107u 2013.godinu usvojen je glasovima odborni\u010dke ve\u0107ina na petoj po redu sjednici Skup\u0161tine. Osim predloga bud\u017eeta za narednu, pred odbornicima se na\u0161ao i tre\u0107i rebalans bud\u017eeta za teku\u0107u 2012. godinu. Obe ta\u010dke dnevnog reda usvojene su nakon obrazlo\u017eenja izvestioca i odborni\u010dkih rasprava. Povodom usvajanja bud\u017eeta za slede\u0107u [&hellip;]","og_url":"https:\/\/sandzakpress.net\/arhiva\/usvojen-budzet-grada-za-2013-godinu-i-rebalans-budzeta-za-tekucu-godinu\/","og_site_name":"Sand\u017eak PRESS","article_published_time":"2012-12-21T16:02:37+00:00","og_image":[{"width":616,"height":409,"url":"https:\/\/sandzakpress.net\/arhiva\/wp-content\/uploads\/2012\/12\/20.12_skupstina_1.jpg","type":"image\/jpeg"}],"twitter_card":"summary_large_image","twitter_misc":{"Written by":"","Est. reading time":"2 minute"},"schema":{"@context":"https:\/\/schema.org","@graph":[{"@type":"Article","@id":"https:\/\/sandzakpress.net\/arhiva\/usvojen-budzet-grada-za-2013-godinu-i-rebalans-budzeta-za-tekucu-godinu\/#article","isPartOf":{"@id":"https:\/\/sandzakpress.net\/arhiva\/usvojen-budzet-grada-za-2013-godinu-i-rebalans-budzeta-za-tekucu-godinu\/"},"author":{"name":"","@id":""},"headline":"Usvojen bud\u017eet grada za 2013.godinu i rebalans bud\u017eeta za teku\u0107u godinu","datePublished":"2012-12-21T16:02:37+00:00","mainEntityOfPage":{"@id":"https:\/\/sandzakpress.net\/arhiva\/usvojen-budzet-grada-za-2013-godinu-i-rebalans-budzeta-za-tekucu-godinu\/"},"wordCount":404,"commentCount":0,"publisher":{"@id":"https:\/\/sandzakpress.net\/arhiva\/#\/schema\/person\/6e72b67d6e51910a1117b3b483ba20bd"},"image":{"@id":"https:\/\/sandzakpress.net\/arhiva\/usvojen-budzet-grada-za-2013-godinu-i-rebalans-budzeta-za-tekucu-godinu\/#primaryimage"},"thumbnailUrl":"https:\/\/sandzakpress.net\/arhiva\/wp-content\/uploads\/2012\/12\/20.12_skupstina_1.jpg","articleSection":["Novi Pazar","Politika"],"inLanguage":"bs-BA","potentialAction":[{"@type":"CommentAction","name":"Comment","target":["https:\/\/sandzakpress.net\/arhiva\/usvojen-budzet-grada-za-2013-godinu-i-rebalans-budzeta-za-tekucu-godinu\/#respond"]}]},{"@type":"WebPage","@id":"https:\/\/sandzakpress.net\/arhiva\/usvojen-budzet-grada-za-2013-godinu-i-rebalans-budzeta-za-tekucu-godinu\/","url":"https:\/\/sandzakpress.net\/arhiva\/usvojen-budzet-grada-za-2013-godinu-i-rebalans-budzeta-za-tekucu-godinu\/","name":"Usvojen bud\u017eet grada za 2013.godinu i rebalans bud\u017eeta za teku\u0107u godinu","isPartOf":{"@id":"https:\/\/sandzakpress.net\/arhiva\/#website"},"primaryImageOfPage":{"@id":"https:\/\/sandzakpress.net\/arhiva\/usvojen-budzet-grada-za-2013-godinu-i-rebalans-budzeta-za-tekucu-godinu\/#primaryimage"},"image":{"@id":"https:\/\/sandzakpress.net\/arhiva\/usvojen-budzet-grada-za-2013-godinu-i-rebalans-budzeta-za-tekucu-godinu\/#primaryimage"},"thumbnailUrl":"https:\/\/sandzakpress.net\/arhiva\/wp-content\/uploads\/2012\/12\/20.12_skupstina_1.jpg","datePublished":"2012-12-21T16:02:37+00:00","breadcrumb":{"@id":"https:\/\/sandzakpress.net\/arhiva\/usvojen-budzet-grada-za-2013-godinu-i-rebalans-budzeta-za-tekucu-godinu\/#breadcrumb"},"inLanguage":"bs-BA","potentialAction":[{"@type":"ReadAction","target":["https:\/\/sandzakpress.net\/arhiva\/usvojen-budzet-grada-za-2013-godinu-i-rebalans-budzeta-za-tekucu-godinu\/"]}]},{"@type":"ImageObject","inLanguage":"bs-BA","@id":"https:\/\/sandzakpress.net\/arhiva\/usvojen-budzet-grada-za-2013-godinu-i-rebalans-budzeta-za-tekucu-godinu\/#primaryimage","url":"https:\/\/sandzakpress.net\/arhiva\/wp-content\/uploads\/2012\/12\/20.12_skupstina_1.jpg","contentUrl":"https:\/\/sandzakpress.net\/arhiva\/wp-content\/uploads\/2012\/12\/20.12_skupstina_1.jpg","width":616,"height":409},{"@type":"BreadcrumbList","@id":"https:\/\/sandzakpress.net\/arhiva\/usvojen-budzet-grada-za-2013-godinu-i-rebalans-budzeta-za-tekucu-godinu\/#breadcrumb","itemListElement":[{"@type":"ListItem","position":1,"name":"Home","item":"https:\/\/sandzakpress.net\/arhiva\/"},{"@type":"ListItem","position":2,"name":"Usvojen bud\u017eet grada za 2013.godinu i rebalans bud\u017eeta za teku\u0107u godinu"}]},{"@type":"WebSite","@id":"https:\/\/sandzakpress.net\/arhiva\/#website","url":"https:\/\/sandzakpress.net\/arhiva\/","name":"Sand\u017eak PRESS","description":"Prve elektronske novine u Sand\u017eaku","publisher":{"@id":"https:\/\/sandzakpress.net\/arhiva\/#\/schema\/person\/6e72b67d6e51910a1117b3b483ba20bd"},"potentialAction":[{"@type":"SearchAction","target":{"@type":"EntryPoint","urlTemplate":"https:\/\/sandzakpress.net\/arhiva\/?s={search_term_string}"},"query-input":{"@type":"PropertyValueSpecification","valueRequired":true,"valueName":"search_term_string"}}],"inLanguage":"bs-BA"},{"@type":["Person","Organization"],"@id":"https:\/\/sandzakpress.net\/arhiva\/#\/schema\/person\/6e72b67d6e51910a1117b3b483ba20bd","name":"Kul","image":{"@type":"ImageObject","inLanguage":"bs-BA","@id":"https:\/\/sandzakpress.net\/arhiva\/#\/schema\/person\/image\/","url":"https:\/\/secure.gravatar.com\/avatar\/42263f39aa27ac04c43cab85c280eb2e?s=96&d=mm&r=pg","contentUrl":"https:\/\/secure.gravatar.com\/avatar\/42263f39aa27ac04c43cab85c280eb2e?s=96&d=mm&r=pg","caption":"Kul"},"logo":{"@id":"https:\/\/sandzakpress.net\/arhiva\/#\/schema\/person\/image\/"}},{"@type":"Person","@id":"","url":"https:\/\/sandzakpress.net\/arhiva\/author\/"}]}},"_links":{"self":[{"href":"https:\/\/sandzakpress.net\/arhiva\/wp-json\/wp\/v2\/posts\/59101"}],"collection":[{"href":"https:\/\/sandzakpress.net\/arhiva\/wp-json\/wp\/v2\/posts"}],"about":[{"href":"https:\/\/sandzakpress.net\/arhiva\/wp-json\/wp\/v2\/types\/post"}],"author":[{"embeddable":true,"href":"https:\/\/sandzakpress.net\/arhiva\/wp-json\/wp\/v2\/users\/16"}],"replies":[{"embeddable":true,"href":"https:\/\/sandzakpress.net\/arhiva\/wp-json\/wp\/v2\/comments?post=59101"}],"version-history":[{"count":0,"href":"https:\/\/sandzakpress.net\/arhiva\/wp-json\/wp\/v2\/posts\/59101\/revisions"}],"wp:featuredmedia":[{"embeddable":true,"href":"https:\/\/sandzakpress.net\/arhiva\/wp-json\/wp\/v2\/media\/59102"}],"wp:attachment":[{"href":"https:\/\/sandzakpress.net\/arhiva\/wp-json\/wp\/v2\/media?parent=59101"}],"wp:term":[{"taxonomy":"category","embeddable":true,"href":"https:\/\/sandzakpress.net\/arhiva\/wp-json\/wp\/v2\/categories?post=59101"},{"taxonomy":"post_tag","embeddable":true,"href":"https:\/\/sandzakpress.net\/arhiva\/wp-json\/wp\/v2\/tags?post=59101"}],"curies":[{"name":"wp","href":"https:\/\/api.w.org\/{rel}","templated":true}]}}