{"id":59095,"date":"2012-12-21T16:53:17","date_gmt":"2012-12-21T15:53:17","guid":{"rendered":"https:\/\/sandzakpress.net\/arhiva\/?p=59095"},"modified":"2012-12-21T16:53:17","modified_gmt":"2012-12-21T15:53:17","slug":"srbija-i-15-godina-kasnije-nastavlja-propagandnu-borbu-milosevica","status":"publish","type":"post","link":"https:\/\/sandzakpress.net\/arhiva\/srbija-i-15-godina-kasnije-nastavlja-propagandnu-borbu-milosevica\/","title":{"rendered":"Srbija i 15 godina kasnije nastavlja propagandnu borbu Milo\u0161evi\u0107a"},"content":{"rendered":"<p><strong><a href=\"https:\/\/sandzakpress.net\/arhiva\/wp-content\/uploads\/2012\/12\/ramush.jpg\"><img loading=\"lazy\" decoding=\"async\" class=\"alignleft size-medium wp-image-59096\" title=\"ramush\" src=\"https:\/\/sandzakpress.net\/arhiva\/wp-content\/uploads\/2012\/12\/ramush-300x171.jpg\" alt=\"\" width=\"300\" height=\"171\" \/><\/a>Kosovo &#8211; Komandant biv\u0161e Oslobodila\u010dke vojske Kosova (OVK\/U\u00c7K) Ramush Haradinaj izjavio je da Srbima nudi iskrenost, da pregovore sa Beogradom prihvata kao biznis, da nije bilo trgovine organima otetih Srba i da su u Srbiji gra\u0111ani pogre\u0161no informisani o ratnim zlo\u010dinima, ali da on to pitanje vi\u0161e ne\u0107e da razja\u0161njava.<\/strong><\/p>\n<p>&#8220;Ta strast ima kraj. Zavr\u0161eno. Nemam nikakvu volju da i\u0161ta razja\u0161njavam. To mi\u0161ljenje u Srbiji je va\u0161a sudbina, \u017eivite sa time ako nemate kapacitet da prihvatite istinu. Ako la\u017eete svoj narod, a ja vidim \u0161ta se radi u Srbiji, onda, izvinite, sami ste tako odabrali. Sud je potvrdio da nije istina sve \u0161to se tvrdilo o meni&#8221;, rekao je Haradinaj u intervjuu za beogradski nedeljnik NIN.<\/p>\n<p>Haradinaj, koji je nedavno pred Ha\u0161kim tribunalom oslobo\u0111en optu\u017ebi za ratne zlo\u010dine nad Srbima, odbio je da u intervjuu detaljnije odgovara na pitanja o ratnim zlo\u010dinima, a NIN pi\u0161e da ga ta pitanja &#8220;izvode iz takta i izuzetno nerviraju&#8221; i da o tome ne \u017eeli da govori, jer su mu, kako ka\u017ee, takva pitanja dosadila poslije osam godina. Haradinaj je na pitanje \u0161ta je ta\u010dno o ratnim zlo\u010dinima i njihovom procesuiranju odgovorio da je digao ruke od toga da i\u0161ta razja\u0161njava.<\/p>\n<p>&#8220;U Srbiji nedostaje volja za to. Fali volja u Vladi, kod politi\u010dara, pa i u civilnom dru\u0161tvu. Kada sam video ko je sve iznena\u0111en odlukom suda u vezi sa mnom, onda sam shvatio da ne\u0161to nije u redu, jer me\u0111u njima ima onih koji znaju \u0161ta je bio taj proces. Oni odli\u010dno znaju da su ljudima davani papiri sa kojih su morali da \u010ditaju \u0161ta je napisano i znaju \u0161ta je sud rekao o tome. O-kej, nastavljate, tu pri\u010du, \u017eivite onda sa time&#8221;, rekao je Haradinaj.<\/p>\n<p>Biv\u0161i komandat U\u00c7K-a ocjenio je da se u Srbiji i 15 godina kasnije nastavlja propagandna borba koju je po\u010deo Slobodan Milo\u0161evi\u0107, koga je nazvao &#8220;gospodinom koji vi\u0161e nije \u017eiv&#8221;, a na pitanje za\u0161to je to tako, odgovorio je: &#8220;Ja ne znam, i sam se \u010dudim&#8221;. Haradinaj je naveo da se \u010dudio kada je \u010duo za trgovinu organima kidnapovanih za vrijeme rata.<\/p>\n<p>&#8220;Ne vjerujem da je ne\u0161to tako ikada postojalo. \u010cuo sam da je Srbija usvojila zakon o tranplantaciji organa, \u0161to mi isto \u017eelimo da imamo u na\u0161oj zemlji, i prvo mi se u\u010dinilo da je ne\u0161to u vezi sa tim. Ja sam bio u U\u00c7K i nikada nisma ni \u010duo ni\u0161ta sli\u010dno, i vjerujem da \u0107e i kraj te istrage biti da tu nema ni\u010dega. Bilo je zlo\u010dina druge prirode, kr\u0161enja obi\u010daja ratovanja, ali tako ne\u0161to nije mogu\u0107e da se dogodilo&#8221;, rekao je Haradinaj.<\/p>\n<p>Haradinaj je, upitan o eventualnim pregovorima sa premijerom Srbije Ivicom Da\u010di\u0107em i kakvo je mi\u0161ljenje na Kosovu o pregovorima Da\u010di\u0107a i premijera Kosova Hashima Tha\u00e7ija, konstatovao da &#8220;\u017eivot ide naprijed a ne nazad&#8221;.<\/p>\n<p>&#8220;Mi ne znamo \u0161ta je bitno za Srbiju, gra\u0111ani Srbije biraju koga \u017eele i nije na\u0161e pravo da ka\u017eemo \u0161ta bi bilo najbolje za njih. Bitno je na\u0107i rje\u0161enja za taj evropski put, a ko je tu za stolom nije stvar mog slobodnog izbora. Ja to prihvatam vi\u0161e kao biznis, nego kao ne\u0161to drugo&#8221;, rekao je Haradinaj.<\/p>\n<p>Haradinaj je naveo da Srbima nudi iskrenost koja po\u010dinje od svega \u0161to \u010dini \u017eivot, pa ide do bezbjednosti i prava na samoupravljanje koje postoji u nekim dijelovima, i do bud\u017eeta, i dodao da je najbtinije suo\u010diti se sa realno\u0161\u0107u.<\/p>\n<p>&#8220;Razumijem te\u017einu odluka gra\u0111ana sjevernog Kosova. Ali, bitno je zapravo ono \u0161to su dobili sa Ahtisaarijem. Znam da ne vole to ime, ali i oni \u0107e se sjetiti da u njegovo vrijeme Srbija nije bila ba\u0161 protiv tog plana. Bila je protiv krajnjeg cilja, nezavisnosti, ali sva predvi\u0111ena rje\u0161enja za Srbe su danas uspje\u0161na&#8221;, rekao je Haradinaj za NIN.<\/p>\n<p>(Info-KS)<\/p>\n","protected":false},"excerpt":{"rendered":"<p>Kosovo &#8211; Komandant biv\u0161e Oslobodila\u010dke vojske Kosova (OVK\/U\u00c7K) Ramush Haradinaj izjavio je da Srbima nudi iskrenost, da pregovore sa Beogradom prihvata kao biznis, da nije bilo trgovine organima otetih Srba i da su u Srbiji gra\u0111ani pogre\u0161no informisani o ratnim zlo\u010dinima, ali da on to pitanje vi\u0161e ne\u0107e da razja\u0161njava. &#8220;Ta strast ima kraj. Zavr\u0161eno. [&hellip;]<\/p>\n","protected":false},"author":16,"featured_media":59096,"comment_status":"open","ping_status":"open","sticky":false,"template":"","format":"standard","meta":{"footnotes":""},"categories":[1,2690],"tags":[],"class_list":{"0":"post-59095","1":"post","2":"type-post","3":"status-publish","4":"format-standard","5":"has-post-thumbnail","7":"category-politika","8":"category-kosovo-gradovi"},"yoast_head":"<!-- This site is optimized with the Yoast SEO Premium plugin v23.1 (Yoast SEO v24.9) - https:\/\/yoast.com\/wordpress\/plugins\/seo\/ -->\n<title>Srbija i 15 godina kasnije nastavlja propagandnu borbu Milo\u0161evi\u0107a<\/title>\n<meta name=\"robots\" content=\"index, follow, max-snippet:-1, max-image-preview:large, max-video-preview:-1\" \/>\n<link rel=\"canonical\" href=\"https:\/\/sandzakpress.net\/arhiva\/srbija-i-15-godina-kasnije-nastavlja-propagandnu-borbu-milosevica\/\" \/>\n<meta property=\"og:locale\" content=\"bs_BA\" \/>\n<meta property=\"og:type\" content=\"article\" \/>\n<meta property=\"og:title\" content=\"Srbija i 15 godina kasnije nastavlja propagandnu borbu Milo\u0161evi\u0107a\" \/>\n<meta property=\"og:description\" content=\"Kosovo &#8211; Komandant biv\u0161e Oslobodila\u010dke vojske Kosova (OVK\/U\u00c7K) Ramush Haradinaj izjavio je da Srbima nudi iskrenost, da pregovore sa Beogradom prihvata kao biznis, da nije bilo trgovine organima otetih Srba i da su u Srbiji gra\u0111ani pogre\u0161no informisani o ratnim zlo\u010dinima, ali da on to pitanje vi\u0161e ne\u0107e da razja\u0161njava. &#8220;Ta strast ima kraj. Zavr\u0161eno. [&hellip;]\" \/>\n<meta property=\"og:url\" content=\"https:\/\/sandzakpress.net\/arhiva\/srbija-i-15-godina-kasnije-nastavlja-propagandnu-borbu-milosevica\/\" \/>\n<meta property=\"og:site_name\" content=\"Sand\u017eak PRESS\" \/>\n<meta property=\"article:published_time\" content=\"2012-12-21T15:53:17+00:00\" \/>\n<meta property=\"og:image\" content=\"https:\/\/sandzakpress.net\/arhiva\/wp-content\/uploads\/2012\/12\/ramush.jpg\" \/>\n\t<meta property=\"og:image:width\" content=\"655\" \/>\n\t<meta property=\"og:image:height\" content=\"374\" \/>\n\t<meta property=\"og:image:type\" content=\"image\/jpeg\" \/>\n<meta name=\"twitter:card\" content=\"summary_large_image\" \/>\n<meta name=\"twitter:label1\" content=\"Written by\" \/>\n\t<meta name=\"twitter:data1\" content=\"\" \/>\n\t<meta name=\"twitter:label2\" content=\"Est. reading time\" \/>\n\t<meta name=\"twitter:data2\" content=\"3 minute\" \/>\n<script type=\"application\/ld+json\" class=\"yoast-schema-graph\">{\"@context\":\"https:\/\/schema.org\",\"@graph\":[{\"@type\":\"Article\",\"@id\":\"https:\/\/sandzakpress.net\/arhiva\/srbija-i-15-godina-kasnije-nastavlja-propagandnu-borbu-milosevica\/#article\",\"isPartOf\":{\"@id\":\"https:\/\/sandzakpress.net\/arhiva\/srbija-i-15-godina-kasnije-nastavlja-propagandnu-borbu-milosevica\/\"},\"author\":{\"name\":\"\",\"@id\":\"\"},\"headline\":\"Srbija i 15 godina kasnije nastavlja propagandnu borbu Milo\u0161evi\u0107a\",\"datePublished\":\"2012-12-21T15:53:17+00:00\",\"mainEntityOfPage\":{\"@id\":\"https:\/\/sandzakpress.net\/arhiva\/srbija-i-15-godina-kasnije-nastavlja-propagandnu-borbu-milosevica\/\"},\"wordCount\":700,\"commentCount\":0,\"publisher\":{\"@id\":\"https:\/\/sandzakpress.net\/arhiva\/#\/schema\/person\/6e72b67d6e51910a1117b3b483ba20bd\"},\"image\":{\"@id\":\"https:\/\/sandzakpress.net\/arhiva\/srbija-i-15-godina-kasnije-nastavlja-propagandnu-borbu-milosevica\/#primaryimage\"},\"thumbnailUrl\":\"https:\/\/sandzakpress.net\/arhiva\/wp-content\/uploads\/2012\/12\/ramush.jpg\",\"articleSection\":[\"Politika\",\"Kosovo\"],\"inLanguage\":\"bs-BA\",\"potentialAction\":[{\"@type\":\"CommentAction\",\"name\":\"Comment\",\"target\":[\"https:\/\/sandzakpress.net\/arhiva\/srbija-i-15-godina-kasnije-nastavlja-propagandnu-borbu-milosevica\/#respond\"]}]},{\"@type\":\"WebPage\",\"@id\":\"https:\/\/sandzakpress.net\/arhiva\/srbija-i-15-godina-kasnije-nastavlja-propagandnu-borbu-milosevica\/\",\"url\":\"https:\/\/sandzakpress.net\/arhiva\/srbija-i-15-godina-kasnije-nastavlja-propagandnu-borbu-milosevica\/\",\"name\":\"Srbija i 15 godina kasnije nastavlja propagandnu borbu Milo\u0161evi\u0107a\",\"isPartOf\":{\"@id\":\"https:\/\/sandzakpress.net\/arhiva\/#website\"},\"primaryImageOfPage\":{\"@id\":\"https:\/\/sandzakpress.net\/arhiva\/srbija-i-15-godina-kasnije-nastavlja-propagandnu-borbu-milosevica\/#primaryimage\"},\"image\":{\"@id\":\"https:\/\/sandzakpress.net\/arhiva\/srbija-i-15-godina-kasnije-nastavlja-propagandnu-borbu-milosevica\/#primaryimage\"},\"thumbnailUrl\":\"https:\/\/sandzakpress.net\/arhiva\/wp-content\/uploads\/2012\/12\/ramush.jpg\",\"datePublished\":\"2012-12-21T15:53:17+00:00\",\"breadcrumb\":{\"@id\":\"https:\/\/sandzakpress.net\/arhiva\/srbija-i-15-godina-kasnije-nastavlja-propagandnu-borbu-milosevica\/#breadcrumb\"},\"inLanguage\":\"bs-BA\",\"potentialAction\":[{\"@type\":\"ReadAction\",\"target\":[\"https:\/\/sandzakpress.net\/arhiva\/srbija-i-15-godina-kasnije-nastavlja-propagandnu-borbu-milosevica\/\"]}]},{\"@type\":\"ImageObject\",\"inLanguage\":\"bs-BA\",\"@id\":\"https:\/\/sandzakpress.net\/arhiva\/srbija-i-15-godina-kasnije-nastavlja-propagandnu-borbu-milosevica\/#primaryimage\",\"url\":\"https:\/\/sandzakpress.net\/arhiva\/wp-content\/uploads\/2012\/12\/ramush.jpg\",\"contentUrl\":\"https:\/\/sandzakpress.net\/arhiva\/wp-content\/uploads\/2012\/12\/ramush.jpg\",\"width\":655,\"height\":374},{\"@type\":\"BreadcrumbList\",\"@id\":\"https:\/\/sandzakpress.net\/arhiva\/srbija-i-15-godina-kasnije-nastavlja-propagandnu-borbu-milosevica\/#breadcrumb\",\"itemListElement\":[{\"@type\":\"ListItem\",\"position\":1,\"name\":\"Home\",\"item\":\"https:\/\/sandzakpress.net\/arhiva\/\"},{\"@type\":\"ListItem\",\"position\":2,\"name\":\"Srbija i 15 godina kasnije nastavlja propagandnu borbu Milo\u0161evi\u0107a\"}]},{\"@type\":\"WebSite\",\"@id\":\"https:\/\/sandzakpress.net\/arhiva\/#website\",\"url\":\"https:\/\/sandzakpress.net\/arhiva\/\",\"name\":\"Sand\u017eak PRESS\",\"description\":\"Prve elektronske novine u Sand\u017eaku\",\"publisher\":{\"@id\":\"https:\/\/sandzakpress.net\/arhiva\/#\/schema\/person\/6e72b67d6e51910a1117b3b483ba20bd\"},\"potentialAction\":[{\"@type\":\"SearchAction\",\"target\":{\"@type\":\"EntryPoint\",\"urlTemplate\":\"https:\/\/sandzakpress.net\/arhiva\/?s={search_term_string}\"},\"query-input\":{\"@type\":\"PropertyValueSpecification\",\"valueRequired\":true,\"valueName\":\"search_term_string\"}}],\"inLanguage\":\"bs-BA\"},{\"@type\":[\"Person\",\"Organization\"],\"@id\":\"https:\/\/sandzakpress.net\/arhiva\/#\/schema\/person\/6e72b67d6e51910a1117b3b483ba20bd\",\"name\":\"Kul\",\"image\":{\"@type\":\"ImageObject\",\"inLanguage\":\"bs-BA\",\"@id\":\"https:\/\/sandzakpress.net\/arhiva\/#\/schema\/person\/image\/\",\"url\":\"https:\/\/secure.gravatar.com\/avatar\/42263f39aa27ac04c43cab85c280eb2e?s=96&d=mm&r=pg\",\"contentUrl\":\"https:\/\/secure.gravatar.com\/avatar\/42263f39aa27ac04c43cab85c280eb2e?s=96&d=mm&r=pg\",\"caption\":\"Kul\"},\"logo\":{\"@id\":\"https:\/\/sandzakpress.net\/arhiva\/#\/schema\/person\/image\/\"}},{\"@type\":\"Person\",\"@id\":\"\",\"url\":\"https:\/\/sandzakpress.net\/arhiva\/author\/\"}]}<\/script>\n<!-- \/ Yoast SEO Premium plugin. -->","yoast_head_json":{"title":"Srbija i 15 godina kasnije nastavlja propagandnu borbu Milo\u0161evi\u0107a","robots":{"index":"index","follow":"follow","max-snippet":"max-snippet:-1","max-image-preview":"max-image-preview:large","max-video-preview":"max-video-preview:-1"},"canonical":"https:\/\/sandzakpress.net\/arhiva\/srbija-i-15-godina-kasnije-nastavlja-propagandnu-borbu-milosevica\/","og_locale":"bs_BA","og_type":"article","og_title":"Srbija i 15 godina kasnije nastavlja propagandnu borbu Milo\u0161evi\u0107a","og_description":"Kosovo &#8211; Komandant biv\u0161e Oslobodila\u010dke vojske Kosova (OVK\/U\u00c7K) Ramush Haradinaj izjavio je da Srbima nudi iskrenost, da pregovore sa Beogradom prihvata kao biznis, da nije bilo trgovine organima otetih Srba i da su u Srbiji gra\u0111ani pogre\u0161no informisani o ratnim zlo\u010dinima, ali da on to pitanje vi\u0161e ne\u0107e da razja\u0161njava. &#8220;Ta strast ima kraj. Zavr\u0161eno. [&hellip;]","og_url":"https:\/\/sandzakpress.net\/arhiva\/srbija-i-15-godina-kasnije-nastavlja-propagandnu-borbu-milosevica\/","og_site_name":"Sand\u017eak PRESS","article_published_time":"2012-12-21T15:53:17+00:00","og_image":[{"width":655,"height":374,"url":"https:\/\/sandzakpress.net\/arhiva\/wp-content\/uploads\/2012\/12\/ramush.jpg","type":"image\/jpeg"}],"twitter_card":"summary_large_image","twitter_misc":{"Written by":"","Est. reading time":"3 minute"},"schema":{"@context":"https:\/\/schema.org","@graph":[{"@type":"Article","@id":"https:\/\/sandzakpress.net\/arhiva\/srbija-i-15-godina-kasnije-nastavlja-propagandnu-borbu-milosevica\/#article","isPartOf":{"@id":"https:\/\/sandzakpress.net\/arhiva\/srbija-i-15-godina-kasnije-nastavlja-propagandnu-borbu-milosevica\/"},"author":{"name":"","@id":""},"headline":"Srbija i 15 godina kasnije nastavlja propagandnu borbu Milo\u0161evi\u0107a","datePublished":"2012-12-21T15:53:17+00:00","mainEntityOfPage":{"@id":"https:\/\/sandzakpress.net\/arhiva\/srbija-i-15-godina-kasnije-nastavlja-propagandnu-borbu-milosevica\/"},"wordCount":700,"commentCount":0,"publisher":{"@id":"https:\/\/sandzakpress.net\/arhiva\/#\/schema\/person\/6e72b67d6e51910a1117b3b483ba20bd"},"image":{"@id":"https:\/\/sandzakpress.net\/arhiva\/srbija-i-15-godina-kasnije-nastavlja-propagandnu-borbu-milosevica\/#primaryimage"},"thumbnailUrl":"https:\/\/sandzakpress.net\/arhiva\/wp-content\/uploads\/2012\/12\/ramush.jpg","articleSection":["Politika","Kosovo"],"inLanguage":"bs-BA","potentialAction":[{"@type":"CommentAction","name":"Comment","target":["https:\/\/sandzakpress.net\/arhiva\/srbija-i-15-godina-kasnije-nastavlja-propagandnu-borbu-milosevica\/#respond"]}]},{"@type":"WebPage","@id":"https:\/\/sandzakpress.net\/arhiva\/srbija-i-15-godina-kasnije-nastavlja-propagandnu-borbu-milosevica\/","url":"https:\/\/sandzakpress.net\/arhiva\/srbija-i-15-godina-kasnije-nastavlja-propagandnu-borbu-milosevica\/","name":"Srbija i 15 godina kasnije nastavlja propagandnu borbu Milo\u0161evi\u0107a","isPartOf":{"@id":"https:\/\/sandzakpress.net\/arhiva\/#website"},"primaryImageOfPage":{"@id":"https:\/\/sandzakpress.net\/arhiva\/srbija-i-15-godina-kasnije-nastavlja-propagandnu-borbu-milosevica\/#primaryimage"},"image":{"@id":"https:\/\/sandzakpress.net\/arhiva\/srbija-i-15-godina-kasnije-nastavlja-propagandnu-borbu-milosevica\/#primaryimage"},"thumbnailUrl":"https:\/\/sandzakpress.net\/arhiva\/wp-content\/uploads\/2012\/12\/ramush.jpg","datePublished":"2012-12-21T15:53:17+00:00","breadcrumb":{"@id":"https:\/\/sandzakpress.net\/arhiva\/srbija-i-15-godina-kasnije-nastavlja-propagandnu-borbu-milosevica\/#breadcrumb"},"inLanguage":"bs-BA","potentialAction":[{"@type":"ReadAction","target":["https:\/\/sandzakpress.net\/arhiva\/srbija-i-15-godina-kasnije-nastavlja-propagandnu-borbu-milosevica\/"]}]},{"@type":"ImageObject","inLanguage":"bs-BA","@id":"https:\/\/sandzakpress.net\/arhiva\/srbija-i-15-godina-kasnije-nastavlja-propagandnu-borbu-milosevica\/#primaryimage","url":"https:\/\/sandzakpress.net\/arhiva\/wp-content\/uploads\/2012\/12\/ramush.jpg","contentUrl":"https:\/\/sandzakpress.net\/arhiva\/wp-content\/uploads\/2012\/12\/ramush.jpg","width":655,"height":374},{"@type":"BreadcrumbList","@id":"https:\/\/sandzakpress.net\/arhiva\/srbija-i-15-godina-kasnije-nastavlja-propagandnu-borbu-milosevica\/#breadcrumb","itemListElement":[{"@type":"ListItem","position":1,"name":"Home","item":"https:\/\/sandzakpress.net\/arhiva\/"},{"@type":"ListItem","position":2,"name":"Srbija i 15 godina kasnije nastavlja propagandnu borbu Milo\u0161evi\u0107a"}]},{"@type":"WebSite","@id":"https:\/\/sandzakpress.net\/arhiva\/#website","url":"https:\/\/sandzakpress.net\/arhiva\/","name":"Sand\u017eak PRESS","description":"Prve elektronske novine u Sand\u017eaku","publisher":{"@id":"https:\/\/sandzakpress.net\/arhiva\/#\/schema\/person\/6e72b67d6e51910a1117b3b483ba20bd"},"potentialAction":[{"@type":"SearchAction","target":{"@type":"EntryPoint","urlTemplate":"https:\/\/sandzakpress.net\/arhiva\/?s={search_term_string}"},"query-input":{"@type":"PropertyValueSpecification","valueRequired":true,"valueName":"search_term_string"}}],"inLanguage":"bs-BA"},{"@type":["Person","Organization"],"@id":"https:\/\/sandzakpress.net\/arhiva\/#\/schema\/person\/6e72b67d6e51910a1117b3b483ba20bd","name":"Kul","image":{"@type":"ImageObject","inLanguage":"bs-BA","@id":"https:\/\/sandzakpress.net\/arhiva\/#\/schema\/person\/image\/","url":"https:\/\/secure.gravatar.com\/avatar\/42263f39aa27ac04c43cab85c280eb2e?s=96&d=mm&r=pg","contentUrl":"https:\/\/secure.gravatar.com\/avatar\/42263f39aa27ac04c43cab85c280eb2e?s=96&d=mm&r=pg","caption":"Kul"},"logo":{"@id":"https:\/\/sandzakpress.net\/arhiva\/#\/schema\/person\/image\/"}},{"@type":"Person","@id":"","url":"https:\/\/sandzakpress.net\/arhiva\/author\/"}]}},"_links":{"self":[{"href":"https:\/\/sandzakpress.net\/arhiva\/wp-json\/wp\/v2\/posts\/59095"}],"collection":[{"href":"https:\/\/sandzakpress.net\/arhiva\/wp-json\/wp\/v2\/posts"}],"about":[{"href":"https:\/\/sandzakpress.net\/arhiva\/wp-json\/wp\/v2\/types\/post"}],"author":[{"embeddable":true,"href":"https:\/\/sandzakpress.net\/arhiva\/wp-json\/wp\/v2\/users\/16"}],"replies":[{"embeddable":true,"href":"https:\/\/sandzakpress.net\/arhiva\/wp-json\/wp\/v2\/comments?post=59095"}],"version-history":[{"count":0,"href":"https:\/\/sandzakpress.net\/arhiva\/wp-json\/wp\/v2\/posts\/59095\/revisions"}],"wp:featuredmedia":[{"embeddable":true,"href":"https:\/\/sandzakpress.net\/arhiva\/wp-json\/wp\/v2\/media\/59096"}],"wp:attachment":[{"href":"https:\/\/sandzakpress.net\/arhiva\/wp-json\/wp\/v2\/media?parent=59095"}],"wp:term":[{"taxonomy":"category","embeddable":true,"href":"https:\/\/sandzakpress.net\/arhiva\/wp-json\/wp\/v2\/categories?post=59095"},{"taxonomy":"post_tag","embeddable":true,"href":"https:\/\/sandzakpress.net\/arhiva\/wp-json\/wp\/v2\/tags?post=59095"}],"curies":[{"name":"wp","href":"https:\/\/api.w.org\/{rel}","templated":true}]}}