{"id":58971,"date":"2012-12-20T19:20:54","date_gmt":"2012-12-20T18:20:54","guid":{"rendered":"https:\/\/sandzakpress.net\/arhiva\/?p=58971"},"modified":"2012-12-20T19:20:54","modified_gmt":"2012-12-20T18:20:54","slug":"islamska-zajednica-bosnjaka-u-svicarskoj-organizira-umru-u-aprilu-2013-1434","status":"publish","type":"post","link":"https:\/\/sandzakpress.net\/arhiva\/islamska-zajednica-bosnjaka-u-svicarskoj-organizira-umru-u-aprilu-2013-1434\/","title":{"rendered":"Islamska Zajednica Bo\u0161njaka u \u0160vicarskoj  organizira Umru u Aprilu 2013.\/1434."},"content":{"rendered":"<p><strong><a href=\"https:\/\/sandzakpress.net\/arhiva\/wp-content\/uploads\/2012\/12\/hadz_4377.jpg\"><img loading=\"lazy\" decoding=\"async\" class=\"alignleft size-medium wp-image-58973\" title=\"SAUDI\/\" src=\"https:\/\/sandzakpress.net\/arhiva\/wp-content\/uploads\/2012\/12\/hadz_4377-300x211.jpg\" alt=\"\" width=\"300\" height=\"211\" \/><\/a>\u0160vicarska &#8211;\u00a0Odlazak:\u00a0\u00a0\u00a0\u00a0\u00a0\u00a0\u00a0\u00a0\u00a0\u00a006\/07. 04. 2013.\u00a0\u00a0\u00a0(sub\/ned)\u00a0\u00a0Z\u00fcrich<\/strong><\/p>\n<p><strong>Povratak:\u00a0\u00a0\u00a0\u00a0\u00a0\u00a0\u00a0\u00a0\u00a017\/18. 04. 2013.\u00a0\u00a0\u00a0(srij\/\u010det)\u00a0\u00a0\u00a0\u00a0Z\u00fcrich<\/strong><strong><\/strong><\/p>\n<p><strong>Boravak u Mekki i Medini\u00a0\u00a010-11 dana<\/strong><\/p>\n<p><strong>1. VIP ARAN\u017dMAN (bolji aran\u017eman)<\/strong><\/p>\n<p><strong> Hoteli 5* uz Harem<\/strong><\/p>\n<p><strong> Cijena: 2600 &#8211; 2900 Fr. <\/strong>(zavisno od broja kandidata)<\/p>\n<p><strong>2. OBI\u0106AN ARAN\u017dMAN (slabiji aran\u017eman)<\/strong><\/p>\n<p><strong> Hoteli 3-4* malo dalje od Harema<\/strong><\/p>\n<p><strong> Cijena: 2200 &#8211; 2400 Fr. <\/strong>(zavisno od broja kandidata)<\/p>\n<p><strong><\/strong>U cijenu su uklju\u010deni slijede\u0107i tro\u0161kovi:<\/p>\n<p>&#8211;\u00a0\u00a0umranska\u00a0viza,<\/p>\n<p>&#8211;\u00a0\u00a0smje\u0161taj\u00a0u\u00a0Hotelima\u00a0u\u00a0Mekki\/Medini\u00a0sa\u00a0hranom\u00a0\/\u00a0doru\u010dak\u00a0i\u00a0ve\u010dera\u00a0&#8211; \u0161vedski\u00a0sto\/<\/p>\n<p>&#8211;\u00a0\u00a0prijevoz avionom iz \u0160vicarske do Saudije i nazad,<\/p>\n<p>&#8211;\u00a0\u00a0prijevoz autobusom od aerodroma do hotela i obrnuto,<\/p>\n<p>&#8211;\u00a0\u00a0prijevoz autobusom izme\u0111u Medine i Mekke, prijevoz autobusom radi obilaska historijskih i znamenitih mjesta oko Medine i Mekke,<\/p>\n<p>&#8211;\u00a0\u00a0usluge stru\u010dnog vodi\u010da<\/p>\n<p><strong>Rok prijave do 20. januara 2013. <\/strong><\/p>\n<p>Uslov da bi se Umra mogla organizovati jeste da bude najmanje 20 kandidata.<\/p>\n<p><strong>Vodi\u010d za Umru:\u00a0\u00a0Basri ef. Red\u017eepi,\u00a0\u00a0Tel. 076\/338 6602<\/strong><\/p>\n<p>Za sve informacije mo\u017eete se njemu direktno obratiti.<\/p>\n<p>Uslovi i potrebni dokumenti prilikom prijave:<\/p>\n<p>Paso\u0161 da vrijedi minimum 6 mjeseci,\u00a0\u00a0\u00a0kopija Ausweisa\/Permita,\u00a0\u00a0\u00a02 slike paso\u0161kog formata, karton sa primljenom vakcinom MENINGOKOKKEN A+C. , \u017eena da ima mahrema<\/p>\n<p>(IBC-ZH)<\/p>\n","protected":false},"excerpt":{"rendered":"<p>\u0160vicarska &#8211;\u00a0Odlazak:\u00a0\u00a0\u00a0\u00a0\u00a0\u00a0\u00a0\u00a0\u00a0\u00a006\/07. 04. 2013.\u00a0\u00a0\u00a0(sub\/ned)\u00a0\u00a0Z\u00fcrich Povratak:\u00a0\u00a0\u00a0\u00a0\u00a0\u00a0\u00a0\u00a0\u00a017\/18. 04. 2013.\u00a0\u00a0\u00a0(srij\/\u010det)\u00a0\u00a0\u00a0\u00a0Z\u00fcrich Boravak u Mekki i Medini\u00a0\u00a010-11 dana 1. VIP ARAN\u017dMAN (bolji aran\u017eman) Hoteli 5* uz Harem Cijena: 2600 &#8211; 2900 Fr. (zavisno od broja kandidata) 2. OBI\u0106AN ARAN\u017dMAN (slabiji aran\u017eman) Hoteli 3-4* malo dalje od Harema Cijena: 2200 &#8211; 2400 Fr. (zavisno od broja kandidata) U cijenu su uklju\u010deni [&hellip;]<\/p>\n","protected":false},"author":16,"featured_media":58973,"comment_status":"open","ping_status":"open","sticky":false,"template":"","format":"standard","meta":{"footnotes":""},"categories":[9544,802],"tags":[],"class_list":{"0":"post-58971","1":"post","2":"type-post","3":"status-publish","4":"format-standard","5":"has-post-thumbnail","7":"category-svicarska-dijaspora-gradovi-vase-vijesti","8":"category-islamska_zajednica"},"yoast_head":"<!-- This site is optimized with the Yoast SEO Premium plugin v23.1 (Yoast SEO v24.9) - https:\/\/yoast.com\/wordpress\/plugins\/seo\/ -->\n<title>Islamska Zajednica Bo\u0161njaka u \u0160vicarskoj organizira Umru u Aprilu 2013.\/1434.<\/title>\n<meta name=\"robots\" content=\"index, follow, max-snippet:-1, max-image-preview:large, max-video-preview:-1\" \/>\n<link rel=\"canonical\" href=\"https:\/\/sandzakpress.net\/arhiva\/islamska-zajednica-bosnjaka-u-svicarskoj-organizira-umru-u-aprilu-2013-1434\/\" \/>\n<meta property=\"og:locale\" content=\"bs_BA\" \/>\n<meta property=\"og:type\" content=\"article\" \/>\n<meta property=\"og:title\" content=\"Islamska Zajednica Bo\u0161njaka u \u0160vicarskoj organizira Umru u Aprilu 2013.\/1434.\" \/>\n<meta property=\"og:description\" content=\"\u0160vicarska &#8211;\u00a0Odlazak:\u00a0\u00a0\u00a0\u00a0\u00a0\u00a0\u00a0\u00a0\u00a0\u00a006\/07. 04. 2013.\u00a0\u00a0\u00a0(sub\/ned)\u00a0\u00a0Z\u00fcrich Povratak:\u00a0\u00a0\u00a0\u00a0\u00a0\u00a0\u00a0\u00a0\u00a017\/18. 04. 2013.\u00a0\u00a0\u00a0(srij\/\u010det)\u00a0\u00a0\u00a0\u00a0Z\u00fcrich Boravak u Mekki i Medini\u00a0\u00a010-11 dana 1. VIP ARAN\u017dMAN (bolji aran\u017eman) Hoteli 5* uz Harem Cijena: 2600 &#8211; 2900 Fr. (zavisno od broja kandidata) 2. OBI\u0106AN ARAN\u017dMAN (slabiji aran\u017eman) Hoteli 3-4* malo dalje od Harema Cijena: 2200 &#8211; 2400 Fr. (zavisno od broja kandidata) U cijenu su uklju\u010deni [&hellip;]\" \/>\n<meta property=\"og:url\" content=\"https:\/\/sandzakpress.net\/arhiva\/islamska-zajednica-bosnjaka-u-svicarskoj-organizira-umru-u-aprilu-2013-1434\/\" \/>\n<meta property=\"og:site_name\" content=\"Sand\u017eak PRESS\" \/>\n<meta property=\"article:published_time\" content=\"2012-12-20T18:20:54+00:00\" \/>\n<meta property=\"og:image\" content=\"https:\/\/sandzakpress.net\/arhiva\/wp-content\/uploads\/2012\/12\/hadz_4377.jpg\" \/>\n\t<meta property=\"og:image:width\" content=\"616\" \/>\n\t<meta property=\"og:image:height\" content=\"435\" \/>\n\t<meta property=\"og:image:type\" content=\"image\/jpeg\" \/>\n<meta name=\"twitter:card\" content=\"summary_large_image\" \/>\n<meta name=\"twitter:label1\" content=\"Written by\" \/>\n\t<meta name=\"twitter:data1\" content=\"\" \/>\n\t<meta name=\"twitter:label2\" content=\"Est. reading time\" \/>\n\t<meta name=\"twitter:data2\" content=\"1 minuta\" \/>\n<script type=\"application\/ld+json\" class=\"yoast-schema-graph\">{\"@context\":\"https:\/\/schema.org\",\"@graph\":[{\"@type\":\"Article\",\"@id\":\"https:\/\/sandzakpress.net\/arhiva\/islamska-zajednica-bosnjaka-u-svicarskoj-organizira-umru-u-aprilu-2013-1434\/#article\",\"isPartOf\":{\"@id\":\"https:\/\/sandzakpress.net\/arhiva\/islamska-zajednica-bosnjaka-u-svicarskoj-organizira-umru-u-aprilu-2013-1434\/\"},\"author\":{\"name\":\"\",\"@id\":\"\"},\"headline\":\"Islamska Zajednica Bo\u0161njaka u \u0160vicarskoj organizira Umru u Aprilu 2013.\/1434.\",\"datePublished\":\"2012-12-20T18:20:54+00:00\",\"mainEntityOfPage\":{\"@id\":\"https:\/\/sandzakpress.net\/arhiva\/islamska-zajednica-bosnjaka-u-svicarskoj-organizira-umru-u-aprilu-2013-1434\/\"},\"wordCount\":202,\"commentCount\":0,\"publisher\":{\"@id\":\"https:\/\/sandzakpress.net\/arhiva\/#\/schema\/person\/6e72b67d6e51910a1117b3b483ba20bd\"},\"image\":{\"@id\":\"https:\/\/sandzakpress.net\/arhiva\/islamska-zajednica-bosnjaka-u-svicarskoj-organizira-umru-u-aprilu-2013-1434\/#primaryimage\"},\"thumbnailUrl\":\"https:\/\/sandzakpress.net\/arhiva\/wp-content\/uploads\/2012\/12\/hadz_4377.jpg\",\"articleSection\":[\"\u0160vicarska\",\"Islamska zajednica\"],\"inLanguage\":\"bs-BA\",\"potentialAction\":[{\"@type\":\"CommentAction\",\"name\":\"Comment\",\"target\":[\"https:\/\/sandzakpress.net\/arhiva\/islamska-zajednica-bosnjaka-u-svicarskoj-organizira-umru-u-aprilu-2013-1434\/#respond\"]}]},{\"@type\":\"WebPage\",\"@id\":\"https:\/\/sandzakpress.net\/arhiva\/islamska-zajednica-bosnjaka-u-svicarskoj-organizira-umru-u-aprilu-2013-1434\/\",\"url\":\"https:\/\/sandzakpress.net\/arhiva\/islamska-zajednica-bosnjaka-u-svicarskoj-organizira-umru-u-aprilu-2013-1434\/\",\"name\":\"Islamska Zajednica Bo\u0161njaka u \u0160vicarskoj organizira Umru u Aprilu 2013.\/1434.\",\"isPartOf\":{\"@id\":\"https:\/\/sandzakpress.net\/arhiva\/#website\"},\"primaryImageOfPage\":{\"@id\":\"https:\/\/sandzakpress.net\/arhiva\/islamska-zajednica-bosnjaka-u-svicarskoj-organizira-umru-u-aprilu-2013-1434\/#primaryimage\"},\"image\":{\"@id\":\"https:\/\/sandzakpress.net\/arhiva\/islamska-zajednica-bosnjaka-u-svicarskoj-organizira-umru-u-aprilu-2013-1434\/#primaryimage\"},\"thumbnailUrl\":\"https:\/\/sandzakpress.net\/arhiva\/wp-content\/uploads\/2012\/12\/hadz_4377.jpg\",\"datePublished\":\"2012-12-20T18:20:54+00:00\",\"breadcrumb\":{\"@id\":\"https:\/\/sandzakpress.net\/arhiva\/islamska-zajednica-bosnjaka-u-svicarskoj-organizira-umru-u-aprilu-2013-1434\/#breadcrumb\"},\"inLanguage\":\"bs-BA\",\"potentialAction\":[{\"@type\":\"ReadAction\",\"target\":[\"https:\/\/sandzakpress.net\/arhiva\/islamska-zajednica-bosnjaka-u-svicarskoj-organizira-umru-u-aprilu-2013-1434\/\"]}]},{\"@type\":\"ImageObject\",\"inLanguage\":\"bs-BA\",\"@id\":\"https:\/\/sandzakpress.net\/arhiva\/islamska-zajednica-bosnjaka-u-svicarskoj-organizira-umru-u-aprilu-2013-1434\/#primaryimage\",\"url\":\"https:\/\/sandzakpress.net\/arhiva\/wp-content\/uploads\/2012\/12\/hadz_4377.jpg\",\"contentUrl\":\"https:\/\/sandzakpress.net\/arhiva\/wp-content\/uploads\/2012\/12\/hadz_4377.jpg\",\"width\":616,\"height\":435},{\"@type\":\"BreadcrumbList\",\"@id\":\"https:\/\/sandzakpress.net\/arhiva\/islamska-zajednica-bosnjaka-u-svicarskoj-organizira-umru-u-aprilu-2013-1434\/#breadcrumb\",\"itemListElement\":[{\"@type\":\"ListItem\",\"position\":1,\"name\":\"Home\",\"item\":\"https:\/\/sandzakpress.net\/arhiva\/\"},{\"@type\":\"ListItem\",\"position\":2,\"name\":\"Islamska Zajednica Bo\u0161njaka u \u0160vicarskoj organizira Umru u Aprilu 2013.\/1434.\"}]},{\"@type\":\"WebSite\",\"@id\":\"https:\/\/sandzakpress.net\/arhiva\/#website\",\"url\":\"https:\/\/sandzakpress.net\/arhiva\/\",\"name\":\"Sand\u017eak PRESS\",\"description\":\"Prve elektronske novine u Sand\u017eaku\",\"publisher\":{\"@id\":\"https:\/\/sandzakpress.net\/arhiva\/#\/schema\/person\/6e72b67d6e51910a1117b3b483ba20bd\"},\"potentialAction\":[{\"@type\":\"SearchAction\",\"target\":{\"@type\":\"EntryPoint\",\"urlTemplate\":\"https:\/\/sandzakpress.net\/arhiva\/?s={search_term_string}\"},\"query-input\":{\"@type\":\"PropertyValueSpecification\",\"valueRequired\":true,\"valueName\":\"search_term_string\"}}],\"inLanguage\":\"bs-BA\"},{\"@type\":[\"Person\",\"Organization\"],\"@id\":\"https:\/\/sandzakpress.net\/arhiva\/#\/schema\/person\/6e72b67d6e51910a1117b3b483ba20bd\",\"name\":\"Kul\",\"image\":{\"@type\":\"ImageObject\",\"inLanguage\":\"bs-BA\",\"@id\":\"https:\/\/sandzakpress.net\/arhiva\/#\/schema\/person\/image\/\",\"url\":\"https:\/\/secure.gravatar.com\/avatar\/42263f39aa27ac04c43cab85c280eb2e?s=96&d=mm&r=pg\",\"contentUrl\":\"https:\/\/secure.gravatar.com\/avatar\/42263f39aa27ac04c43cab85c280eb2e?s=96&d=mm&r=pg\",\"caption\":\"Kul\"},\"logo\":{\"@id\":\"https:\/\/sandzakpress.net\/arhiva\/#\/schema\/person\/image\/\"}},{\"@type\":\"Person\",\"@id\":\"\",\"url\":\"https:\/\/sandzakpress.net\/arhiva\/author\/\"}]}<\/script>\n<!-- \/ Yoast SEO Premium plugin. -->","yoast_head_json":{"title":"Islamska Zajednica Bo\u0161njaka u \u0160vicarskoj organizira Umru u Aprilu 2013.\/1434.","robots":{"index":"index","follow":"follow","max-snippet":"max-snippet:-1","max-image-preview":"max-image-preview:large","max-video-preview":"max-video-preview:-1"},"canonical":"https:\/\/sandzakpress.net\/arhiva\/islamska-zajednica-bosnjaka-u-svicarskoj-organizira-umru-u-aprilu-2013-1434\/","og_locale":"bs_BA","og_type":"article","og_title":"Islamska Zajednica Bo\u0161njaka u \u0160vicarskoj organizira Umru u Aprilu 2013.\/1434.","og_description":"\u0160vicarska &#8211;\u00a0Odlazak:\u00a0\u00a0\u00a0\u00a0\u00a0\u00a0\u00a0\u00a0\u00a0\u00a006\/07. 04. 2013.\u00a0\u00a0\u00a0(sub\/ned)\u00a0\u00a0Z\u00fcrich Povratak:\u00a0\u00a0\u00a0\u00a0\u00a0\u00a0\u00a0\u00a0\u00a017\/18. 04. 2013.\u00a0\u00a0\u00a0(srij\/\u010det)\u00a0\u00a0\u00a0\u00a0Z\u00fcrich Boravak u Mekki i Medini\u00a0\u00a010-11 dana 1. VIP ARAN\u017dMAN (bolji aran\u017eman) Hoteli 5* uz Harem Cijena: 2600 &#8211; 2900 Fr. (zavisno od broja kandidata) 2. OBI\u0106AN ARAN\u017dMAN (slabiji aran\u017eman) Hoteli 3-4* malo dalje od Harema Cijena: 2200 &#8211; 2400 Fr. (zavisno od broja kandidata) U cijenu su uklju\u010deni [&hellip;]","og_url":"https:\/\/sandzakpress.net\/arhiva\/islamska-zajednica-bosnjaka-u-svicarskoj-organizira-umru-u-aprilu-2013-1434\/","og_site_name":"Sand\u017eak PRESS","article_published_time":"2012-12-20T18:20:54+00:00","og_image":[{"width":616,"height":435,"url":"https:\/\/sandzakpress.net\/arhiva\/wp-content\/uploads\/2012\/12\/hadz_4377.jpg","type":"image\/jpeg"}],"twitter_card":"summary_large_image","twitter_misc":{"Written by":"","Est. reading time":"1 minuta"},"schema":{"@context":"https:\/\/schema.org","@graph":[{"@type":"Article","@id":"https:\/\/sandzakpress.net\/arhiva\/islamska-zajednica-bosnjaka-u-svicarskoj-organizira-umru-u-aprilu-2013-1434\/#article","isPartOf":{"@id":"https:\/\/sandzakpress.net\/arhiva\/islamska-zajednica-bosnjaka-u-svicarskoj-organizira-umru-u-aprilu-2013-1434\/"},"author":{"name":"","@id":""},"headline":"Islamska Zajednica Bo\u0161njaka u \u0160vicarskoj organizira Umru u Aprilu 2013.\/1434.","datePublished":"2012-12-20T18:20:54+00:00","mainEntityOfPage":{"@id":"https:\/\/sandzakpress.net\/arhiva\/islamska-zajednica-bosnjaka-u-svicarskoj-organizira-umru-u-aprilu-2013-1434\/"},"wordCount":202,"commentCount":0,"publisher":{"@id":"https:\/\/sandzakpress.net\/arhiva\/#\/schema\/person\/6e72b67d6e51910a1117b3b483ba20bd"},"image":{"@id":"https:\/\/sandzakpress.net\/arhiva\/islamska-zajednica-bosnjaka-u-svicarskoj-organizira-umru-u-aprilu-2013-1434\/#primaryimage"},"thumbnailUrl":"https:\/\/sandzakpress.net\/arhiva\/wp-content\/uploads\/2012\/12\/hadz_4377.jpg","articleSection":["\u0160vicarska","Islamska zajednica"],"inLanguage":"bs-BA","potentialAction":[{"@type":"CommentAction","name":"Comment","target":["https:\/\/sandzakpress.net\/arhiva\/islamska-zajednica-bosnjaka-u-svicarskoj-organizira-umru-u-aprilu-2013-1434\/#respond"]}]},{"@type":"WebPage","@id":"https:\/\/sandzakpress.net\/arhiva\/islamska-zajednica-bosnjaka-u-svicarskoj-organizira-umru-u-aprilu-2013-1434\/","url":"https:\/\/sandzakpress.net\/arhiva\/islamska-zajednica-bosnjaka-u-svicarskoj-organizira-umru-u-aprilu-2013-1434\/","name":"Islamska Zajednica Bo\u0161njaka u \u0160vicarskoj organizira Umru u Aprilu 2013.\/1434.","isPartOf":{"@id":"https:\/\/sandzakpress.net\/arhiva\/#website"},"primaryImageOfPage":{"@id":"https:\/\/sandzakpress.net\/arhiva\/islamska-zajednica-bosnjaka-u-svicarskoj-organizira-umru-u-aprilu-2013-1434\/#primaryimage"},"image":{"@id":"https:\/\/sandzakpress.net\/arhiva\/islamska-zajednica-bosnjaka-u-svicarskoj-organizira-umru-u-aprilu-2013-1434\/#primaryimage"},"thumbnailUrl":"https:\/\/sandzakpress.net\/arhiva\/wp-content\/uploads\/2012\/12\/hadz_4377.jpg","datePublished":"2012-12-20T18:20:54+00:00","breadcrumb":{"@id":"https:\/\/sandzakpress.net\/arhiva\/islamska-zajednica-bosnjaka-u-svicarskoj-organizira-umru-u-aprilu-2013-1434\/#breadcrumb"},"inLanguage":"bs-BA","potentialAction":[{"@type":"ReadAction","target":["https:\/\/sandzakpress.net\/arhiva\/islamska-zajednica-bosnjaka-u-svicarskoj-organizira-umru-u-aprilu-2013-1434\/"]}]},{"@type":"ImageObject","inLanguage":"bs-BA","@id":"https:\/\/sandzakpress.net\/arhiva\/islamska-zajednica-bosnjaka-u-svicarskoj-organizira-umru-u-aprilu-2013-1434\/#primaryimage","url":"https:\/\/sandzakpress.net\/arhiva\/wp-content\/uploads\/2012\/12\/hadz_4377.jpg","contentUrl":"https:\/\/sandzakpress.net\/arhiva\/wp-content\/uploads\/2012\/12\/hadz_4377.jpg","width":616,"height":435},{"@type":"BreadcrumbList","@id":"https:\/\/sandzakpress.net\/arhiva\/islamska-zajednica-bosnjaka-u-svicarskoj-organizira-umru-u-aprilu-2013-1434\/#breadcrumb","itemListElement":[{"@type":"ListItem","position":1,"name":"Home","item":"https:\/\/sandzakpress.net\/arhiva\/"},{"@type":"ListItem","position":2,"name":"Islamska Zajednica Bo\u0161njaka u \u0160vicarskoj organizira Umru u Aprilu 2013.\/1434."}]},{"@type":"WebSite","@id":"https:\/\/sandzakpress.net\/arhiva\/#website","url":"https:\/\/sandzakpress.net\/arhiva\/","name":"Sand\u017eak PRESS","description":"Prve elektronske novine u Sand\u017eaku","publisher":{"@id":"https:\/\/sandzakpress.net\/arhiva\/#\/schema\/person\/6e72b67d6e51910a1117b3b483ba20bd"},"potentialAction":[{"@type":"SearchAction","target":{"@type":"EntryPoint","urlTemplate":"https:\/\/sandzakpress.net\/arhiva\/?s={search_term_string}"},"query-input":{"@type":"PropertyValueSpecification","valueRequired":true,"valueName":"search_term_string"}}],"inLanguage":"bs-BA"},{"@type":["Person","Organization"],"@id":"https:\/\/sandzakpress.net\/arhiva\/#\/schema\/person\/6e72b67d6e51910a1117b3b483ba20bd","name":"Kul","image":{"@type":"ImageObject","inLanguage":"bs-BA","@id":"https:\/\/sandzakpress.net\/arhiva\/#\/schema\/person\/image\/","url":"https:\/\/secure.gravatar.com\/avatar\/42263f39aa27ac04c43cab85c280eb2e?s=96&d=mm&r=pg","contentUrl":"https:\/\/secure.gravatar.com\/avatar\/42263f39aa27ac04c43cab85c280eb2e?s=96&d=mm&r=pg","caption":"Kul"},"logo":{"@id":"https:\/\/sandzakpress.net\/arhiva\/#\/schema\/person\/image\/"}},{"@type":"Person","@id":"","url":"https:\/\/sandzakpress.net\/arhiva\/author\/"}]}},"_links":{"self":[{"href":"https:\/\/sandzakpress.net\/arhiva\/wp-json\/wp\/v2\/posts\/58971"}],"collection":[{"href":"https:\/\/sandzakpress.net\/arhiva\/wp-json\/wp\/v2\/posts"}],"about":[{"href":"https:\/\/sandzakpress.net\/arhiva\/wp-json\/wp\/v2\/types\/post"}],"author":[{"embeddable":true,"href":"https:\/\/sandzakpress.net\/arhiva\/wp-json\/wp\/v2\/users\/16"}],"replies":[{"embeddable":true,"href":"https:\/\/sandzakpress.net\/arhiva\/wp-json\/wp\/v2\/comments?post=58971"}],"version-history":[{"count":0,"href":"https:\/\/sandzakpress.net\/arhiva\/wp-json\/wp\/v2\/posts\/58971\/revisions"}],"wp:featuredmedia":[{"embeddable":true,"href":"https:\/\/sandzakpress.net\/arhiva\/wp-json\/wp\/v2\/media\/58973"}],"wp:attachment":[{"href":"https:\/\/sandzakpress.net\/arhiva\/wp-json\/wp\/v2\/media?parent=58971"}],"wp:term":[{"taxonomy":"category","embeddable":true,"href":"https:\/\/sandzakpress.net\/arhiva\/wp-json\/wp\/v2\/categories?post=58971"},{"taxonomy":"post_tag","embeddable":true,"href":"https:\/\/sandzakpress.net\/arhiva\/wp-json\/wp\/v2\/tags?post=58971"}],"curies":[{"name":"wp","href":"https:\/\/api.w.org\/{rel}","templated":true}]}}