{"id":58857,"date":"2012-12-19T19:43:35","date_gmt":"2012-12-19T18:43:35","guid":{"rendered":"https:\/\/sandzakpress.net\/arhiva\/?p=58857"},"modified":"2012-12-19T19:43:35","modified_gmt":"2012-12-19T18:43:35","slug":"srbija-kosovo-od-sutra-na-snazi-dogovor-o-naplati-carine","status":"publish","type":"post","link":"https:\/\/sandzakpress.net\/arhiva\/srbija-kosovo-od-sutra-na-snazi-dogovor-o-naplati-carine\/","title":{"rendered":"Srbija &#8211; Kosovo: Od sutra na snazi dogovor o naplati carine"},"content":{"rendered":"<p><strong><a href=\"https:\/\/sandzakpress.net\/arhiva\/wp-content\/uploads\/2012\/12\/copyright_aabadoluajansi_2012_20121219184110.jpg\"><img loading=\"lazy\" decoding=\"async\" class=\"alignleft size-medium wp-image-58858\" title=\"copyright_aabadoluajansi_2012_20121219184110\" src=\"https:\/\/sandzakpress.net\/arhiva\/wp-content\/uploads\/2012\/12\/copyright_aabadoluajansi_2012_20121219184110-300x208.jpg\" alt=\"\" width=\"300\" height=\"208\" \/><\/a>Novi Pazar, Kosovo &#8211; Direktor Kancelarije za stru\u010dne i operativne poslove u pregovara\u010dkom procesu Vlade Republike Srbije Dejan Pavi\u0107evi\u0107 potvrdio je da su radne grupe Beograda i Pri\u0161tine kasno sino\u0107 u Bruxellesu postigle dogovor o naplati carina na integrisanim prelazima na administrativnoj liniji, koji \u0107e sutra po\u010deti da va\u017ei, saop\u0161teno je iz Vlade Srbije.<\/strong><\/p>\n<p>Pavi\u0107evi\u0107 je u izjavi za novinare nakon razgovora u Bruxellesu rekao da \u0107e vozila sa robom na koju se ne pla\u0107a akciza mo\u0107i bez carinjenja da ulaze na sjever Kosova, kao i akcizna roba do tri i po tone. Na prelazima \u0107e se, kako je objasnio, pregledati dokumentacija o robi koja se prevozi, ali isklju\u010divo radi statistike, a ne carine. On je ponovio da je postignut dogovor o tome da sporazum po\u010dne da va\u017ei od \u010detvrtka, 20. decembra, od osam \u010dasova.<\/p>\n<p>Pavi\u0107evi\u0107 je naglasio da je ovim dogovorom samo potvr\u0111en sporazum koji je postignut prilikom posljednje runde politi\u010dkog dijaloga izme\u0111u predsjednika Vlade Republike Srbije Ivice Da\u010di\u0107a i kosovskog premijera Hashima Tachija 4. decembra u Bruxellesu.<\/p>\n<p>&#8220;U pregovorima je vo\u0111eno ra\u010duna o interesima Srba na severu Kosmeta, ali i o mogu\u0107nostima zloupotreba slobodnog uvoza robe&#8221;, kazao je on i ponovio da je Srbija, ukoliko sa druge strane bude bilo opstrukcija, spremna da suspenduje sporazum o integrisanim prelazima, navodi se u saop\u0161tenju srbijanske vlade.<\/p>\n<p>Premijer Srbije\u00a0Ivica Da\u010di\u0107 izjavio je ju\u010de da je nezadovoljan po\u0161tovanjem sporazuma u integrisanom upravljanju prelazima, kao i da \u0107e u slu\u010daju daljeg nepo\u0161tovanja dogovora prekinuti pregovore s Tachijem.<\/p>\n<p>Nastavak dijaloga predstavnika Beograda i Pri\u0161tine, uz posredovanje visoke predstavnice za vanjsku politiku i sigurnost EU Catherine Ashton zakazan je za 10. januar.<\/p>\n<p>(AA)<\/p>\n","protected":false},"excerpt":{"rendered":"<p>Novi Pazar, Kosovo &#8211; Direktor Kancelarije za stru\u010dne i operativne poslove u pregovara\u010dkom procesu Vlade Republike Srbije Dejan Pavi\u0107evi\u0107 potvrdio je da su radne grupe Beograda i Pri\u0161tine kasno sino\u0107 u Bruxellesu postigle dogovor o naplati carina na integrisanim prelazima na administrativnoj liniji, koji \u0107e sutra po\u010deti da va\u017ei, saop\u0161teno je iz Vlade Srbije. Pavi\u0107evi\u0107 [&hellip;]<\/p>\n","protected":false},"author":16,"featured_media":58858,"comment_status":"open","ping_status":"open","sticky":false,"template":"","format":"standard","meta":{"footnotes":""},"categories":[72,2690,3],"tags":[],"class_list":{"0":"post-58857","1":"post","2":"type-post","3":"status-publish","4":"format-standard","5":"has-post-thumbnail","7":"category-novi-pazar","8":"category-kosovo-gradovi","9":"category-privreda"},"yoast_head":"<!-- This site is optimized with the Yoast SEO Premium plugin v23.1 (Yoast SEO v24.9) - https:\/\/yoast.com\/wordpress\/plugins\/seo\/ -->\n<title>Srbija - Kosovo: Od sutra na snazi dogovor o naplati carine<\/title>\n<meta name=\"robots\" content=\"index, follow, max-snippet:-1, max-image-preview:large, max-video-preview:-1\" \/>\n<link rel=\"canonical\" href=\"https:\/\/sandzakpress.net\/arhiva\/srbija-kosovo-od-sutra-na-snazi-dogovor-o-naplati-carine\/\" \/>\n<meta property=\"og:locale\" content=\"bs_BA\" \/>\n<meta property=\"og:type\" content=\"article\" \/>\n<meta property=\"og:title\" content=\"Srbija - Kosovo: Od sutra na snazi dogovor o naplati carine\" \/>\n<meta property=\"og:description\" content=\"Novi Pazar, Kosovo &#8211; Direktor Kancelarije za stru\u010dne i operativne poslove u pregovara\u010dkom procesu Vlade Republike Srbije Dejan Pavi\u0107evi\u0107 potvrdio je da su radne grupe Beograda i Pri\u0161tine kasno sino\u0107 u Bruxellesu postigle dogovor o naplati carina na integrisanim prelazima na administrativnoj liniji, koji \u0107e sutra po\u010deti da va\u017ei, saop\u0161teno je iz Vlade Srbije. Pavi\u0107evi\u0107 [&hellip;]\" \/>\n<meta property=\"og:url\" content=\"https:\/\/sandzakpress.net\/arhiva\/srbija-kosovo-od-sutra-na-snazi-dogovor-o-naplati-carine\/\" \/>\n<meta property=\"og:site_name\" content=\"Sand\u017eak PRESS\" \/>\n<meta property=\"article:published_time\" content=\"2012-12-19T18:43:35+00:00\" \/>\n<meta property=\"og:image\" content=\"https:\/\/sandzakpress.net\/arhiva\/wp-content\/uploads\/2012\/12\/copyright_aabadoluajansi_2012_20121219184110.jpg\" \/>\n\t<meta property=\"og:image:width\" content=\"609\" \/>\n\t<meta property=\"og:image:height\" content=\"424\" \/>\n\t<meta property=\"og:image:type\" content=\"image\/jpeg\" \/>\n<meta name=\"twitter:card\" content=\"summary_large_image\" \/>\n<meta name=\"twitter:label1\" content=\"Written by\" \/>\n\t<meta name=\"twitter:data1\" content=\"\" \/>\n\t<meta name=\"twitter:label2\" content=\"Est. reading time\" \/>\n\t<meta name=\"twitter:data2\" content=\"1 minuta\" \/>\n<script type=\"application\/ld+json\" class=\"yoast-schema-graph\">{\"@context\":\"https:\/\/schema.org\",\"@graph\":[{\"@type\":\"Article\",\"@id\":\"https:\/\/sandzakpress.net\/arhiva\/srbija-kosovo-od-sutra-na-snazi-dogovor-o-naplati-carine\/#article\",\"isPartOf\":{\"@id\":\"https:\/\/sandzakpress.net\/arhiva\/srbija-kosovo-od-sutra-na-snazi-dogovor-o-naplati-carine\/\"},\"author\":{\"name\":\"\",\"@id\":\"\"},\"headline\":\"Srbija &#8211; Kosovo: Od sutra na snazi dogovor o naplati carine\",\"datePublished\":\"2012-12-19T18:43:35+00:00\",\"mainEntityOfPage\":{\"@id\":\"https:\/\/sandzakpress.net\/arhiva\/srbija-kosovo-od-sutra-na-snazi-dogovor-o-naplati-carine\/\"},\"wordCount\":306,\"commentCount\":1,\"publisher\":{\"@id\":\"https:\/\/sandzakpress.net\/arhiva\/#\/schema\/person\/6e72b67d6e51910a1117b3b483ba20bd\"},\"image\":{\"@id\":\"https:\/\/sandzakpress.net\/arhiva\/srbija-kosovo-od-sutra-na-snazi-dogovor-o-naplati-carine\/#primaryimage\"},\"thumbnailUrl\":\"https:\/\/sandzakpress.net\/arhiva\/wp-content\/uploads\/2012\/12\/copyright_aabadoluajansi_2012_20121219184110.jpg\",\"articleSection\":[\"Novi Pazar\",\"Kosovo\",\"Privreda\"],\"inLanguage\":\"bs-BA\",\"potentialAction\":[{\"@type\":\"CommentAction\",\"name\":\"Comment\",\"target\":[\"https:\/\/sandzakpress.net\/arhiva\/srbija-kosovo-od-sutra-na-snazi-dogovor-o-naplati-carine\/#respond\"]}]},{\"@type\":\"WebPage\",\"@id\":\"https:\/\/sandzakpress.net\/arhiva\/srbija-kosovo-od-sutra-na-snazi-dogovor-o-naplati-carine\/\",\"url\":\"https:\/\/sandzakpress.net\/arhiva\/srbija-kosovo-od-sutra-na-snazi-dogovor-o-naplati-carine\/\",\"name\":\"Srbija - Kosovo: Od sutra na snazi dogovor o naplati carine\",\"isPartOf\":{\"@id\":\"https:\/\/sandzakpress.net\/arhiva\/#website\"},\"primaryImageOfPage\":{\"@id\":\"https:\/\/sandzakpress.net\/arhiva\/srbija-kosovo-od-sutra-na-snazi-dogovor-o-naplati-carine\/#primaryimage\"},\"image\":{\"@id\":\"https:\/\/sandzakpress.net\/arhiva\/srbija-kosovo-od-sutra-na-snazi-dogovor-o-naplati-carine\/#primaryimage\"},\"thumbnailUrl\":\"https:\/\/sandzakpress.net\/arhiva\/wp-content\/uploads\/2012\/12\/copyright_aabadoluajansi_2012_20121219184110.jpg\",\"datePublished\":\"2012-12-19T18:43:35+00:00\",\"breadcrumb\":{\"@id\":\"https:\/\/sandzakpress.net\/arhiva\/srbija-kosovo-od-sutra-na-snazi-dogovor-o-naplati-carine\/#breadcrumb\"},\"inLanguage\":\"bs-BA\",\"potentialAction\":[{\"@type\":\"ReadAction\",\"target\":[\"https:\/\/sandzakpress.net\/arhiva\/srbija-kosovo-od-sutra-na-snazi-dogovor-o-naplati-carine\/\"]}]},{\"@type\":\"ImageObject\",\"inLanguage\":\"bs-BA\",\"@id\":\"https:\/\/sandzakpress.net\/arhiva\/srbija-kosovo-od-sutra-na-snazi-dogovor-o-naplati-carine\/#primaryimage\",\"url\":\"https:\/\/sandzakpress.net\/arhiva\/wp-content\/uploads\/2012\/12\/copyright_aabadoluajansi_2012_20121219184110.jpg\",\"contentUrl\":\"https:\/\/sandzakpress.net\/arhiva\/wp-content\/uploads\/2012\/12\/copyright_aabadoluajansi_2012_20121219184110.jpg\",\"width\":609,\"height\":424},{\"@type\":\"BreadcrumbList\",\"@id\":\"https:\/\/sandzakpress.net\/arhiva\/srbija-kosovo-od-sutra-na-snazi-dogovor-o-naplati-carine\/#breadcrumb\",\"itemListElement\":[{\"@type\":\"ListItem\",\"position\":1,\"name\":\"Home\",\"item\":\"https:\/\/sandzakpress.net\/arhiva\/\"},{\"@type\":\"ListItem\",\"position\":2,\"name\":\"Srbija &#8211; Kosovo: Od sutra na snazi dogovor o naplati carine\"}]},{\"@type\":\"WebSite\",\"@id\":\"https:\/\/sandzakpress.net\/arhiva\/#website\",\"url\":\"https:\/\/sandzakpress.net\/arhiva\/\",\"name\":\"Sand\u017eak PRESS\",\"description\":\"Prve elektronske novine u Sand\u017eaku\",\"publisher\":{\"@id\":\"https:\/\/sandzakpress.net\/arhiva\/#\/schema\/person\/6e72b67d6e51910a1117b3b483ba20bd\"},\"potentialAction\":[{\"@type\":\"SearchAction\",\"target\":{\"@type\":\"EntryPoint\",\"urlTemplate\":\"https:\/\/sandzakpress.net\/arhiva\/?s={search_term_string}\"},\"query-input\":{\"@type\":\"PropertyValueSpecification\",\"valueRequired\":true,\"valueName\":\"search_term_string\"}}],\"inLanguage\":\"bs-BA\"},{\"@type\":[\"Person\",\"Organization\"],\"@id\":\"https:\/\/sandzakpress.net\/arhiva\/#\/schema\/person\/6e72b67d6e51910a1117b3b483ba20bd\",\"name\":\"Kul\",\"image\":{\"@type\":\"ImageObject\",\"inLanguage\":\"bs-BA\",\"@id\":\"https:\/\/sandzakpress.net\/arhiva\/#\/schema\/person\/image\/\",\"url\":\"https:\/\/secure.gravatar.com\/avatar\/42263f39aa27ac04c43cab85c280eb2e?s=96&d=mm&r=pg\",\"contentUrl\":\"https:\/\/secure.gravatar.com\/avatar\/42263f39aa27ac04c43cab85c280eb2e?s=96&d=mm&r=pg\",\"caption\":\"Kul\"},\"logo\":{\"@id\":\"https:\/\/sandzakpress.net\/arhiva\/#\/schema\/person\/image\/\"}},{\"@type\":\"Person\",\"@id\":\"\",\"url\":\"https:\/\/sandzakpress.net\/arhiva\/author\/\"}]}<\/script>\n<!-- \/ Yoast SEO Premium plugin. -->","yoast_head_json":{"title":"Srbija - Kosovo: Od sutra na snazi dogovor o naplati carine","robots":{"index":"index","follow":"follow","max-snippet":"max-snippet:-1","max-image-preview":"max-image-preview:large","max-video-preview":"max-video-preview:-1"},"canonical":"https:\/\/sandzakpress.net\/arhiva\/srbija-kosovo-od-sutra-na-snazi-dogovor-o-naplati-carine\/","og_locale":"bs_BA","og_type":"article","og_title":"Srbija - Kosovo: Od sutra na snazi dogovor o naplati carine","og_description":"Novi Pazar, Kosovo &#8211; Direktor Kancelarije za stru\u010dne i operativne poslove u pregovara\u010dkom procesu Vlade Republike Srbije Dejan Pavi\u0107evi\u0107 potvrdio je da su radne grupe Beograda i Pri\u0161tine kasno sino\u0107 u Bruxellesu postigle dogovor o naplati carina na integrisanim prelazima na administrativnoj liniji, koji \u0107e sutra po\u010deti da va\u017ei, saop\u0161teno je iz Vlade Srbije. Pavi\u0107evi\u0107 [&hellip;]","og_url":"https:\/\/sandzakpress.net\/arhiva\/srbija-kosovo-od-sutra-na-snazi-dogovor-o-naplati-carine\/","og_site_name":"Sand\u017eak PRESS","article_published_time":"2012-12-19T18:43:35+00:00","og_image":[{"width":609,"height":424,"url":"https:\/\/sandzakpress.net\/arhiva\/wp-content\/uploads\/2012\/12\/copyright_aabadoluajansi_2012_20121219184110.jpg","type":"image\/jpeg"}],"twitter_card":"summary_large_image","twitter_misc":{"Written by":"","Est. reading time":"1 minuta"},"schema":{"@context":"https:\/\/schema.org","@graph":[{"@type":"Article","@id":"https:\/\/sandzakpress.net\/arhiva\/srbija-kosovo-od-sutra-na-snazi-dogovor-o-naplati-carine\/#article","isPartOf":{"@id":"https:\/\/sandzakpress.net\/arhiva\/srbija-kosovo-od-sutra-na-snazi-dogovor-o-naplati-carine\/"},"author":{"name":"","@id":""},"headline":"Srbija &#8211; Kosovo: Od sutra na snazi dogovor o naplati carine","datePublished":"2012-12-19T18:43:35+00:00","mainEntityOfPage":{"@id":"https:\/\/sandzakpress.net\/arhiva\/srbija-kosovo-od-sutra-na-snazi-dogovor-o-naplati-carine\/"},"wordCount":306,"commentCount":1,"publisher":{"@id":"https:\/\/sandzakpress.net\/arhiva\/#\/schema\/person\/6e72b67d6e51910a1117b3b483ba20bd"},"image":{"@id":"https:\/\/sandzakpress.net\/arhiva\/srbija-kosovo-od-sutra-na-snazi-dogovor-o-naplati-carine\/#primaryimage"},"thumbnailUrl":"https:\/\/sandzakpress.net\/arhiva\/wp-content\/uploads\/2012\/12\/copyright_aabadoluajansi_2012_20121219184110.jpg","articleSection":["Novi Pazar","Kosovo","Privreda"],"inLanguage":"bs-BA","potentialAction":[{"@type":"CommentAction","name":"Comment","target":["https:\/\/sandzakpress.net\/arhiva\/srbija-kosovo-od-sutra-na-snazi-dogovor-o-naplati-carine\/#respond"]}]},{"@type":"WebPage","@id":"https:\/\/sandzakpress.net\/arhiva\/srbija-kosovo-od-sutra-na-snazi-dogovor-o-naplati-carine\/","url":"https:\/\/sandzakpress.net\/arhiva\/srbija-kosovo-od-sutra-na-snazi-dogovor-o-naplati-carine\/","name":"Srbija - Kosovo: Od sutra na snazi dogovor o naplati carine","isPartOf":{"@id":"https:\/\/sandzakpress.net\/arhiva\/#website"},"primaryImageOfPage":{"@id":"https:\/\/sandzakpress.net\/arhiva\/srbija-kosovo-od-sutra-na-snazi-dogovor-o-naplati-carine\/#primaryimage"},"image":{"@id":"https:\/\/sandzakpress.net\/arhiva\/srbija-kosovo-od-sutra-na-snazi-dogovor-o-naplati-carine\/#primaryimage"},"thumbnailUrl":"https:\/\/sandzakpress.net\/arhiva\/wp-content\/uploads\/2012\/12\/copyright_aabadoluajansi_2012_20121219184110.jpg","datePublished":"2012-12-19T18:43:35+00:00","breadcrumb":{"@id":"https:\/\/sandzakpress.net\/arhiva\/srbija-kosovo-od-sutra-na-snazi-dogovor-o-naplati-carine\/#breadcrumb"},"inLanguage":"bs-BA","potentialAction":[{"@type":"ReadAction","target":["https:\/\/sandzakpress.net\/arhiva\/srbija-kosovo-od-sutra-na-snazi-dogovor-o-naplati-carine\/"]}]},{"@type":"ImageObject","inLanguage":"bs-BA","@id":"https:\/\/sandzakpress.net\/arhiva\/srbija-kosovo-od-sutra-na-snazi-dogovor-o-naplati-carine\/#primaryimage","url":"https:\/\/sandzakpress.net\/arhiva\/wp-content\/uploads\/2012\/12\/copyright_aabadoluajansi_2012_20121219184110.jpg","contentUrl":"https:\/\/sandzakpress.net\/arhiva\/wp-content\/uploads\/2012\/12\/copyright_aabadoluajansi_2012_20121219184110.jpg","width":609,"height":424},{"@type":"BreadcrumbList","@id":"https:\/\/sandzakpress.net\/arhiva\/srbija-kosovo-od-sutra-na-snazi-dogovor-o-naplati-carine\/#breadcrumb","itemListElement":[{"@type":"ListItem","position":1,"name":"Home","item":"https:\/\/sandzakpress.net\/arhiva\/"},{"@type":"ListItem","position":2,"name":"Srbija &#8211; Kosovo: Od sutra na snazi dogovor o naplati carine"}]},{"@type":"WebSite","@id":"https:\/\/sandzakpress.net\/arhiva\/#website","url":"https:\/\/sandzakpress.net\/arhiva\/","name":"Sand\u017eak PRESS","description":"Prve elektronske novine u Sand\u017eaku","publisher":{"@id":"https:\/\/sandzakpress.net\/arhiva\/#\/schema\/person\/6e72b67d6e51910a1117b3b483ba20bd"},"potentialAction":[{"@type":"SearchAction","target":{"@type":"EntryPoint","urlTemplate":"https:\/\/sandzakpress.net\/arhiva\/?s={search_term_string}"},"query-input":{"@type":"PropertyValueSpecification","valueRequired":true,"valueName":"search_term_string"}}],"inLanguage":"bs-BA"},{"@type":["Person","Organization"],"@id":"https:\/\/sandzakpress.net\/arhiva\/#\/schema\/person\/6e72b67d6e51910a1117b3b483ba20bd","name":"Kul","image":{"@type":"ImageObject","inLanguage":"bs-BA","@id":"https:\/\/sandzakpress.net\/arhiva\/#\/schema\/person\/image\/","url":"https:\/\/secure.gravatar.com\/avatar\/42263f39aa27ac04c43cab85c280eb2e?s=96&d=mm&r=pg","contentUrl":"https:\/\/secure.gravatar.com\/avatar\/42263f39aa27ac04c43cab85c280eb2e?s=96&d=mm&r=pg","caption":"Kul"},"logo":{"@id":"https:\/\/sandzakpress.net\/arhiva\/#\/schema\/person\/image\/"}},{"@type":"Person","@id":"","url":"https:\/\/sandzakpress.net\/arhiva\/author\/"}]}},"_links":{"self":[{"href":"https:\/\/sandzakpress.net\/arhiva\/wp-json\/wp\/v2\/posts\/58857"}],"collection":[{"href":"https:\/\/sandzakpress.net\/arhiva\/wp-json\/wp\/v2\/posts"}],"about":[{"href":"https:\/\/sandzakpress.net\/arhiva\/wp-json\/wp\/v2\/types\/post"}],"author":[{"embeddable":true,"href":"https:\/\/sandzakpress.net\/arhiva\/wp-json\/wp\/v2\/users\/16"}],"replies":[{"embeddable":true,"href":"https:\/\/sandzakpress.net\/arhiva\/wp-json\/wp\/v2\/comments?post=58857"}],"version-history":[{"count":0,"href":"https:\/\/sandzakpress.net\/arhiva\/wp-json\/wp\/v2\/posts\/58857\/revisions"}],"wp:featuredmedia":[{"embeddable":true,"href":"https:\/\/sandzakpress.net\/arhiva\/wp-json\/wp\/v2\/media\/58858"}],"wp:attachment":[{"href":"https:\/\/sandzakpress.net\/arhiva\/wp-json\/wp\/v2\/media?parent=58857"}],"wp:term":[{"taxonomy":"category","embeddable":true,"href":"https:\/\/sandzakpress.net\/arhiva\/wp-json\/wp\/v2\/categories?post=58857"},{"taxonomy":"post_tag","embeddable":true,"href":"https:\/\/sandzakpress.net\/arhiva\/wp-json\/wp\/v2\/tags?post=58857"}],"curies":[{"name":"wp","href":"https:\/\/api.w.org\/{rel}","templated":true}]}}