{"id":58670,"date":"2012-12-18T14:27:09","date_gmt":"2012-12-18T13:27:09","guid":{"rendered":"https:\/\/sandzakpress.net\/arhiva\/?p=58670"},"modified":"2012-12-18T14:49:48","modified_gmt":"2012-12-18T13:49:48","slug":"dekan-fis-a-u-posjeti-bosnjackim-dzematima-u-becu","status":"publish","type":"post","link":"https:\/\/sandzakpress.net\/arhiva\/dekan-fis-a-u-posjeti-bosnjackim-dzematima-u-becu\/","title":{"rendered":"Dekan FIS-a u posjeti bo\u0161nja\u010dkim d\u017eematima u Be\u010du"},"content":{"rendered":"<p><a href=\"https:\/\/sandzakpress.net\/arhiva\/wp-content\/uploads\/2012\/12\/bitno_je_biti_bosnjak1.jpg\"><img loading=\"lazy\" decoding=\"async\" class=\"aligncenter size-full wp-image-58669\" title=\"bitno_je_biti_bosnjak\" src=\"https:\/\/sandzakpress.net\/arhiva\/wp-content\/uploads\/2012\/12\/bitno_je_biti_bosnjak1.jpg\" alt=\"\" width=\"616\" height=\"365\" \/><\/a><\/p>\n<p><strong>Novi Pazar &#8211; Od 29. novembra do 2. decembra 2012. godine dekan Fakulteta za Islamske studije u Novom Pazaru prof. dr hfz. Almir Pramenkovi\u0107 boravio je u posjeti bo\u0161nja\u010dkim d\u017eematima u Be\u010du.<\/strong><\/p>\n<p>U \u010detvrtak je hfz. Pramenkovi\u0107, nakon jacije namaza, odr\u017eao predavanje u d\u017eamiji El-Iman, gdje kao imam radi Nihad ef. Gegi\u0107. Narednog dana, hutbu je odr\u017eao i predvodio d\u017eumu namaz u d\u017eamiji El-Ihsan, gdje kao imam radi mr Mithat ef. Mujovi\u0107. Istog dana poslije jacije namaza u organizaciji 5 bo\u0161nja\u010dkih be\u010dkih d\u017eemata (Gazi Husrev-beg, Bosna, M\u020ddling, El-Iman i El-Ihsan) odr\u017eana je manifestacija pod motom &#8220;Bitno je biti Bo\u0161njak&#8221;.<\/p>\n<p>Sala u kojoj se odr\u017eavala ova manifestacija bila je premala da prihvati veliki broj posjetilaca \u2013 Bo\u0161njaka, na\u0161ih vrijednih d\u017eematlija. U programu aktivno u\u010de\u0161\u0107e su uzeli horovi svih pet d\u017eemata. Pored ilahija, kasida, prigodnih recitacija, prisutnima su se obratili Esad ef. Memi\u0107 \u2013 predsjednik IZ-e Bo\u0161njaka Austrije, hfz. Abdulmed\u017eid Sijamhod\u017ei\u0107 \u2013 ispred IZ-e Austrije, te gosti iz domovine prof. dr hfz. Almir Pramenkovi\u0107 Dekan fakulteta za islamske studije iz Novog Pazara i Mr. Mirsad ef. Kalajd\u017ei\u0107 \u2013 rukovodilac Ureda za bo\u0161nja\u010dku dijasporu Rijaseta IZ-e u BiH.<\/p>\n<p>Prof. dr hfz. Pramenkovi\u0107 je ukazao na obavezu o\u010duvanja vjerskog i nacionalnog identiteta. Me\u0111utim, da bi se to ostvarilo potrebna je jaka vjera u Allaha. Pitanja preobra\u0107aja je pitanje promjene u dubinama du\u0161e a ne vanjsko. Dakle, dresurom se ljudi ne mijenjaju. Kod vojnika se dresurom mogu razviti osobine izdr\u017eljivosti, vje\u0161tine ali dresurom se ne mo\u017ee razviti osje\u0107aj \u010dasti, dostojanstva. Cilj pravog odgoja je pokrenuti unutarnji tok do\u017eivljaja. Odgoj pripada \u010dovjeku, dresura \u017eivotinji. Prof. dr hfz. Pramenkovi\u0107 je podsjetio da dva faktora pokre\u0107u \u010dovjeka: emanet i interes. Emanet je centralni pojam morala a interes politike. Emanet je uvijek bez intersa. Moral nije racionalan. Zato je va\u017eno, podvukao je hfz. Pramenkovi\u0107, biti Bo\u0161njak ali je jo\u0161 va\u017enije imati dobrog, kvalitetnog Bo\u0161njaka.<\/p>\n<p>Narednog dana, subota, hfz. Pramenkovi\u0107 je posjetio d\u017eemat Gazi Husrev-beg i, nakon ak\u0161am namaza, odr\u017eao prigodno predavanje, dok je poslije jacije namaza predavanje odr\u017eao u d\u017eematu El-Iman.<\/p>\n<p>Izvor: FIS.edu.rs<\/p>\n","protected":false},"excerpt":{"rendered":"<p>Novi Pazar &#8211; Od 29. novembra do 2. decembra 2012. godine dekan Fakulteta za Islamske studije u Novom Pazaru prof. dr hfz. Almir Pramenkovi\u0107 boravio je u posjeti bo\u0161nja\u010dkim d\u017eematima u Be\u010du. U \u010detvrtak je hfz. Pramenkovi\u0107, nakon jacije namaza, odr\u017eao predavanje u d\u017eamiji El-Iman, gdje kao imam radi Nihad ef. Gegi\u0107. Narednog dana, hutbu [&hellip;]<\/p>\n","protected":false},"author":83,"featured_media":58669,"comment_status":"open","ping_status":"open","sticky":false,"template":"","format":"standard","meta":{"footnotes":""},"categories":[9539,4,8957],"tags":[],"class_list":{"0":"post-58670","1":"post","2":"type-post","3":"status-publish","4":"format-standard","5":"has-post-thumbnail","7":"category-austrija-dijaspora-gradovi-vase-vijesti","8":"category-obrazovanje","9":"category-vijesti-dana"},"yoast_head":"<!-- This site is optimized with the Yoast SEO Premium plugin v23.1 (Yoast SEO v24.9) - https:\/\/yoast.com\/wordpress\/plugins\/seo\/ -->\n<title>Dekan FIS-a u posjeti bo\u0161nja\u010dkim d\u017eematima u Be\u010du<\/title>\n<meta name=\"robots\" content=\"index, follow, max-snippet:-1, max-image-preview:large, max-video-preview:-1\" \/>\n<link rel=\"canonical\" href=\"https:\/\/sandzakpress.net\/arhiva\/dekan-fis-a-u-posjeti-bosnjackim-dzematima-u-becu\/\" \/>\n<meta property=\"og:locale\" content=\"bs_BA\" \/>\n<meta property=\"og:type\" content=\"article\" \/>\n<meta property=\"og:title\" content=\"Dekan FIS-a u posjeti bo\u0161nja\u010dkim d\u017eematima u Be\u010du\" \/>\n<meta property=\"og:description\" content=\"Novi Pazar &#8211; Od 29. novembra do 2. decembra 2012. godine dekan Fakulteta za Islamske studije u Novom Pazaru prof. dr hfz. Almir Pramenkovi\u0107 boravio je u posjeti bo\u0161nja\u010dkim d\u017eematima u Be\u010du. U \u010detvrtak je hfz. Pramenkovi\u0107, nakon jacije namaza, odr\u017eao predavanje u d\u017eamiji El-Iman, gdje kao imam radi Nihad ef. Gegi\u0107. Narednog dana, hutbu [&hellip;]\" \/>\n<meta property=\"og:url\" content=\"https:\/\/sandzakpress.net\/arhiva\/dekan-fis-a-u-posjeti-bosnjackim-dzematima-u-becu\/\" \/>\n<meta property=\"og:site_name\" content=\"Sand\u017eak PRESS\" \/>\n<meta property=\"article:published_time\" content=\"2012-12-18T13:27:09+00:00\" \/>\n<meta property=\"article:modified_time\" content=\"2012-12-18T13:49:48+00:00\" \/>\n<meta property=\"og:image\" content=\"https:\/\/sandzakpress.net\/arhiva\/wp-content\/uploads\/2012\/12\/bitno_je_biti_bosnjak1.jpg\" \/>\n\t<meta property=\"og:image:width\" content=\"616\" \/>\n\t<meta property=\"og:image:height\" content=\"365\" \/>\n\t<meta property=\"og:image:type\" content=\"image\/jpeg\" \/>\n<meta name=\"author\" content=\"bosniak\" \/>\n<meta name=\"twitter:card\" content=\"summary_large_image\" \/>\n<meta name=\"twitter:label1\" content=\"Written by\" \/>\n\t<meta name=\"twitter:data1\" content=\"bosniak\" \/>\n\t<meta name=\"twitter:label2\" content=\"Est. reading time\" \/>\n\t<meta name=\"twitter:data2\" content=\"2 minute\" \/>\n<script type=\"application\/ld+json\" class=\"yoast-schema-graph\">{\"@context\":\"https:\/\/schema.org\",\"@graph\":[{\"@type\":\"Article\",\"@id\":\"https:\/\/sandzakpress.net\/arhiva\/dekan-fis-a-u-posjeti-bosnjackim-dzematima-u-becu\/#article\",\"isPartOf\":{\"@id\":\"https:\/\/sandzakpress.net\/arhiva\/dekan-fis-a-u-posjeti-bosnjackim-dzematima-u-becu\/\"},\"author\":{\"name\":\"bosniak\",\"@id\":\"https:\/\/sandzakpress.net\/arhiva\/#\/schema\/person\/c8baee722073534b583ea7bdb2e36c02\"},\"headline\":\"Dekan FIS-a u posjeti bo\u0161nja\u010dkim d\u017eematima u Be\u010du\",\"datePublished\":\"2012-12-18T13:27:09+00:00\",\"dateModified\":\"2012-12-18T13:49:48+00:00\",\"mainEntityOfPage\":{\"@id\":\"https:\/\/sandzakpress.net\/arhiva\/dekan-fis-a-u-posjeti-bosnjackim-dzematima-u-becu\/\"},\"wordCount\":388,\"commentCount\":0,\"publisher\":{\"@id\":\"https:\/\/sandzakpress.net\/arhiva\/#\/schema\/person\/6e72b67d6e51910a1117b3b483ba20bd\"},\"image\":{\"@id\":\"https:\/\/sandzakpress.net\/arhiva\/dekan-fis-a-u-posjeti-bosnjackim-dzematima-u-becu\/#primaryimage\"},\"thumbnailUrl\":\"https:\/\/sandzakpress.net\/arhiva\/wp-content\/uploads\/2012\/12\/bitno_je_biti_bosnjak1.jpg\",\"articleSection\":[\"Austrija\",\"Obrazovanje\",\"VIJESTI DANA\"],\"inLanguage\":\"bs-BA\",\"potentialAction\":[{\"@type\":\"CommentAction\",\"name\":\"Comment\",\"target\":[\"https:\/\/sandzakpress.net\/arhiva\/dekan-fis-a-u-posjeti-bosnjackim-dzematima-u-becu\/#respond\"]}]},{\"@type\":\"WebPage\",\"@id\":\"https:\/\/sandzakpress.net\/arhiva\/dekan-fis-a-u-posjeti-bosnjackim-dzematima-u-becu\/\",\"url\":\"https:\/\/sandzakpress.net\/arhiva\/dekan-fis-a-u-posjeti-bosnjackim-dzematima-u-becu\/\",\"name\":\"Dekan FIS-a u posjeti bo\u0161nja\u010dkim d\u017eematima u Be\u010du\",\"isPartOf\":{\"@id\":\"https:\/\/sandzakpress.net\/arhiva\/#website\"},\"primaryImageOfPage\":{\"@id\":\"https:\/\/sandzakpress.net\/arhiva\/dekan-fis-a-u-posjeti-bosnjackim-dzematima-u-becu\/#primaryimage\"},\"image\":{\"@id\":\"https:\/\/sandzakpress.net\/arhiva\/dekan-fis-a-u-posjeti-bosnjackim-dzematima-u-becu\/#primaryimage\"},\"thumbnailUrl\":\"https:\/\/sandzakpress.net\/arhiva\/wp-content\/uploads\/2012\/12\/bitno_je_biti_bosnjak1.jpg\",\"datePublished\":\"2012-12-18T13:27:09+00:00\",\"dateModified\":\"2012-12-18T13:49:48+00:00\",\"breadcrumb\":{\"@id\":\"https:\/\/sandzakpress.net\/arhiva\/dekan-fis-a-u-posjeti-bosnjackim-dzematima-u-becu\/#breadcrumb\"},\"inLanguage\":\"bs-BA\",\"potentialAction\":[{\"@type\":\"ReadAction\",\"target\":[\"https:\/\/sandzakpress.net\/arhiva\/dekan-fis-a-u-posjeti-bosnjackim-dzematima-u-becu\/\"]}]},{\"@type\":\"ImageObject\",\"inLanguage\":\"bs-BA\",\"@id\":\"https:\/\/sandzakpress.net\/arhiva\/dekan-fis-a-u-posjeti-bosnjackim-dzematima-u-becu\/#primaryimage\",\"url\":\"https:\/\/sandzakpress.net\/arhiva\/wp-content\/uploads\/2012\/12\/bitno_je_biti_bosnjak1.jpg\",\"contentUrl\":\"https:\/\/sandzakpress.net\/arhiva\/wp-content\/uploads\/2012\/12\/bitno_je_biti_bosnjak1.jpg\",\"width\":616,\"height\":365},{\"@type\":\"BreadcrumbList\",\"@id\":\"https:\/\/sandzakpress.net\/arhiva\/dekan-fis-a-u-posjeti-bosnjackim-dzematima-u-becu\/#breadcrumb\",\"itemListElement\":[{\"@type\":\"ListItem\",\"position\":1,\"name\":\"Home\",\"item\":\"https:\/\/sandzakpress.net\/arhiva\/\"},{\"@type\":\"ListItem\",\"position\":2,\"name\":\"Dekan FIS-a u posjeti bo\u0161nja\u010dkim d\u017eematima u Be\u010du\"}]},{\"@type\":\"WebSite\",\"@id\":\"https:\/\/sandzakpress.net\/arhiva\/#website\",\"url\":\"https:\/\/sandzakpress.net\/arhiva\/\",\"name\":\"Sand\u017eak PRESS\",\"description\":\"Prve elektronske novine u Sand\u017eaku\",\"publisher\":{\"@id\":\"https:\/\/sandzakpress.net\/arhiva\/#\/schema\/person\/6e72b67d6e51910a1117b3b483ba20bd\"},\"potentialAction\":[{\"@type\":\"SearchAction\",\"target\":{\"@type\":\"EntryPoint\",\"urlTemplate\":\"https:\/\/sandzakpress.net\/arhiva\/?s={search_term_string}\"},\"query-input\":{\"@type\":\"PropertyValueSpecification\",\"valueRequired\":true,\"valueName\":\"search_term_string\"}}],\"inLanguage\":\"bs-BA\"},{\"@type\":[\"Person\",\"Organization\"],\"@id\":\"https:\/\/sandzakpress.net\/arhiva\/#\/schema\/person\/6e72b67d6e51910a1117b3b483ba20bd\",\"name\":\"Kul\",\"image\":{\"@type\":\"ImageObject\",\"inLanguage\":\"bs-BA\",\"@id\":\"https:\/\/sandzakpress.net\/arhiva\/#\/schema\/person\/image\/\",\"url\":\"https:\/\/secure.gravatar.com\/avatar\/42263f39aa27ac04c43cab85c280eb2e?s=96&d=mm&r=pg\",\"contentUrl\":\"https:\/\/secure.gravatar.com\/avatar\/42263f39aa27ac04c43cab85c280eb2e?s=96&d=mm&r=pg\",\"caption\":\"Kul\"},\"logo\":{\"@id\":\"https:\/\/sandzakpress.net\/arhiva\/#\/schema\/person\/image\/\"}},{\"@type\":\"Person\",\"@id\":\"https:\/\/sandzakpress.net\/arhiva\/#\/schema\/person\/c8baee722073534b583ea7bdb2e36c02\",\"name\":\"bosniak\",\"image\":{\"@type\":\"ImageObject\",\"inLanguage\":\"bs-BA\",\"@id\":\"https:\/\/sandzakpress.net\/arhiva\/#\/schema\/person\/image\/\",\"url\":\"https:\/\/secure.gravatar.com\/avatar\/a04fd330bfe3a36a72a0ad4a6d89fca7?s=96&d=mm&r=pg\",\"contentUrl\":\"https:\/\/secure.gravatar.com\/avatar\/a04fd330bfe3a36a72a0ad4a6d89fca7?s=96&d=mm&r=pg\",\"caption\":\"bosniak\"},\"url\":\"https:\/\/sandzakpress.net\/arhiva\/author\/bosniak\/\"}]}<\/script>\n<!-- \/ Yoast SEO Premium plugin. -->","yoast_head_json":{"title":"Dekan FIS-a u posjeti bo\u0161nja\u010dkim d\u017eematima u Be\u010du","robots":{"index":"index","follow":"follow","max-snippet":"max-snippet:-1","max-image-preview":"max-image-preview:large","max-video-preview":"max-video-preview:-1"},"canonical":"https:\/\/sandzakpress.net\/arhiva\/dekan-fis-a-u-posjeti-bosnjackim-dzematima-u-becu\/","og_locale":"bs_BA","og_type":"article","og_title":"Dekan FIS-a u posjeti bo\u0161nja\u010dkim d\u017eematima u Be\u010du","og_description":"Novi Pazar &#8211; Od 29. novembra do 2. decembra 2012. godine dekan Fakulteta za Islamske studije u Novom Pazaru prof. dr hfz. Almir Pramenkovi\u0107 boravio je u posjeti bo\u0161nja\u010dkim d\u017eematima u Be\u010du. U \u010detvrtak je hfz. Pramenkovi\u0107, nakon jacije namaza, odr\u017eao predavanje u d\u017eamiji El-Iman, gdje kao imam radi Nihad ef. Gegi\u0107. Narednog dana, hutbu [&hellip;]","og_url":"https:\/\/sandzakpress.net\/arhiva\/dekan-fis-a-u-posjeti-bosnjackim-dzematima-u-becu\/","og_site_name":"Sand\u017eak PRESS","article_published_time":"2012-12-18T13:27:09+00:00","article_modified_time":"2012-12-18T13:49:48+00:00","og_image":[{"width":616,"height":365,"url":"https:\/\/sandzakpress.net\/arhiva\/wp-content\/uploads\/2012\/12\/bitno_je_biti_bosnjak1.jpg","type":"image\/jpeg"}],"author":"bosniak","twitter_card":"summary_large_image","twitter_misc":{"Written by":"bosniak","Est. reading time":"2 minute"},"schema":{"@context":"https:\/\/schema.org","@graph":[{"@type":"Article","@id":"https:\/\/sandzakpress.net\/arhiva\/dekan-fis-a-u-posjeti-bosnjackim-dzematima-u-becu\/#article","isPartOf":{"@id":"https:\/\/sandzakpress.net\/arhiva\/dekan-fis-a-u-posjeti-bosnjackim-dzematima-u-becu\/"},"author":{"name":"bosniak","@id":"https:\/\/sandzakpress.net\/arhiva\/#\/schema\/person\/c8baee722073534b583ea7bdb2e36c02"},"headline":"Dekan FIS-a u posjeti bo\u0161nja\u010dkim d\u017eematima u Be\u010du","datePublished":"2012-12-18T13:27:09+00:00","dateModified":"2012-12-18T13:49:48+00:00","mainEntityOfPage":{"@id":"https:\/\/sandzakpress.net\/arhiva\/dekan-fis-a-u-posjeti-bosnjackim-dzematima-u-becu\/"},"wordCount":388,"commentCount":0,"publisher":{"@id":"https:\/\/sandzakpress.net\/arhiva\/#\/schema\/person\/6e72b67d6e51910a1117b3b483ba20bd"},"image":{"@id":"https:\/\/sandzakpress.net\/arhiva\/dekan-fis-a-u-posjeti-bosnjackim-dzematima-u-becu\/#primaryimage"},"thumbnailUrl":"https:\/\/sandzakpress.net\/arhiva\/wp-content\/uploads\/2012\/12\/bitno_je_biti_bosnjak1.jpg","articleSection":["Austrija","Obrazovanje","VIJESTI DANA"],"inLanguage":"bs-BA","potentialAction":[{"@type":"CommentAction","name":"Comment","target":["https:\/\/sandzakpress.net\/arhiva\/dekan-fis-a-u-posjeti-bosnjackim-dzematima-u-becu\/#respond"]}]},{"@type":"WebPage","@id":"https:\/\/sandzakpress.net\/arhiva\/dekan-fis-a-u-posjeti-bosnjackim-dzematima-u-becu\/","url":"https:\/\/sandzakpress.net\/arhiva\/dekan-fis-a-u-posjeti-bosnjackim-dzematima-u-becu\/","name":"Dekan FIS-a u posjeti bo\u0161nja\u010dkim d\u017eematima u Be\u010du","isPartOf":{"@id":"https:\/\/sandzakpress.net\/arhiva\/#website"},"primaryImageOfPage":{"@id":"https:\/\/sandzakpress.net\/arhiva\/dekan-fis-a-u-posjeti-bosnjackim-dzematima-u-becu\/#primaryimage"},"image":{"@id":"https:\/\/sandzakpress.net\/arhiva\/dekan-fis-a-u-posjeti-bosnjackim-dzematima-u-becu\/#primaryimage"},"thumbnailUrl":"https:\/\/sandzakpress.net\/arhiva\/wp-content\/uploads\/2012\/12\/bitno_je_biti_bosnjak1.jpg","datePublished":"2012-12-18T13:27:09+00:00","dateModified":"2012-12-18T13:49:48+00:00","breadcrumb":{"@id":"https:\/\/sandzakpress.net\/arhiva\/dekan-fis-a-u-posjeti-bosnjackim-dzematima-u-becu\/#breadcrumb"},"inLanguage":"bs-BA","potentialAction":[{"@type":"ReadAction","target":["https:\/\/sandzakpress.net\/arhiva\/dekan-fis-a-u-posjeti-bosnjackim-dzematima-u-becu\/"]}]},{"@type":"ImageObject","inLanguage":"bs-BA","@id":"https:\/\/sandzakpress.net\/arhiva\/dekan-fis-a-u-posjeti-bosnjackim-dzematima-u-becu\/#primaryimage","url":"https:\/\/sandzakpress.net\/arhiva\/wp-content\/uploads\/2012\/12\/bitno_je_biti_bosnjak1.jpg","contentUrl":"https:\/\/sandzakpress.net\/arhiva\/wp-content\/uploads\/2012\/12\/bitno_je_biti_bosnjak1.jpg","width":616,"height":365},{"@type":"BreadcrumbList","@id":"https:\/\/sandzakpress.net\/arhiva\/dekan-fis-a-u-posjeti-bosnjackim-dzematima-u-becu\/#breadcrumb","itemListElement":[{"@type":"ListItem","position":1,"name":"Home","item":"https:\/\/sandzakpress.net\/arhiva\/"},{"@type":"ListItem","position":2,"name":"Dekan FIS-a u posjeti bo\u0161nja\u010dkim d\u017eematima u Be\u010du"}]},{"@type":"WebSite","@id":"https:\/\/sandzakpress.net\/arhiva\/#website","url":"https:\/\/sandzakpress.net\/arhiva\/","name":"Sand\u017eak PRESS","description":"Prve elektronske novine u Sand\u017eaku","publisher":{"@id":"https:\/\/sandzakpress.net\/arhiva\/#\/schema\/person\/6e72b67d6e51910a1117b3b483ba20bd"},"potentialAction":[{"@type":"SearchAction","target":{"@type":"EntryPoint","urlTemplate":"https:\/\/sandzakpress.net\/arhiva\/?s={search_term_string}"},"query-input":{"@type":"PropertyValueSpecification","valueRequired":true,"valueName":"search_term_string"}}],"inLanguage":"bs-BA"},{"@type":["Person","Organization"],"@id":"https:\/\/sandzakpress.net\/arhiva\/#\/schema\/person\/6e72b67d6e51910a1117b3b483ba20bd","name":"Kul","image":{"@type":"ImageObject","inLanguage":"bs-BA","@id":"https:\/\/sandzakpress.net\/arhiva\/#\/schema\/person\/image\/","url":"https:\/\/secure.gravatar.com\/avatar\/42263f39aa27ac04c43cab85c280eb2e?s=96&d=mm&r=pg","contentUrl":"https:\/\/secure.gravatar.com\/avatar\/42263f39aa27ac04c43cab85c280eb2e?s=96&d=mm&r=pg","caption":"Kul"},"logo":{"@id":"https:\/\/sandzakpress.net\/arhiva\/#\/schema\/person\/image\/"}},{"@type":"Person","@id":"https:\/\/sandzakpress.net\/arhiva\/#\/schema\/person\/c8baee722073534b583ea7bdb2e36c02","name":"bosniak","image":{"@type":"ImageObject","inLanguage":"bs-BA","@id":"https:\/\/sandzakpress.net\/arhiva\/#\/schema\/person\/image\/","url":"https:\/\/secure.gravatar.com\/avatar\/a04fd330bfe3a36a72a0ad4a6d89fca7?s=96&d=mm&r=pg","contentUrl":"https:\/\/secure.gravatar.com\/avatar\/a04fd330bfe3a36a72a0ad4a6d89fca7?s=96&d=mm&r=pg","caption":"bosniak"},"url":"https:\/\/sandzakpress.net\/arhiva\/author\/bosniak\/"}]}},"_links":{"self":[{"href":"https:\/\/sandzakpress.net\/arhiva\/wp-json\/wp\/v2\/posts\/58670"}],"collection":[{"href":"https:\/\/sandzakpress.net\/arhiva\/wp-json\/wp\/v2\/posts"}],"about":[{"href":"https:\/\/sandzakpress.net\/arhiva\/wp-json\/wp\/v2\/types\/post"}],"author":[{"embeddable":true,"href":"https:\/\/sandzakpress.net\/arhiva\/wp-json\/wp\/v2\/users\/83"}],"replies":[{"embeddable":true,"href":"https:\/\/sandzakpress.net\/arhiva\/wp-json\/wp\/v2\/comments?post=58670"}],"version-history":[{"count":0,"href":"https:\/\/sandzakpress.net\/arhiva\/wp-json\/wp\/v2\/posts\/58670\/revisions"}],"wp:featuredmedia":[{"embeddable":true,"href":"https:\/\/sandzakpress.net\/arhiva\/wp-json\/wp\/v2\/media\/58669"}],"wp:attachment":[{"href":"https:\/\/sandzakpress.net\/arhiva\/wp-json\/wp\/v2\/media?parent=58670"}],"wp:term":[{"taxonomy":"category","embeddable":true,"href":"https:\/\/sandzakpress.net\/arhiva\/wp-json\/wp\/v2\/categories?post=58670"},{"taxonomy":"post_tag","embeddable":true,"href":"https:\/\/sandzakpress.net\/arhiva\/wp-json\/wp\/v2\/tags?post=58670"}],"curies":[{"name":"wp","href":"https:\/\/api.w.org\/{rel}","templated":true}]}}