{"id":5848,"date":"2010-07-03T00:42:54","date_gmt":"2010-07-03T00:42:54","guid":{"rendered":"https:\/\/sandzakpress.net\/arhiva\/?p=5848"},"modified":"2010-07-03T00:42:54","modified_gmt":"2010-07-03T00:42:54","slug":"ljajic-na-celu-fk-novi-pazar","status":"publish","type":"post","link":"https:\/\/sandzakpress.net\/arhiva\/ljajic-na-celu-fk-novi-pazar\/","title":{"rendered":"Ljaji\u0107 na \u010delu FK Novi Pazar"},"content":{"rendered":"<p><strong><a href=\"https:\/\/sandzakpress.net\/arhiva\/wp-content\/uploads\/2010\/07\/sp-Rasim-Ljajic.jpg\"><img loading=\"lazy\" decoding=\"async\" class=\"alignleft size-medium wp-image-5849\" title=\"sp-Rasim-Ljajic\" src=\"https:\/\/sandzakpress.net\/arhiva\/wp-content\/uploads\/2010\/07\/sp-Rasim-Ljajic-300x205.jpg\" alt=\"\" width=\"300\" height=\"205\" \/><\/a>Novi Pazar &#8211; Ljaji\u0107 je na funkciju predsjednika Upravnog odbora fudbalskog kluba Novi Pazar imenovan na klupskoj Skup\u0161tini, na kojoj su za potpredsjednike kluba izabrani Vujica Tiosavljevi\u0107, Tarik Imamovi\u0107 i D\u017eemail Plojovi\u0107.<\/strong><\/p>\n<p>Sedamnaesto\u010dlani Upravni odbor, u koji je do sada kooptirano sedam \u010dlanova, bi\u0107e sastavljen, uglavnom, od uspje\u0161nih malih privrednika, \u010diji \u0107e zadatak biti da se obezbjede uslovi za \u0161to bolje funkcionisanje kluba.<\/p>\n<p>Prioritetni zadaci, kako isti\u010du iz fudbalskog kluba, bi\u0107e plasman u Superligu, ali i pobolj\u0161anje sportske infrastrukture, gdje se o\u010dekuje i zna\u010dajna pomo\u0107 Fudbalskog saveza Srbije.<\/p>\n<p>Narednih dana klub \u0107e imenovati novog \u0161efa stru\u010dnog \u0161taba, a prvi na listi \u017eelja je biv\u0161i trener &#8220;plavih&#8221; Sa\u0161a \u0160trbac.<\/p>\n<p>\u017delja \u010delnih ljudi je da zadr\u017ee okosnicu pro\u0161logodi\u0161njeg sastava, posebno \u0106irku, \u017divkovi\u0107a, Skopljaka, Milenkovi\u0107a, Stanojlovi\u0107a, eventualno Pavlovi\u0107a i Nedeljkovi\u0107a, koji bi uz doma\u0107e snage i jo\u0161 nekoliko kvalitetnih poja\u010danja \u010dinili sna\u017ean kolektiv.<\/p>\n<p>Novi Pazar je u sezoni 2009\/2010 zauzeo deveto mjesto na tabeli Prve lige Srbije.<\/p>\n<p>Najve\u0107i uspeh od svih selekcija u klubu ostvarili su omladinci, koji su izborili plasman u Omladinsku ligu Srbije.<\/p>\n<p>Izvor: <strong>Novosti.rs<\/strong><\/p>\n","protected":false},"excerpt":{"rendered":"<p>Novi Pazar &#8211; Ljaji\u0107 je na funkciju predsjednika Upravnog odbora fudbalskog kluba Novi Pazar imenovan na klupskoj Skup\u0161tini, na kojoj su za potpredsjednike kluba izabrani Vujica Tiosavljevi\u0107, Tarik Imamovi\u0107 i D\u017eemail Plojovi\u0107. Sedamnaesto\u010dlani Upravni odbor, u koji je do sada kooptirano sedam \u010dlanova, bi\u0107e sastavljen, uglavnom, od uspje\u0161nih malih privrednika, \u010diji \u0107e zadatak biti da [&hellip;]<\/p>\n","protected":false},"author":83,"featured_media":5849,"comment_status":"open","ping_status":"open","sticky":false,"template":"","format":"standard","meta":{"footnotes":""},"categories":[72,13],"tags":[],"class_list":{"0":"post-5848","1":"post","2":"type-post","3":"status-publish","4":"format-standard","5":"has-post-thumbnail","7":"category-novi-pazar","8":"category-sport"},"yoast_head":"<!-- This site is optimized with the Yoast SEO Premium plugin v23.1 (Yoast SEO v24.9) - https:\/\/yoast.com\/wordpress\/plugins\/seo\/ -->\n<title>Ljaji\u0107 na \u010delu FK Novi Pazar<\/title>\n<meta name=\"robots\" content=\"index, follow, max-snippet:-1, max-image-preview:large, max-video-preview:-1\" \/>\n<link rel=\"canonical\" href=\"https:\/\/sandzakpress.net\/arhiva\/ljajic-na-celu-fk-novi-pazar\/\" \/>\n<meta property=\"og:locale\" content=\"bs_BA\" \/>\n<meta property=\"og:type\" content=\"article\" \/>\n<meta property=\"og:title\" content=\"Ljaji\u0107 na \u010delu FK Novi Pazar\" \/>\n<meta property=\"og:description\" content=\"Novi Pazar &#8211; Ljaji\u0107 je na funkciju predsjednika Upravnog odbora fudbalskog kluba Novi Pazar imenovan na klupskoj Skup\u0161tini, na kojoj su za potpredsjednike kluba izabrani Vujica Tiosavljevi\u0107, Tarik Imamovi\u0107 i D\u017eemail Plojovi\u0107. Sedamnaesto\u010dlani Upravni odbor, u koji je do sada kooptirano sedam \u010dlanova, bi\u0107e sastavljen, uglavnom, od uspje\u0161nih malih privrednika, \u010diji \u0107e zadatak biti da [&hellip;]\" \/>\n<meta property=\"og:url\" content=\"https:\/\/sandzakpress.net\/arhiva\/ljajic-na-celu-fk-novi-pazar\/\" \/>\n<meta property=\"og:site_name\" content=\"Sand\u017eak PRESS\" \/>\n<meta property=\"article:published_time\" content=\"2010-07-03T00:42:54+00:00\" \/>\n<meta property=\"og:image\" content=\"https:\/\/sandzakpress.net\/arhiva\/wp-content\/uploads\/2010\/07\/sp-Rasim-Ljajic.jpg\" \/>\n\t<meta property=\"og:image:width\" content=\"616\" \/>\n\t<meta property=\"og:image:height\" content=\"422\" \/>\n\t<meta property=\"og:image:type\" content=\"image\/jpeg\" \/>\n<meta name=\"author\" content=\"bosniak\" \/>\n<meta name=\"twitter:card\" content=\"summary_large_image\" \/>\n<meta name=\"twitter:label1\" content=\"Written by\" \/>\n\t<meta name=\"twitter:data1\" content=\"bosniak\" \/>\n\t<meta name=\"twitter:label2\" content=\"Est. reading time\" \/>\n\t<meta name=\"twitter:data2\" content=\"1 minuta\" \/>\n<script type=\"application\/ld+json\" class=\"yoast-schema-graph\">{\"@context\":\"https:\/\/schema.org\",\"@graph\":[{\"@type\":\"Article\",\"@id\":\"https:\/\/sandzakpress.net\/arhiva\/ljajic-na-celu-fk-novi-pazar\/#article\",\"isPartOf\":{\"@id\":\"https:\/\/sandzakpress.net\/arhiva\/ljajic-na-celu-fk-novi-pazar\/\"},\"author\":{\"name\":\"bosniak\",\"@id\":\"https:\/\/sandzakpress.net\/arhiva\/#\/schema\/person\/c8baee722073534b583ea7bdb2e36c02\"},\"headline\":\"Ljaji\u0107 na \u010delu FK Novi Pazar\",\"datePublished\":\"2010-07-03T00:42:54+00:00\",\"mainEntityOfPage\":{\"@id\":\"https:\/\/sandzakpress.net\/arhiva\/ljajic-na-celu-fk-novi-pazar\/\"},\"wordCount\":205,\"commentCount\":2,\"publisher\":{\"@id\":\"https:\/\/sandzakpress.net\/arhiva\/#\/schema\/person\/6e72b67d6e51910a1117b3b483ba20bd\"},\"image\":{\"@id\":\"https:\/\/sandzakpress.net\/arhiva\/ljajic-na-celu-fk-novi-pazar\/#primaryimage\"},\"thumbnailUrl\":\"https:\/\/sandzakpress.net\/arhiva\/wp-content\/uploads\/2010\/07\/sp-Rasim-Ljajic.jpg\",\"articleSection\":[\"Novi Pazar\",\"Sport\"],\"inLanguage\":\"bs-BA\",\"potentialAction\":[{\"@type\":\"CommentAction\",\"name\":\"Comment\",\"target\":[\"https:\/\/sandzakpress.net\/arhiva\/ljajic-na-celu-fk-novi-pazar\/#respond\"]}]},{\"@type\":\"WebPage\",\"@id\":\"https:\/\/sandzakpress.net\/arhiva\/ljajic-na-celu-fk-novi-pazar\/\",\"url\":\"https:\/\/sandzakpress.net\/arhiva\/ljajic-na-celu-fk-novi-pazar\/\",\"name\":\"Ljaji\u0107 na \u010delu FK Novi Pazar\",\"isPartOf\":{\"@id\":\"https:\/\/sandzakpress.net\/arhiva\/#website\"},\"primaryImageOfPage\":{\"@id\":\"https:\/\/sandzakpress.net\/arhiva\/ljajic-na-celu-fk-novi-pazar\/#primaryimage\"},\"image\":{\"@id\":\"https:\/\/sandzakpress.net\/arhiva\/ljajic-na-celu-fk-novi-pazar\/#primaryimage\"},\"thumbnailUrl\":\"https:\/\/sandzakpress.net\/arhiva\/wp-content\/uploads\/2010\/07\/sp-Rasim-Ljajic.jpg\",\"datePublished\":\"2010-07-03T00:42:54+00:00\",\"breadcrumb\":{\"@id\":\"https:\/\/sandzakpress.net\/arhiva\/ljajic-na-celu-fk-novi-pazar\/#breadcrumb\"},\"inLanguage\":\"bs-BA\",\"potentialAction\":[{\"@type\":\"ReadAction\",\"target\":[\"https:\/\/sandzakpress.net\/arhiva\/ljajic-na-celu-fk-novi-pazar\/\"]}]},{\"@type\":\"ImageObject\",\"inLanguage\":\"bs-BA\",\"@id\":\"https:\/\/sandzakpress.net\/arhiva\/ljajic-na-celu-fk-novi-pazar\/#primaryimage\",\"url\":\"https:\/\/sandzakpress.net\/arhiva\/wp-content\/uploads\/2010\/07\/sp-Rasim-Ljajic.jpg\",\"contentUrl\":\"https:\/\/sandzakpress.net\/arhiva\/wp-content\/uploads\/2010\/07\/sp-Rasim-Ljajic.jpg\",\"width\":616,\"height\":422},{\"@type\":\"BreadcrumbList\",\"@id\":\"https:\/\/sandzakpress.net\/arhiva\/ljajic-na-celu-fk-novi-pazar\/#breadcrumb\",\"itemListElement\":[{\"@type\":\"ListItem\",\"position\":1,\"name\":\"Home\",\"item\":\"https:\/\/sandzakpress.net\/arhiva\/\"},{\"@type\":\"ListItem\",\"position\":2,\"name\":\"Ljaji\u0107 na \u010delu FK Novi Pazar\"}]},{\"@type\":\"WebSite\",\"@id\":\"https:\/\/sandzakpress.net\/arhiva\/#website\",\"url\":\"https:\/\/sandzakpress.net\/arhiva\/\",\"name\":\"Sand\u017eak PRESS\",\"description\":\"Prve elektronske novine u Sand\u017eaku\",\"publisher\":{\"@id\":\"https:\/\/sandzakpress.net\/arhiva\/#\/schema\/person\/6e72b67d6e51910a1117b3b483ba20bd\"},\"potentialAction\":[{\"@type\":\"SearchAction\",\"target\":{\"@type\":\"EntryPoint\",\"urlTemplate\":\"https:\/\/sandzakpress.net\/arhiva\/?s={search_term_string}\"},\"query-input\":{\"@type\":\"PropertyValueSpecification\",\"valueRequired\":true,\"valueName\":\"search_term_string\"}}],\"inLanguage\":\"bs-BA\"},{\"@type\":[\"Person\",\"Organization\"],\"@id\":\"https:\/\/sandzakpress.net\/arhiva\/#\/schema\/person\/6e72b67d6e51910a1117b3b483ba20bd\",\"name\":\"Kul\",\"image\":{\"@type\":\"ImageObject\",\"inLanguage\":\"bs-BA\",\"@id\":\"https:\/\/sandzakpress.net\/arhiva\/#\/schema\/person\/image\/\",\"url\":\"https:\/\/secure.gravatar.com\/avatar\/42263f39aa27ac04c43cab85c280eb2e?s=96&d=mm&r=pg\",\"contentUrl\":\"https:\/\/secure.gravatar.com\/avatar\/42263f39aa27ac04c43cab85c280eb2e?s=96&d=mm&r=pg\",\"caption\":\"Kul\"},\"logo\":{\"@id\":\"https:\/\/sandzakpress.net\/arhiva\/#\/schema\/person\/image\/\"}},{\"@type\":\"Person\",\"@id\":\"https:\/\/sandzakpress.net\/arhiva\/#\/schema\/person\/c8baee722073534b583ea7bdb2e36c02\",\"name\":\"bosniak\",\"image\":{\"@type\":\"ImageObject\",\"inLanguage\":\"bs-BA\",\"@id\":\"https:\/\/sandzakpress.net\/arhiva\/#\/schema\/person\/image\/\",\"url\":\"https:\/\/secure.gravatar.com\/avatar\/a04fd330bfe3a36a72a0ad4a6d89fca7?s=96&d=mm&r=pg\",\"contentUrl\":\"https:\/\/secure.gravatar.com\/avatar\/a04fd330bfe3a36a72a0ad4a6d89fca7?s=96&d=mm&r=pg\",\"caption\":\"bosniak\"},\"url\":\"https:\/\/sandzakpress.net\/arhiva\/author\/bosniak\/\"}]}<\/script>\n<!-- \/ Yoast SEO Premium plugin. -->","yoast_head_json":{"title":"Ljaji\u0107 na \u010delu FK Novi Pazar","robots":{"index":"index","follow":"follow","max-snippet":"max-snippet:-1","max-image-preview":"max-image-preview:large","max-video-preview":"max-video-preview:-1"},"canonical":"https:\/\/sandzakpress.net\/arhiva\/ljajic-na-celu-fk-novi-pazar\/","og_locale":"bs_BA","og_type":"article","og_title":"Ljaji\u0107 na \u010delu FK Novi Pazar","og_description":"Novi Pazar &#8211; Ljaji\u0107 je na funkciju predsjednika Upravnog odbora fudbalskog kluba Novi Pazar imenovan na klupskoj Skup\u0161tini, na kojoj su za potpredsjednike kluba izabrani Vujica Tiosavljevi\u0107, Tarik Imamovi\u0107 i D\u017eemail Plojovi\u0107. Sedamnaesto\u010dlani Upravni odbor, u koji je do sada kooptirano sedam \u010dlanova, bi\u0107e sastavljen, uglavnom, od uspje\u0161nih malih privrednika, \u010diji \u0107e zadatak biti da [&hellip;]","og_url":"https:\/\/sandzakpress.net\/arhiva\/ljajic-na-celu-fk-novi-pazar\/","og_site_name":"Sand\u017eak PRESS","article_published_time":"2010-07-03T00:42:54+00:00","og_image":[{"width":616,"height":422,"url":"https:\/\/sandzakpress.net\/arhiva\/wp-content\/uploads\/2010\/07\/sp-Rasim-Ljajic.jpg","type":"image\/jpeg"}],"author":"bosniak","twitter_card":"summary_large_image","twitter_misc":{"Written by":"bosniak","Est. reading time":"1 minuta"},"schema":{"@context":"https:\/\/schema.org","@graph":[{"@type":"Article","@id":"https:\/\/sandzakpress.net\/arhiva\/ljajic-na-celu-fk-novi-pazar\/#article","isPartOf":{"@id":"https:\/\/sandzakpress.net\/arhiva\/ljajic-na-celu-fk-novi-pazar\/"},"author":{"name":"bosniak","@id":"https:\/\/sandzakpress.net\/arhiva\/#\/schema\/person\/c8baee722073534b583ea7bdb2e36c02"},"headline":"Ljaji\u0107 na \u010delu FK Novi Pazar","datePublished":"2010-07-03T00:42:54+00:00","mainEntityOfPage":{"@id":"https:\/\/sandzakpress.net\/arhiva\/ljajic-na-celu-fk-novi-pazar\/"},"wordCount":205,"commentCount":2,"publisher":{"@id":"https:\/\/sandzakpress.net\/arhiva\/#\/schema\/person\/6e72b67d6e51910a1117b3b483ba20bd"},"image":{"@id":"https:\/\/sandzakpress.net\/arhiva\/ljajic-na-celu-fk-novi-pazar\/#primaryimage"},"thumbnailUrl":"https:\/\/sandzakpress.net\/arhiva\/wp-content\/uploads\/2010\/07\/sp-Rasim-Ljajic.jpg","articleSection":["Novi Pazar","Sport"],"inLanguage":"bs-BA","potentialAction":[{"@type":"CommentAction","name":"Comment","target":["https:\/\/sandzakpress.net\/arhiva\/ljajic-na-celu-fk-novi-pazar\/#respond"]}]},{"@type":"WebPage","@id":"https:\/\/sandzakpress.net\/arhiva\/ljajic-na-celu-fk-novi-pazar\/","url":"https:\/\/sandzakpress.net\/arhiva\/ljajic-na-celu-fk-novi-pazar\/","name":"Ljaji\u0107 na \u010delu FK Novi Pazar","isPartOf":{"@id":"https:\/\/sandzakpress.net\/arhiva\/#website"},"primaryImageOfPage":{"@id":"https:\/\/sandzakpress.net\/arhiva\/ljajic-na-celu-fk-novi-pazar\/#primaryimage"},"image":{"@id":"https:\/\/sandzakpress.net\/arhiva\/ljajic-na-celu-fk-novi-pazar\/#primaryimage"},"thumbnailUrl":"https:\/\/sandzakpress.net\/arhiva\/wp-content\/uploads\/2010\/07\/sp-Rasim-Ljajic.jpg","datePublished":"2010-07-03T00:42:54+00:00","breadcrumb":{"@id":"https:\/\/sandzakpress.net\/arhiva\/ljajic-na-celu-fk-novi-pazar\/#breadcrumb"},"inLanguage":"bs-BA","potentialAction":[{"@type":"ReadAction","target":["https:\/\/sandzakpress.net\/arhiva\/ljajic-na-celu-fk-novi-pazar\/"]}]},{"@type":"ImageObject","inLanguage":"bs-BA","@id":"https:\/\/sandzakpress.net\/arhiva\/ljajic-na-celu-fk-novi-pazar\/#primaryimage","url":"https:\/\/sandzakpress.net\/arhiva\/wp-content\/uploads\/2010\/07\/sp-Rasim-Ljajic.jpg","contentUrl":"https:\/\/sandzakpress.net\/arhiva\/wp-content\/uploads\/2010\/07\/sp-Rasim-Ljajic.jpg","width":616,"height":422},{"@type":"BreadcrumbList","@id":"https:\/\/sandzakpress.net\/arhiva\/ljajic-na-celu-fk-novi-pazar\/#breadcrumb","itemListElement":[{"@type":"ListItem","position":1,"name":"Home","item":"https:\/\/sandzakpress.net\/arhiva\/"},{"@type":"ListItem","position":2,"name":"Ljaji\u0107 na \u010delu FK Novi Pazar"}]},{"@type":"WebSite","@id":"https:\/\/sandzakpress.net\/arhiva\/#website","url":"https:\/\/sandzakpress.net\/arhiva\/","name":"Sand\u017eak PRESS","description":"Prve elektronske novine u Sand\u017eaku","publisher":{"@id":"https:\/\/sandzakpress.net\/arhiva\/#\/schema\/person\/6e72b67d6e51910a1117b3b483ba20bd"},"potentialAction":[{"@type":"SearchAction","target":{"@type":"EntryPoint","urlTemplate":"https:\/\/sandzakpress.net\/arhiva\/?s={search_term_string}"},"query-input":{"@type":"PropertyValueSpecification","valueRequired":true,"valueName":"search_term_string"}}],"inLanguage":"bs-BA"},{"@type":["Person","Organization"],"@id":"https:\/\/sandzakpress.net\/arhiva\/#\/schema\/person\/6e72b67d6e51910a1117b3b483ba20bd","name":"Kul","image":{"@type":"ImageObject","inLanguage":"bs-BA","@id":"https:\/\/sandzakpress.net\/arhiva\/#\/schema\/person\/image\/","url":"https:\/\/secure.gravatar.com\/avatar\/42263f39aa27ac04c43cab85c280eb2e?s=96&d=mm&r=pg","contentUrl":"https:\/\/secure.gravatar.com\/avatar\/42263f39aa27ac04c43cab85c280eb2e?s=96&d=mm&r=pg","caption":"Kul"},"logo":{"@id":"https:\/\/sandzakpress.net\/arhiva\/#\/schema\/person\/image\/"}},{"@type":"Person","@id":"https:\/\/sandzakpress.net\/arhiva\/#\/schema\/person\/c8baee722073534b583ea7bdb2e36c02","name":"bosniak","image":{"@type":"ImageObject","inLanguage":"bs-BA","@id":"https:\/\/sandzakpress.net\/arhiva\/#\/schema\/person\/image\/","url":"https:\/\/secure.gravatar.com\/avatar\/a04fd330bfe3a36a72a0ad4a6d89fca7?s=96&d=mm&r=pg","contentUrl":"https:\/\/secure.gravatar.com\/avatar\/a04fd330bfe3a36a72a0ad4a6d89fca7?s=96&d=mm&r=pg","caption":"bosniak"},"url":"https:\/\/sandzakpress.net\/arhiva\/author\/bosniak\/"}]}},"_links":{"self":[{"href":"https:\/\/sandzakpress.net\/arhiva\/wp-json\/wp\/v2\/posts\/5848"}],"collection":[{"href":"https:\/\/sandzakpress.net\/arhiva\/wp-json\/wp\/v2\/posts"}],"about":[{"href":"https:\/\/sandzakpress.net\/arhiva\/wp-json\/wp\/v2\/types\/post"}],"author":[{"embeddable":true,"href":"https:\/\/sandzakpress.net\/arhiva\/wp-json\/wp\/v2\/users\/83"}],"replies":[{"embeddable":true,"href":"https:\/\/sandzakpress.net\/arhiva\/wp-json\/wp\/v2\/comments?post=5848"}],"version-history":[{"count":0,"href":"https:\/\/sandzakpress.net\/arhiva\/wp-json\/wp\/v2\/posts\/5848\/revisions"}],"wp:featuredmedia":[{"embeddable":true,"href":"https:\/\/sandzakpress.net\/arhiva\/wp-json\/wp\/v2\/media\/5849"}],"wp:attachment":[{"href":"https:\/\/sandzakpress.net\/arhiva\/wp-json\/wp\/v2\/media?parent=5848"}],"wp:term":[{"taxonomy":"category","embeddable":true,"href":"https:\/\/sandzakpress.net\/arhiva\/wp-json\/wp\/v2\/categories?post=5848"},{"taxonomy":"post_tag","embeddable":true,"href":"https:\/\/sandzakpress.net\/arhiva\/wp-json\/wp\/v2\/tags?post=5848"}],"curies":[{"name":"wp","href":"https:\/\/api.w.org\/{rel}","templated":true}]}}