{"id":58360,"date":"2012-12-16T12:43:15","date_gmt":"2012-12-16T11:43:15","guid":{"rendered":"https:\/\/sandzakpress.net\/arhiva\/?p=58360"},"modified":"2012-12-16T13:52:38","modified_gmt":"2012-12-16T12:52:38","slug":"rektor-dudic-u-gracu","status":"publish","type":"post","link":"https:\/\/sandzakpress.net\/arhiva\/rektor-dudic-u-gracu\/","title":{"rendered":"Rektor Dudi\u0107 u Gracu u Austriji"},"content":{"rendered":"<p><a href=\"https:\/\/sandzakpress.net\/arhiva\/wp-content\/uploads\/2012\/12\/rektor_u_becu_10.12.2012-111.jpg\"><img loading=\"lazy\" decoding=\"async\" class=\"aligncenter size-full wp-image-58362\" title=\"rektor_u_becu_10.12.2012-11\" src=\"https:\/\/sandzakpress.net\/arhiva\/wp-content\/uploads\/2012\/12\/rektor_u_becu_10.12.2012-111.jpg\" alt=\"\" width=\"620\" height=\"354\" srcset=\"https:\/\/sandzakpress.net\/arhiva\/wp-content\/uploads\/2012\/12\/rektor_u_becu_10.12.2012-111.jpg 616w, https:\/\/sandzakpress.net\/arhiva\/wp-content\/uploads\/2012\/12\/rektor_u_becu_10.12.2012-111-350x200.jpg 350w\" sizes=\"(max-width: 620px) 100vw, 620px\" \/><\/a><\/p>\n<p><strong>Austrija &#8211; Rektor Internacionalnog univerziteta u Novom Pazaru prof. dr. Mevlud Dudi\u0107, u \u010detvrtak i petak, 13. i 14. 12. 2012., boravio je u vi\u0161ednevnoj posjeti Bo\u0161njacima u Gracu.<\/strong><\/p>\n<p>U d\u017eematu rektor je imao obra\u0107anje gdje govorio o aktuelnim pitanjima u Sand\u017eaku.<\/p>\n<p>Doma\u0107ini su rektora upoznali o fazama izgradnje Islamskog kulturnog centra u Gracu te budu\u0107im planovima i fazama izgradnje.<\/p>\n<p>U prvoj fazi gradnje planirana je izgradnja d\u017eamije povr\u0161ine 400 m2 uz galeriju koja \u0107e se prostirati na 200 m2. Uz d\u017eamiju je odobrena gradnja minareta visine 22 m2.<\/p>\n<p>Druga faza obuhvata izgradnju Adminitrativno-edukativnog centra. U sklopu ovog centra \u0107e se izmo\u0111u ostalog na\u0107i biblioteka, u\u010dionice, amfiteatar, informati\u010dka sala, omladinski klub, konferencijska sala i kancelarijske prostorije.<\/p>\n<p>U trecoj fazi dolazi poslovni centar u kojem \u0107e se uz nekoliko manjih poslovnih prostora na\u0107i i restoran.<\/p>\n<p>U zavr\u0161noj, \u010detvrtoj fazi, planirana je izgradnja dvorane za vi\u0161estruku namjenu, koja \u0107e mo\u0107i pokrivati kako sportske tako i kulturne manifestacije na\u0161e zajednice.<\/p>\n<p>Izvo\u0111a\u010d radova je poznata firma R&amp;E Bau, koja je u vlasni\u0161tvu jednog od najaktivnijih d\u017eematlija Esada Ramovi\u0107a, a koji je porijeklom iz Novog Pazara.<\/p>\n<p>(SandzakPRESS)<\/p>\n<p><a href=\"https:\/\/sandzakpress.net\/arhiva\/wp-content\/uploads\/2012\/12\/rektor_u_becu_10.12.2012-31.jpg\"><img loading=\"lazy\" decoding=\"async\" class=\"alignnone size-full wp-image-58358\" title=\"rektor_u_becu_10.12.2012 (3)\" src=\"https:\/\/sandzakpress.net\/arhiva\/wp-content\/uploads\/2012\/12\/rektor_u_becu_10.12.2012-31.jpg\" alt=\"\" width=\"620\" height=\"827\" \/><\/a><\/p>\n<p><a href=\"https:\/\/sandzakpress.net\/arhiva\/wp-content\/uploads\/2012\/12\/rektor_u_becu_10.12.2012-41.jpg\"><img loading=\"lazy\" decoding=\"async\" class=\"alignnone size-full wp-image-58359\" title=\"rektor_u_becu_10.12.2012 (4)\" src=\"https:\/\/sandzakpress.net\/arhiva\/wp-content\/uploads\/2012\/12\/rektor_u_becu_10.12.2012-41.jpg\" alt=\"\" width=\"620\" height=\"827\" \/><\/a><\/p>\n","protected":false},"excerpt":{"rendered":"<p>Austrija &#8211; Rektor Internacionalnog univerziteta u Novom Pazaru prof. dr. Mevlud Dudi\u0107, u \u010detvrtak i petak, 13. i 14. 12. 2012., boravio je u vi\u0161ednevnoj posjeti Bo\u0161njacima u Gracu. U d\u017eematu rektor je imao obra\u0107anje gdje govorio o aktuelnim pitanjima u Sand\u017eaku. Doma\u0107ini su rektora upoznali o fazama izgradnje Islamskog kulturnog centra u Gracu te [&hellip;]<\/p>\n","protected":false},"author":83,"featured_media":58362,"comment_status":"open","ping_status":"open","sticky":false,"template":"","format":"standard","meta":{"footnotes":""},"categories":[72,800,9539,8957,2693],"tags":[],"class_list":{"0":"post-58360","1":"post","2":"type-post","3":"status-publish","4":"format-standard","5":"has-post-thumbnail","7":"category-novi-pazar","8":"category-nacija","9":"category-austrija-dijaspora-gradovi-vase-vijesti","10":"category-vijesti-dana","11":"category-dijaspora-gradovi"},"yoast_head":"<!-- This site is optimized with the Yoast SEO Premium plugin v23.1 (Yoast SEO v24.9) - https:\/\/yoast.com\/wordpress\/plugins\/seo\/ -->\n<title>Rektor Dudi\u0107 u Gracu u Austriji<\/title>\n<meta name=\"robots\" content=\"index, follow, max-snippet:-1, max-image-preview:large, max-video-preview:-1\" \/>\n<link rel=\"canonical\" href=\"https:\/\/sandzakpress.net\/arhiva\/rektor-dudic-u-gracu\/\" \/>\n<meta property=\"og:locale\" content=\"bs_BA\" \/>\n<meta property=\"og:type\" content=\"article\" \/>\n<meta property=\"og:title\" content=\"Rektor Dudi\u0107 u Gracu u Austriji\" \/>\n<meta property=\"og:description\" content=\"Austrija &#8211; Rektor Internacionalnog univerziteta u Novom Pazaru prof. dr. Mevlud Dudi\u0107, u \u010detvrtak i petak, 13. i 14. 12. 2012., boravio je u vi\u0161ednevnoj posjeti Bo\u0161njacima u Gracu. U d\u017eematu rektor je imao obra\u0107anje gdje govorio o aktuelnim pitanjima u Sand\u017eaku. Doma\u0107ini su rektora upoznali o fazama izgradnje Islamskog kulturnog centra u Gracu te [&hellip;]\" \/>\n<meta property=\"og:url\" content=\"https:\/\/sandzakpress.net\/arhiva\/rektor-dudic-u-gracu\/\" \/>\n<meta property=\"og:site_name\" content=\"Sand\u017eak PRESS\" \/>\n<meta property=\"article:published_time\" content=\"2012-12-16T11:43:15+00:00\" \/>\n<meta property=\"article:modified_time\" content=\"2012-12-16T12:52:38+00:00\" \/>\n<meta property=\"og:image\" content=\"https:\/\/sandzakpress.net\/arhiva\/wp-content\/uploads\/2012\/12\/rektor_u_becu_10.12.2012-111.jpg\" \/>\n\t<meta property=\"og:image:width\" content=\"616\" \/>\n\t<meta property=\"og:image:height\" content=\"352\" \/>\n\t<meta property=\"og:image:type\" content=\"image\/jpeg\" \/>\n<meta name=\"author\" content=\"bosniak\" \/>\n<meta name=\"twitter:card\" content=\"summary_large_image\" \/>\n<meta name=\"twitter:label1\" content=\"Written by\" \/>\n\t<meta name=\"twitter:data1\" content=\"bosniak\" \/>\n\t<meta name=\"twitter:label2\" content=\"Est. reading time\" \/>\n\t<meta name=\"twitter:data2\" content=\"1 minuta\" \/>\n<script type=\"application\/ld+json\" class=\"yoast-schema-graph\">{\"@context\":\"https:\/\/schema.org\",\"@graph\":[{\"@type\":\"Article\",\"@id\":\"https:\/\/sandzakpress.net\/arhiva\/rektor-dudic-u-gracu\/#article\",\"isPartOf\":{\"@id\":\"https:\/\/sandzakpress.net\/arhiva\/rektor-dudic-u-gracu\/\"},\"author\":{\"name\":\"bosniak\",\"@id\":\"https:\/\/sandzakpress.net\/arhiva\/#\/schema\/person\/c8baee722073534b583ea7bdb2e36c02\"},\"headline\":\"Rektor Dudi\u0107 u Gracu u Austriji\",\"datePublished\":\"2012-12-16T11:43:15+00:00\",\"dateModified\":\"2012-12-16T12:52:38+00:00\",\"mainEntityOfPage\":{\"@id\":\"https:\/\/sandzakpress.net\/arhiva\/rektor-dudic-u-gracu\/\"},\"wordCount\":206,\"commentCount\":0,\"publisher\":{\"@id\":\"https:\/\/sandzakpress.net\/arhiva\/#\/schema\/person\/6e72b67d6e51910a1117b3b483ba20bd\"},\"image\":{\"@id\":\"https:\/\/sandzakpress.net\/arhiva\/rektor-dudic-u-gracu\/#primaryimage\"},\"thumbnailUrl\":\"https:\/\/sandzakpress.net\/arhiva\/wp-content\/uploads\/2012\/12\/rektor_u_becu_10.12.2012-111.jpg\",\"articleSection\":[\"Novi Pazar\",\"Nacija\",\"Austrija\",\"VIJESTI DANA\",\"Evropa\"],\"inLanguage\":\"bs-BA\",\"potentialAction\":[{\"@type\":\"CommentAction\",\"name\":\"Comment\",\"target\":[\"https:\/\/sandzakpress.net\/arhiva\/rektor-dudic-u-gracu\/#respond\"]}]},{\"@type\":\"WebPage\",\"@id\":\"https:\/\/sandzakpress.net\/arhiva\/rektor-dudic-u-gracu\/\",\"url\":\"https:\/\/sandzakpress.net\/arhiva\/rektor-dudic-u-gracu\/\",\"name\":\"Rektor Dudi\u0107 u Gracu u Austriji\",\"isPartOf\":{\"@id\":\"https:\/\/sandzakpress.net\/arhiva\/#website\"},\"primaryImageOfPage\":{\"@id\":\"https:\/\/sandzakpress.net\/arhiva\/rektor-dudic-u-gracu\/#primaryimage\"},\"image\":{\"@id\":\"https:\/\/sandzakpress.net\/arhiva\/rektor-dudic-u-gracu\/#primaryimage\"},\"thumbnailUrl\":\"https:\/\/sandzakpress.net\/arhiva\/wp-content\/uploads\/2012\/12\/rektor_u_becu_10.12.2012-111.jpg\",\"datePublished\":\"2012-12-16T11:43:15+00:00\",\"dateModified\":\"2012-12-16T12:52:38+00:00\",\"breadcrumb\":{\"@id\":\"https:\/\/sandzakpress.net\/arhiva\/rektor-dudic-u-gracu\/#breadcrumb\"},\"inLanguage\":\"bs-BA\",\"potentialAction\":[{\"@type\":\"ReadAction\",\"target\":[\"https:\/\/sandzakpress.net\/arhiva\/rektor-dudic-u-gracu\/\"]}]},{\"@type\":\"ImageObject\",\"inLanguage\":\"bs-BA\",\"@id\":\"https:\/\/sandzakpress.net\/arhiva\/rektor-dudic-u-gracu\/#primaryimage\",\"url\":\"https:\/\/sandzakpress.net\/arhiva\/wp-content\/uploads\/2012\/12\/rektor_u_becu_10.12.2012-111.jpg\",\"contentUrl\":\"https:\/\/sandzakpress.net\/arhiva\/wp-content\/uploads\/2012\/12\/rektor_u_becu_10.12.2012-111.jpg\",\"width\":616,\"height\":352},{\"@type\":\"BreadcrumbList\",\"@id\":\"https:\/\/sandzakpress.net\/arhiva\/rektor-dudic-u-gracu\/#breadcrumb\",\"itemListElement\":[{\"@type\":\"ListItem\",\"position\":1,\"name\":\"Home\",\"item\":\"https:\/\/sandzakpress.net\/arhiva\/\"},{\"@type\":\"ListItem\",\"position\":2,\"name\":\"Rektor Dudi\u0107 u Gracu u Austriji\"}]},{\"@type\":\"WebSite\",\"@id\":\"https:\/\/sandzakpress.net\/arhiva\/#website\",\"url\":\"https:\/\/sandzakpress.net\/arhiva\/\",\"name\":\"Sand\u017eak PRESS\",\"description\":\"Prve elektronske novine u Sand\u017eaku\",\"publisher\":{\"@id\":\"https:\/\/sandzakpress.net\/arhiva\/#\/schema\/person\/6e72b67d6e51910a1117b3b483ba20bd\"},\"potentialAction\":[{\"@type\":\"SearchAction\",\"target\":{\"@type\":\"EntryPoint\",\"urlTemplate\":\"https:\/\/sandzakpress.net\/arhiva\/?s={search_term_string}\"},\"query-input\":{\"@type\":\"PropertyValueSpecification\",\"valueRequired\":true,\"valueName\":\"search_term_string\"}}],\"inLanguage\":\"bs-BA\"},{\"@type\":[\"Person\",\"Organization\"],\"@id\":\"https:\/\/sandzakpress.net\/arhiva\/#\/schema\/person\/6e72b67d6e51910a1117b3b483ba20bd\",\"name\":\"Kul\",\"image\":{\"@type\":\"ImageObject\",\"inLanguage\":\"bs-BA\",\"@id\":\"https:\/\/sandzakpress.net\/arhiva\/#\/schema\/person\/image\/\",\"url\":\"https:\/\/secure.gravatar.com\/avatar\/42263f39aa27ac04c43cab85c280eb2e?s=96&d=mm&r=pg\",\"contentUrl\":\"https:\/\/secure.gravatar.com\/avatar\/42263f39aa27ac04c43cab85c280eb2e?s=96&d=mm&r=pg\",\"caption\":\"Kul\"},\"logo\":{\"@id\":\"https:\/\/sandzakpress.net\/arhiva\/#\/schema\/person\/image\/\"}},{\"@type\":\"Person\",\"@id\":\"https:\/\/sandzakpress.net\/arhiva\/#\/schema\/person\/c8baee722073534b583ea7bdb2e36c02\",\"name\":\"bosniak\",\"image\":{\"@type\":\"ImageObject\",\"inLanguage\":\"bs-BA\",\"@id\":\"https:\/\/sandzakpress.net\/arhiva\/#\/schema\/person\/image\/\",\"url\":\"https:\/\/secure.gravatar.com\/avatar\/a04fd330bfe3a36a72a0ad4a6d89fca7?s=96&d=mm&r=pg\",\"contentUrl\":\"https:\/\/secure.gravatar.com\/avatar\/a04fd330bfe3a36a72a0ad4a6d89fca7?s=96&d=mm&r=pg\",\"caption\":\"bosniak\"},\"url\":\"https:\/\/sandzakpress.net\/arhiva\/author\/bosniak\/\"}]}<\/script>\n<!-- \/ Yoast SEO Premium plugin. -->","yoast_head_json":{"title":"Rektor Dudi\u0107 u Gracu u Austriji","robots":{"index":"index","follow":"follow","max-snippet":"max-snippet:-1","max-image-preview":"max-image-preview:large","max-video-preview":"max-video-preview:-1"},"canonical":"https:\/\/sandzakpress.net\/arhiva\/rektor-dudic-u-gracu\/","og_locale":"bs_BA","og_type":"article","og_title":"Rektor Dudi\u0107 u Gracu u Austriji","og_description":"Austrija &#8211; Rektor Internacionalnog univerziteta u Novom Pazaru prof. dr. Mevlud Dudi\u0107, u \u010detvrtak i petak, 13. i 14. 12. 2012., boravio je u vi\u0161ednevnoj posjeti Bo\u0161njacima u Gracu. U d\u017eematu rektor je imao obra\u0107anje gdje govorio o aktuelnim pitanjima u Sand\u017eaku. Doma\u0107ini su rektora upoznali o fazama izgradnje Islamskog kulturnog centra u Gracu te [&hellip;]","og_url":"https:\/\/sandzakpress.net\/arhiva\/rektor-dudic-u-gracu\/","og_site_name":"Sand\u017eak PRESS","article_published_time":"2012-12-16T11:43:15+00:00","article_modified_time":"2012-12-16T12:52:38+00:00","og_image":[{"width":616,"height":352,"url":"https:\/\/sandzakpress.net\/arhiva\/wp-content\/uploads\/2012\/12\/rektor_u_becu_10.12.2012-111.jpg","type":"image\/jpeg"}],"author":"bosniak","twitter_card":"summary_large_image","twitter_misc":{"Written by":"bosniak","Est. reading time":"1 minuta"},"schema":{"@context":"https:\/\/schema.org","@graph":[{"@type":"Article","@id":"https:\/\/sandzakpress.net\/arhiva\/rektor-dudic-u-gracu\/#article","isPartOf":{"@id":"https:\/\/sandzakpress.net\/arhiva\/rektor-dudic-u-gracu\/"},"author":{"name":"bosniak","@id":"https:\/\/sandzakpress.net\/arhiva\/#\/schema\/person\/c8baee722073534b583ea7bdb2e36c02"},"headline":"Rektor Dudi\u0107 u Gracu u Austriji","datePublished":"2012-12-16T11:43:15+00:00","dateModified":"2012-12-16T12:52:38+00:00","mainEntityOfPage":{"@id":"https:\/\/sandzakpress.net\/arhiva\/rektor-dudic-u-gracu\/"},"wordCount":206,"commentCount":0,"publisher":{"@id":"https:\/\/sandzakpress.net\/arhiva\/#\/schema\/person\/6e72b67d6e51910a1117b3b483ba20bd"},"image":{"@id":"https:\/\/sandzakpress.net\/arhiva\/rektor-dudic-u-gracu\/#primaryimage"},"thumbnailUrl":"https:\/\/sandzakpress.net\/arhiva\/wp-content\/uploads\/2012\/12\/rektor_u_becu_10.12.2012-111.jpg","articleSection":["Novi Pazar","Nacija","Austrija","VIJESTI DANA","Evropa"],"inLanguage":"bs-BA","potentialAction":[{"@type":"CommentAction","name":"Comment","target":["https:\/\/sandzakpress.net\/arhiva\/rektor-dudic-u-gracu\/#respond"]}]},{"@type":"WebPage","@id":"https:\/\/sandzakpress.net\/arhiva\/rektor-dudic-u-gracu\/","url":"https:\/\/sandzakpress.net\/arhiva\/rektor-dudic-u-gracu\/","name":"Rektor Dudi\u0107 u Gracu u Austriji","isPartOf":{"@id":"https:\/\/sandzakpress.net\/arhiva\/#website"},"primaryImageOfPage":{"@id":"https:\/\/sandzakpress.net\/arhiva\/rektor-dudic-u-gracu\/#primaryimage"},"image":{"@id":"https:\/\/sandzakpress.net\/arhiva\/rektor-dudic-u-gracu\/#primaryimage"},"thumbnailUrl":"https:\/\/sandzakpress.net\/arhiva\/wp-content\/uploads\/2012\/12\/rektor_u_becu_10.12.2012-111.jpg","datePublished":"2012-12-16T11:43:15+00:00","dateModified":"2012-12-16T12:52:38+00:00","breadcrumb":{"@id":"https:\/\/sandzakpress.net\/arhiva\/rektor-dudic-u-gracu\/#breadcrumb"},"inLanguage":"bs-BA","potentialAction":[{"@type":"ReadAction","target":["https:\/\/sandzakpress.net\/arhiva\/rektor-dudic-u-gracu\/"]}]},{"@type":"ImageObject","inLanguage":"bs-BA","@id":"https:\/\/sandzakpress.net\/arhiva\/rektor-dudic-u-gracu\/#primaryimage","url":"https:\/\/sandzakpress.net\/arhiva\/wp-content\/uploads\/2012\/12\/rektor_u_becu_10.12.2012-111.jpg","contentUrl":"https:\/\/sandzakpress.net\/arhiva\/wp-content\/uploads\/2012\/12\/rektor_u_becu_10.12.2012-111.jpg","width":616,"height":352},{"@type":"BreadcrumbList","@id":"https:\/\/sandzakpress.net\/arhiva\/rektor-dudic-u-gracu\/#breadcrumb","itemListElement":[{"@type":"ListItem","position":1,"name":"Home","item":"https:\/\/sandzakpress.net\/arhiva\/"},{"@type":"ListItem","position":2,"name":"Rektor Dudi\u0107 u Gracu u Austriji"}]},{"@type":"WebSite","@id":"https:\/\/sandzakpress.net\/arhiva\/#website","url":"https:\/\/sandzakpress.net\/arhiva\/","name":"Sand\u017eak PRESS","description":"Prve elektronske novine u Sand\u017eaku","publisher":{"@id":"https:\/\/sandzakpress.net\/arhiva\/#\/schema\/person\/6e72b67d6e51910a1117b3b483ba20bd"},"potentialAction":[{"@type":"SearchAction","target":{"@type":"EntryPoint","urlTemplate":"https:\/\/sandzakpress.net\/arhiva\/?s={search_term_string}"},"query-input":{"@type":"PropertyValueSpecification","valueRequired":true,"valueName":"search_term_string"}}],"inLanguage":"bs-BA"},{"@type":["Person","Organization"],"@id":"https:\/\/sandzakpress.net\/arhiva\/#\/schema\/person\/6e72b67d6e51910a1117b3b483ba20bd","name":"Kul","image":{"@type":"ImageObject","inLanguage":"bs-BA","@id":"https:\/\/sandzakpress.net\/arhiva\/#\/schema\/person\/image\/","url":"https:\/\/secure.gravatar.com\/avatar\/42263f39aa27ac04c43cab85c280eb2e?s=96&d=mm&r=pg","contentUrl":"https:\/\/secure.gravatar.com\/avatar\/42263f39aa27ac04c43cab85c280eb2e?s=96&d=mm&r=pg","caption":"Kul"},"logo":{"@id":"https:\/\/sandzakpress.net\/arhiva\/#\/schema\/person\/image\/"}},{"@type":"Person","@id":"https:\/\/sandzakpress.net\/arhiva\/#\/schema\/person\/c8baee722073534b583ea7bdb2e36c02","name":"bosniak","image":{"@type":"ImageObject","inLanguage":"bs-BA","@id":"https:\/\/sandzakpress.net\/arhiva\/#\/schema\/person\/image\/","url":"https:\/\/secure.gravatar.com\/avatar\/a04fd330bfe3a36a72a0ad4a6d89fca7?s=96&d=mm&r=pg","contentUrl":"https:\/\/secure.gravatar.com\/avatar\/a04fd330bfe3a36a72a0ad4a6d89fca7?s=96&d=mm&r=pg","caption":"bosniak"},"url":"https:\/\/sandzakpress.net\/arhiva\/author\/bosniak\/"}]}},"_links":{"self":[{"href":"https:\/\/sandzakpress.net\/arhiva\/wp-json\/wp\/v2\/posts\/58360"}],"collection":[{"href":"https:\/\/sandzakpress.net\/arhiva\/wp-json\/wp\/v2\/posts"}],"about":[{"href":"https:\/\/sandzakpress.net\/arhiva\/wp-json\/wp\/v2\/types\/post"}],"author":[{"embeddable":true,"href":"https:\/\/sandzakpress.net\/arhiva\/wp-json\/wp\/v2\/users\/83"}],"replies":[{"embeddable":true,"href":"https:\/\/sandzakpress.net\/arhiva\/wp-json\/wp\/v2\/comments?post=58360"}],"version-history":[{"count":0,"href":"https:\/\/sandzakpress.net\/arhiva\/wp-json\/wp\/v2\/posts\/58360\/revisions"}],"wp:featuredmedia":[{"embeddable":true,"href":"https:\/\/sandzakpress.net\/arhiva\/wp-json\/wp\/v2\/media\/58362"}],"wp:attachment":[{"href":"https:\/\/sandzakpress.net\/arhiva\/wp-json\/wp\/v2\/media?parent=58360"}],"wp:term":[{"taxonomy":"category","embeddable":true,"href":"https:\/\/sandzakpress.net\/arhiva\/wp-json\/wp\/v2\/categories?post=58360"},{"taxonomy":"post_tag","embeddable":true,"href":"https:\/\/sandzakpress.net\/arhiva\/wp-json\/wp\/v2\/tags?post=58360"}],"curies":[{"name":"wp","href":"https:\/\/api.w.org\/{rel}","templated":true}]}}