{"id":58293,"date":"2012-12-15T19:30:36","date_gmt":"2012-12-15T18:30:36","guid":{"rendered":"https:\/\/sandzakpress.net\/arhiva\/?p=58293"},"modified":"2012-12-15T19:30:36","modified_gmt":"2012-12-15T18:30:36","slug":"druzenje-sa-knjigom-zejneb-el-gazali-od-bosne-do-svicarske","status":"publish","type":"post","link":"https:\/\/sandzakpress.net\/arhiva\/druzenje-sa-knjigom-zejneb-el-gazali-od-bosne-do-svicarske\/","title":{"rendered":"Dru\u017eenje sa knjigom Zejneb el Gazali od Bosne do \u0160vicarske"},"content":{"rendered":"<p><strong><a href=\"https:\/\/sandzakpress.net\/arhiva\/wp-content\/uploads\/2012\/12\/380_Arnaut_Travnik2.jpg\"><img loading=\"lazy\" decoding=\"async\" class=\"alignleft size-medium wp-image-58294\" title=\"380_Arnaut_Travnik2\" src=\"https:\/\/sandzakpress.net\/arhiva\/wp-content\/uploads\/2012\/12\/380_Arnaut_Travnik2-300x189.jpg\" alt=\"\" width=\"300\" height=\"189\" \/><\/a>\u0160vicarska, BIH &#8211; Zavr\u0161ne promocije knjige \u00abMoji zatvorski dani u Egiptu\u00bb autorice Zejneb Gazali odr\u017eane u BH gradovima Bugojnu i Travniku, te \u0160vicarskim gradovima Aarau i Bernu. <\/strong><\/p>\n<p>U proteklim danima zahvaljuju\u0107i anga\u017emanu\u00a0<strong>prof. Vehida ef. Arnauta, <\/strong>glavnog imama med\u017elisa IZ Bugojno, te Travni\u010dkog muftije\u00a0<strong>mr. Nusret ef. Avdibegovi\u0107a, <\/strong>direktora El\u010di-Ibrahim pa\u0161ine medrese u Travniku\u00a0<strong>mr. D\u017eevdeta \u0160o\u0161i\u0107a, te dr. Murisa Puri\u0107a,<\/strong> glavnog imama i predsjednika Me\u0161ihata IZ Bo\u0161njaka u \u0160viraskoj, u spomenutim gradovima sam u ulozi prevodioca i promotora uz ostale u\u010desnike govorio o knjizi &#8220;Moji zatvorski dani u Egiptu.&#8221;<br \/>\nBugojnu promocija je odr\u017eana u Sultan Ahmedovoj d\u017eamiji a promotori su bili\u00a0<strong>dr. Zuhdija Adilovi\u0107, prof. Vehid Arnaut, <\/strong>glavni imam med\u017elisa Bugojno i ja kao prevodilac djela s arapskog jezika. Promocija je uprili\u0107ena poslije jacije namaza. Ono \u0161to je bilo primjetno na promociji je prisustvovao i lijep broj sestara.\u00a0<strong>Dr. Adilovi\u0107 Zuhdija <\/strong>je u svome obra\u0107anju naglasio va\u017enost i potrebu \u010ditanja \u0161tiva kao \u0161to je zatvorska monografija r. Zejneb Gazali, jer se preko tih \u0161tiva upoznajemo sa prilikama i okolnostima koje su bile u to doba u egipatskom dru\u0161tvu a koje su bitan faktor za razumijevanje aktualnog momenta u islamskom svijetu. Dalje je govorio o humanoj strani islamskih pokreta op\u0107enito a pokreta Muslimanska bra\u0107a posebno te naglasio neke okolnosti i faktore koji su direktno ili indirektno utjecali da je pojava ovih pokreta bila neminovnost. Tako\u0111er je na izvrstan na\u010din napravio vezu organizacije Mladih muslimana koja je djelovala na Balkanu i poredio s te\u0161ko\u0107ama na koje je nailaziila u svome plemenitom radu s organizacijom Muslimanske bra\u0107e u Egiptu. A Zejneb Gazali je ilustrativan primjer i uzor takvog rada. Doma\u0107in Vehid ef. tako\u0111er govorio o li\u010dnim utiscima i dojmovima koje mu je izazvala ova knjiga i istovremeno postavila pred njega mno\u0161tvo pitanja. Je li mogu\u0107e da se tako ophodilo prema islamskim daijama u Egipatskom dru\u0161tvu? Srda\u010dno je preporu\u010dio knjigu i interes za knjigom je bio dobar. Promocija knjige je po prvom planu trebala biti organizirana u novom Centru saudijske princeze D\u017eevahire ali su odgovorni odbili tu ideju&#8230;! I naumpala mi je r. Zejneb s predavanja u Jordanu kada je upravo govorila i spominjala \u017eene iz Saudije savjetuju\u0107i ih da manje tro\u0161e na zinete hajati ddunja \u00abovosvjeteske ukrase\u00bb i da manje tra\u017ee mehrove od svojih mu\u017eeva a bodrila ih da ula\u017eu u prosvjetni rad&#8230;i rekoh u sebi: \u00bbSubhanallahi, ogromni centri, koji zra\u010de sivilom i hladno\u0107om u koje je ulo\u017eeno mnogo novca, ali se aktivnosti selektiraju i da se ne dozvoli u takvom jednom centru spomen \u017eene koja je bila \u017ertva zbog islama?! Ali zato je u d\u017eamiji sultana Ahmeda u Bogojnu, spominjana z. Zejneb i njezina sudbina, u toj lijepo staroj gra\u0111evini koja zra\u010di nurom i bereketom i koja ve\u0107 stolje\u0107ima slu\u017ei potrebama vjernika.<\/p>\n<p><strong><\/strong><strong>U Travniku, gradu Ilhamije<\/strong><br \/>\nDan poslije promocije u Bugojnu u dogovoru s travni\u010dkim muftijom mr. Nusret ef. Avdbegovi\u0107em i direktorom medrese mr. D\u017eevdetom \u0160o\u0161i\u0107em, uprili\u010dena je promocija Zejnebine knjige u prostorijama El\u010di Ibrahim pa\u0161ine medrese. Promotori su bili muftija travni\u010dki Nusret ef.,\u00a0<strong>dr. Ahmed Adilovi\u0107, <\/strong>profesor u medresi i prevodilac. Ovo je jedna od posebnih promocija jer je ve\u0107inska publika bila od u\u010denika i u\u010denica medrese. Program je po\u010deo u\u010denjem ilahije koju je izveo medresanski hor. Moderatror promocije je bio mr. Nermin Su\u0161i\u0107 a prvi je o knjizi govorio muftija. On je jednim posebnim umije\u0107em i stilom de\u0161ifrirao simboliku naslovnice Zejnebine knjige, simbol piramida koje govore o mo\u0107i prethodnih faraonskih diktatora, zatvorskih re\u0161etaka s ispru\u017eenim rukama simbol vapaja za slobodom i let bijelog galeba koji simbolizira poruku mira. Iskazane su \u010destitke prevodiocu na odabiru knjige i pitkosti prijevoda. Dr. Adilovi\u0107 Ahmed je napravio \u0161iru analizu knjige s citiranjem mnogih primjera iz knjige koji su pomno slu\u0161ani i pra\u0107eni. Spomenut je i web.magazin Bo\u0161njaci.net i nagla\u0161ena njegova uloga u afirmiranju vrijednosti koji se ti\u010du Bo\u0161njaka u svijetu. Promociji je prisustvovao i predsjednik RVI SB kantona g.\u00a0<strong>Ekrem Julard\u017eija<\/strong> koji je kupio nekoliko primjeraka knjige za potrebe njihove biblioteke. U\u010denici i u\u010denice su s nevjericom slu\u0161ali o ku\u0161nji i patnjama kojima je bila izlo\u017eena r. Zejneb Gazali i to u dr\u017eavi s ve\u0107inskim muslimanskim \u017eivljem. Ja sam u ulozi prevodioca knjige spomenuo moje li\u010dno iskustvo iz susreta s autoricom r. Zejneb na Jordanskom univerzitetu i prenio im neke detalje o kojima je Zejneb tada govorila. Nakon promocije uslijedilo je dru\u017eenje s profesorima medrese i uva\u017eenim muftijom na kome se razgovaralo o aktivnostima i uspjesima medrese. Za mene je npr. bio intersantan podatak da su u zahtjevu koji je rukovodstvo medrese uputilo zajedno s katoli\u010dkom gimnazijom da se ove dvije vjersko-prosvjetne ustanove djelimi\u010dno stave na kantonalni bud\u017eet, za\u0161to se trebala izja\u0161njavati kantonalna skup\u0161tina, jedino delegat SDP- glasao protiv toga te da se isti delegat nije odazvao na zajedni\u010dki doru\u010dak koje je rukovodstvo medrese priredilo za zvani\u010dnike vjerskih i partijskih predstavnika. Bezbeli ga bilo stid.<\/p>\n<p><strong><\/strong><strong>U \u0160vicarskom gradu Aarau na d\u017eumi namazu<\/strong><br \/>\nNa poziv imama u gradu Aarau dr. Muris ef. Puri\u0107a na d\u017eumi namazu u prisustvu nekoliko stotina Bo\u0161njaka promovirali smo knjigu Moji zatvorski dani u Egiptu. U ovom gradu su Bo\u0161njaci postigli jedan uspjeh koji zaslu\u017euje da se istakne kao pozitivan primjer. U proteklih nekoliko godina do\u0161lo je do ujedinjenja 4 postoje\u0107a d\u017eemata koji su imali iznajmljene prostorije u razli\u010ditim krajevima grada i kupili su jedan hotel koji su preuredili za potrebe d\u017eematskih aktivnosti. Prostor je predivno ure\u0111en i u svakom enterijerskom detalju primjetna je vje\u0161ta arhitetska ruka. Ako se spomene samo podatak da je u unutarnji enterijer za izradu mihraba, minbera, mahfila i ostalog investirano oko 60 hiljada franaka onda to ne\u0161to govori. A s druge strane, jo\u0161 uvijek imamo u mnogim d\u017eematima bo\u0161nja\u010dke dijaspore tako neukusno i nestru\u010dno ura\u0111ene d\u017eematske prostorije a nije ni \u010dudo kada se de\u0161ava da pojedinci donose u d\u017eemate i prostorije od inventara ono \u0161to njima smeta u stanovima i darivaju d\u017eamijama. Sjetio sam se jednog na\u0161eg imama koji mi je ispri\u010dao primjer kada su po\u010dinjali sa formiranjem d\u017eemata i kada su se na prvim okupljanjima anketirali koliko je i \u0161ta je neko spreman da za po\u010detak donira za d\u017eemat, te se javila jedna gospo\u0111a i donijela stari telefon sa onim okruglim broj\u010danikom i rekla da ona to donira imamu za d\u017eemat. Naravno da se takvi telefoni vi\u0161e ne koriste. A rukovodtsvo je o\u010dekivalo ne\u0161to drugo jer se radilo o \u017eeni koja je ve\u0107 dugo \u017eivjela u tom gradu i o njoj se znalo da je dobrog materijalnog stanja. Tako da je jedna atrakcija i lijep osje\u0107aj kada se na\u0111ete u jednom lijepo i skladno opremljenom prostoru. A takvih prostora je malo u dijaspori. Ja sam prisutnima govorio o kerametima-po\u010dastima koje je do\u017eivjela Zejneb Gazali kao nagradu od Allaha d\u017e.\u0161. za iman koji je imala.\u00a0<strong>&#8220;Allah \u0161titi vjernike i On je sa onima koji su dobri.&#8221; <\/strong>Ljudi vole slu\u0161ati o takvim primjerima. Primjetio sam tako\u0111er da vole slu\u0161ati o snovima koje je u zatvoru imala Zejneb posebno one u kojima joj se na san pojavljivao Muhammed a.s. te kako se nakon tih snova Zejneb osje\u0107ala preporo\u0111enom. Ljudi bi su u\u017eivljavali u ta kazivanja i navijali bi za Zejneb a prezirali progonitelje. U na\u0161em putu od Minhena do Aarau cijelo vrijeme pratio nas je snijeg. Sje\u0107ao sam se Zejnebinih rije\u010di napisanih u uvodniku njezine knjige\u00a0<em>&#8220;Svakom ko bude u svome srcu imao i trun dobra, mo\u017eda \u0107e mu koristiti ova iksustva&#8221; &#8230; <\/em>i sretao sam u svim pobrojanim mjestima i gradovima ljude koji imaju dobra u svojim srcima i koji su pomogli da Zejnebina iskustva dostignu do onih u \u010dijim srcima ima dobra. Nakon promocije dru\u017eio sam se s Muris ef.Puri\u0107em. Iz njega zra\u010di snaga perspektivnog i \u010destitog imama. Imama entuzijaziste, koji nagovje\u0161tava nove projekte i koji se ne zadovoljava s postoje\u0107im. Ba\u0161 su takvi imami potrebni dijaspori. Dok razgovaramo i sje\u0107amo se medresanskih dana i raznih lijepih zgoda \u010desto ga prekida telefon i on odgovara i dogovara i obe\u0107ava i zakazuje termine. Gledam ga i usebi govorim &#8220;koja je blagodat za islam kada ima\u0161 pravog \u010dovjeka na pravom mjestu.&#8221; Pri\u010da mi o temi jednog telefonskog razgovora. Rije\u010d je o imamu\u00a0<strong>r. Faruku Demi\u0107, <\/strong>prvom imamu koji je do\u0161ao na podru\u010dje \u0160vicarske. Spominje njegov imamski anga\u017eman. Govori o njegovim u\u010denicima koji su sada odrasli ljudi i koji ne zaboravljaju svoga imama. R. Faruk Demi\u0107 je na jednom od svojih posljednih putovanja na odmor uz \u0160vicarske poginuo u saobra\u0107ajnoj nezgodi kada je auto sletjelo s puta u jezero. Ovih dana IZB u \u0160vicarskoj vodi akciju kako bi se lik i djelo ovoga \u010destitog prvog bo\u0161nja\u010dkog imama sa\u010duvao od zaborava. Onda mi spominje neke primjere imama koji nisu iskazali spremnost da se u njihovim d\u017eematima promovira knjiga Zejneb Gazali, pa se pita:&#8221;Kako mogu biti takvi?&#8221; A ja mu dodajem kako sam \u010duo od jednog hafiza da se neda svakome da u\u010destvuje u promicanju ovakvih vrijednosti. Bezbeli da imaju ne\u0161to kod sebe \u0161to ih ko\u010di da bi mogli dati od sebe doprinos koji se satoji samo da omogu\u0107e da se njihovim d\u017eematlijama govori o ideji koju je zastupala Z. Gazali. I ni\u0161ta vi\u0161e. Onda me izvje\u0161tava da je dogovorio sa aktivistima u gradu Bern da se na jaciji namazu odr\u017ei promocija.<\/p>\n<p><strong><\/strong><strong>U Bernu, gdje se Bo\u0161njaci spremaju da kupuju vlastiti d\u017eamijski prostor<\/strong><br \/>\nNakon ak\u0161am namaza dok snijeg jo\u0161 uvijek pada i zatrpava puteve mi se polahko zapu\u0107ujemo prema Bernu. Na \u0160vicarskim autoputevima se vozi po propisu o ograni\u010denjima. Kazne za prekora\u0107enje ograni\u010denja su ogromne. Kazne se i po nekoliko hiljada franaka. O tome svi pri\u010daju i me\u0111usobno se upozoravaju. Zati\u010demo imam Emir ef. i nekoliko d\u017eematlija koji \u010dekaju jaciju namaz. Do jacije namaza pristigli su oni koji su bili zainteresirani da slu\u0161aju promociju knjige. Neki su nama rekli da su se bojali da ne\u0107emo do\u0107i zbog snijegova. Dok smo putovali vidjev\u0161i putokaze prema gradu Baselu i sjetio sam se studenskih dana i profesora\u00a0<strong>dr. Gazi Rebabea, <\/strong>palestinca koji nam je predavao predmet &#8220;Kadijjetun falestinijjetun&#8221; &#8220;Palestinsko pitanje&#8221; i svjetskog kongresa Cionisti\u010dkog pokreta kojim je tada predsjedavao Theodor Herzl u \u0161vicarskom gradu Baselu, koji je tada novinarima na press konferenciji izjavio da je glavni zaklju\u010dak toga kongresa bio da \u0107e &#8220;Me\u0111unarodna zajednica nakon 50-godina svjedo\u010diti postojanje dr\u017eave Izrael na obalama rijeke Jordana.&#8221; I njegovo &#8220;proro\u010danstvo&#8221; se ispunilo. 1949 g. UN su priznale Izrael kao legalnu dr\u017eavu jevrejskom narodu na tu\u0111oj teritoriji. Sve mi je to vratilo sje\u0107anje na studenske dane i mnoge kolege palestince i njihove roditelje koji jo\u0161 uvijek \u010duvaju klju\u010deve svojih napu\u0161tenih domova iz kojih su protjerani 1948 g. Ili 1967 g.\u00a0<strong>&#8230;I onda mi naumpade i skora\u0161nje primanje Palestine u \u010dlanicu UN kao dr\u017eavu posmatra\u010da i radost Palestinskog naroda i onda muk i osje\u0107aj stida \u0161to se moja dr\u017eava Bosna i Hercegovina svrstala u dr\u017eave koje nisu digle ruku u UN za primanje Palestine&#8230; <\/strong><\/p>\n<p>Tako da se nisam mogao otrgnuti uspomenama a da dio toga ne spomenem na\u0161im dobrim ljudima koji su do\u0161li na promociju knjige &#8220;Moji zatvorski dani u Egiptu&#8221; u mome poja\u0161njavanju za\u0161to bi trebali pro\u010ditati ovo Zejnebino svjedo\u010danstvo. Zejneba je o svome msionarskom radu zapisala:\u00a0<em>&#8220;Mi ne \u017eurimo. Niti \u0107emo po\u017eurivati vrijeme. Godine. Desetine godina. Stotine godina. Godine same po sebi ne predstavljaju ni\u0161ta u \u017eivotu misionarstva jednog umeta. Na\u0161a poruka je da \u0107emo biti istrajni na vjerni\u010dkom putu&#8230;Odlu\u010dial sam zapisati sve \u0161to sam pro\u017eivjela u misiji Muslimanske bra\u0107e. Nakon konsultacija i razgovora sa iskrenim \u010dlanovima na\u0161eg pokreta, bra\u0107om i sestrama. I istihare i tra\u017eenjem pomo\u0107i od Allaha da mi pomogne, da se prisjetim svega \u0161to sam pre\u017eivjela u vlastitom iskustvu. Iako je i samo sje\u0107anje na te dane veoam te\u0161ko i stravi\u010dno, odlu\u010dila sam zapisati sve \u010dega se sje\u0107am.&#8221; <\/em>Dru\u017eenje s Bo\u0161njacima u Bernu je bilo lijepo i osje\u0107ajno.<\/p>\n<p>Tu je za mene zadnja stanica s promocijom prvog izdanja ove &#8220;stra\u0161ne&#8221; i &#8220;lijepe&#8221; knjige (Muhi\u0107) koja je po\u010dela u Hamburgu u aprilu o.g. pa nastavljena u njema\u010dkim gradovima Offenbach, Hananu, Minhen, Ingolstadt, Augsburg, te bosanskim gradovima Te\u0161nju, Mostaru, Biha\u0107u, Zenici, Maglaju, Tesli\u0107u, Bugojnu i Travniku, te u Austrijskim gradovima Lincu, Dorbinu i Insbrucku, da bi zavr\u0161etak bio u \u0161vicarskom gradu Bernu. Tu sam zadnji exemplar knjige poklonio \u010destitom i perspektivnom mladom predsjedniku d\u017eemata g.\u00a0<strong>Mirzetu Hasanba\u0161i\u0107u <\/strong>po\u017eeliv\u0161i da mu Allah bude na pomo\u0107i u ostvarenju njihovog nijeta o kupovini vlastitog d\u017eamijskog prostora. Na svim dosada\u0161njim promocijama u mojim porukama prisutnima spomenuo sam web magazin Bo\u0161njaci.net kao izdava\u010da ovoga poduhvata i ove prilike im se zahvaljuejm na smjelom poduhvatu, kao i recenzentu dr.Feridu Muhi\u0107u i zahvaljuem se svakom imamu i predsjedniku odbora koji su mi omogu\u0107ili govor o ideji i djelu Zejneb Gazali, mole\u0107i dragog Allaha da ih nagradi za to.<\/p>\n<p>Zahvaljujem se i mojim saradnicima u d\u017eematu Sabur u Minhenu koji su imali razumjevanja u mojim \u010destim odlascima na promocije i odsutvo iz d\u017eemata kao i mojoj hanumi Nermini koja me cijelo vrijeme podr\u017eavala u ovome projektu. Zahvalan sam Allahu \u0161to mi je omogu\u0107io da ovo djelo prevedem na\u0161oj \u010ditala\u010dkoj populaciji i cijelo vrijeme u mojim dalekim putovanjima koja sam li\u010dno podnosio i financirao pratio me je jedan lijep osje\u0107aj da u\u010destvujem u gradnji ne\u010dega lijepog i plemenitog.<\/p>\n<p>A nagrada su mi mnoge lijepe rije\u010di zahvale i \u010destitke od onih koji su slu\u0161ali promocije i koji su knjigu pro\u010ditali. A po\u010da\u0161\u010den sam jednim lijepim snom nakon promocije u Zenici na \u010demu sam puno zahvalan Milostivom Gospodaru svjetova. Nadam se da \u0107e biti potreba za \u0161tampanjem i drugog izdanja ovoga djela i da \u0107e za ovim Zejnebinim svjedo\u010denjem biti interesa od strane onih koji u svojim srcima imaju dobra te da \u0107e im ova iskustva biti od koristi.<\/p>\n<p>(Bosnjaci)<\/p>\n","protected":false},"excerpt":{"rendered":"<p>\u0160vicarska, BIH &#8211; Zavr\u0161ne promocije knjige \u00abMoji zatvorski dani u Egiptu\u00bb autorice Zejneb Gazali odr\u017eane u BH gradovima Bugojnu i Travniku, te \u0160vicarskim gradovima Aarau i Bernu. U proteklim danima zahvaljuju\u0107i anga\u017emanu\u00a0prof. Vehida ef. Arnauta, glavnog imama med\u017elisa IZ Bugojno, te Travni\u010dkog muftije\u00a0mr. Nusret ef. Avdibegovi\u0107a, direktora El\u010di-Ibrahim pa\u0161ine medrese u Travniku\u00a0mr. D\u017eevdeta \u0160o\u0161i\u0107a, te [&hellip;]<\/p>\n","protected":false},"author":16,"featured_media":58294,"comment_status":"open","ping_status":"open","sticky":false,"template":"","format":"standard","meta":{"footnotes":""},"categories":[2860,9544],"tags":[],"class_list":{"0":"post-58293","1":"post","2":"type-post","3":"status-publish","4":"format-standard","5":"has-post-thumbnail","7":"category-bosna-i-hercegovina-gradovi","8":"category-svicarska-dijaspora-gradovi-vase-vijesti"},"yoast_head":"<!-- This site is optimized with the Yoast SEO Premium plugin v23.1 (Yoast SEO v24.9) - https:\/\/yoast.com\/wordpress\/plugins\/seo\/ -->\n<title>Dru\u017eenje sa knjigom Zejneb el Gazali od Bosne do \u0160vicarske<\/title>\n<meta name=\"robots\" content=\"index, follow, max-snippet:-1, max-image-preview:large, max-video-preview:-1\" \/>\n<link rel=\"canonical\" href=\"https:\/\/sandzakpress.net\/arhiva\/druzenje-sa-knjigom-zejneb-el-gazali-od-bosne-do-svicarske\/\" \/>\n<meta property=\"og:locale\" content=\"bs_BA\" \/>\n<meta property=\"og:type\" content=\"article\" \/>\n<meta property=\"og:title\" content=\"Dru\u017eenje sa knjigom Zejneb el Gazali od Bosne do \u0160vicarske\" \/>\n<meta property=\"og:description\" content=\"\u0160vicarska, BIH &#8211; Zavr\u0161ne promocije knjige \u00abMoji zatvorski dani u Egiptu\u00bb autorice Zejneb Gazali odr\u017eane u BH gradovima Bugojnu i Travniku, te \u0160vicarskim gradovima Aarau i Bernu. U proteklim danima zahvaljuju\u0107i anga\u017emanu\u00a0prof. Vehida ef. Arnauta, glavnog imama med\u017elisa IZ Bugojno, te Travni\u010dkog muftije\u00a0mr. Nusret ef. Avdibegovi\u0107a, direktora El\u010di-Ibrahim pa\u0161ine medrese u Travniku\u00a0mr. D\u017eevdeta \u0160o\u0161i\u0107a, te [&hellip;]\" \/>\n<meta property=\"og:url\" content=\"https:\/\/sandzakpress.net\/arhiva\/druzenje-sa-knjigom-zejneb-el-gazali-od-bosne-do-svicarske\/\" \/>\n<meta property=\"og:site_name\" content=\"Sand\u017eak PRESS\" \/>\n<meta property=\"article:published_time\" content=\"2012-12-15T18:30:36+00:00\" \/>\n<meta property=\"og:image\" content=\"https:\/\/sandzakpress.net\/arhiva\/wp-content\/uploads\/2012\/12\/380_Arnaut_Travnik2.jpg\" \/>\n\t<meta property=\"og:image:width\" content=\"380\" \/>\n\t<meta property=\"og:image:height\" content=\"240\" \/>\n\t<meta property=\"og:image:type\" content=\"image\/jpeg\" \/>\n<meta name=\"twitter:card\" content=\"summary_large_image\" \/>\n<meta name=\"twitter:label1\" content=\"Written by\" \/>\n\t<meta name=\"twitter:data1\" content=\"\" \/>\n\t<meta name=\"twitter:label2\" content=\"Est. reading time\" \/>\n\t<meta name=\"twitter:data2\" content=\"12 minuta\" \/>\n<script type=\"application\/ld+json\" class=\"yoast-schema-graph\">{\"@context\":\"https:\/\/schema.org\",\"@graph\":[{\"@type\":\"Article\",\"@id\":\"https:\/\/sandzakpress.net\/arhiva\/druzenje-sa-knjigom-zejneb-el-gazali-od-bosne-do-svicarske\/#article\",\"isPartOf\":{\"@id\":\"https:\/\/sandzakpress.net\/arhiva\/druzenje-sa-knjigom-zejneb-el-gazali-od-bosne-do-svicarske\/\"},\"author\":{\"name\":\"\",\"@id\":\"\"},\"headline\":\"Dru\u017eenje sa knjigom Zejneb el Gazali od Bosne do \u0160vicarske\",\"datePublished\":\"2012-12-15T18:30:36+00:00\",\"mainEntityOfPage\":{\"@id\":\"https:\/\/sandzakpress.net\/arhiva\/druzenje-sa-knjigom-zejneb-el-gazali-od-bosne-do-svicarske\/\"},\"wordCount\":2506,\"commentCount\":0,\"publisher\":{\"@id\":\"https:\/\/sandzakpress.net\/arhiva\/#\/schema\/person\/6e72b67d6e51910a1117b3b483ba20bd\"},\"image\":{\"@id\":\"https:\/\/sandzakpress.net\/arhiva\/druzenje-sa-knjigom-zejneb-el-gazali-od-bosne-do-svicarske\/#primaryimage\"},\"thumbnailUrl\":\"https:\/\/sandzakpress.net\/arhiva\/wp-content\/uploads\/2012\/12\/380_Arnaut_Travnik2.jpg\",\"articleSection\":[\"Bosna i Hercegovina\",\"\u0160vicarska\"],\"inLanguage\":\"bs-BA\",\"potentialAction\":[{\"@type\":\"CommentAction\",\"name\":\"Comment\",\"target\":[\"https:\/\/sandzakpress.net\/arhiva\/druzenje-sa-knjigom-zejneb-el-gazali-od-bosne-do-svicarske\/#respond\"]}]},{\"@type\":\"WebPage\",\"@id\":\"https:\/\/sandzakpress.net\/arhiva\/druzenje-sa-knjigom-zejneb-el-gazali-od-bosne-do-svicarske\/\",\"url\":\"https:\/\/sandzakpress.net\/arhiva\/druzenje-sa-knjigom-zejneb-el-gazali-od-bosne-do-svicarske\/\",\"name\":\"Dru\u017eenje sa knjigom Zejneb el Gazali od Bosne do \u0160vicarske\",\"isPartOf\":{\"@id\":\"https:\/\/sandzakpress.net\/arhiva\/#website\"},\"primaryImageOfPage\":{\"@id\":\"https:\/\/sandzakpress.net\/arhiva\/druzenje-sa-knjigom-zejneb-el-gazali-od-bosne-do-svicarske\/#primaryimage\"},\"image\":{\"@id\":\"https:\/\/sandzakpress.net\/arhiva\/druzenje-sa-knjigom-zejneb-el-gazali-od-bosne-do-svicarske\/#primaryimage\"},\"thumbnailUrl\":\"https:\/\/sandzakpress.net\/arhiva\/wp-content\/uploads\/2012\/12\/380_Arnaut_Travnik2.jpg\",\"datePublished\":\"2012-12-15T18:30:36+00:00\",\"breadcrumb\":{\"@id\":\"https:\/\/sandzakpress.net\/arhiva\/druzenje-sa-knjigom-zejneb-el-gazali-od-bosne-do-svicarske\/#breadcrumb\"},\"inLanguage\":\"bs-BA\",\"potentialAction\":[{\"@type\":\"ReadAction\",\"target\":[\"https:\/\/sandzakpress.net\/arhiva\/druzenje-sa-knjigom-zejneb-el-gazali-od-bosne-do-svicarske\/\"]}]},{\"@type\":\"ImageObject\",\"inLanguage\":\"bs-BA\",\"@id\":\"https:\/\/sandzakpress.net\/arhiva\/druzenje-sa-knjigom-zejneb-el-gazali-od-bosne-do-svicarske\/#primaryimage\",\"url\":\"https:\/\/sandzakpress.net\/arhiva\/wp-content\/uploads\/2012\/12\/380_Arnaut_Travnik2.jpg\",\"contentUrl\":\"https:\/\/sandzakpress.net\/arhiva\/wp-content\/uploads\/2012\/12\/380_Arnaut_Travnik2.jpg\",\"width\":380,\"height\":240},{\"@type\":\"BreadcrumbList\",\"@id\":\"https:\/\/sandzakpress.net\/arhiva\/druzenje-sa-knjigom-zejneb-el-gazali-od-bosne-do-svicarske\/#breadcrumb\",\"itemListElement\":[{\"@type\":\"ListItem\",\"position\":1,\"name\":\"Home\",\"item\":\"https:\/\/sandzakpress.net\/arhiva\/\"},{\"@type\":\"ListItem\",\"position\":2,\"name\":\"Dru\u017eenje sa knjigom Zejneb el Gazali od Bosne do \u0160vicarske\"}]},{\"@type\":\"WebSite\",\"@id\":\"https:\/\/sandzakpress.net\/arhiva\/#website\",\"url\":\"https:\/\/sandzakpress.net\/arhiva\/\",\"name\":\"Sand\u017eak PRESS\",\"description\":\"Prve elektronske novine u Sand\u017eaku\",\"publisher\":{\"@id\":\"https:\/\/sandzakpress.net\/arhiva\/#\/schema\/person\/6e72b67d6e51910a1117b3b483ba20bd\"},\"potentialAction\":[{\"@type\":\"SearchAction\",\"target\":{\"@type\":\"EntryPoint\",\"urlTemplate\":\"https:\/\/sandzakpress.net\/arhiva\/?s={search_term_string}\"},\"query-input\":{\"@type\":\"PropertyValueSpecification\",\"valueRequired\":true,\"valueName\":\"search_term_string\"}}],\"inLanguage\":\"bs-BA\"},{\"@type\":[\"Person\",\"Organization\"],\"@id\":\"https:\/\/sandzakpress.net\/arhiva\/#\/schema\/person\/6e72b67d6e51910a1117b3b483ba20bd\",\"name\":\"Kul\",\"image\":{\"@type\":\"ImageObject\",\"inLanguage\":\"bs-BA\",\"@id\":\"https:\/\/sandzakpress.net\/arhiva\/#\/schema\/person\/image\/\",\"url\":\"https:\/\/secure.gravatar.com\/avatar\/42263f39aa27ac04c43cab85c280eb2e?s=96&d=mm&r=pg\",\"contentUrl\":\"https:\/\/secure.gravatar.com\/avatar\/42263f39aa27ac04c43cab85c280eb2e?s=96&d=mm&r=pg\",\"caption\":\"Kul\"},\"logo\":{\"@id\":\"https:\/\/sandzakpress.net\/arhiva\/#\/schema\/person\/image\/\"}},{\"@type\":\"Person\",\"@id\":\"\",\"url\":\"https:\/\/sandzakpress.net\/arhiva\/author\/\"}]}<\/script>\n<!-- \/ Yoast SEO Premium plugin. -->","yoast_head_json":{"title":"Dru\u017eenje sa knjigom Zejneb el Gazali od Bosne do \u0160vicarske","robots":{"index":"index","follow":"follow","max-snippet":"max-snippet:-1","max-image-preview":"max-image-preview:large","max-video-preview":"max-video-preview:-1"},"canonical":"https:\/\/sandzakpress.net\/arhiva\/druzenje-sa-knjigom-zejneb-el-gazali-od-bosne-do-svicarske\/","og_locale":"bs_BA","og_type":"article","og_title":"Dru\u017eenje sa knjigom Zejneb el Gazali od Bosne do \u0160vicarske","og_description":"\u0160vicarska, BIH &#8211; Zavr\u0161ne promocije knjige \u00abMoji zatvorski dani u Egiptu\u00bb autorice Zejneb Gazali odr\u017eane u BH gradovima Bugojnu i Travniku, te \u0160vicarskim gradovima Aarau i Bernu. U proteklim danima zahvaljuju\u0107i anga\u017emanu\u00a0prof. Vehida ef. Arnauta, glavnog imama med\u017elisa IZ Bugojno, te Travni\u010dkog muftije\u00a0mr. Nusret ef. Avdibegovi\u0107a, direktora El\u010di-Ibrahim pa\u0161ine medrese u Travniku\u00a0mr. D\u017eevdeta \u0160o\u0161i\u0107a, te [&hellip;]","og_url":"https:\/\/sandzakpress.net\/arhiva\/druzenje-sa-knjigom-zejneb-el-gazali-od-bosne-do-svicarske\/","og_site_name":"Sand\u017eak PRESS","article_published_time":"2012-12-15T18:30:36+00:00","og_image":[{"width":380,"height":240,"url":"https:\/\/sandzakpress.net\/arhiva\/wp-content\/uploads\/2012\/12\/380_Arnaut_Travnik2.jpg","type":"image\/jpeg"}],"twitter_card":"summary_large_image","twitter_misc":{"Written by":"","Est. reading time":"12 minuta"},"schema":{"@context":"https:\/\/schema.org","@graph":[{"@type":"Article","@id":"https:\/\/sandzakpress.net\/arhiva\/druzenje-sa-knjigom-zejneb-el-gazali-od-bosne-do-svicarske\/#article","isPartOf":{"@id":"https:\/\/sandzakpress.net\/arhiva\/druzenje-sa-knjigom-zejneb-el-gazali-od-bosne-do-svicarske\/"},"author":{"name":"","@id":""},"headline":"Dru\u017eenje sa knjigom Zejneb el Gazali od Bosne do \u0160vicarske","datePublished":"2012-12-15T18:30:36+00:00","mainEntityOfPage":{"@id":"https:\/\/sandzakpress.net\/arhiva\/druzenje-sa-knjigom-zejneb-el-gazali-od-bosne-do-svicarske\/"},"wordCount":2506,"commentCount":0,"publisher":{"@id":"https:\/\/sandzakpress.net\/arhiva\/#\/schema\/person\/6e72b67d6e51910a1117b3b483ba20bd"},"image":{"@id":"https:\/\/sandzakpress.net\/arhiva\/druzenje-sa-knjigom-zejneb-el-gazali-od-bosne-do-svicarske\/#primaryimage"},"thumbnailUrl":"https:\/\/sandzakpress.net\/arhiva\/wp-content\/uploads\/2012\/12\/380_Arnaut_Travnik2.jpg","articleSection":["Bosna i Hercegovina","\u0160vicarska"],"inLanguage":"bs-BA","potentialAction":[{"@type":"CommentAction","name":"Comment","target":["https:\/\/sandzakpress.net\/arhiva\/druzenje-sa-knjigom-zejneb-el-gazali-od-bosne-do-svicarske\/#respond"]}]},{"@type":"WebPage","@id":"https:\/\/sandzakpress.net\/arhiva\/druzenje-sa-knjigom-zejneb-el-gazali-od-bosne-do-svicarske\/","url":"https:\/\/sandzakpress.net\/arhiva\/druzenje-sa-knjigom-zejneb-el-gazali-od-bosne-do-svicarske\/","name":"Dru\u017eenje sa knjigom Zejneb el Gazali od Bosne do \u0160vicarske","isPartOf":{"@id":"https:\/\/sandzakpress.net\/arhiva\/#website"},"primaryImageOfPage":{"@id":"https:\/\/sandzakpress.net\/arhiva\/druzenje-sa-knjigom-zejneb-el-gazali-od-bosne-do-svicarske\/#primaryimage"},"image":{"@id":"https:\/\/sandzakpress.net\/arhiva\/druzenje-sa-knjigom-zejneb-el-gazali-od-bosne-do-svicarske\/#primaryimage"},"thumbnailUrl":"https:\/\/sandzakpress.net\/arhiva\/wp-content\/uploads\/2012\/12\/380_Arnaut_Travnik2.jpg","datePublished":"2012-12-15T18:30:36+00:00","breadcrumb":{"@id":"https:\/\/sandzakpress.net\/arhiva\/druzenje-sa-knjigom-zejneb-el-gazali-od-bosne-do-svicarske\/#breadcrumb"},"inLanguage":"bs-BA","potentialAction":[{"@type":"ReadAction","target":["https:\/\/sandzakpress.net\/arhiva\/druzenje-sa-knjigom-zejneb-el-gazali-od-bosne-do-svicarske\/"]}]},{"@type":"ImageObject","inLanguage":"bs-BA","@id":"https:\/\/sandzakpress.net\/arhiva\/druzenje-sa-knjigom-zejneb-el-gazali-od-bosne-do-svicarske\/#primaryimage","url":"https:\/\/sandzakpress.net\/arhiva\/wp-content\/uploads\/2012\/12\/380_Arnaut_Travnik2.jpg","contentUrl":"https:\/\/sandzakpress.net\/arhiva\/wp-content\/uploads\/2012\/12\/380_Arnaut_Travnik2.jpg","width":380,"height":240},{"@type":"BreadcrumbList","@id":"https:\/\/sandzakpress.net\/arhiva\/druzenje-sa-knjigom-zejneb-el-gazali-od-bosne-do-svicarske\/#breadcrumb","itemListElement":[{"@type":"ListItem","position":1,"name":"Home","item":"https:\/\/sandzakpress.net\/arhiva\/"},{"@type":"ListItem","position":2,"name":"Dru\u017eenje sa knjigom Zejneb el Gazali od Bosne do \u0160vicarske"}]},{"@type":"WebSite","@id":"https:\/\/sandzakpress.net\/arhiva\/#website","url":"https:\/\/sandzakpress.net\/arhiva\/","name":"Sand\u017eak PRESS","description":"Prve elektronske novine u Sand\u017eaku","publisher":{"@id":"https:\/\/sandzakpress.net\/arhiva\/#\/schema\/person\/6e72b67d6e51910a1117b3b483ba20bd"},"potentialAction":[{"@type":"SearchAction","target":{"@type":"EntryPoint","urlTemplate":"https:\/\/sandzakpress.net\/arhiva\/?s={search_term_string}"},"query-input":{"@type":"PropertyValueSpecification","valueRequired":true,"valueName":"search_term_string"}}],"inLanguage":"bs-BA"},{"@type":["Person","Organization"],"@id":"https:\/\/sandzakpress.net\/arhiva\/#\/schema\/person\/6e72b67d6e51910a1117b3b483ba20bd","name":"Kul","image":{"@type":"ImageObject","inLanguage":"bs-BA","@id":"https:\/\/sandzakpress.net\/arhiva\/#\/schema\/person\/image\/","url":"https:\/\/secure.gravatar.com\/avatar\/42263f39aa27ac04c43cab85c280eb2e?s=96&d=mm&r=pg","contentUrl":"https:\/\/secure.gravatar.com\/avatar\/42263f39aa27ac04c43cab85c280eb2e?s=96&d=mm&r=pg","caption":"Kul"},"logo":{"@id":"https:\/\/sandzakpress.net\/arhiva\/#\/schema\/person\/image\/"}},{"@type":"Person","@id":"","url":"https:\/\/sandzakpress.net\/arhiva\/author\/"}]}},"_links":{"self":[{"href":"https:\/\/sandzakpress.net\/arhiva\/wp-json\/wp\/v2\/posts\/58293"}],"collection":[{"href":"https:\/\/sandzakpress.net\/arhiva\/wp-json\/wp\/v2\/posts"}],"about":[{"href":"https:\/\/sandzakpress.net\/arhiva\/wp-json\/wp\/v2\/types\/post"}],"author":[{"embeddable":true,"href":"https:\/\/sandzakpress.net\/arhiva\/wp-json\/wp\/v2\/users\/16"}],"replies":[{"embeddable":true,"href":"https:\/\/sandzakpress.net\/arhiva\/wp-json\/wp\/v2\/comments?post=58293"}],"version-history":[{"count":0,"href":"https:\/\/sandzakpress.net\/arhiva\/wp-json\/wp\/v2\/posts\/58293\/revisions"}],"wp:featuredmedia":[{"embeddable":true,"href":"https:\/\/sandzakpress.net\/arhiva\/wp-json\/wp\/v2\/media\/58294"}],"wp:attachment":[{"href":"https:\/\/sandzakpress.net\/arhiva\/wp-json\/wp\/v2\/media?parent=58293"}],"wp:term":[{"taxonomy":"category","embeddable":true,"href":"https:\/\/sandzakpress.net\/arhiva\/wp-json\/wp\/v2\/categories?post=58293"},{"taxonomy":"post_tag","embeddable":true,"href":"https:\/\/sandzakpress.net\/arhiva\/wp-json\/wp\/v2\/tags?post=58293"}],"curies":[{"name":"wp","href":"https:\/\/api.w.org\/{rel}","templated":true}]}}