{"id":58281,"date":"2012-12-15T19:21:32","date_gmt":"2012-12-15T18:21:32","guid":{"rendered":"https:\/\/sandzakpress.net\/arhiva\/?p=58281"},"modified":"2012-12-15T19:21:32","modified_gmt":"2012-12-15T18:21:32","slug":"ubijanje-i-progon-muslimana-za-vrijeme-balkanskih-ratova-1912-1913-godine-2","status":"publish","type":"post","link":"https:\/\/sandzakpress.net\/arhiva\/ubijanje-i-progon-muslimana-za-vrijeme-balkanskih-ratova-1912-1913-godine-2\/","title":{"rendered":"Ubijanje i progon muslimana za vrijeme Balkanskih ratova 1912-1913.godine"},"content":{"rendered":"<p><strong><a href=\"https:\/\/sandzakpress.net\/arhiva\/wp-content\/uploads\/2012\/12\/300_pokrstavanje_1110044221.jpg\"><img loading=\"lazy\" decoding=\"async\" class=\"alignleft size-full wp-image-58282\" title=\"300_pokrstavanje_1110044221\" src=\"https:\/\/sandzakpress.net\/arhiva\/wp-content\/uploads\/2012\/12\/300_pokrstavanje_1110044221.jpg\" alt=\"\" width=\"300\" height=\"225\" \/><\/a>BIH &#8211; Na inicijativu Reisu-l-uleme Huseina ef. Kavazovi\u0107a, a u organizaciji Rijaseta IZ-e, u Sarajevu je 8. decembra 2012.godine, u prostorijama \u201eGazi Husrev-beg\u201c medrese, prof. dr Fikret Kar\u010di\u0107 odr\u017eao predavanje u vezi podsje\u0107anja na \u201cBalkanske ratove\u201d i o posljedicama proisteklim iz tih ratova. U tu svrhu je, prethodno, Vjersko-prosvjetna slu\u017eba Rijaseta, svojim pozivom broj 02-08-2-2680\/12. od 14. muharrema 1434. (28. novembra 2012.) godine, pozvala sve profesore historije i povijesti islama, koji rade u medresama i na islamskim fakultetima na podru\u010dju Rijaseta, da prisustvuju predavanju. <\/strong><\/p>\n<p>U ime IZ-e u Srbiji predavanju su prisustvovali hfz. Mirfat Fijuljanin, professor povijesti islama u \u201cGazi Isa-beg\u201d medresi u Novom Pazaru, i dr. Haris Had\u017ei\u0107, professor islamske kulture i civilizacije na FIS-u u Novom Pazaru.<\/p>\n<p>Obaveza svih u\u010desnika ovog skupa je bila da, po povratku u svoje \u0161kole i fakultete, organiziraju sli\u010dna predavanja i prezentacije sa nastavnicima i u\u010denicima.<\/p>\n<p>U svom izlaganju dr. Kar\u010di\u0107 je poseban akcenat stavio na one podatke koji su malo, ili \u010dak ni malo, bili poznati na\u0161oj nau\u010dnoj i \u0161iroj javnosti. On se, kako je istakao, uz odobrenje autora, poslu\u017eio podacima i mapama s obja\u0161njenjima sa\u010dinjenim od strane Justina McCarthy-a, profesora historije na Univerzitetu u Luisvilu (SAD). Ove mape je, za potrebe predavanja izradio Institut za istra\u017eivanje zlo\u010dina protiv \u010dovje\u010dnosti i medjunarodnog prava Univerziteta u Sarajevu (http:\/\/www.institut-genocid.ba\/), i one su podijeljene u\u010desnicima predavanja. Treba dodati i to da je originalno izdanje ovih mapa, s obja\u0161njenjima na engleskom jeziku, podr\u017eala Turska koalicija Amerike \u2013 The Turkish Coalition of America (http:\/\/www.tc-america.org).<\/p>\n<p>U mapama koje je profesor Kara\u010di\u0107 prezentirao tokom predavanja nazna\u010deni su npodaci o stradanjima civila, o ratnim gubicima zara\u0107enih strana, te o progonima i egzodusu muslimana sa Balkanskih prostora. Nakon predavanja prof. Kar\u010di\u0107a prisutni su nastavili sa diskusijom I na kraju su donijeti zaklju\u010dci a jedan od njih jeste i taj \u0161to je prof. Kar\u010di\u0107 predlo\u017eio da se organizuje jedno gostovanje ameri\u010dkog profesora Justina McCarty-ja, u BiH ili u Sand\u017eaku, a koji bi tom prilikom mnogo \u0161ire i detaljnije izlo\u017eio savoja istra\u017eivanja na ovu temu. Prof. Kar\u010di\u0107 smatra da bi gostovanje i predavanja prof. McCarty-ja trebalo organizovati ba\u0161 u Novom Pazaru, jer BiH nije direktno kao Sand\u017eak bila izlo\u017eena posljedicama Balkanskih ratova, jer je ona tada bila pod austrougarskom okupacijom, pa je logi\u010dnije da se takva predavanja odr\u017ee negdje u Sand\u017eaku, prenosi site fis.edu.rs.<\/p>\n<p>(Bosnjaci)<\/p>\n","protected":false},"excerpt":{"rendered":"<p>BIH &#8211; Na inicijativu Reisu-l-uleme Huseina ef. Kavazovi\u0107a, a u organizaciji Rijaseta IZ-e, u Sarajevu je 8. decembra 2012.godine, u prostorijama \u201eGazi Husrev-beg\u201c medrese, prof. dr Fikret Kar\u010di\u0107 odr\u017eao predavanje u vezi podsje\u0107anja na \u201cBalkanske ratove\u201d i o posljedicama proisteklim iz tih ratova. U tu svrhu je, prethodno, Vjersko-prosvjetna slu\u017eba Rijaseta, svojim pozivom broj 02-08-2-2680\/12. [&hellip;]<\/p>\n","protected":false},"author":16,"featured_media":58282,"comment_status":"open","ping_status":"open","sticky":false,"template":"","format":"standard","meta":{"footnotes":""},"categories":[2860,802],"tags":[],"class_list":{"0":"post-58281","1":"post","2":"type-post","3":"status-publish","4":"format-standard","5":"has-post-thumbnail","7":"category-bosna-i-hercegovina-gradovi","8":"category-islamska_zajednica"},"yoast_head":"<!-- This site is optimized with the Yoast SEO Premium plugin v23.1 (Yoast SEO v24.9) - https:\/\/yoast.com\/wordpress\/plugins\/seo\/ -->\n<title>Ubijanje i progon muslimana za vrijeme Balkanskih ratova 1912-1913.godine<\/title>\n<meta name=\"robots\" content=\"index, follow, max-snippet:-1, max-image-preview:large, max-video-preview:-1\" \/>\n<link rel=\"canonical\" href=\"https:\/\/sandzakpress.net\/arhiva\/ubijanje-i-progon-muslimana-za-vrijeme-balkanskih-ratova-1912-1913-godine-2\/\" \/>\n<meta property=\"og:locale\" content=\"bs_BA\" \/>\n<meta property=\"og:type\" content=\"article\" \/>\n<meta property=\"og:title\" content=\"Ubijanje i progon muslimana za vrijeme Balkanskih ratova 1912-1913.godine\" \/>\n<meta property=\"og:description\" content=\"BIH &#8211; Na inicijativu Reisu-l-uleme Huseina ef. Kavazovi\u0107a, a u organizaciji Rijaseta IZ-e, u Sarajevu je 8. decembra 2012.godine, u prostorijama \u201eGazi Husrev-beg\u201c medrese, prof. dr Fikret Kar\u010di\u0107 odr\u017eao predavanje u vezi podsje\u0107anja na \u201cBalkanske ratove\u201d i o posljedicama proisteklim iz tih ratova. U tu svrhu je, prethodno, Vjersko-prosvjetna slu\u017eba Rijaseta, svojim pozivom broj 02-08-2-2680\/12. [&hellip;]\" \/>\n<meta property=\"og:url\" content=\"https:\/\/sandzakpress.net\/arhiva\/ubijanje-i-progon-muslimana-za-vrijeme-balkanskih-ratova-1912-1913-godine-2\/\" \/>\n<meta property=\"og:site_name\" content=\"Sand\u017eak PRESS\" \/>\n<meta property=\"article:published_time\" content=\"2012-12-15T18:21:32+00:00\" \/>\n<meta property=\"og:image\" content=\"https:\/\/sandzakpress.net\/arhiva\/wp-content\/uploads\/2012\/12\/300_pokrstavanje_1110044221.jpg\" \/>\n\t<meta property=\"og:image:width\" content=\"300\" \/>\n\t<meta property=\"og:image:height\" content=\"225\" \/>\n\t<meta property=\"og:image:type\" content=\"image\/jpeg\" \/>\n<meta name=\"twitter:card\" content=\"summary_large_image\" \/>\n<meta name=\"twitter:label1\" content=\"Written by\" \/>\n\t<meta name=\"twitter:data1\" content=\"\" \/>\n\t<meta name=\"twitter:label2\" content=\"Est. reading time\" \/>\n\t<meta name=\"twitter:data2\" content=\"2 minute\" \/>\n<script type=\"application\/ld+json\" class=\"yoast-schema-graph\">{\"@context\":\"https:\/\/schema.org\",\"@graph\":[{\"@type\":\"Article\",\"@id\":\"https:\/\/sandzakpress.net\/arhiva\/ubijanje-i-progon-muslimana-za-vrijeme-balkanskih-ratova-1912-1913-godine-2\/#article\",\"isPartOf\":{\"@id\":\"https:\/\/sandzakpress.net\/arhiva\/ubijanje-i-progon-muslimana-za-vrijeme-balkanskih-ratova-1912-1913-godine-2\/\"},\"author\":{\"name\":\"\",\"@id\":\"\"},\"headline\":\"Ubijanje i progon muslimana za vrijeme Balkanskih ratova 1912-1913.godine\",\"datePublished\":\"2012-12-15T18:21:32+00:00\",\"mainEntityOfPage\":{\"@id\":\"https:\/\/sandzakpress.net\/arhiva\/ubijanje-i-progon-muslimana-za-vrijeme-balkanskih-ratova-1912-1913-godine-2\/\"},\"wordCount\":436,\"commentCount\":0,\"publisher\":{\"@id\":\"https:\/\/sandzakpress.net\/arhiva\/#\/schema\/person\/6e72b67d6e51910a1117b3b483ba20bd\"},\"image\":{\"@id\":\"https:\/\/sandzakpress.net\/arhiva\/ubijanje-i-progon-muslimana-za-vrijeme-balkanskih-ratova-1912-1913-godine-2\/#primaryimage\"},\"thumbnailUrl\":\"https:\/\/sandzakpress.net\/arhiva\/wp-content\/uploads\/2012\/12\/300_pokrstavanje_1110044221.jpg\",\"articleSection\":[\"Bosna i Hercegovina\",\"Islamska zajednica\"],\"inLanguage\":\"bs-BA\",\"potentialAction\":[{\"@type\":\"CommentAction\",\"name\":\"Comment\",\"target\":[\"https:\/\/sandzakpress.net\/arhiva\/ubijanje-i-progon-muslimana-za-vrijeme-balkanskih-ratova-1912-1913-godine-2\/#respond\"]}]},{\"@type\":\"WebPage\",\"@id\":\"https:\/\/sandzakpress.net\/arhiva\/ubijanje-i-progon-muslimana-za-vrijeme-balkanskih-ratova-1912-1913-godine-2\/\",\"url\":\"https:\/\/sandzakpress.net\/arhiva\/ubijanje-i-progon-muslimana-za-vrijeme-balkanskih-ratova-1912-1913-godine-2\/\",\"name\":\"Ubijanje i progon muslimana za vrijeme Balkanskih ratova 1912-1913.godine\",\"isPartOf\":{\"@id\":\"https:\/\/sandzakpress.net\/arhiva\/#website\"},\"primaryImageOfPage\":{\"@id\":\"https:\/\/sandzakpress.net\/arhiva\/ubijanje-i-progon-muslimana-za-vrijeme-balkanskih-ratova-1912-1913-godine-2\/#primaryimage\"},\"image\":{\"@id\":\"https:\/\/sandzakpress.net\/arhiva\/ubijanje-i-progon-muslimana-za-vrijeme-balkanskih-ratova-1912-1913-godine-2\/#primaryimage\"},\"thumbnailUrl\":\"https:\/\/sandzakpress.net\/arhiva\/wp-content\/uploads\/2012\/12\/300_pokrstavanje_1110044221.jpg\",\"datePublished\":\"2012-12-15T18:21:32+00:00\",\"breadcrumb\":{\"@id\":\"https:\/\/sandzakpress.net\/arhiva\/ubijanje-i-progon-muslimana-za-vrijeme-balkanskih-ratova-1912-1913-godine-2\/#breadcrumb\"},\"inLanguage\":\"bs-BA\",\"potentialAction\":[{\"@type\":\"ReadAction\",\"target\":[\"https:\/\/sandzakpress.net\/arhiva\/ubijanje-i-progon-muslimana-za-vrijeme-balkanskih-ratova-1912-1913-godine-2\/\"]}]},{\"@type\":\"ImageObject\",\"inLanguage\":\"bs-BA\",\"@id\":\"https:\/\/sandzakpress.net\/arhiva\/ubijanje-i-progon-muslimana-za-vrijeme-balkanskih-ratova-1912-1913-godine-2\/#primaryimage\",\"url\":\"https:\/\/sandzakpress.net\/arhiva\/wp-content\/uploads\/2012\/12\/300_pokrstavanje_1110044221.jpg\",\"contentUrl\":\"https:\/\/sandzakpress.net\/arhiva\/wp-content\/uploads\/2012\/12\/300_pokrstavanje_1110044221.jpg\",\"width\":300,\"height\":225},{\"@type\":\"BreadcrumbList\",\"@id\":\"https:\/\/sandzakpress.net\/arhiva\/ubijanje-i-progon-muslimana-za-vrijeme-balkanskih-ratova-1912-1913-godine-2\/#breadcrumb\",\"itemListElement\":[{\"@type\":\"ListItem\",\"position\":1,\"name\":\"Home\",\"item\":\"https:\/\/sandzakpress.net\/arhiva\/\"},{\"@type\":\"ListItem\",\"position\":2,\"name\":\"Ubijanje i progon muslimana za vrijeme Balkanskih ratova 1912-1913.godine\"}]},{\"@type\":\"WebSite\",\"@id\":\"https:\/\/sandzakpress.net\/arhiva\/#website\",\"url\":\"https:\/\/sandzakpress.net\/arhiva\/\",\"name\":\"Sand\u017eak PRESS\",\"description\":\"Prve elektronske novine u Sand\u017eaku\",\"publisher\":{\"@id\":\"https:\/\/sandzakpress.net\/arhiva\/#\/schema\/person\/6e72b67d6e51910a1117b3b483ba20bd\"},\"potentialAction\":[{\"@type\":\"SearchAction\",\"target\":{\"@type\":\"EntryPoint\",\"urlTemplate\":\"https:\/\/sandzakpress.net\/arhiva\/?s={search_term_string}\"},\"query-input\":{\"@type\":\"PropertyValueSpecification\",\"valueRequired\":true,\"valueName\":\"search_term_string\"}}],\"inLanguage\":\"bs-BA\"},{\"@type\":[\"Person\",\"Organization\"],\"@id\":\"https:\/\/sandzakpress.net\/arhiva\/#\/schema\/person\/6e72b67d6e51910a1117b3b483ba20bd\",\"name\":\"Kul\",\"image\":{\"@type\":\"ImageObject\",\"inLanguage\":\"bs-BA\",\"@id\":\"https:\/\/sandzakpress.net\/arhiva\/#\/schema\/person\/image\/\",\"url\":\"https:\/\/secure.gravatar.com\/avatar\/42263f39aa27ac04c43cab85c280eb2e?s=96&d=mm&r=pg\",\"contentUrl\":\"https:\/\/secure.gravatar.com\/avatar\/42263f39aa27ac04c43cab85c280eb2e?s=96&d=mm&r=pg\",\"caption\":\"Kul\"},\"logo\":{\"@id\":\"https:\/\/sandzakpress.net\/arhiva\/#\/schema\/person\/image\/\"}},{\"@type\":\"Person\",\"@id\":\"\",\"url\":\"https:\/\/sandzakpress.net\/arhiva\/author\/\"}]}<\/script>\n<!-- \/ Yoast SEO Premium plugin. -->","yoast_head_json":{"title":"Ubijanje i progon muslimana za vrijeme Balkanskih ratova 1912-1913.godine","robots":{"index":"index","follow":"follow","max-snippet":"max-snippet:-1","max-image-preview":"max-image-preview:large","max-video-preview":"max-video-preview:-1"},"canonical":"https:\/\/sandzakpress.net\/arhiva\/ubijanje-i-progon-muslimana-za-vrijeme-balkanskih-ratova-1912-1913-godine-2\/","og_locale":"bs_BA","og_type":"article","og_title":"Ubijanje i progon muslimana za vrijeme Balkanskih ratova 1912-1913.godine","og_description":"BIH &#8211; Na inicijativu Reisu-l-uleme Huseina ef. Kavazovi\u0107a, a u organizaciji Rijaseta IZ-e, u Sarajevu je 8. decembra 2012.godine, u prostorijama \u201eGazi Husrev-beg\u201c medrese, prof. dr Fikret Kar\u010di\u0107 odr\u017eao predavanje u vezi podsje\u0107anja na \u201cBalkanske ratove\u201d i o posljedicama proisteklim iz tih ratova. U tu svrhu je, prethodno, Vjersko-prosvjetna slu\u017eba Rijaseta, svojim pozivom broj 02-08-2-2680\/12. [&hellip;]","og_url":"https:\/\/sandzakpress.net\/arhiva\/ubijanje-i-progon-muslimana-za-vrijeme-balkanskih-ratova-1912-1913-godine-2\/","og_site_name":"Sand\u017eak PRESS","article_published_time":"2012-12-15T18:21:32+00:00","og_image":[{"width":300,"height":225,"url":"https:\/\/sandzakpress.net\/arhiva\/wp-content\/uploads\/2012\/12\/300_pokrstavanje_1110044221.jpg","type":"image\/jpeg"}],"twitter_card":"summary_large_image","twitter_misc":{"Written by":"","Est. reading time":"2 minute"},"schema":{"@context":"https:\/\/schema.org","@graph":[{"@type":"Article","@id":"https:\/\/sandzakpress.net\/arhiva\/ubijanje-i-progon-muslimana-za-vrijeme-balkanskih-ratova-1912-1913-godine-2\/#article","isPartOf":{"@id":"https:\/\/sandzakpress.net\/arhiva\/ubijanje-i-progon-muslimana-za-vrijeme-balkanskih-ratova-1912-1913-godine-2\/"},"author":{"name":"","@id":""},"headline":"Ubijanje i progon muslimana za vrijeme Balkanskih ratova 1912-1913.godine","datePublished":"2012-12-15T18:21:32+00:00","mainEntityOfPage":{"@id":"https:\/\/sandzakpress.net\/arhiva\/ubijanje-i-progon-muslimana-za-vrijeme-balkanskih-ratova-1912-1913-godine-2\/"},"wordCount":436,"commentCount":0,"publisher":{"@id":"https:\/\/sandzakpress.net\/arhiva\/#\/schema\/person\/6e72b67d6e51910a1117b3b483ba20bd"},"image":{"@id":"https:\/\/sandzakpress.net\/arhiva\/ubijanje-i-progon-muslimana-za-vrijeme-balkanskih-ratova-1912-1913-godine-2\/#primaryimage"},"thumbnailUrl":"https:\/\/sandzakpress.net\/arhiva\/wp-content\/uploads\/2012\/12\/300_pokrstavanje_1110044221.jpg","articleSection":["Bosna i Hercegovina","Islamska zajednica"],"inLanguage":"bs-BA","potentialAction":[{"@type":"CommentAction","name":"Comment","target":["https:\/\/sandzakpress.net\/arhiva\/ubijanje-i-progon-muslimana-za-vrijeme-balkanskih-ratova-1912-1913-godine-2\/#respond"]}]},{"@type":"WebPage","@id":"https:\/\/sandzakpress.net\/arhiva\/ubijanje-i-progon-muslimana-za-vrijeme-balkanskih-ratova-1912-1913-godine-2\/","url":"https:\/\/sandzakpress.net\/arhiva\/ubijanje-i-progon-muslimana-za-vrijeme-balkanskih-ratova-1912-1913-godine-2\/","name":"Ubijanje i progon muslimana za vrijeme Balkanskih ratova 1912-1913.godine","isPartOf":{"@id":"https:\/\/sandzakpress.net\/arhiva\/#website"},"primaryImageOfPage":{"@id":"https:\/\/sandzakpress.net\/arhiva\/ubijanje-i-progon-muslimana-za-vrijeme-balkanskih-ratova-1912-1913-godine-2\/#primaryimage"},"image":{"@id":"https:\/\/sandzakpress.net\/arhiva\/ubijanje-i-progon-muslimana-za-vrijeme-balkanskih-ratova-1912-1913-godine-2\/#primaryimage"},"thumbnailUrl":"https:\/\/sandzakpress.net\/arhiva\/wp-content\/uploads\/2012\/12\/300_pokrstavanje_1110044221.jpg","datePublished":"2012-12-15T18:21:32+00:00","breadcrumb":{"@id":"https:\/\/sandzakpress.net\/arhiva\/ubijanje-i-progon-muslimana-za-vrijeme-balkanskih-ratova-1912-1913-godine-2\/#breadcrumb"},"inLanguage":"bs-BA","potentialAction":[{"@type":"ReadAction","target":["https:\/\/sandzakpress.net\/arhiva\/ubijanje-i-progon-muslimana-za-vrijeme-balkanskih-ratova-1912-1913-godine-2\/"]}]},{"@type":"ImageObject","inLanguage":"bs-BA","@id":"https:\/\/sandzakpress.net\/arhiva\/ubijanje-i-progon-muslimana-za-vrijeme-balkanskih-ratova-1912-1913-godine-2\/#primaryimage","url":"https:\/\/sandzakpress.net\/arhiva\/wp-content\/uploads\/2012\/12\/300_pokrstavanje_1110044221.jpg","contentUrl":"https:\/\/sandzakpress.net\/arhiva\/wp-content\/uploads\/2012\/12\/300_pokrstavanje_1110044221.jpg","width":300,"height":225},{"@type":"BreadcrumbList","@id":"https:\/\/sandzakpress.net\/arhiva\/ubijanje-i-progon-muslimana-za-vrijeme-balkanskih-ratova-1912-1913-godine-2\/#breadcrumb","itemListElement":[{"@type":"ListItem","position":1,"name":"Home","item":"https:\/\/sandzakpress.net\/arhiva\/"},{"@type":"ListItem","position":2,"name":"Ubijanje i progon muslimana za vrijeme Balkanskih ratova 1912-1913.godine"}]},{"@type":"WebSite","@id":"https:\/\/sandzakpress.net\/arhiva\/#website","url":"https:\/\/sandzakpress.net\/arhiva\/","name":"Sand\u017eak PRESS","description":"Prve elektronske novine u Sand\u017eaku","publisher":{"@id":"https:\/\/sandzakpress.net\/arhiva\/#\/schema\/person\/6e72b67d6e51910a1117b3b483ba20bd"},"potentialAction":[{"@type":"SearchAction","target":{"@type":"EntryPoint","urlTemplate":"https:\/\/sandzakpress.net\/arhiva\/?s={search_term_string}"},"query-input":{"@type":"PropertyValueSpecification","valueRequired":true,"valueName":"search_term_string"}}],"inLanguage":"bs-BA"},{"@type":["Person","Organization"],"@id":"https:\/\/sandzakpress.net\/arhiva\/#\/schema\/person\/6e72b67d6e51910a1117b3b483ba20bd","name":"Kul","image":{"@type":"ImageObject","inLanguage":"bs-BA","@id":"https:\/\/sandzakpress.net\/arhiva\/#\/schema\/person\/image\/","url":"https:\/\/secure.gravatar.com\/avatar\/42263f39aa27ac04c43cab85c280eb2e?s=96&d=mm&r=pg","contentUrl":"https:\/\/secure.gravatar.com\/avatar\/42263f39aa27ac04c43cab85c280eb2e?s=96&d=mm&r=pg","caption":"Kul"},"logo":{"@id":"https:\/\/sandzakpress.net\/arhiva\/#\/schema\/person\/image\/"}},{"@type":"Person","@id":"","url":"https:\/\/sandzakpress.net\/arhiva\/author\/"}]}},"_links":{"self":[{"href":"https:\/\/sandzakpress.net\/arhiva\/wp-json\/wp\/v2\/posts\/58281"}],"collection":[{"href":"https:\/\/sandzakpress.net\/arhiva\/wp-json\/wp\/v2\/posts"}],"about":[{"href":"https:\/\/sandzakpress.net\/arhiva\/wp-json\/wp\/v2\/types\/post"}],"author":[{"embeddable":true,"href":"https:\/\/sandzakpress.net\/arhiva\/wp-json\/wp\/v2\/users\/16"}],"replies":[{"embeddable":true,"href":"https:\/\/sandzakpress.net\/arhiva\/wp-json\/wp\/v2\/comments?post=58281"}],"version-history":[{"count":0,"href":"https:\/\/sandzakpress.net\/arhiva\/wp-json\/wp\/v2\/posts\/58281\/revisions"}],"wp:featuredmedia":[{"embeddable":true,"href":"https:\/\/sandzakpress.net\/arhiva\/wp-json\/wp\/v2\/media\/58282"}],"wp:attachment":[{"href":"https:\/\/sandzakpress.net\/arhiva\/wp-json\/wp\/v2\/media?parent=58281"}],"wp:term":[{"taxonomy":"category","embeddable":true,"href":"https:\/\/sandzakpress.net\/arhiva\/wp-json\/wp\/v2\/categories?post=58281"},{"taxonomy":"post_tag","embeddable":true,"href":"https:\/\/sandzakpress.net\/arhiva\/wp-json\/wp\/v2\/tags?post=58281"}],"curies":[{"name":"wp","href":"https:\/\/api.w.org\/{rel}","templated":true}]}}