{"id":58231,"date":"2012-12-15T14:14:05","date_gmt":"2012-12-15T13:14:05","guid":{"rendered":"https:\/\/sandzakpress.net\/arhiva\/?p=58231"},"modified":"2012-12-15T14:14:05","modified_gmt":"2012-12-15T13:14:05","slug":"promoviranje-bosnjakinja-u-novinarstvu","status":"publish","type":"post","link":"https:\/\/sandzakpress.net\/arhiva\/promoviranje-bosnjakinja-u-novinarstvu\/","title":{"rendered":"Promoviranje Bo\u0161njakinja u novinarstvu"},"content":{"rendered":"<h3><a href=\"https:\/\/sandzakpress.net\/arhiva\/wp-content\/uploads\/2012\/12\/fotos-003.jpg\"><img loading=\"lazy\" decoding=\"async\" class=\"alignleft size-medium wp-image-58233\" title=\"fotos-003\" src=\"https:\/\/sandzakpress.net\/arhiva\/wp-content\/uploads\/2012\/12\/fotos-003-300x165.jpg\" alt=\"\" width=\"300\" height=\"165\" \/><\/a>Zavr\u0161na konferencija u okviru projekta &#8220;Promoviranje Bo\u0161njakinja u novinarstvu kroz radio i TV emisije u regionu \u017dupe&#8221;, koji je sprovela NVO &#8220;Equality&#8221;, odr\u017eana je ju\u010der u Prizrenu.<\/h3>\n<div>\n<div>Projekat je realizovan kroz 22 radionice, 7 radio i 7 TV emisija koje su bile aktuelne za Bo\u0161njake.<\/div>\n<div>&#8220;Moje li\u010dno iskustvo je da sam veoma zadovoljna radom ovih djevojaka, njihovom ozbiljno\u0161\u010du, ambicijama i \u017eeljom za znanjem.&#8221;, rekla je za na\u0161 portal Senada Sagdati, koordinator projekta.<\/div>\n<div>Mustafa Balje je kao profesionalni novinar radio jednu TV emisiju u okviru ovog projekta i ukazao na gre\u0161ke i pomogao u osnovim koracima novinarstva.<\/div>\n<div>&#8220;Nadam se da \u0107e va\u0161 budu\u0107i anga\u017eman i\u0107i ka tome da vi budete korisni dio dru\u0161tva u prvom redu za same Bo\u0161njake, a nakon toga i za \u0161ire dru\u0161tvo.<\/div>\n<div>&#8220;Drado mi je da se rade ovakvi projekti gdje su \u017eene sve vi\u0161e uklju\u010dene u dru\u0161tvo. Ovo jeste jedan mali korak, ali svi moramo negdje po\u010deti&#8221;, istakla je \u0160ehida Miftari, slu\u017ebenica OSCE-a na odjelu za ljudska prava i kontakt osoba za rodnu ravnopravnost.<\/div>\n<div>\n<div>&#8220;Ja u potpunosti podr\u017eavam ovakav na\u010din rada sa mladima, \u010dak mislim i da je najva\u017enije jer sa njima sve po\u010dinje i sve ostalo \u0161to je potrebnu za jednu naciju i za jedan narod&#8221;, naglasila je Sanela Lutvi\u0107.<\/div>\n<div>Projekat je trajao 8 mjeseci podr\u017eala je Ameri\u010dka ambasada i nastavak je seminara &#8220;Stru\u010dno osposobljavanje djevojaka i mladih u novinarstvu i radio i TV voditeljstvu\u201d, koji je Equality organizovao 2011. godine a gdje su predava\u010di bili Nadira Avdi\u0107-Vllasi i Sanela Bilalovi\u0107, novinari RTK.<\/div>\n<\/div>\n<\/div>\n","protected":false},"excerpt":{"rendered":"<p>Zavr\u0161na konferencija u okviru projekta &#8220;Promoviranje Bo\u0161njakinja u novinarstvu kroz radio i TV emisije u regionu \u017dupe&#8221;, koji je sprovela NVO &#8220;Equality&#8221;, odr\u017eana je ju\u010der u Prizrenu. Projekat je realizovan kroz 22 radionice, 7 radio i 7 TV emisija koje su bile aktuelne za Bo\u0161njake. &#8220;Moje li\u010dno iskustvo je da sam veoma zadovoljna radom ovih [&hellip;]<\/p>\n","protected":false},"author":33,"featured_media":58233,"comment_status":"open","ping_status":"open","sticky":false,"template":"","format":"standard","meta":{"footnotes":""},"categories":[2690,5],"tags":[],"class_list":{"0":"post-58231","1":"post","2":"type-post","3":"status-publish","4":"format-standard","5":"has-post-thumbnail","7":"category-kosovo-gradovi","8":"category-drustvo"},"yoast_head":"<!-- This site is optimized with the Yoast SEO Premium plugin v23.1 (Yoast SEO v24.9) - https:\/\/yoast.com\/wordpress\/plugins\/seo\/ -->\n<title>Promoviranje Bo\u0161njakinja u novinarstvu<\/title>\n<meta name=\"robots\" content=\"index, follow, max-snippet:-1, max-image-preview:large, max-video-preview:-1\" \/>\n<link rel=\"canonical\" href=\"https:\/\/sandzakpress.net\/arhiva\/promoviranje-bosnjakinja-u-novinarstvu\/\" \/>\n<meta property=\"og:locale\" content=\"bs_BA\" \/>\n<meta property=\"og:type\" content=\"article\" \/>\n<meta property=\"og:title\" content=\"Promoviranje Bo\u0161njakinja u novinarstvu\" \/>\n<meta property=\"og:description\" content=\"Zavr\u0161na konferencija u okviru projekta &#8220;Promoviranje Bo\u0161njakinja u novinarstvu kroz radio i TV emisije u regionu \u017dupe&#8221;, koji je sprovela NVO &#8220;Equality&#8221;, odr\u017eana je ju\u010der u Prizrenu. Projekat je realizovan kroz 22 radionice, 7 radio i 7 TV emisija koje su bile aktuelne za Bo\u0161njake. &#8220;Moje li\u010dno iskustvo je da sam veoma zadovoljna radom ovih [&hellip;]\" \/>\n<meta property=\"og:url\" content=\"https:\/\/sandzakpress.net\/arhiva\/promoviranje-bosnjakinja-u-novinarstvu\/\" \/>\n<meta property=\"og:site_name\" content=\"Sand\u017eak PRESS\" \/>\n<meta property=\"article:published_time\" content=\"2012-12-15T13:14:05+00:00\" \/>\n<meta property=\"og:image\" content=\"https:\/\/sandzakpress.net\/arhiva\/wp-content\/uploads\/2012\/12\/fotos-003.jpg\" \/>\n\t<meta property=\"og:image:width\" content=\"616\" \/>\n\t<meta property=\"og:image:height\" content=\"340\" \/>\n\t<meta property=\"og:image:type\" content=\"image\/jpeg\" \/>\n<meta name=\"twitter:card\" content=\"summary_large_image\" \/>\n<meta name=\"twitter:label1\" content=\"Written by\" \/>\n\t<meta name=\"twitter:data1\" content=\"\" \/>\n\t<meta name=\"twitter:label2\" content=\"Est. reading time\" \/>\n\t<meta name=\"twitter:data2\" content=\"1 minuta\" \/>\n<script type=\"application\/ld+json\" class=\"yoast-schema-graph\">{\"@context\":\"https:\/\/schema.org\",\"@graph\":[{\"@type\":\"Article\",\"@id\":\"https:\/\/sandzakpress.net\/arhiva\/promoviranje-bosnjakinja-u-novinarstvu\/#article\",\"isPartOf\":{\"@id\":\"https:\/\/sandzakpress.net\/arhiva\/promoviranje-bosnjakinja-u-novinarstvu\/\"},\"author\":{\"name\":\"\",\"@id\":\"\"},\"headline\":\"Promoviranje Bo\u0161njakinja u novinarstvu\",\"datePublished\":\"2012-12-15T13:14:05+00:00\",\"mainEntityOfPage\":{\"@id\":\"https:\/\/sandzakpress.net\/arhiva\/promoviranje-bosnjakinja-u-novinarstvu\/\"},\"wordCount\":276,\"commentCount\":0,\"publisher\":{\"@id\":\"https:\/\/sandzakpress.net\/arhiva\/#\/schema\/person\/6e72b67d6e51910a1117b3b483ba20bd\"},\"image\":{\"@id\":\"https:\/\/sandzakpress.net\/arhiva\/promoviranje-bosnjakinja-u-novinarstvu\/#primaryimage\"},\"thumbnailUrl\":\"https:\/\/sandzakpress.net\/arhiva\/wp-content\/uploads\/2012\/12\/fotos-003.jpg\",\"articleSection\":[\"Kosovo\",\"Dru\u0161tvo\"],\"inLanguage\":\"bs-BA\",\"potentialAction\":[{\"@type\":\"CommentAction\",\"name\":\"Comment\",\"target\":[\"https:\/\/sandzakpress.net\/arhiva\/promoviranje-bosnjakinja-u-novinarstvu\/#respond\"]}]},{\"@type\":\"WebPage\",\"@id\":\"https:\/\/sandzakpress.net\/arhiva\/promoviranje-bosnjakinja-u-novinarstvu\/\",\"url\":\"https:\/\/sandzakpress.net\/arhiva\/promoviranje-bosnjakinja-u-novinarstvu\/\",\"name\":\"Promoviranje Bo\u0161njakinja u novinarstvu\",\"isPartOf\":{\"@id\":\"https:\/\/sandzakpress.net\/arhiva\/#website\"},\"primaryImageOfPage\":{\"@id\":\"https:\/\/sandzakpress.net\/arhiva\/promoviranje-bosnjakinja-u-novinarstvu\/#primaryimage\"},\"image\":{\"@id\":\"https:\/\/sandzakpress.net\/arhiva\/promoviranje-bosnjakinja-u-novinarstvu\/#primaryimage\"},\"thumbnailUrl\":\"https:\/\/sandzakpress.net\/arhiva\/wp-content\/uploads\/2012\/12\/fotos-003.jpg\",\"datePublished\":\"2012-12-15T13:14:05+00:00\",\"breadcrumb\":{\"@id\":\"https:\/\/sandzakpress.net\/arhiva\/promoviranje-bosnjakinja-u-novinarstvu\/#breadcrumb\"},\"inLanguage\":\"bs-BA\",\"potentialAction\":[{\"@type\":\"ReadAction\",\"target\":[\"https:\/\/sandzakpress.net\/arhiva\/promoviranje-bosnjakinja-u-novinarstvu\/\"]}]},{\"@type\":\"ImageObject\",\"inLanguage\":\"bs-BA\",\"@id\":\"https:\/\/sandzakpress.net\/arhiva\/promoviranje-bosnjakinja-u-novinarstvu\/#primaryimage\",\"url\":\"https:\/\/sandzakpress.net\/arhiva\/wp-content\/uploads\/2012\/12\/fotos-003.jpg\",\"contentUrl\":\"https:\/\/sandzakpress.net\/arhiva\/wp-content\/uploads\/2012\/12\/fotos-003.jpg\",\"width\":616,\"height\":340},{\"@type\":\"BreadcrumbList\",\"@id\":\"https:\/\/sandzakpress.net\/arhiva\/promoviranje-bosnjakinja-u-novinarstvu\/#breadcrumb\",\"itemListElement\":[{\"@type\":\"ListItem\",\"position\":1,\"name\":\"Home\",\"item\":\"https:\/\/sandzakpress.net\/arhiva\/\"},{\"@type\":\"ListItem\",\"position\":2,\"name\":\"Promoviranje Bo\u0161njakinja u novinarstvu\"}]},{\"@type\":\"WebSite\",\"@id\":\"https:\/\/sandzakpress.net\/arhiva\/#website\",\"url\":\"https:\/\/sandzakpress.net\/arhiva\/\",\"name\":\"Sand\u017eak PRESS\",\"description\":\"Prve elektronske novine u Sand\u017eaku\",\"publisher\":{\"@id\":\"https:\/\/sandzakpress.net\/arhiva\/#\/schema\/person\/6e72b67d6e51910a1117b3b483ba20bd\"},\"potentialAction\":[{\"@type\":\"SearchAction\",\"target\":{\"@type\":\"EntryPoint\",\"urlTemplate\":\"https:\/\/sandzakpress.net\/arhiva\/?s={search_term_string}\"},\"query-input\":{\"@type\":\"PropertyValueSpecification\",\"valueRequired\":true,\"valueName\":\"search_term_string\"}}],\"inLanguage\":\"bs-BA\"},{\"@type\":[\"Person\",\"Organization\"],\"@id\":\"https:\/\/sandzakpress.net\/arhiva\/#\/schema\/person\/6e72b67d6e51910a1117b3b483ba20bd\",\"name\":\"Kul\",\"image\":{\"@type\":\"ImageObject\",\"inLanguage\":\"bs-BA\",\"@id\":\"https:\/\/sandzakpress.net\/arhiva\/#\/schema\/person\/image\/\",\"url\":\"https:\/\/secure.gravatar.com\/avatar\/42263f39aa27ac04c43cab85c280eb2e?s=96&d=mm&r=pg\",\"contentUrl\":\"https:\/\/secure.gravatar.com\/avatar\/42263f39aa27ac04c43cab85c280eb2e?s=96&d=mm&r=pg\",\"caption\":\"Kul\"},\"logo\":{\"@id\":\"https:\/\/sandzakpress.net\/arhiva\/#\/schema\/person\/image\/\"}},{\"@type\":\"Person\",\"@id\":\"\",\"url\":\"https:\/\/sandzakpress.net\/arhiva\/author\/\"}]}<\/script>\n<!-- \/ Yoast SEO Premium plugin. -->","yoast_head_json":{"title":"Promoviranje Bo\u0161njakinja u novinarstvu","robots":{"index":"index","follow":"follow","max-snippet":"max-snippet:-1","max-image-preview":"max-image-preview:large","max-video-preview":"max-video-preview:-1"},"canonical":"https:\/\/sandzakpress.net\/arhiva\/promoviranje-bosnjakinja-u-novinarstvu\/","og_locale":"bs_BA","og_type":"article","og_title":"Promoviranje Bo\u0161njakinja u novinarstvu","og_description":"Zavr\u0161na konferencija u okviru projekta &#8220;Promoviranje Bo\u0161njakinja u novinarstvu kroz radio i TV emisije u regionu \u017dupe&#8221;, koji je sprovela NVO &#8220;Equality&#8221;, odr\u017eana je ju\u010der u Prizrenu. Projekat je realizovan kroz 22 radionice, 7 radio i 7 TV emisija koje su bile aktuelne za Bo\u0161njake. &#8220;Moje li\u010dno iskustvo je da sam veoma zadovoljna radom ovih [&hellip;]","og_url":"https:\/\/sandzakpress.net\/arhiva\/promoviranje-bosnjakinja-u-novinarstvu\/","og_site_name":"Sand\u017eak PRESS","article_published_time":"2012-12-15T13:14:05+00:00","og_image":[{"width":616,"height":340,"url":"https:\/\/sandzakpress.net\/arhiva\/wp-content\/uploads\/2012\/12\/fotos-003.jpg","type":"image\/jpeg"}],"twitter_card":"summary_large_image","twitter_misc":{"Written by":"","Est. reading time":"1 minuta"},"schema":{"@context":"https:\/\/schema.org","@graph":[{"@type":"Article","@id":"https:\/\/sandzakpress.net\/arhiva\/promoviranje-bosnjakinja-u-novinarstvu\/#article","isPartOf":{"@id":"https:\/\/sandzakpress.net\/arhiva\/promoviranje-bosnjakinja-u-novinarstvu\/"},"author":{"name":"","@id":""},"headline":"Promoviranje Bo\u0161njakinja u novinarstvu","datePublished":"2012-12-15T13:14:05+00:00","mainEntityOfPage":{"@id":"https:\/\/sandzakpress.net\/arhiva\/promoviranje-bosnjakinja-u-novinarstvu\/"},"wordCount":276,"commentCount":0,"publisher":{"@id":"https:\/\/sandzakpress.net\/arhiva\/#\/schema\/person\/6e72b67d6e51910a1117b3b483ba20bd"},"image":{"@id":"https:\/\/sandzakpress.net\/arhiva\/promoviranje-bosnjakinja-u-novinarstvu\/#primaryimage"},"thumbnailUrl":"https:\/\/sandzakpress.net\/arhiva\/wp-content\/uploads\/2012\/12\/fotos-003.jpg","articleSection":["Kosovo","Dru\u0161tvo"],"inLanguage":"bs-BA","potentialAction":[{"@type":"CommentAction","name":"Comment","target":["https:\/\/sandzakpress.net\/arhiva\/promoviranje-bosnjakinja-u-novinarstvu\/#respond"]}]},{"@type":"WebPage","@id":"https:\/\/sandzakpress.net\/arhiva\/promoviranje-bosnjakinja-u-novinarstvu\/","url":"https:\/\/sandzakpress.net\/arhiva\/promoviranje-bosnjakinja-u-novinarstvu\/","name":"Promoviranje Bo\u0161njakinja u novinarstvu","isPartOf":{"@id":"https:\/\/sandzakpress.net\/arhiva\/#website"},"primaryImageOfPage":{"@id":"https:\/\/sandzakpress.net\/arhiva\/promoviranje-bosnjakinja-u-novinarstvu\/#primaryimage"},"image":{"@id":"https:\/\/sandzakpress.net\/arhiva\/promoviranje-bosnjakinja-u-novinarstvu\/#primaryimage"},"thumbnailUrl":"https:\/\/sandzakpress.net\/arhiva\/wp-content\/uploads\/2012\/12\/fotos-003.jpg","datePublished":"2012-12-15T13:14:05+00:00","breadcrumb":{"@id":"https:\/\/sandzakpress.net\/arhiva\/promoviranje-bosnjakinja-u-novinarstvu\/#breadcrumb"},"inLanguage":"bs-BA","potentialAction":[{"@type":"ReadAction","target":["https:\/\/sandzakpress.net\/arhiva\/promoviranje-bosnjakinja-u-novinarstvu\/"]}]},{"@type":"ImageObject","inLanguage":"bs-BA","@id":"https:\/\/sandzakpress.net\/arhiva\/promoviranje-bosnjakinja-u-novinarstvu\/#primaryimage","url":"https:\/\/sandzakpress.net\/arhiva\/wp-content\/uploads\/2012\/12\/fotos-003.jpg","contentUrl":"https:\/\/sandzakpress.net\/arhiva\/wp-content\/uploads\/2012\/12\/fotos-003.jpg","width":616,"height":340},{"@type":"BreadcrumbList","@id":"https:\/\/sandzakpress.net\/arhiva\/promoviranje-bosnjakinja-u-novinarstvu\/#breadcrumb","itemListElement":[{"@type":"ListItem","position":1,"name":"Home","item":"https:\/\/sandzakpress.net\/arhiva\/"},{"@type":"ListItem","position":2,"name":"Promoviranje Bo\u0161njakinja u novinarstvu"}]},{"@type":"WebSite","@id":"https:\/\/sandzakpress.net\/arhiva\/#website","url":"https:\/\/sandzakpress.net\/arhiva\/","name":"Sand\u017eak PRESS","description":"Prve elektronske novine u Sand\u017eaku","publisher":{"@id":"https:\/\/sandzakpress.net\/arhiva\/#\/schema\/person\/6e72b67d6e51910a1117b3b483ba20bd"},"potentialAction":[{"@type":"SearchAction","target":{"@type":"EntryPoint","urlTemplate":"https:\/\/sandzakpress.net\/arhiva\/?s={search_term_string}"},"query-input":{"@type":"PropertyValueSpecification","valueRequired":true,"valueName":"search_term_string"}}],"inLanguage":"bs-BA"},{"@type":["Person","Organization"],"@id":"https:\/\/sandzakpress.net\/arhiva\/#\/schema\/person\/6e72b67d6e51910a1117b3b483ba20bd","name":"Kul","image":{"@type":"ImageObject","inLanguage":"bs-BA","@id":"https:\/\/sandzakpress.net\/arhiva\/#\/schema\/person\/image\/","url":"https:\/\/secure.gravatar.com\/avatar\/42263f39aa27ac04c43cab85c280eb2e?s=96&d=mm&r=pg","contentUrl":"https:\/\/secure.gravatar.com\/avatar\/42263f39aa27ac04c43cab85c280eb2e?s=96&d=mm&r=pg","caption":"Kul"},"logo":{"@id":"https:\/\/sandzakpress.net\/arhiva\/#\/schema\/person\/image\/"}},{"@type":"Person","@id":"","url":"https:\/\/sandzakpress.net\/arhiva\/author\/"}]}},"_links":{"self":[{"href":"https:\/\/sandzakpress.net\/arhiva\/wp-json\/wp\/v2\/posts\/58231"}],"collection":[{"href":"https:\/\/sandzakpress.net\/arhiva\/wp-json\/wp\/v2\/posts"}],"about":[{"href":"https:\/\/sandzakpress.net\/arhiva\/wp-json\/wp\/v2\/types\/post"}],"author":[{"embeddable":true,"href":"https:\/\/sandzakpress.net\/arhiva\/wp-json\/wp\/v2\/users\/33"}],"replies":[{"embeddable":true,"href":"https:\/\/sandzakpress.net\/arhiva\/wp-json\/wp\/v2\/comments?post=58231"}],"version-history":[{"count":0,"href":"https:\/\/sandzakpress.net\/arhiva\/wp-json\/wp\/v2\/posts\/58231\/revisions"}],"wp:featuredmedia":[{"embeddable":true,"href":"https:\/\/sandzakpress.net\/arhiva\/wp-json\/wp\/v2\/media\/58233"}],"wp:attachment":[{"href":"https:\/\/sandzakpress.net\/arhiva\/wp-json\/wp\/v2\/media?parent=58231"}],"wp:term":[{"taxonomy":"category","embeddable":true,"href":"https:\/\/sandzakpress.net\/arhiva\/wp-json\/wp\/v2\/categories?post=58231"},{"taxonomy":"post_tag","embeddable":true,"href":"https:\/\/sandzakpress.net\/arhiva\/wp-json\/wp\/v2\/tags?post=58231"}],"curies":[{"name":"wp","href":"https:\/\/api.w.org\/{rel}","templated":true}]}}