{"id":58114,"date":"2012-12-13T19:43:12","date_gmt":"2012-12-13T18:43:12","guid":{"rendered":"https:\/\/sandzakpress.net\/arhiva\/?p=58114"},"modified":"2012-12-13T19:43:12","modified_gmt":"2012-12-13T18:43:12","slug":"u-njemackoj-usvojen-zakon-o-obrezivanju","status":"publish","type":"post","link":"https:\/\/sandzakpress.net\/arhiva\/u-njemackoj-usvojen-zakon-o-obrezivanju\/","title":{"rendered":"U Njema\u010dkoj usvojen zakon o obrezivanju"},"content":{"rendered":"<p><strong><a href=\"https:\/\/sandzakpress.net\/arhiva\/wp-content\/uploads\/2012\/12\/njemacka-usvojen-zakon-o-obrezivanju_trt-bosanski-12199.jpg\"><img loading=\"lazy\" decoding=\"async\" class=\"alignleft size-medium wp-image-58115\" title=\"njemacka-usvojen-zakon-o-obrezivanju_trt-bosanski-12199\" src=\"https:\/\/sandzakpress.net\/arhiva\/wp-content\/uploads\/2012\/12\/njemacka-usvojen-zakon-o-obrezivanju_trt-bosanski-12199-300x208.jpg\" alt=\"\" width=\"300\" height=\"208\" \/><\/a>Njema\u010dka &#8211; Federalni parlament Njema\u010dke usvojio je zakon koji omogu\u0107ava obrezivanje djece u Njema\u010dkoj.<\/strong><\/p>\n<p>Zakon o obrezivanju usvojen je sa 434 glasa &#8220;za&#8221;, dok je 100 poslanika glasalo protiv, a 46 njih\u00a0bili su suzdr\u017eani.<\/p>\n<p>S druge strane, Nacrt zakona koji su pripremila 66 poslanika iz opozicionih stranaka, a kojim bi bilo odobreno obrezivanje za djecu nakon \u0161to napune 14 godina starosti, nije dobio potrebnu ve\u0107inu.<\/p>\n<p>Zasjedanje u parlamentu pratili su predstavnici muslimanskih i jevrejskih zajednica u Njema\u010dkoj.<\/p>\n<p>Prema zakonu o obrezivanju koji je usvojen u Federalnom parlamentu Njema\u010dke, potrebno je osigurati uslove &#8220;kako dijete ne bi osje\u0107alo veliku bol prilikom opreativnog zahvata, dok u slu\u010daju pove\u0107anja bolova zakon predvi\u0111a upotrebu narkoze&#8221;.<\/p>\n<p>(trtbosanski)<\/p>\n","protected":false},"excerpt":{"rendered":"<p>Njema\u010dka &#8211; Federalni parlament Njema\u010dke usvojio je zakon koji omogu\u0107ava obrezivanje djece u Njema\u010dkoj. Zakon o obrezivanju usvojen je sa 434 glasa &#8220;za&#8221;, dok je 100 poslanika glasalo protiv, a 46 njih\u00a0bili su suzdr\u017eani. S druge strane, Nacrt zakona koji su pripremila 66 poslanika iz opozicionih stranaka, a kojim bi bilo odobreno obrezivanje za djecu [&hellip;]<\/p>\n","protected":false},"author":16,"featured_media":58115,"comment_status":"open","ping_status":"open","sticky":false,"template":"","format":"standard","meta":{"footnotes":""},"categories":[9538,9],"tags":[],"class_list":{"0":"post-58114","1":"post","2":"type-post","3":"status-publish","4":"format-standard","5":"has-post-thumbnail","7":"category-njemacka-dijaspora-gradovi-vase-vijesti","8":"category-svijet"},"yoast_head":"<!-- This site is optimized with the Yoast SEO Premium plugin v23.1 (Yoast SEO v24.9) - https:\/\/yoast.com\/wordpress\/plugins\/seo\/ -->\n<title>U Njema\u010dkoj usvojen zakon o obrezivanju<\/title>\n<meta name=\"robots\" content=\"index, follow, max-snippet:-1, max-image-preview:large, max-video-preview:-1\" \/>\n<link rel=\"canonical\" href=\"https:\/\/sandzakpress.net\/arhiva\/u-njemackoj-usvojen-zakon-o-obrezivanju\/\" \/>\n<meta property=\"og:locale\" content=\"bs_BA\" \/>\n<meta property=\"og:type\" content=\"article\" \/>\n<meta property=\"og:title\" content=\"U Njema\u010dkoj usvojen zakon o obrezivanju\" \/>\n<meta property=\"og:description\" content=\"Njema\u010dka &#8211; Federalni parlament Njema\u010dke usvojio je zakon koji omogu\u0107ava obrezivanje djece u Njema\u010dkoj. Zakon o obrezivanju usvojen je sa 434 glasa &#8220;za&#8221;, dok je 100 poslanika glasalo protiv, a 46 njih\u00a0bili su suzdr\u017eani. S druge strane, Nacrt zakona koji su pripremila 66 poslanika iz opozicionih stranaka, a kojim bi bilo odobreno obrezivanje za djecu [&hellip;]\" \/>\n<meta property=\"og:url\" content=\"https:\/\/sandzakpress.net\/arhiva\/u-njemackoj-usvojen-zakon-o-obrezivanju\/\" \/>\n<meta property=\"og:site_name\" content=\"Sand\u017eak PRESS\" \/>\n<meta property=\"article:published_time\" content=\"2012-12-13T18:43:12+00:00\" \/>\n<meta property=\"og:image\" content=\"https:\/\/sandzakpress.net\/arhiva\/wp-content\/uploads\/2012\/12\/njemacka-usvojen-zakon-o-obrezivanju_trt-bosanski-12199.jpg\" \/>\n\t<meta property=\"og:image:width\" content=\"522\" \/>\n\t<meta property=\"og:image:height\" content=\"363\" \/>\n\t<meta property=\"og:image:type\" content=\"image\/jpeg\" \/>\n<meta name=\"twitter:card\" content=\"summary_large_image\" \/>\n<meta name=\"twitter:label1\" content=\"Written by\" \/>\n\t<meta name=\"twitter:data1\" content=\"\" \/>\n\t<meta name=\"twitter:label2\" content=\"Est. reading time\" \/>\n\t<meta name=\"twitter:data2\" content=\"1 minuta\" \/>\n<script type=\"application\/ld+json\" class=\"yoast-schema-graph\">{\"@context\":\"https:\/\/schema.org\",\"@graph\":[{\"@type\":\"Article\",\"@id\":\"https:\/\/sandzakpress.net\/arhiva\/u-njemackoj-usvojen-zakon-o-obrezivanju\/#article\",\"isPartOf\":{\"@id\":\"https:\/\/sandzakpress.net\/arhiva\/u-njemackoj-usvojen-zakon-o-obrezivanju\/\"},\"author\":{\"name\":\"\",\"@id\":\"\"},\"headline\":\"U Njema\u010dkoj usvojen zakon o obrezivanju\",\"datePublished\":\"2012-12-13T18:43:12+00:00\",\"mainEntityOfPage\":{\"@id\":\"https:\/\/sandzakpress.net\/arhiva\/u-njemackoj-usvojen-zakon-o-obrezivanju\/\"},\"wordCount\":127,\"commentCount\":1,\"publisher\":{\"@id\":\"https:\/\/sandzakpress.net\/arhiva\/#\/schema\/person\/6e72b67d6e51910a1117b3b483ba20bd\"},\"image\":{\"@id\":\"https:\/\/sandzakpress.net\/arhiva\/u-njemackoj-usvojen-zakon-o-obrezivanju\/#primaryimage\"},\"thumbnailUrl\":\"https:\/\/sandzakpress.net\/arhiva\/wp-content\/uploads\/2012\/12\/njemacka-usvojen-zakon-o-obrezivanju_trt-bosanski-12199.jpg\",\"articleSection\":[\"Njema\u010dka\",\"Svijet\"],\"inLanguage\":\"bs-BA\",\"potentialAction\":[{\"@type\":\"CommentAction\",\"name\":\"Comment\",\"target\":[\"https:\/\/sandzakpress.net\/arhiva\/u-njemackoj-usvojen-zakon-o-obrezivanju\/#respond\"]}]},{\"@type\":\"WebPage\",\"@id\":\"https:\/\/sandzakpress.net\/arhiva\/u-njemackoj-usvojen-zakon-o-obrezivanju\/\",\"url\":\"https:\/\/sandzakpress.net\/arhiva\/u-njemackoj-usvojen-zakon-o-obrezivanju\/\",\"name\":\"U Njema\u010dkoj usvojen zakon o obrezivanju\",\"isPartOf\":{\"@id\":\"https:\/\/sandzakpress.net\/arhiva\/#website\"},\"primaryImageOfPage\":{\"@id\":\"https:\/\/sandzakpress.net\/arhiva\/u-njemackoj-usvojen-zakon-o-obrezivanju\/#primaryimage\"},\"image\":{\"@id\":\"https:\/\/sandzakpress.net\/arhiva\/u-njemackoj-usvojen-zakon-o-obrezivanju\/#primaryimage\"},\"thumbnailUrl\":\"https:\/\/sandzakpress.net\/arhiva\/wp-content\/uploads\/2012\/12\/njemacka-usvojen-zakon-o-obrezivanju_trt-bosanski-12199.jpg\",\"datePublished\":\"2012-12-13T18:43:12+00:00\",\"breadcrumb\":{\"@id\":\"https:\/\/sandzakpress.net\/arhiva\/u-njemackoj-usvojen-zakon-o-obrezivanju\/#breadcrumb\"},\"inLanguage\":\"bs-BA\",\"potentialAction\":[{\"@type\":\"ReadAction\",\"target\":[\"https:\/\/sandzakpress.net\/arhiva\/u-njemackoj-usvojen-zakon-o-obrezivanju\/\"]}]},{\"@type\":\"ImageObject\",\"inLanguage\":\"bs-BA\",\"@id\":\"https:\/\/sandzakpress.net\/arhiva\/u-njemackoj-usvojen-zakon-o-obrezivanju\/#primaryimage\",\"url\":\"https:\/\/sandzakpress.net\/arhiva\/wp-content\/uploads\/2012\/12\/njemacka-usvojen-zakon-o-obrezivanju_trt-bosanski-12199.jpg\",\"contentUrl\":\"https:\/\/sandzakpress.net\/arhiva\/wp-content\/uploads\/2012\/12\/njemacka-usvojen-zakon-o-obrezivanju_trt-bosanski-12199.jpg\",\"width\":522,\"height\":363},{\"@type\":\"BreadcrumbList\",\"@id\":\"https:\/\/sandzakpress.net\/arhiva\/u-njemackoj-usvojen-zakon-o-obrezivanju\/#breadcrumb\",\"itemListElement\":[{\"@type\":\"ListItem\",\"position\":1,\"name\":\"Home\",\"item\":\"https:\/\/sandzakpress.net\/arhiva\/\"},{\"@type\":\"ListItem\",\"position\":2,\"name\":\"U Njema\u010dkoj usvojen zakon o obrezivanju\"}]},{\"@type\":\"WebSite\",\"@id\":\"https:\/\/sandzakpress.net\/arhiva\/#website\",\"url\":\"https:\/\/sandzakpress.net\/arhiva\/\",\"name\":\"Sand\u017eak PRESS\",\"description\":\"Prve elektronske novine u Sand\u017eaku\",\"publisher\":{\"@id\":\"https:\/\/sandzakpress.net\/arhiva\/#\/schema\/person\/6e72b67d6e51910a1117b3b483ba20bd\"},\"potentialAction\":[{\"@type\":\"SearchAction\",\"target\":{\"@type\":\"EntryPoint\",\"urlTemplate\":\"https:\/\/sandzakpress.net\/arhiva\/?s={search_term_string}\"},\"query-input\":{\"@type\":\"PropertyValueSpecification\",\"valueRequired\":true,\"valueName\":\"search_term_string\"}}],\"inLanguage\":\"bs-BA\"},{\"@type\":[\"Person\",\"Organization\"],\"@id\":\"https:\/\/sandzakpress.net\/arhiva\/#\/schema\/person\/6e72b67d6e51910a1117b3b483ba20bd\",\"name\":\"Kul\",\"image\":{\"@type\":\"ImageObject\",\"inLanguage\":\"bs-BA\",\"@id\":\"https:\/\/sandzakpress.net\/arhiva\/#\/schema\/person\/image\/\",\"url\":\"https:\/\/secure.gravatar.com\/avatar\/42263f39aa27ac04c43cab85c280eb2e?s=96&d=mm&r=pg\",\"contentUrl\":\"https:\/\/secure.gravatar.com\/avatar\/42263f39aa27ac04c43cab85c280eb2e?s=96&d=mm&r=pg\",\"caption\":\"Kul\"},\"logo\":{\"@id\":\"https:\/\/sandzakpress.net\/arhiva\/#\/schema\/person\/image\/\"}},{\"@type\":\"Person\",\"@id\":\"\",\"url\":\"https:\/\/sandzakpress.net\/arhiva\/author\/\"}]}<\/script>\n<!-- \/ Yoast SEO Premium plugin. -->","yoast_head_json":{"title":"U Njema\u010dkoj usvojen zakon o obrezivanju","robots":{"index":"index","follow":"follow","max-snippet":"max-snippet:-1","max-image-preview":"max-image-preview:large","max-video-preview":"max-video-preview:-1"},"canonical":"https:\/\/sandzakpress.net\/arhiva\/u-njemackoj-usvojen-zakon-o-obrezivanju\/","og_locale":"bs_BA","og_type":"article","og_title":"U Njema\u010dkoj usvojen zakon o obrezivanju","og_description":"Njema\u010dka &#8211; Federalni parlament Njema\u010dke usvojio je zakon koji omogu\u0107ava obrezivanje djece u Njema\u010dkoj. Zakon o obrezivanju usvojen je sa 434 glasa &#8220;za&#8221;, dok je 100 poslanika glasalo protiv, a 46 njih\u00a0bili su suzdr\u017eani. S druge strane, Nacrt zakona koji su pripremila 66 poslanika iz opozicionih stranaka, a kojim bi bilo odobreno obrezivanje za djecu [&hellip;]","og_url":"https:\/\/sandzakpress.net\/arhiva\/u-njemackoj-usvojen-zakon-o-obrezivanju\/","og_site_name":"Sand\u017eak PRESS","article_published_time":"2012-12-13T18:43:12+00:00","og_image":[{"width":522,"height":363,"url":"https:\/\/sandzakpress.net\/arhiva\/wp-content\/uploads\/2012\/12\/njemacka-usvojen-zakon-o-obrezivanju_trt-bosanski-12199.jpg","type":"image\/jpeg"}],"twitter_card":"summary_large_image","twitter_misc":{"Written by":"","Est. reading time":"1 minuta"},"schema":{"@context":"https:\/\/schema.org","@graph":[{"@type":"Article","@id":"https:\/\/sandzakpress.net\/arhiva\/u-njemackoj-usvojen-zakon-o-obrezivanju\/#article","isPartOf":{"@id":"https:\/\/sandzakpress.net\/arhiva\/u-njemackoj-usvojen-zakon-o-obrezivanju\/"},"author":{"name":"","@id":""},"headline":"U Njema\u010dkoj usvojen zakon o obrezivanju","datePublished":"2012-12-13T18:43:12+00:00","mainEntityOfPage":{"@id":"https:\/\/sandzakpress.net\/arhiva\/u-njemackoj-usvojen-zakon-o-obrezivanju\/"},"wordCount":127,"commentCount":1,"publisher":{"@id":"https:\/\/sandzakpress.net\/arhiva\/#\/schema\/person\/6e72b67d6e51910a1117b3b483ba20bd"},"image":{"@id":"https:\/\/sandzakpress.net\/arhiva\/u-njemackoj-usvojen-zakon-o-obrezivanju\/#primaryimage"},"thumbnailUrl":"https:\/\/sandzakpress.net\/arhiva\/wp-content\/uploads\/2012\/12\/njemacka-usvojen-zakon-o-obrezivanju_trt-bosanski-12199.jpg","articleSection":["Njema\u010dka","Svijet"],"inLanguage":"bs-BA","potentialAction":[{"@type":"CommentAction","name":"Comment","target":["https:\/\/sandzakpress.net\/arhiva\/u-njemackoj-usvojen-zakon-o-obrezivanju\/#respond"]}]},{"@type":"WebPage","@id":"https:\/\/sandzakpress.net\/arhiva\/u-njemackoj-usvojen-zakon-o-obrezivanju\/","url":"https:\/\/sandzakpress.net\/arhiva\/u-njemackoj-usvojen-zakon-o-obrezivanju\/","name":"U Njema\u010dkoj usvojen zakon o obrezivanju","isPartOf":{"@id":"https:\/\/sandzakpress.net\/arhiva\/#website"},"primaryImageOfPage":{"@id":"https:\/\/sandzakpress.net\/arhiva\/u-njemackoj-usvojen-zakon-o-obrezivanju\/#primaryimage"},"image":{"@id":"https:\/\/sandzakpress.net\/arhiva\/u-njemackoj-usvojen-zakon-o-obrezivanju\/#primaryimage"},"thumbnailUrl":"https:\/\/sandzakpress.net\/arhiva\/wp-content\/uploads\/2012\/12\/njemacka-usvojen-zakon-o-obrezivanju_trt-bosanski-12199.jpg","datePublished":"2012-12-13T18:43:12+00:00","breadcrumb":{"@id":"https:\/\/sandzakpress.net\/arhiva\/u-njemackoj-usvojen-zakon-o-obrezivanju\/#breadcrumb"},"inLanguage":"bs-BA","potentialAction":[{"@type":"ReadAction","target":["https:\/\/sandzakpress.net\/arhiva\/u-njemackoj-usvojen-zakon-o-obrezivanju\/"]}]},{"@type":"ImageObject","inLanguage":"bs-BA","@id":"https:\/\/sandzakpress.net\/arhiva\/u-njemackoj-usvojen-zakon-o-obrezivanju\/#primaryimage","url":"https:\/\/sandzakpress.net\/arhiva\/wp-content\/uploads\/2012\/12\/njemacka-usvojen-zakon-o-obrezivanju_trt-bosanski-12199.jpg","contentUrl":"https:\/\/sandzakpress.net\/arhiva\/wp-content\/uploads\/2012\/12\/njemacka-usvojen-zakon-o-obrezivanju_trt-bosanski-12199.jpg","width":522,"height":363},{"@type":"BreadcrumbList","@id":"https:\/\/sandzakpress.net\/arhiva\/u-njemackoj-usvojen-zakon-o-obrezivanju\/#breadcrumb","itemListElement":[{"@type":"ListItem","position":1,"name":"Home","item":"https:\/\/sandzakpress.net\/arhiva\/"},{"@type":"ListItem","position":2,"name":"U Njema\u010dkoj usvojen zakon o obrezivanju"}]},{"@type":"WebSite","@id":"https:\/\/sandzakpress.net\/arhiva\/#website","url":"https:\/\/sandzakpress.net\/arhiva\/","name":"Sand\u017eak PRESS","description":"Prve elektronske novine u Sand\u017eaku","publisher":{"@id":"https:\/\/sandzakpress.net\/arhiva\/#\/schema\/person\/6e72b67d6e51910a1117b3b483ba20bd"},"potentialAction":[{"@type":"SearchAction","target":{"@type":"EntryPoint","urlTemplate":"https:\/\/sandzakpress.net\/arhiva\/?s={search_term_string}"},"query-input":{"@type":"PropertyValueSpecification","valueRequired":true,"valueName":"search_term_string"}}],"inLanguage":"bs-BA"},{"@type":["Person","Organization"],"@id":"https:\/\/sandzakpress.net\/arhiva\/#\/schema\/person\/6e72b67d6e51910a1117b3b483ba20bd","name":"Kul","image":{"@type":"ImageObject","inLanguage":"bs-BA","@id":"https:\/\/sandzakpress.net\/arhiva\/#\/schema\/person\/image\/","url":"https:\/\/secure.gravatar.com\/avatar\/42263f39aa27ac04c43cab85c280eb2e?s=96&d=mm&r=pg","contentUrl":"https:\/\/secure.gravatar.com\/avatar\/42263f39aa27ac04c43cab85c280eb2e?s=96&d=mm&r=pg","caption":"Kul"},"logo":{"@id":"https:\/\/sandzakpress.net\/arhiva\/#\/schema\/person\/image\/"}},{"@type":"Person","@id":"","url":"https:\/\/sandzakpress.net\/arhiva\/author\/"}]}},"_links":{"self":[{"href":"https:\/\/sandzakpress.net\/arhiva\/wp-json\/wp\/v2\/posts\/58114"}],"collection":[{"href":"https:\/\/sandzakpress.net\/arhiva\/wp-json\/wp\/v2\/posts"}],"about":[{"href":"https:\/\/sandzakpress.net\/arhiva\/wp-json\/wp\/v2\/types\/post"}],"author":[{"embeddable":true,"href":"https:\/\/sandzakpress.net\/arhiva\/wp-json\/wp\/v2\/users\/16"}],"replies":[{"embeddable":true,"href":"https:\/\/sandzakpress.net\/arhiva\/wp-json\/wp\/v2\/comments?post=58114"}],"version-history":[{"count":0,"href":"https:\/\/sandzakpress.net\/arhiva\/wp-json\/wp\/v2\/posts\/58114\/revisions"}],"wp:featuredmedia":[{"embeddable":true,"href":"https:\/\/sandzakpress.net\/arhiva\/wp-json\/wp\/v2\/media\/58115"}],"wp:attachment":[{"href":"https:\/\/sandzakpress.net\/arhiva\/wp-json\/wp\/v2\/media?parent=58114"}],"wp:term":[{"taxonomy":"category","embeddable":true,"href":"https:\/\/sandzakpress.net\/arhiva\/wp-json\/wp\/v2\/categories?post=58114"},{"taxonomy":"post_tag","embeddable":true,"href":"https:\/\/sandzakpress.net\/arhiva\/wp-json\/wp\/v2\/tags?post=58114"}],"curies":[{"name":"wp","href":"https:\/\/api.w.org\/{rel}","templated":true}]}}