{"id":58033,"date":"2012-12-13T18:19:40","date_gmt":"2012-12-13T17:19:40","guid":{"rendered":"https:\/\/sandzakpress.net\/arhiva\/?p=58033"},"modified":"2012-12-13T18:22:16","modified_gmt":"2012-12-13T17:22:16","slug":"kemal-zoronjic-%e2%80%93-diskusija-povodom-izbora-40-vlade-crne-gore","status":"publish","type":"post","link":"https:\/\/sandzakpress.net\/arhiva\/kemal-zoronjic-%e2%80%93-diskusija-povodom-izbora-40-vlade-crne-gore\/","title":{"rendered":"Kemal Zoronji\u0107 \u2013 Diskusija povodom izbora 40. Vlade Crne Gore"},"content":{"rendered":"<div id=\"_mcePaste\"><strong><a href=\"https:\/\/sandzakpress.net\/arhiva\/wp-content\/uploads\/2012\/12\/kemalz.jpg\"><img loading=\"lazy\" decoding=\"async\" class=\"alignleft size-medium wp-image-58039\" title=\"kemalz\" src=\"https:\/\/sandzakpress.net\/arhiva\/wp-content\/uploads\/2012\/12\/kemalz-300x227.jpg\" alt=\"\" width=\"300\" height=\"227\" \/><\/a>Ju\u017eni Sand\u017eak &#8211; Uva\u017eeni predsjedni\u010de dr\u017eave, po\u0161tovani predsjedni\u010de skup\u0161tine, koleginice i kolege poslanci, po\u0161tovani budu\u0107i \u010dlanovi Vlade, gospodine \u0110ukanovi\u0107u, uva\u017eeni gra\u0111ani Crne Gore!<\/strong><\/div>\n<div id=\"_mcePaste\">U ime Bo\u0161nja\u010dke stranke, nave\u0161\u0107u nekoliko klju\u010dnih opredjeljenja iz ekspozea mandatara \u0110ukanovi\u0107a, koje smo prepoznali kao va\u017ene razloge zbog kojih, ukupno uzev\u0161i, predlo\u017eeni program zaslu\u017euje na\u0161u podr\u0161ku.<\/div>\n<div id=\"_mcePaste\">Istaknuto je da \u0107e Vlada slijediti trasirane pravce spoljne politike prilago\u0111ene vremenu, mogu\u0107nostima i potrebama razvoja Crne Gore, \u0161to je doprinijelo njenom zna\u010dajnom me\u0111unarodnom ugledu. Smatramo da su evroatlanske integracije klju\u010dni prioriteti spoljne politike Crne Gore.<\/div>\n<div id=\"_mcePaste\">Put prema Evropskoj uniji je otvoren, ali osim konsenzusa dru\u0161tva, tra\u017ei i ispunjavanje kriterijuma i standarda. Ubrzo \u0107emo se suo\u010diti sa sve ve\u0107im insistiranjem na apsolutnoj primjeni svih standarda na putu do punopravnog \u010dlanstva u Evropsku uniju. Potrebno je nastaviti da osna\u017eujemo i unaprje\u0111ujemo institucije, jer samo jake institucije zna\u010de zdravije i sigurnije dru\u0161tvo posve\u0107eno op\u0161tem dobru, a samo jasnim i mjerljivim rezultatima na ovom putu, mo\u017eemo o\u010dekivati da \u0107e, uspje\u0161no zapo\u010deti pregovori o pristupanju EU biti uspje\u0161no i zavr\u0161eni.<\/div>\n<div id=\"_mcePaste\">Tako\u0111e, Crna Gora se nalazi na dobrom putu da postigne sve zahtjevne standarde za \u010dlanstvo u savremenim svjetskim bezbjedonosnim strukturama. Dugoro\u010dna bezbjednost i stabilnost jeste obaveza koju jedna Vlada treba da garantuje svojim gra\u0111anima. Ono na \u010demu sna\u017enije trebamo raditi jeste pobolj\u0161anje komunikacione strategije, jer slo\u017ei\u0107emo se gra\u0111ani moraju biti bolje i kvalitetnije informisani.<\/div>\n<div id=\"_mcePaste\">Isto tako, mislimo da \u0107e \u00a0Crna Gora nastaviti s dobrom regionalnom saradnjom i daljim njegovanjem dobrosusjedskih odnosa i regionalne stabilnosti, posebno kada je rije\u010d o dr\u017eavama u okru\u017eenju.<\/div>\n<div id=\"_mcePaste\">Mislimo da je to dobra politika i dobra praksa, koju jedna mala dr\u017eava, kakva je Crna Gora, \u00a0mora slijediti ukoliko \u017eeli da nastavi biti uva\u017eavana u me\u0111unarodnoj zajednici.<\/div>\n<div id=\"_mcePaste\">Kada je u pitanju ekonomska politika, prepoznali smo jasna opredjeljenja da oporavak privrede u vremenu ekonomske krize, treba pratiti stvaranjem povoljnijeg ambijenta za direktne strane investicije. Vrijeme prije pridru\u017eivanja Evropskoj uniji treba maksimalno iskoristiti za modernizaciju zemlje i razvoj proizvodnje, te konkurentnosti doma\u0107eg proizvoda, jer nas u Evropskoj uniji \u010dekaju daleko ve\u0107i izazovi i stro\u017eiji kriterijumi.<\/div>\n<div id=\"_mcePaste\">Tako\u0111e, moramo pospje\u0161iti \u00a0i regionalni razvoj i u\u010diniti da kona\u010dno i zaostalost sjevera Crne Gore, \u00a0privredno o\u017eivi kroz ozbiljne investicione projekte koji \u0107e dovesti do smanjenja nezaposlenosti, naro\u010dito kod mladih. Ekonomski sna\u017ean i razvijen sjever zna\u010di ekonomski sna\u017ena Crna Gora; a to nam je, slo\u017ei\u0107emo se svi, zajedni\u010dki cilj i vrijednost kojoj moramo stremiti.<\/div>\n<div id=\"_mcePaste\">Uva\u017eeni gospodine \u0110ukanovi\u0107u, saradnju sa na\u0161om brojnom dijasporom vidimo kao veliku \u0161ansu razvoja na\u0161e dr\u017eave. S \u00a0ponosom mo\u017eemo kazati da je na\u0161a dijaspora na\u0161 najbolji ambasador koji nas \u010dasno i dostojanstveno predstavlja i u Evropi i \u0161irom svijeta. Smatramo od izuzetne va\u017enosti da se budu\u0107a Vlada sna\u017enije zalo\u017ei za organizovanu saradnju dr\u017eave s dijasporom, ja\u010danje me\u0111usobne pomo\u0107i i podr\u0161ke, te za\u0161titu interesa dijaspore u pogledu razvoja diplomatske mre\u017ee.<\/div>\n<div id=\"_mcePaste\">Dakle, po\u0161tovani mandatare, vjerujemo da \u0107e rad, red i dru\u0161tvena odgovornost, postati prepoznatljivi model pona\u0161anja u Crnoj Gori, a da \u0107e evroatlanski put Crne Gore, dobra regionalna saradnja, ve\u0107a ulaganja u nerazvijena podru\u010dija, smanjenje broja nezaposlenih i pove\u0107anje ukupnog \u017eivotnog standarda na\u0161ih gra\u0111ana, postati prepoznatljive aktivnosti i rezultati ove Vlade.<\/div>\n<div>(BSCG)<\/div>\n","protected":false},"excerpt":{"rendered":"<p>Ju\u017eni Sand\u017eak &#8211; Uva\u017eeni predsjedni\u010de dr\u017eave, po\u0161tovani predsjedni\u010de skup\u0161tine, koleginice i kolege poslanci, po\u0161tovani budu\u0107i \u010dlanovi Vlade, gospodine \u0110ukanovi\u0107u, uva\u017eeni gra\u0111ani Crne Gore! U ime Bo\u0161nja\u010dke stranke, nave\u0161\u0107u nekoliko klju\u010dnih opredjeljenja iz ekspozea mandatara \u0110ukanovi\u0107a, koje smo prepoznali kao va\u017ene razloge zbog kojih, ukupno uzev\u0161i, predlo\u017eeni program zaslu\u017euje na\u0161u podr\u0161ku. Istaknuto je da \u0107e Vlada [&hellip;]<\/p>\n","protected":false},"author":16,"featured_media":58039,"comment_status":"open","ping_status":"open","sticky":false,"template":"","format":"standard","meta":{"footnotes":""},"categories":[398,1,397,396],"tags":[],"class_list":{"0":"post-58033","1":"post","2":"type-post","3":"status-publish","4":"format-standard","5":"has-post-thumbnail","7":"category-rozaje","8":"category-politika","9":"category-berane","10":"category-bijelo_polje"},"yoast_head":"<!-- This site is optimized with the Yoast SEO Premium plugin v23.1 (Yoast SEO v24.9) - https:\/\/yoast.com\/wordpress\/plugins\/seo\/ -->\n<title>Kemal Zoronji\u0107 \u2013 Diskusija povodom izbora 40. Vlade Crne Gore<\/title>\n<meta name=\"robots\" content=\"index, follow, max-snippet:-1, max-image-preview:large, max-video-preview:-1\" \/>\n<link rel=\"canonical\" href=\"https:\/\/sandzakpress.net\/arhiva\/kemal-zoronjic-\u2013-diskusija-povodom-izbora-40-vlade-crne-gore\/\" \/>\n<meta property=\"og:locale\" content=\"bs_BA\" \/>\n<meta property=\"og:type\" content=\"article\" \/>\n<meta property=\"og:title\" content=\"Kemal Zoronji\u0107 \u2013 Diskusija povodom izbora 40. Vlade Crne Gore\" \/>\n<meta property=\"og:description\" content=\"Ju\u017eni Sand\u017eak &#8211; Uva\u017eeni predsjedni\u010de dr\u017eave, po\u0161tovani predsjedni\u010de skup\u0161tine, koleginice i kolege poslanci, po\u0161tovani budu\u0107i \u010dlanovi Vlade, gospodine \u0110ukanovi\u0107u, uva\u017eeni gra\u0111ani Crne Gore! U ime Bo\u0161nja\u010dke stranke, nave\u0161\u0107u nekoliko klju\u010dnih opredjeljenja iz ekspozea mandatara \u0110ukanovi\u0107a, koje smo prepoznali kao va\u017ene razloge zbog kojih, ukupno uzev\u0161i, predlo\u017eeni program zaslu\u017euje na\u0161u podr\u0161ku. Istaknuto je da \u0107e Vlada [&hellip;]\" \/>\n<meta property=\"og:url\" content=\"https:\/\/sandzakpress.net\/arhiva\/kemal-zoronjic-\u2013-diskusija-povodom-izbora-40-vlade-crne-gore\/\" \/>\n<meta property=\"og:site_name\" content=\"Sand\u017eak PRESS\" \/>\n<meta property=\"article:published_time\" content=\"2012-12-13T17:19:40+00:00\" \/>\n<meta property=\"article:modified_time\" content=\"2012-12-13T17:22:16+00:00\" \/>\n<meta property=\"og:image\" content=\"https:\/\/sandzakpress.net\/arhiva\/wp-content\/uploads\/2012\/12\/kemalz.jpg\" \/>\n\t<meta property=\"og:image:width\" content=\"515\" \/>\n\t<meta property=\"og:image:height\" content=\"391\" \/>\n\t<meta property=\"og:image:type\" content=\"image\/jpeg\" \/>\n<meta name=\"twitter:card\" content=\"summary_large_image\" \/>\n<meta name=\"twitter:label1\" content=\"Written by\" \/>\n\t<meta name=\"twitter:data1\" content=\"\" \/>\n\t<meta name=\"twitter:label2\" content=\"Est. reading time\" \/>\n\t<meta name=\"twitter:data2\" content=\"3 minute\" \/>\n<script type=\"application\/ld+json\" class=\"yoast-schema-graph\">{\"@context\":\"https:\/\/schema.org\",\"@graph\":[{\"@type\":\"Article\",\"@id\":\"https:\/\/sandzakpress.net\/arhiva\/kemal-zoronjic-%e2%80%93-diskusija-povodom-izbora-40-vlade-crne-gore\/#article\",\"isPartOf\":{\"@id\":\"https:\/\/sandzakpress.net\/arhiva\/kemal-zoronjic-%e2%80%93-diskusija-povodom-izbora-40-vlade-crne-gore\/\"},\"author\":{\"name\":\"\",\"@id\":\"\"},\"headline\":\"Kemal Zoronji\u0107 \u2013 Diskusija povodom izbora 40. Vlade Crne Gore\",\"datePublished\":\"2012-12-13T17:19:40+00:00\",\"dateModified\":\"2012-12-13T17:22:16+00:00\",\"mainEntityOfPage\":{\"@id\":\"https:\/\/sandzakpress.net\/arhiva\/kemal-zoronjic-%e2%80%93-diskusija-povodom-izbora-40-vlade-crne-gore\/\"},\"wordCount\":613,\"commentCount\":0,\"publisher\":{\"@id\":\"https:\/\/sandzakpress.net\/arhiva\/#\/schema\/person\/6e72b67d6e51910a1117b3b483ba20bd\"},\"image\":{\"@id\":\"https:\/\/sandzakpress.net\/arhiva\/kemal-zoronjic-%e2%80%93-diskusija-povodom-izbora-40-vlade-crne-gore\/#primaryimage\"},\"thumbnailUrl\":\"https:\/\/sandzakpress.net\/arhiva\/wp-content\/uploads\/2012\/12\/kemalz.jpg\",\"articleSection\":[\"Ro\u017eaje\",\"Politika\",\"Berane\",\"Bijelo Polje\"],\"inLanguage\":\"bs-BA\",\"potentialAction\":[{\"@type\":\"CommentAction\",\"name\":\"Comment\",\"target\":[\"https:\/\/sandzakpress.net\/arhiva\/kemal-zoronjic-%e2%80%93-diskusija-povodom-izbora-40-vlade-crne-gore\/#respond\"]}]},{\"@type\":\"WebPage\",\"@id\":\"https:\/\/sandzakpress.net\/arhiva\/kemal-zoronjic-%e2%80%93-diskusija-povodom-izbora-40-vlade-crne-gore\/\",\"url\":\"https:\/\/sandzakpress.net\/arhiva\/kemal-zoronjic-%e2%80%93-diskusija-povodom-izbora-40-vlade-crne-gore\/\",\"name\":\"Kemal Zoronji\u0107 \u2013 Diskusija povodom izbora 40. Vlade Crne Gore\",\"isPartOf\":{\"@id\":\"https:\/\/sandzakpress.net\/arhiva\/#website\"},\"primaryImageOfPage\":{\"@id\":\"https:\/\/sandzakpress.net\/arhiva\/kemal-zoronjic-%e2%80%93-diskusija-povodom-izbora-40-vlade-crne-gore\/#primaryimage\"},\"image\":{\"@id\":\"https:\/\/sandzakpress.net\/arhiva\/kemal-zoronjic-%e2%80%93-diskusija-povodom-izbora-40-vlade-crne-gore\/#primaryimage\"},\"thumbnailUrl\":\"https:\/\/sandzakpress.net\/arhiva\/wp-content\/uploads\/2012\/12\/kemalz.jpg\",\"datePublished\":\"2012-12-13T17:19:40+00:00\",\"dateModified\":\"2012-12-13T17:22:16+00:00\",\"breadcrumb\":{\"@id\":\"https:\/\/sandzakpress.net\/arhiva\/kemal-zoronjic-%e2%80%93-diskusija-povodom-izbora-40-vlade-crne-gore\/#breadcrumb\"},\"inLanguage\":\"bs-BA\",\"potentialAction\":[{\"@type\":\"ReadAction\",\"target\":[\"https:\/\/sandzakpress.net\/arhiva\/kemal-zoronjic-%e2%80%93-diskusija-povodom-izbora-40-vlade-crne-gore\/\"]}]},{\"@type\":\"ImageObject\",\"inLanguage\":\"bs-BA\",\"@id\":\"https:\/\/sandzakpress.net\/arhiva\/kemal-zoronjic-%e2%80%93-diskusija-povodom-izbora-40-vlade-crne-gore\/#primaryimage\",\"url\":\"https:\/\/sandzakpress.net\/arhiva\/wp-content\/uploads\/2012\/12\/kemalz.jpg\",\"contentUrl\":\"https:\/\/sandzakpress.net\/arhiva\/wp-content\/uploads\/2012\/12\/kemalz.jpg\",\"width\":515,\"height\":391},{\"@type\":\"BreadcrumbList\",\"@id\":\"https:\/\/sandzakpress.net\/arhiva\/kemal-zoronjic-%e2%80%93-diskusija-povodom-izbora-40-vlade-crne-gore\/#breadcrumb\",\"itemListElement\":[{\"@type\":\"ListItem\",\"position\":1,\"name\":\"Home\",\"item\":\"https:\/\/sandzakpress.net\/arhiva\/\"},{\"@type\":\"ListItem\",\"position\":2,\"name\":\"Kemal Zoronji\u0107 \u2013 Diskusija povodom izbora 40. Vlade Crne Gore\"}]},{\"@type\":\"WebSite\",\"@id\":\"https:\/\/sandzakpress.net\/arhiva\/#website\",\"url\":\"https:\/\/sandzakpress.net\/arhiva\/\",\"name\":\"Sand\u017eak PRESS\",\"description\":\"Prve elektronske novine u Sand\u017eaku\",\"publisher\":{\"@id\":\"https:\/\/sandzakpress.net\/arhiva\/#\/schema\/person\/6e72b67d6e51910a1117b3b483ba20bd\"},\"potentialAction\":[{\"@type\":\"SearchAction\",\"target\":{\"@type\":\"EntryPoint\",\"urlTemplate\":\"https:\/\/sandzakpress.net\/arhiva\/?s={search_term_string}\"},\"query-input\":{\"@type\":\"PropertyValueSpecification\",\"valueRequired\":true,\"valueName\":\"search_term_string\"}}],\"inLanguage\":\"bs-BA\"},{\"@type\":[\"Person\",\"Organization\"],\"@id\":\"https:\/\/sandzakpress.net\/arhiva\/#\/schema\/person\/6e72b67d6e51910a1117b3b483ba20bd\",\"name\":\"Kul\",\"image\":{\"@type\":\"ImageObject\",\"inLanguage\":\"bs-BA\",\"@id\":\"https:\/\/sandzakpress.net\/arhiva\/#\/schema\/person\/image\/\",\"url\":\"https:\/\/secure.gravatar.com\/avatar\/42263f39aa27ac04c43cab85c280eb2e?s=96&d=mm&r=pg\",\"contentUrl\":\"https:\/\/secure.gravatar.com\/avatar\/42263f39aa27ac04c43cab85c280eb2e?s=96&d=mm&r=pg\",\"caption\":\"Kul\"},\"logo\":{\"@id\":\"https:\/\/sandzakpress.net\/arhiva\/#\/schema\/person\/image\/\"}},{\"@type\":\"Person\",\"@id\":\"\",\"url\":\"https:\/\/sandzakpress.net\/arhiva\/author\/\"}]}<\/script>\n<!-- \/ Yoast SEO Premium plugin. -->","yoast_head_json":{"title":"Kemal Zoronji\u0107 \u2013 Diskusija povodom izbora 40. Vlade Crne Gore","robots":{"index":"index","follow":"follow","max-snippet":"max-snippet:-1","max-image-preview":"max-image-preview:large","max-video-preview":"max-video-preview:-1"},"canonical":"https:\/\/sandzakpress.net\/arhiva\/kemal-zoronjic-\u2013-diskusija-povodom-izbora-40-vlade-crne-gore\/","og_locale":"bs_BA","og_type":"article","og_title":"Kemal Zoronji\u0107 \u2013 Diskusija povodom izbora 40. Vlade Crne Gore","og_description":"Ju\u017eni Sand\u017eak &#8211; Uva\u017eeni predsjedni\u010de dr\u017eave, po\u0161tovani predsjedni\u010de skup\u0161tine, koleginice i kolege poslanci, po\u0161tovani budu\u0107i \u010dlanovi Vlade, gospodine \u0110ukanovi\u0107u, uva\u017eeni gra\u0111ani Crne Gore! U ime Bo\u0161nja\u010dke stranke, nave\u0161\u0107u nekoliko klju\u010dnih opredjeljenja iz ekspozea mandatara \u0110ukanovi\u0107a, koje smo prepoznali kao va\u017ene razloge zbog kojih, ukupno uzev\u0161i, predlo\u017eeni program zaslu\u017euje na\u0161u podr\u0161ku. Istaknuto je da \u0107e Vlada [&hellip;]","og_url":"https:\/\/sandzakpress.net\/arhiva\/kemal-zoronjic-\u2013-diskusija-povodom-izbora-40-vlade-crne-gore\/","og_site_name":"Sand\u017eak PRESS","article_published_time":"2012-12-13T17:19:40+00:00","article_modified_time":"2012-12-13T17:22:16+00:00","og_image":[{"width":515,"height":391,"url":"https:\/\/sandzakpress.net\/arhiva\/wp-content\/uploads\/2012\/12\/kemalz.jpg","type":"image\/jpeg"}],"twitter_card":"summary_large_image","twitter_misc":{"Written by":"","Est. reading time":"3 minute"},"schema":{"@context":"https:\/\/schema.org","@graph":[{"@type":"Article","@id":"https:\/\/sandzakpress.net\/arhiva\/kemal-zoronjic-%e2%80%93-diskusija-povodom-izbora-40-vlade-crne-gore\/#article","isPartOf":{"@id":"https:\/\/sandzakpress.net\/arhiva\/kemal-zoronjic-%e2%80%93-diskusija-povodom-izbora-40-vlade-crne-gore\/"},"author":{"name":"","@id":""},"headline":"Kemal Zoronji\u0107 \u2013 Diskusija povodom izbora 40. Vlade Crne Gore","datePublished":"2012-12-13T17:19:40+00:00","dateModified":"2012-12-13T17:22:16+00:00","mainEntityOfPage":{"@id":"https:\/\/sandzakpress.net\/arhiva\/kemal-zoronjic-%e2%80%93-diskusija-povodom-izbora-40-vlade-crne-gore\/"},"wordCount":613,"commentCount":0,"publisher":{"@id":"https:\/\/sandzakpress.net\/arhiva\/#\/schema\/person\/6e72b67d6e51910a1117b3b483ba20bd"},"image":{"@id":"https:\/\/sandzakpress.net\/arhiva\/kemal-zoronjic-%e2%80%93-diskusija-povodom-izbora-40-vlade-crne-gore\/#primaryimage"},"thumbnailUrl":"https:\/\/sandzakpress.net\/arhiva\/wp-content\/uploads\/2012\/12\/kemalz.jpg","articleSection":["Ro\u017eaje","Politika","Berane","Bijelo Polje"],"inLanguage":"bs-BA","potentialAction":[{"@type":"CommentAction","name":"Comment","target":["https:\/\/sandzakpress.net\/arhiva\/kemal-zoronjic-%e2%80%93-diskusija-povodom-izbora-40-vlade-crne-gore\/#respond"]}]},{"@type":"WebPage","@id":"https:\/\/sandzakpress.net\/arhiva\/kemal-zoronjic-%e2%80%93-diskusija-povodom-izbora-40-vlade-crne-gore\/","url":"https:\/\/sandzakpress.net\/arhiva\/kemal-zoronjic-%e2%80%93-diskusija-povodom-izbora-40-vlade-crne-gore\/","name":"Kemal Zoronji\u0107 \u2013 Diskusija povodom izbora 40. Vlade Crne Gore","isPartOf":{"@id":"https:\/\/sandzakpress.net\/arhiva\/#website"},"primaryImageOfPage":{"@id":"https:\/\/sandzakpress.net\/arhiva\/kemal-zoronjic-%e2%80%93-diskusija-povodom-izbora-40-vlade-crne-gore\/#primaryimage"},"image":{"@id":"https:\/\/sandzakpress.net\/arhiva\/kemal-zoronjic-%e2%80%93-diskusija-povodom-izbora-40-vlade-crne-gore\/#primaryimage"},"thumbnailUrl":"https:\/\/sandzakpress.net\/arhiva\/wp-content\/uploads\/2012\/12\/kemalz.jpg","datePublished":"2012-12-13T17:19:40+00:00","dateModified":"2012-12-13T17:22:16+00:00","breadcrumb":{"@id":"https:\/\/sandzakpress.net\/arhiva\/kemal-zoronjic-%e2%80%93-diskusija-povodom-izbora-40-vlade-crne-gore\/#breadcrumb"},"inLanguage":"bs-BA","potentialAction":[{"@type":"ReadAction","target":["https:\/\/sandzakpress.net\/arhiva\/kemal-zoronjic-%e2%80%93-diskusija-povodom-izbora-40-vlade-crne-gore\/"]}]},{"@type":"ImageObject","inLanguage":"bs-BA","@id":"https:\/\/sandzakpress.net\/arhiva\/kemal-zoronjic-%e2%80%93-diskusija-povodom-izbora-40-vlade-crne-gore\/#primaryimage","url":"https:\/\/sandzakpress.net\/arhiva\/wp-content\/uploads\/2012\/12\/kemalz.jpg","contentUrl":"https:\/\/sandzakpress.net\/arhiva\/wp-content\/uploads\/2012\/12\/kemalz.jpg","width":515,"height":391},{"@type":"BreadcrumbList","@id":"https:\/\/sandzakpress.net\/arhiva\/kemal-zoronjic-%e2%80%93-diskusija-povodom-izbora-40-vlade-crne-gore\/#breadcrumb","itemListElement":[{"@type":"ListItem","position":1,"name":"Home","item":"https:\/\/sandzakpress.net\/arhiva\/"},{"@type":"ListItem","position":2,"name":"Kemal Zoronji\u0107 \u2013 Diskusija povodom izbora 40. Vlade Crne Gore"}]},{"@type":"WebSite","@id":"https:\/\/sandzakpress.net\/arhiva\/#website","url":"https:\/\/sandzakpress.net\/arhiva\/","name":"Sand\u017eak PRESS","description":"Prve elektronske novine u Sand\u017eaku","publisher":{"@id":"https:\/\/sandzakpress.net\/arhiva\/#\/schema\/person\/6e72b67d6e51910a1117b3b483ba20bd"},"potentialAction":[{"@type":"SearchAction","target":{"@type":"EntryPoint","urlTemplate":"https:\/\/sandzakpress.net\/arhiva\/?s={search_term_string}"},"query-input":{"@type":"PropertyValueSpecification","valueRequired":true,"valueName":"search_term_string"}}],"inLanguage":"bs-BA"},{"@type":["Person","Organization"],"@id":"https:\/\/sandzakpress.net\/arhiva\/#\/schema\/person\/6e72b67d6e51910a1117b3b483ba20bd","name":"Kul","image":{"@type":"ImageObject","inLanguage":"bs-BA","@id":"https:\/\/sandzakpress.net\/arhiva\/#\/schema\/person\/image\/","url":"https:\/\/secure.gravatar.com\/avatar\/42263f39aa27ac04c43cab85c280eb2e?s=96&d=mm&r=pg","contentUrl":"https:\/\/secure.gravatar.com\/avatar\/42263f39aa27ac04c43cab85c280eb2e?s=96&d=mm&r=pg","caption":"Kul"},"logo":{"@id":"https:\/\/sandzakpress.net\/arhiva\/#\/schema\/person\/image\/"}},{"@type":"Person","@id":"","url":"https:\/\/sandzakpress.net\/arhiva\/author\/"}]}},"_links":{"self":[{"href":"https:\/\/sandzakpress.net\/arhiva\/wp-json\/wp\/v2\/posts\/58033"}],"collection":[{"href":"https:\/\/sandzakpress.net\/arhiva\/wp-json\/wp\/v2\/posts"}],"about":[{"href":"https:\/\/sandzakpress.net\/arhiva\/wp-json\/wp\/v2\/types\/post"}],"author":[{"embeddable":true,"href":"https:\/\/sandzakpress.net\/arhiva\/wp-json\/wp\/v2\/users\/16"}],"replies":[{"embeddable":true,"href":"https:\/\/sandzakpress.net\/arhiva\/wp-json\/wp\/v2\/comments?post=58033"}],"version-history":[{"count":0,"href":"https:\/\/sandzakpress.net\/arhiva\/wp-json\/wp\/v2\/posts\/58033\/revisions"}],"wp:featuredmedia":[{"embeddable":true,"href":"https:\/\/sandzakpress.net\/arhiva\/wp-json\/wp\/v2\/media\/58039"}],"wp:attachment":[{"href":"https:\/\/sandzakpress.net\/arhiva\/wp-json\/wp\/v2\/media?parent=58033"}],"wp:term":[{"taxonomy":"category","embeddable":true,"href":"https:\/\/sandzakpress.net\/arhiva\/wp-json\/wp\/v2\/categories?post=58033"},{"taxonomy":"post_tag","embeddable":true,"href":"https:\/\/sandzakpress.net\/arhiva\/wp-json\/wp\/v2\/tags?post=58033"}],"curies":[{"name":"wp","href":"https:\/\/api.w.org\/{rel}","templated":true}]}}