{"id":5796,"date":"2014-07-10T14:27:34","date_gmt":"2014-07-10T12:27:34","guid":{"rendered":"https:\/\/sandzakpress.net\/arhiva\/?p=5796"},"modified":"2014-07-10T15:18:15","modified_gmt":"2014-07-10T13:18:15","slug":"predsjednik-republike-srpske-silovao-sandzaklijku-za-vrijeme-rata","status":"publish","type":"post","link":"https:\/\/sandzakpress.net\/arhiva\/predsjednik-republike-srpske-silovao-sandzaklijku-za-vrijeme-rata\/","title":{"rendered":"Predsjednik &#8220;Republike Srpske&#8221; silovao Sand\u017eaklijku za vrijeme rata!"},"content":{"rendered":"<p><a href=\"https:\/\/sandzakpress.net\/arhiva\/wp-content\/uploads\/2010\/07\/Kovac_Novi_Pazar_1.jpg\"><img loading=\"lazy\" decoding=\"async\" class=\"aligncenter size-full wp-image-5802\" title=\"Kovac_Novi_Pazar_1\" src=\"https:\/\/sandzakpress.net\/arhiva\/wp-content\/uploads\/2010\/07\/Kovac_Novi_Pazar_1.jpg\" alt=\"\" width=\"616\" height=\"285\" \/><\/a><\/p>\n<p><strong>Nikola Popla\u0161en, (Sombor,\u00a0Jugoslavija 1951) je profesor prava i biv\u0161i srpski politi\u010dar. Nikola Popla\u0161en je bio\u00a0Predsjednik Republike Srpske u periodu\u00a04. novembar1998. &#8211;\u00a06. mart 1999. Bio je prvi predsjednik\u00a0Srpske radikalne stranke Republike Srpske. Za predsjednika Republike Srpske je izabran 12. i 13. septembra 1998, a na du\u017enost je stupio 4. novembra 1998. Sa funkcije predsjednika Republike Srpske smijenjen je 6. marta 1999. odlukom\u00a0Visokog predstavnika u BiH Karlosa Vestendorpa jer nije dozvolio imenovanje\u00a0Milorada Dodika na mjesto predsednika\u00a0Vlade Republike Srpske.<sup>[1]<\/sup> Radi kao profesor na Pravnom fakultetu u\u00a0Banjaluci. Nikola Popla\u0161en je \u010dlan Senata Republike Srpske.<\/strong><\/p>\n<p style=\"text-align: center;\"><strong>ISPOVJEST<\/strong><\/p>\n<p>Ro\u0111ena sam u Novom Pazaru, u Sand\u017eaku. U Sarajevo sam, nakon zavr\u0161ene srednje \u0161kole, do\u0161la da studiram filozofiju. Fakultet sam zavr\u0161ila 1984. godine, i odmah po okon\u010danju studija sam se udala.<\/p>\n<p>Mu\u017e mi je radio u &#8220;Pretis&#8221;-u, u Vogo\u0161\u0107i, a ja u jednoj srednjoj \u0161koli u Sarajevu. Stanovali smo u Vogo\u0161\u0107i.<\/p>\n<p>Kada je po\u010detkom aprila 1992. godine, izvr\u0161ena agresija Srbije i Crne Gore na Bosnu i Hercegovinu, molila sam mu\u017ea da napustimo Vogo\u0161\u0107u, posebno zbog na\u0161e \u010detverogodi\u0161nje djevoj\u010dice. Imali smo puno ro\u0111aka u Sarajevu. Mislila sam da \u0107e nam biti bolje, da \u0107emo biti sigurniji, jer je moj mu\u017e bio na glasu kao protivnik JNA, koja je, posebno u oficirskom kadru, bila gotovo sto procentno srpsko-\u010detni\u010dka. Stavila se bila u potpunosti na stranu Srbo-\u010detnika u Bosni i Hercegovini i iz Srbije im dovozila naoru\u017eanje, kao i rezerviste JNA. Moj mu\u017e je bio protiv tzv. SAO-a (srpskih autonomnih oblasti), i stvaranja tzv. &#8220;Velike Srbije&#8221;. Sje\u0107am se dobro kako se prepirao sa njima, govore\u0107i kako JNA i Slobodan Milo\u0161evi\u0107 \u017eele okupirati Bosnu i Hercegovinu i pripojiti je tzv. &#8220;Velikoj Srbiji&#8221;.<\/p>\n<p>Nije me poslu\u0161ao. Govorioje: &#8220;Meni je mjesto ovdje, da branim &#8220;Pretis&#8221; od \u010detnika i JNA, da branim Vogo\u0161\u0107u. Bosna se ba\u0161 ovdje brani. &#8221;<br \/>\nDana 19. maja 1992. godine, bila sam sa k\u0107erkom u stanu. Mu\u017ea nije bilo. I\u0161\u010dekivala sam ga i budna sam provela cijelu no\u0107. Nisam znala gdje je, da li mu se ne\u0161to dogodilo. Zvala sam njegove ro\u0111ake. Telefoni su jo\u0161\u00a0 funkcionisali sa centrom Sarajeva. Niko mi ni\u0161ta o njemu nije znao reci, pa ni njegovi najbli\u017ei.<\/p>\n<p>Iz zgrade nigdje nisam smjela iza\u0107i. U zgradi, u istom stubi\u0161tu, stanovala je jedna Srpkinja, radnica fabrike &#8220;Pretis&#8221; u Vogo\u0161\u0107i. Pitala sam je da li ima mlijeka za moju djevoj\u010dicu. Nije me odbila, dala mi je \u0161olju mlijeka, govore\u0107i kako \u0107e se vrlo brzo u Vogo\u0161\u0107i desiti sve najgore.<br \/>\nU 19.30 sati, 19. maja 1992. godine, otpo\u010dela je \u017eestoka pucnjava na \u0161irem prostoru Vogo\u0161\u0107e. Nisam znala \u0161ta da radim, pa sam se upla\u0161ena zaklju\u010dala sa djevoj\u010dicom u stanu. Pucnjava je trajala gotovo tri sata&#8230;<br \/>\n\u010cekala sam da se sve smiri. Poku\u0161avala sam da telefoniram, ali telefon nije davao signal.<\/p>\n<p><strong>&#8220;Otvori balinkuro, znamo da si unutra&#8230;&#8221;<\/strong><\/p>\n<p>Iz stana nisam izlazila puna dva dana. Tre\u0107eg dana ujutro, za\u010dulo se zvono na ulaznim vratima. Skamenila sam se, ali, ipak, uspjela izustiti: &#8220;Ko je?&#8221;&#8230; O\u010dekivala sam mu\u017ea, njegov glas, ali umjesto blagog njegovog, \u010dula sam grub, prodoran glas: &#8220;Otvori Turkinjo!&#8221; Obamrla sam, dr\u017ee\u0107i djevoj\u010dicu u rukama. A onda je glas iz hodnika ponovo zagrmio: &#8220;Otvori balinkuro, znamo da si unutra&#8221;, a potom se \u010duo tresak. Vrata su nogama, na silu odvalili i upala su tri \u010dovjeka u uniformama JNA, ali sa \u010detni\u010dkim znakovima, kokardama na uniformama. Uletjeli su u stan sa oru\u017ejem u rukama i grubo me pitali gdje mi je mu\u017e. Bila sam gotovo zanijemila. Nisam imala snage ni rije\u010d da izustim od velikog straha. Grubo su nasrnuli na nas dvije, izveli nas iz stana, iz zgrade i odveli u zgradu osnovne \u0161kole. U osnovnoj \u0161koli smo zatekle oko 50 ljudi, mahom starijih, \u017eena, djece od kojih sam neke i li\u010dno poznavala. Dva sata poslije, do\u0161li su po \u010detiri sredovje\u010dna mu\u0161karca. Ostale smo samo mi, \u017eene, nekoliko staraca i \u010detvero djece od 3-7 godina, me\u0111u njima i moje dijete. Tu smo bili na fiskulturnim strunja\u010dama i samo sa po jednim pokriva\u010dem 7-8 dana.<\/p>\n<p>Mislim da je mogao biti 25-26. maj 1992. godine, kada su mene i jo\u0161 dvije djevojke izveli iz zgrade osnovne \u0161kole i odveli u jedan restoran na izlazu iz naselja, u kome prije rata nikada nisam bila, ali sam \u010dula da se zove &#8220;Kontiki&#8221;, vlasni\u0161tvo neke Sonje il ne\u0161to vezano za to ime. Dijete mi je bilo jako bolesno i izgladnjelo. Jela je sa mnom malo corbice, koju su bili donijeli nama starijima.<\/p>\n<p>Sutradan sam zamolila stra\u017eara, koji nam je hranu unosio dva puta dnevno, da dovede ljekara mojoj djevoj\u010dici. Na moju molbu, nije ni\u0161ta rekao ali poslije dva sata otvorila su se vrata, i sa \u010detni\u010dkim stra\u017earom u\u0161ao je jedan \u010dovjek, star oko 40 godina, plav, pro\u0107elav. Nije bio u uniformi, po \u010demu bi se moglo zaklju\u010diti da je ljekar il bolni\u010dar. Tra\u017eio je da mu dam dijete da ga odnese na pregled u ambulantu. Molila sam ga da i ja po\u0111em sa njim, no, nije mi dozvolio. Uzeo mi je dijete. Bilo mi je lak\u0161e, jer sam se nadala da \u0107e ljekar pomo\u0107i mojoj djevoj\u010dici.<\/p>\n<p><strong>&#8220;\u0160ta \u0107e ti tursko dijete kad \u0107e\u0161 imati \u010detni\u010dko&#8221;<br \/>\n<\/strong><br \/>\nNakon dva sata vratio se onaj \u010detrdesetogodi\u0161njak sa dvojicom mladih \u010detnika u uniformama JNA. Jedan je bio sme\u0111i tridesetogodi\u0161njak, a drugi, crnomanjasti, bio je koju godinu stariji. Rekli su mi da po\u0111em s njima da uzmem dijete. Odveli su me prema centru grada u jednu vi\u0161espratnicu. Tu su me uveli u jednu garsonjeru, mislim na tre\u0107em spratu. Pitala sam ih gdje mi je dijete, a onaj sme\u0111okosi mi se tada &#8220;iskesio&#8221; u lice rije\u010dima: &#8220;\u0160ta \u0107e ti tursko dijete, kada \u0107emo ti mi sada napraviti dva budu\u0107a \u010detnika.&#8221; Vrisnula sam od zaprepa\u0161tenja i krenula prema vratima, ali mla\u0111i me je uhvatio sna\u017eno, objema rukama, i privukao sebi. Vri\u0161tala sam, zvala u pomo\u0107, dok me je onaj stariji raskop\u010davao. Otimala sam se i gurala ga od sebe nogama, dok me nije po\u010deo sna\u017eno udarati \u0161akama i koljenima. Urlao je: &#8220;Ako se bude\u0161 otimala i pravila nam probleme, zaklat \u0107emo ti dijete. Ono je u na\u0161im rukama, u susjednom je stanu. Zaklat \u0107emo ti curicu&#8230;&#8221;<\/p>\n<p>Gotovo sam potpuno malaksala, kad su me polugolu bacili pod noge, na pod. Tu na podu, obojica su me grubo silovali. Molila sam ih da me ubiju, da me zakolju, samo da mi ne diraju dijete. Poslije sam pala u nesvijest.<br \/>\nKada sam se probudila, bila je pono\u0107. Bila sam sama u stanu. Cijelo tijelo bilo mi je studeno i obamrlo. Bila sam \u010das u nekom polusnu, \u010das na javi, budna, prestravljena. Vani su se \u010duli pucnji.<br \/>\nMoglo je biti oko 09 sati ujutro, kada je jedan od \u010detnika, silovatelja, zlikovaca, do\u0161ao u garsonjeru, nose\u0107i u ruci komadi\u0107 kruha, namazan nekim pekmezom&#8230; &#8220;Budi dobra&#8221;, rekao mi je, &#8220;pa \u0107e\u0161 uskoro vani&#8221;. A onda je, hladno zure\u0107i u mene, nastavio: &#8220;Danas \u0107e\u0161 razgovarati sa jednim uglednim profesorom. On je ovdje u Vogo\u0161\u0107i. Ako mu odgovori\u0161 na neka pitanja, ako bude\u0161 pametna, sigurno \u0107e\u0161 vani sa svojim djetetom&#8221;, izustio je crnomanjasti \u010detnik i iza\u0161ao iz sobe. Bu\u010dno je zalupio vrata i resko ih zaklju\u010dao.<\/p>\n<p><strong>&#8220;O\u010di su mu bile krupne i buljave&#8230;&#8221;<br \/>\n<\/strong><br \/>\nPredve\u010der je do\u0161ao po mene, zakrvavljenih, pijanih o\u010diju i odveo me u zgradu hotela. To vi\u0161e nije bio onaj hotel. U holu je bilo puno ljudi. Sve je bilo zagu\u0161ljivo i prljavo. Uveo me je u sobu, na prvom spratu. U sobi je sjedio sitan, omanji, mr\u0161av \u010dovjek, uredne, crne brade. O\u010di su mu bile krupne i buljave i isticale su se na glavi, a pogled prodoran. Mislim da nije bio pijan, iako je cijela soba smrdjela na alkohol. Vrata su se zalupila iza mene. Gledao me je svojim buljavim o\u010dima rekav\u0161i: &#8220;Zaklju\u010daj, devojko, vrata.&#8221; Pomislila sam da je neki Srbijanac po onome &#8220;devojko&#8221;&#8230; Nisam smjela odbiti naredbu, nadaju\u0107i se pritajeno da \u0107e mi taj \u010dovjek pomo\u0107i da vidim svoju curicu, koju su mi oduzeli u zatvoru &#8220;Sonja&#8221; u Vogo\u0161\u0107i. Stajala sam u i\u0161\u0107ekivanju. Trajaloje mo\u017eda 15-20 sekundi, a meni se \u010dinilo dugo&#8230; &#8220;\u0160ta ho\u0107e\u0161 devojko? Ho\u0107e\u0161 li vani?&#8221;, pitao me je stravi\u010dnim, tihim glasom iz kojeg je izbijala studen. \u0160utjela sam. \u0160ta god bih rekla, mo\u017eda ne bi bilo pametno.<br \/>\n\u010cekala sam dalje&#8230; &#8220;\u0106uti\u0161! E pa lepo, onda \u0107e\u0161 mi to re\u0107i posle. Skidaj se!&#8221;, naredio mi je ne\u0161to povi\u0161enim tonom i povukao za ruku prema sebi. Odgurnula sam ga od sebe, trgnula i krenula prema vratima, a on me je uhvatio objema rukama za nadlaktice, okrenuo i bacio me na pod, a potom udario jako nogom u predjelu butne kosti. Onda je brzo otklju\u010dao vrata i pozvao onog crnomanjastog \u010detnika, narediv\u0161i mu da me skine golu. Vriskao je pri tome i sijevao buljavim pogledom. Iza\u0161ao je iz sobe, govore\u0107i da \u0107e se brzo vratiti. Onaj crnomanjasti \u010detnik nasrnuo je na mene, digao me sa poda, udariv\u0161i me jako koljenom u stomak. Onda me je bacio na kau\u010d. Osje\u0107ala sam velike bolove u predjelu stomaka, gubila sam se kada je zasko\u010dio na mene, zaja\u0161iv\u0161i me da me raskop\u010da. Raskop\u010dao mi je bluzu i gotovo je strgao sa mene, a onda i suknju, pa ga\u0107ice. Molila sam ga da me po\u0161tedi, a on je bio jo\u0161 goropadniji&#8230; Tada je u\u0161ao onaj profesor sa bradom. O\u010di su mu divlja\u010dki sijale, pa sam oborila pogled i zatvorila o\u010di. \u010cula sam samo kako mu zvoni toka na kai\u0161u, da se skida i nasr\u0107e na mene.<\/p>\n<p>Branila sam se skupljenih nogu, a onda me je zasuo \u0161amarima i \u0161akama. Klonula sam i pustila se, znaju\u0107i da mi mo\u017ee biti samo jo\u0161 gore. Profesor me je poku\u0161avao silovati ali mu nije polazilo za rukom, pa se po\u010deo derati na mene i \u0161amarati me. Opustila sam se cijelim tijelom i pravila se da sam u besvjesnom stanju, a profesor je bezuspje\u0161no kidisao na mene. Nakon 10-15 minuta mi je opsovao balinsku majku i si\u0161ao sa mene, nakon \u0161to me je uprljao sobom i svojim smradom. Brzo se obukao i izletio iz sobe i zagalamio na onog \u010detnika u hodniku. Pravila sam se i dalje da sam u besvjesnom stanju, le\u017ee\u0107i na kau\u010du, kada je uletio onaj \u010detnik iz hodnika i nasrnuo na mene. O\u0161amario me je nekoliko puta, a onda me grubo silovao, dah\u0107u\u0107i i govore\u0107i mi: &#8220;Ono \u0161to je po\u010deo profesor Nikola, zavr\u0161it \u0107u za njega ja&#8221;&#8230;<\/p>\n<p>&#8220;Profesor Nikola&#8221;!!! Te dvije rije\u010di duboko su se urezale u moje pam\u0107enje i brujale u meni, sve dok se nisam vratila iz \u0160vedske, krajem 1997. godine, i na televiziji prepoznala &#8220;profesora Nikolu&#8221;, zlo\u010dinca, silovatelja. Prepoznala sam Nikolu Popla\u0161ena u srpskoj skup\u0161tini u Banja Luci. Sada \u017eivim samo za dan, za susret sa njim u Hagu, da vidim ho\u0107e li mu o\u010di tamo divlja\u010dki sijati, kao onda kada je nasrtao na mene bespomo\u0107nu zato\u010denicu, kada me je uprljao, obe\u0161\u010dastio.<\/p>\n<p>Niko mi ne mo\u017ee vratiti moga poginulog mu\u017ea. Gotovo da sam izgubila i nadu da \u0107u ikada saznati \u0161ta se desilo sa mojom \u010detverogodi\u0161njom k\u0107erkom, koju su mi Srbi-\u010detnici oduzeli. Da li je \u017eiva, ako je, gdje se nalazi? Da li je mrtva, ako je, gdje je sahranjena. Uzdam se u Boga, u pravdu. Samo me to jo\u0161 odr\u017eava u \u017eivotu, koji to vi\u0161e nikada ne\u0107e biti, osim pukog vegetiranja.<\/p>\n<h3>\u017delite da pomognete? Obratite se Majkama Srebrenice<br \/>\nsrebrenica.zepa@bih.net.ba<\/h3>\n<p>Izvor: <strong>IslamBosna.ba<\/strong><\/p>\n","protected":false},"excerpt":{"rendered":"<p>Nikola Popla\u0161en, (Sombor,\u00a0Jugoslavija 1951) je profesor prava i biv\u0161i srpski politi\u010dar. Nikola Popla\u0161en je bio\u00a0Predsjednik Republike Srpske u periodu\u00a04. novembar1998. &#8211;\u00a06. mart 1999. Bio je prvi predsjednik\u00a0Srpske radikalne stranke Republike Srpske. Za predsjednika Republike Srpske je izabran 12. i 13. septembra 1998, a na du\u017enost je stupio 4. novembra 1998. Sa funkcije predsjednika Republike Srpske [&hellip;]<\/p>\n","protected":false},"author":83,"featured_media":5802,"comment_status":"open","ping_status":"open","sticky":false,"template":"","format":"standard","meta":{"footnotes":""},"categories":[14],"tags":[],"class_list":{"0":"post-5796","1":"post","2":"type-post","3":"status-publish","4":"format-standard","5":"has-post-thumbnail","7":"category-sandzak-historija"},"yoast_head":"<!-- This site is optimized with the Yoast SEO Premium plugin v23.1 (Yoast SEO v24.9) - https:\/\/yoast.com\/wordpress\/plugins\/seo\/ -->\n<title>Predsjednik &quot;Republike Srpske&quot; silovao Sand\u017eaklijku za vrijeme rata!<\/title>\n<meta name=\"robots\" content=\"index, follow, max-snippet:-1, max-image-preview:large, max-video-preview:-1\" \/>\n<link rel=\"canonical\" href=\"https:\/\/sandzakpress.net\/arhiva\/predsjednik-republike-srpske-silovao-sandzaklijku-za-vrijeme-rata\/\" \/>\n<meta property=\"og:locale\" content=\"bs_BA\" \/>\n<meta property=\"og:type\" content=\"article\" \/>\n<meta property=\"og:title\" content=\"Predsjednik &quot;Republike Srpske&quot; silovao Sand\u017eaklijku za vrijeme rata!\" \/>\n<meta property=\"og:description\" content=\"Nikola Popla\u0161en, (Sombor,\u00a0Jugoslavija 1951) je profesor prava i biv\u0161i srpski politi\u010dar. Nikola Popla\u0161en je bio\u00a0Predsjednik Republike Srpske u periodu\u00a04. novembar1998. &#8211;\u00a06. mart 1999. Bio je prvi predsjednik\u00a0Srpske radikalne stranke Republike Srpske. Za predsjednika Republike Srpske je izabran 12. i 13. septembra 1998, a na du\u017enost je stupio 4. novembra 1998. Sa funkcije predsjednika Republike Srpske [&hellip;]\" \/>\n<meta property=\"og:url\" content=\"https:\/\/sandzakpress.net\/arhiva\/predsjednik-republike-srpske-silovao-sandzaklijku-za-vrijeme-rata\/\" \/>\n<meta property=\"og:site_name\" content=\"Sand\u017eak PRESS\" \/>\n<meta property=\"article:published_time\" content=\"2014-07-10T12:27:34+00:00\" \/>\n<meta property=\"article:modified_time\" content=\"2014-07-10T13:18:15+00:00\" \/>\n<meta property=\"og:image\" content=\"https:\/\/sandzakpress.net\/arhiva\/wp-content\/uploads\/2010\/07\/Kovac_Novi_Pazar_1.jpg\" \/>\n\t<meta property=\"og:image:width\" content=\"616\" \/>\n\t<meta property=\"og:image:height\" content=\"285\" \/>\n\t<meta property=\"og:image:type\" content=\"image\/jpeg\" \/>\n<meta name=\"author\" content=\"bosniak\" \/>\n<meta name=\"twitter:card\" content=\"summary_large_image\" \/>\n<meta name=\"twitter:label1\" content=\"Written by\" \/>\n\t<meta name=\"twitter:data1\" content=\"bosniak\" \/>\n\t<meta name=\"twitter:label2\" content=\"Est. reading time\" \/>\n\t<meta name=\"twitter:data2\" content=\"10 minuta\" \/>\n<script type=\"application\/ld+json\" class=\"yoast-schema-graph\">{\"@context\":\"https:\/\/schema.org\",\"@graph\":[{\"@type\":\"Article\",\"@id\":\"https:\/\/sandzakpress.net\/arhiva\/predsjednik-republike-srpske-silovao-sandzaklijku-za-vrijeme-rata\/#article\",\"isPartOf\":{\"@id\":\"https:\/\/sandzakpress.net\/arhiva\/predsjednik-republike-srpske-silovao-sandzaklijku-za-vrijeme-rata\/\"},\"author\":{\"name\":\"bosniak\",\"@id\":\"https:\/\/sandzakpress.net\/arhiva\/#\/schema\/person\/c8baee722073534b583ea7bdb2e36c02\"},\"headline\":\"Predsjednik &#8220;Republike Srpske&#8221; silovao Sand\u017eaklijku za vrijeme rata!\",\"datePublished\":\"2014-07-10T12:27:34+00:00\",\"dateModified\":\"2014-07-10T13:18:15+00:00\",\"mainEntityOfPage\":{\"@id\":\"https:\/\/sandzakpress.net\/arhiva\/predsjednik-republike-srpske-silovao-sandzaklijku-za-vrijeme-rata\/\"},\"wordCount\":2030,\"commentCount\":63,\"publisher\":{\"@id\":\"https:\/\/sandzakpress.net\/arhiva\/#\/schema\/person\/6e72b67d6e51910a1117b3b483ba20bd\"},\"image\":{\"@id\":\"https:\/\/sandzakpress.net\/arhiva\/predsjednik-republike-srpske-silovao-sandzaklijku-za-vrijeme-rata\/#primaryimage\"},\"thumbnailUrl\":\"https:\/\/sandzakpress.net\/arhiva\/wp-content\/uploads\/2010\/07\/Kovac_Novi_Pazar_1.jpg\",\"articleSection\":[\"Sand\u017eak HISTORIJA\"],\"inLanguage\":\"bs-BA\",\"potentialAction\":[{\"@type\":\"CommentAction\",\"name\":\"Comment\",\"target\":[\"https:\/\/sandzakpress.net\/arhiva\/predsjednik-republike-srpske-silovao-sandzaklijku-za-vrijeme-rata\/#respond\"]}]},{\"@type\":\"WebPage\",\"@id\":\"https:\/\/sandzakpress.net\/arhiva\/predsjednik-republike-srpske-silovao-sandzaklijku-za-vrijeme-rata\/\",\"url\":\"https:\/\/sandzakpress.net\/arhiva\/predsjednik-republike-srpske-silovao-sandzaklijku-za-vrijeme-rata\/\",\"name\":\"Predsjednik \\\"Republike Srpske\\\" silovao Sand\u017eaklijku za vrijeme rata!\",\"isPartOf\":{\"@id\":\"https:\/\/sandzakpress.net\/arhiva\/#website\"},\"primaryImageOfPage\":{\"@id\":\"https:\/\/sandzakpress.net\/arhiva\/predsjednik-republike-srpske-silovao-sandzaklijku-za-vrijeme-rata\/#primaryimage\"},\"image\":{\"@id\":\"https:\/\/sandzakpress.net\/arhiva\/predsjednik-republike-srpske-silovao-sandzaklijku-za-vrijeme-rata\/#primaryimage\"},\"thumbnailUrl\":\"https:\/\/sandzakpress.net\/arhiva\/wp-content\/uploads\/2010\/07\/Kovac_Novi_Pazar_1.jpg\",\"datePublished\":\"2014-07-10T12:27:34+00:00\",\"dateModified\":\"2014-07-10T13:18:15+00:00\",\"breadcrumb\":{\"@id\":\"https:\/\/sandzakpress.net\/arhiva\/predsjednik-republike-srpske-silovao-sandzaklijku-za-vrijeme-rata\/#breadcrumb\"},\"inLanguage\":\"bs-BA\",\"potentialAction\":[{\"@type\":\"ReadAction\",\"target\":[\"https:\/\/sandzakpress.net\/arhiva\/predsjednik-republike-srpske-silovao-sandzaklijku-za-vrijeme-rata\/\"]}]},{\"@type\":\"ImageObject\",\"inLanguage\":\"bs-BA\",\"@id\":\"https:\/\/sandzakpress.net\/arhiva\/predsjednik-republike-srpske-silovao-sandzaklijku-za-vrijeme-rata\/#primaryimage\",\"url\":\"https:\/\/sandzakpress.net\/arhiva\/wp-content\/uploads\/2010\/07\/Kovac_Novi_Pazar_1.jpg\",\"contentUrl\":\"https:\/\/sandzakpress.net\/arhiva\/wp-content\/uploads\/2010\/07\/Kovac_Novi_Pazar_1.jpg\",\"width\":616,\"height\":285},{\"@type\":\"BreadcrumbList\",\"@id\":\"https:\/\/sandzakpress.net\/arhiva\/predsjednik-republike-srpske-silovao-sandzaklijku-za-vrijeme-rata\/#breadcrumb\",\"itemListElement\":[{\"@type\":\"ListItem\",\"position\":1,\"name\":\"Home\",\"item\":\"https:\/\/sandzakpress.net\/arhiva\/\"},{\"@type\":\"ListItem\",\"position\":2,\"name\":\"Predsjednik &#8220;Republike Srpske&#8221; silovao Sand\u017eaklijku za vrijeme rata!\"}]},{\"@type\":\"WebSite\",\"@id\":\"https:\/\/sandzakpress.net\/arhiva\/#website\",\"url\":\"https:\/\/sandzakpress.net\/arhiva\/\",\"name\":\"Sand\u017eak PRESS\",\"description\":\"Prve elektronske novine u Sand\u017eaku\",\"publisher\":{\"@id\":\"https:\/\/sandzakpress.net\/arhiva\/#\/schema\/person\/6e72b67d6e51910a1117b3b483ba20bd\"},\"potentialAction\":[{\"@type\":\"SearchAction\",\"target\":{\"@type\":\"EntryPoint\",\"urlTemplate\":\"https:\/\/sandzakpress.net\/arhiva\/?s={search_term_string}\"},\"query-input\":{\"@type\":\"PropertyValueSpecification\",\"valueRequired\":true,\"valueName\":\"search_term_string\"}}],\"inLanguage\":\"bs-BA\"},{\"@type\":[\"Person\",\"Organization\"],\"@id\":\"https:\/\/sandzakpress.net\/arhiva\/#\/schema\/person\/6e72b67d6e51910a1117b3b483ba20bd\",\"name\":\"Kul\",\"image\":{\"@type\":\"ImageObject\",\"inLanguage\":\"bs-BA\",\"@id\":\"https:\/\/sandzakpress.net\/arhiva\/#\/schema\/person\/image\/\",\"url\":\"https:\/\/secure.gravatar.com\/avatar\/42263f39aa27ac04c43cab85c280eb2e?s=96&d=mm&r=pg\",\"contentUrl\":\"https:\/\/secure.gravatar.com\/avatar\/42263f39aa27ac04c43cab85c280eb2e?s=96&d=mm&r=pg\",\"caption\":\"Kul\"},\"logo\":{\"@id\":\"https:\/\/sandzakpress.net\/arhiva\/#\/schema\/person\/image\/\"}},{\"@type\":\"Person\",\"@id\":\"https:\/\/sandzakpress.net\/arhiva\/#\/schema\/person\/c8baee722073534b583ea7bdb2e36c02\",\"name\":\"bosniak\",\"image\":{\"@type\":\"ImageObject\",\"inLanguage\":\"bs-BA\",\"@id\":\"https:\/\/sandzakpress.net\/arhiva\/#\/schema\/person\/image\/\",\"url\":\"https:\/\/secure.gravatar.com\/avatar\/a04fd330bfe3a36a72a0ad4a6d89fca7?s=96&d=mm&r=pg\",\"contentUrl\":\"https:\/\/secure.gravatar.com\/avatar\/a04fd330bfe3a36a72a0ad4a6d89fca7?s=96&d=mm&r=pg\",\"caption\":\"bosniak\"},\"url\":\"https:\/\/sandzakpress.net\/arhiva\/author\/bosniak\/\"}]}<\/script>\n<!-- \/ Yoast SEO Premium plugin. -->","yoast_head_json":{"title":"Predsjednik \"Republike Srpske\" silovao Sand\u017eaklijku za vrijeme rata!","robots":{"index":"index","follow":"follow","max-snippet":"max-snippet:-1","max-image-preview":"max-image-preview:large","max-video-preview":"max-video-preview:-1"},"canonical":"https:\/\/sandzakpress.net\/arhiva\/predsjednik-republike-srpske-silovao-sandzaklijku-za-vrijeme-rata\/","og_locale":"bs_BA","og_type":"article","og_title":"Predsjednik \"Republike Srpske\" silovao Sand\u017eaklijku za vrijeme rata!","og_description":"Nikola Popla\u0161en, (Sombor,\u00a0Jugoslavija 1951) je profesor prava i biv\u0161i srpski politi\u010dar. Nikola Popla\u0161en je bio\u00a0Predsjednik Republike Srpske u periodu\u00a04. novembar1998. &#8211;\u00a06. mart 1999. Bio je prvi predsjednik\u00a0Srpske radikalne stranke Republike Srpske. Za predsjednika Republike Srpske je izabran 12. i 13. septembra 1998, a na du\u017enost je stupio 4. novembra 1998. Sa funkcije predsjednika Republike Srpske [&hellip;]","og_url":"https:\/\/sandzakpress.net\/arhiva\/predsjednik-republike-srpske-silovao-sandzaklijku-za-vrijeme-rata\/","og_site_name":"Sand\u017eak PRESS","article_published_time":"2014-07-10T12:27:34+00:00","article_modified_time":"2014-07-10T13:18:15+00:00","og_image":[{"width":616,"height":285,"url":"https:\/\/sandzakpress.net\/arhiva\/wp-content\/uploads\/2010\/07\/Kovac_Novi_Pazar_1.jpg","type":"image\/jpeg"}],"author":"bosniak","twitter_card":"summary_large_image","twitter_misc":{"Written by":"bosniak","Est. reading time":"10 minuta"},"schema":{"@context":"https:\/\/schema.org","@graph":[{"@type":"Article","@id":"https:\/\/sandzakpress.net\/arhiva\/predsjednik-republike-srpske-silovao-sandzaklijku-za-vrijeme-rata\/#article","isPartOf":{"@id":"https:\/\/sandzakpress.net\/arhiva\/predsjednik-republike-srpske-silovao-sandzaklijku-za-vrijeme-rata\/"},"author":{"name":"bosniak","@id":"https:\/\/sandzakpress.net\/arhiva\/#\/schema\/person\/c8baee722073534b583ea7bdb2e36c02"},"headline":"Predsjednik &#8220;Republike Srpske&#8221; silovao Sand\u017eaklijku za vrijeme rata!","datePublished":"2014-07-10T12:27:34+00:00","dateModified":"2014-07-10T13:18:15+00:00","mainEntityOfPage":{"@id":"https:\/\/sandzakpress.net\/arhiva\/predsjednik-republike-srpske-silovao-sandzaklijku-za-vrijeme-rata\/"},"wordCount":2030,"commentCount":63,"publisher":{"@id":"https:\/\/sandzakpress.net\/arhiva\/#\/schema\/person\/6e72b67d6e51910a1117b3b483ba20bd"},"image":{"@id":"https:\/\/sandzakpress.net\/arhiva\/predsjednik-republike-srpske-silovao-sandzaklijku-za-vrijeme-rata\/#primaryimage"},"thumbnailUrl":"https:\/\/sandzakpress.net\/arhiva\/wp-content\/uploads\/2010\/07\/Kovac_Novi_Pazar_1.jpg","articleSection":["Sand\u017eak HISTORIJA"],"inLanguage":"bs-BA","potentialAction":[{"@type":"CommentAction","name":"Comment","target":["https:\/\/sandzakpress.net\/arhiva\/predsjednik-republike-srpske-silovao-sandzaklijku-za-vrijeme-rata\/#respond"]}]},{"@type":"WebPage","@id":"https:\/\/sandzakpress.net\/arhiva\/predsjednik-republike-srpske-silovao-sandzaklijku-za-vrijeme-rata\/","url":"https:\/\/sandzakpress.net\/arhiva\/predsjednik-republike-srpske-silovao-sandzaklijku-za-vrijeme-rata\/","name":"Predsjednik \"Republike Srpske\" silovao Sand\u017eaklijku za vrijeme rata!","isPartOf":{"@id":"https:\/\/sandzakpress.net\/arhiva\/#website"},"primaryImageOfPage":{"@id":"https:\/\/sandzakpress.net\/arhiva\/predsjednik-republike-srpske-silovao-sandzaklijku-za-vrijeme-rata\/#primaryimage"},"image":{"@id":"https:\/\/sandzakpress.net\/arhiva\/predsjednik-republike-srpske-silovao-sandzaklijku-za-vrijeme-rata\/#primaryimage"},"thumbnailUrl":"https:\/\/sandzakpress.net\/arhiva\/wp-content\/uploads\/2010\/07\/Kovac_Novi_Pazar_1.jpg","datePublished":"2014-07-10T12:27:34+00:00","dateModified":"2014-07-10T13:18:15+00:00","breadcrumb":{"@id":"https:\/\/sandzakpress.net\/arhiva\/predsjednik-republike-srpske-silovao-sandzaklijku-za-vrijeme-rata\/#breadcrumb"},"inLanguage":"bs-BA","potentialAction":[{"@type":"ReadAction","target":["https:\/\/sandzakpress.net\/arhiva\/predsjednik-republike-srpske-silovao-sandzaklijku-za-vrijeme-rata\/"]}]},{"@type":"ImageObject","inLanguage":"bs-BA","@id":"https:\/\/sandzakpress.net\/arhiva\/predsjednik-republike-srpske-silovao-sandzaklijku-za-vrijeme-rata\/#primaryimage","url":"https:\/\/sandzakpress.net\/arhiva\/wp-content\/uploads\/2010\/07\/Kovac_Novi_Pazar_1.jpg","contentUrl":"https:\/\/sandzakpress.net\/arhiva\/wp-content\/uploads\/2010\/07\/Kovac_Novi_Pazar_1.jpg","width":616,"height":285},{"@type":"BreadcrumbList","@id":"https:\/\/sandzakpress.net\/arhiva\/predsjednik-republike-srpske-silovao-sandzaklijku-za-vrijeme-rata\/#breadcrumb","itemListElement":[{"@type":"ListItem","position":1,"name":"Home","item":"https:\/\/sandzakpress.net\/arhiva\/"},{"@type":"ListItem","position":2,"name":"Predsjednik &#8220;Republike Srpske&#8221; silovao Sand\u017eaklijku za vrijeme rata!"}]},{"@type":"WebSite","@id":"https:\/\/sandzakpress.net\/arhiva\/#website","url":"https:\/\/sandzakpress.net\/arhiva\/","name":"Sand\u017eak PRESS","description":"Prve elektronske novine u Sand\u017eaku","publisher":{"@id":"https:\/\/sandzakpress.net\/arhiva\/#\/schema\/person\/6e72b67d6e51910a1117b3b483ba20bd"},"potentialAction":[{"@type":"SearchAction","target":{"@type":"EntryPoint","urlTemplate":"https:\/\/sandzakpress.net\/arhiva\/?s={search_term_string}"},"query-input":{"@type":"PropertyValueSpecification","valueRequired":true,"valueName":"search_term_string"}}],"inLanguage":"bs-BA"},{"@type":["Person","Organization"],"@id":"https:\/\/sandzakpress.net\/arhiva\/#\/schema\/person\/6e72b67d6e51910a1117b3b483ba20bd","name":"Kul","image":{"@type":"ImageObject","inLanguage":"bs-BA","@id":"https:\/\/sandzakpress.net\/arhiva\/#\/schema\/person\/image\/","url":"https:\/\/secure.gravatar.com\/avatar\/42263f39aa27ac04c43cab85c280eb2e?s=96&d=mm&r=pg","contentUrl":"https:\/\/secure.gravatar.com\/avatar\/42263f39aa27ac04c43cab85c280eb2e?s=96&d=mm&r=pg","caption":"Kul"},"logo":{"@id":"https:\/\/sandzakpress.net\/arhiva\/#\/schema\/person\/image\/"}},{"@type":"Person","@id":"https:\/\/sandzakpress.net\/arhiva\/#\/schema\/person\/c8baee722073534b583ea7bdb2e36c02","name":"bosniak","image":{"@type":"ImageObject","inLanguage":"bs-BA","@id":"https:\/\/sandzakpress.net\/arhiva\/#\/schema\/person\/image\/","url":"https:\/\/secure.gravatar.com\/avatar\/a04fd330bfe3a36a72a0ad4a6d89fca7?s=96&d=mm&r=pg","contentUrl":"https:\/\/secure.gravatar.com\/avatar\/a04fd330bfe3a36a72a0ad4a6d89fca7?s=96&d=mm&r=pg","caption":"bosniak"},"url":"https:\/\/sandzakpress.net\/arhiva\/author\/bosniak\/"}]}},"_links":{"self":[{"href":"https:\/\/sandzakpress.net\/arhiva\/wp-json\/wp\/v2\/posts\/5796"}],"collection":[{"href":"https:\/\/sandzakpress.net\/arhiva\/wp-json\/wp\/v2\/posts"}],"about":[{"href":"https:\/\/sandzakpress.net\/arhiva\/wp-json\/wp\/v2\/types\/post"}],"author":[{"embeddable":true,"href":"https:\/\/sandzakpress.net\/arhiva\/wp-json\/wp\/v2\/users\/83"}],"replies":[{"embeddable":true,"href":"https:\/\/sandzakpress.net\/arhiva\/wp-json\/wp\/v2\/comments?post=5796"}],"version-history":[{"count":0,"href":"https:\/\/sandzakpress.net\/arhiva\/wp-json\/wp\/v2\/posts\/5796\/revisions"}],"wp:featuredmedia":[{"embeddable":true,"href":"https:\/\/sandzakpress.net\/arhiva\/wp-json\/wp\/v2\/media\/5802"}],"wp:attachment":[{"href":"https:\/\/sandzakpress.net\/arhiva\/wp-json\/wp\/v2\/media?parent=5796"}],"wp:term":[{"taxonomy":"category","embeddable":true,"href":"https:\/\/sandzakpress.net\/arhiva\/wp-json\/wp\/v2\/categories?post=5796"},{"taxonomy":"post_tag","embeddable":true,"href":"https:\/\/sandzakpress.net\/arhiva\/wp-json\/wp\/v2\/tags?post=5796"}],"curies":[{"name":"wp","href":"https:\/\/api.w.org\/{rel}","templated":true}]}}