{"id":57789,"date":"2012-12-11T21:19:07","date_gmt":"2012-12-11T20:19:07","guid":{"rendered":"https:\/\/sandzakpress.net\/arhiva\/?p=57789"},"modified":"2012-12-11T21:19:07","modified_gmt":"2012-12-11T20:19:07","slug":"abbas-u-slucaju-postivanja-sporazuma-necemo-tuziti-izrael","status":"publish","type":"post","link":"https:\/\/sandzakpress.net\/arhiva\/abbas-u-slucaju-postivanja-sporazuma-necemo-tuziti-izrael\/","title":{"rendered":"Abbas: U slu\u010daju po\u0161tivanja sporazuma ne\u0107emo tu\u017eiti Izrael"},"content":{"rendered":"<div id=\"_mcePaste\"><strong><a href=\"https:\/\/sandzakpress.net\/arhiva\/wp-content\/uploads\/2012\/12\/copyright_aabadoluajansi_2012_20121211201728.jpg\"><img loading=\"lazy\" decoding=\"async\" class=\"alignleft size-medium wp-image-57790\" title=\"copyright_aabadoluajansi_2012_20121211201728\" src=\"https:\/\/sandzakpress.net\/arhiva\/wp-content\/uploads\/2012\/12\/copyright_aabadoluajansi_2012_20121211201728-300x208.jpg\" alt=\"\" width=\"300\" height=\"208\" \/><\/a>Turska &#8211; Palestinski predsjednik Mahmud Abbas rekao je da je status &#8220;zemlje ne\u010dlanice posmatra\u010da&#8221; koji je Palestina dobila u Ujedinjenim nacijama (UN) otvorio put za nove mogu\u0107nosti, te da \u0107e Palestina, ukoliko Izrael nastavi sa izgradnjom stambenih jedinica na Zapadnoj obali, iskoristiti nove mogu\u0107nosti koje su joj se pru\u017eile.<\/strong><\/div>\n<div><\/div>\n<div id=\"_mcePaste\">Palestinski predsjednik Abbas, koji boravi u zvani\u010dnoj posjeti Turskoj, sastao se sa predsjednikom te zemlje Abdullahom Gulom u Cankaya palati, nakon \u010dega su odr\u017eali zajedni\u010dku konferenciju za novinare.<\/div>\n<div><\/div>\n<div id=\"_mcePaste\">Abbas se zahvalio Turskoj na podr\u0161ci koju je pru\u017eila Palestini, te podsjetio da je vi\u0161e od dvije tre\u0107ine zemalja \u010dlanica UN-a podr\u017ealo njegovu prilikom glasanja za njen novi status zemlje ne\u010dlanice posmatra\u010da.<\/div>\n<div><\/div>\n<div id=\"_mcePaste\">Palestinu su od 1988. godine do danas na bilateralnom nivou priznale 132 dr\u017eave, a sa ve\u0107inom zemalja uspostavljeni su zvani\u010dni i diplomatski odnosi, podsjetio je Abbas.<\/div>\n<div id=\"_mcePaste\">&#8220;Nastavi\u0107emo sa radovima i svom narodu dajemo rije\u010d da \u0107emo ulagati sve napore dok u Ujedinjenim nacijama ne postanemo i zvani\u010dno priznata dr\u017eava. Mi smo sigurni da \u0107ete nam vi i va\u0161a vlada pru\u017eiti podr\u0161ku u tome&#8221;, rekao je Abbas.<\/div>\n<div id=\"_mcePaste\">-Nova naselja crvena linija-<\/div>\n<div><\/div>\n<div id=\"_mcePaste\">&#8220;Mi odavdje, iz Turske, \u0161irimo ruke ka miru&#8221;, rekao je Abbas, te dodao da \u0107e nastaviti sa poduzimanjem pozitivnih koraka i konsultacija, kako bi ulo\u017eili sve napore da palestinski narod dobije slobodu i ostvari potpunu nezavisnost.<\/div>\n<div id=\"_mcePaste\">Abbas se osvrnuo i na odluku izraelske Vlade o gradnji novih stambenih jedinica na palestinskoj zemlji.<\/div>\n<div id=\"_mcePaste\">&#8220;Ova odluka je neprijateljska i crvena linija. Ni pod kojim okolnostima ne\u0107emo dozvoliti da ta odluka stupi na snagu&#8221;, naglasio je Abbas.<\/div>\n<div><\/div>\n<div id=\"_mcePaste\">&#8220;Ukoliko Izrael izabere mir, mi smo spremni na mir. Ali ukoliko nastavi sa gradnjom novih stambenih jedinica, a posebno u regionu E1, zauze\u0107emo druga\u010diji stav&#8221;, istakao je Abbas, osvr\u0107u\u0107i se na izraelske poteze kojima su prekr\u0161eni ranije postignuti sporazumi.<\/div>\n<div id=\"_mcePaste\">Palestinski predsjednik Mahmud Abbas je izjavio kako je na sastanku sa predsjendikom Turske Abdullahom Gulom razgovorao o svim zna\u010dajnijim regionalnim pitanjima, dok je poseban naglasak stavljen na pitanje Palestine.<\/div>\n<div><\/div>\n<div id=\"_mcePaste\">\u201cSaglasni smo da je potrebno da se podr\u017ei svaki dogovor izme\u0111u razli\u010ditih politi\u010dkih snaga unutar Palestine, jer samo na taj na\u010din je mogu\u0107e izv\u0161iti pritisak na Izrael da se okon\u010da blokada Gazze\u201d, kazao je Abbas.<\/div>\n<div id=\"_mcePaste\">Napomenuo je da su prethodno u\u010dinjeni zna\u010dajni napori prema ja\u010danju me\u0111usobnih odnosa izme\u0111u razli\u010ditih palestinskih grupacija.<\/div>\n<div id=\"_mcePaste\">\u201cPostignut je dogovor me\u0111u palesitnskim grupama, te je planirano da se uskoro odr\u017ee i izbori za nacionalno vije\u0107e i za dr\u017eavnu vladu. Ali zbog nekih drugih doga\u0111aja ponovo moramo obnoviti ovu incijativu. Tako da ve\u0107 naredne sedmice u Kairu \u0107emo odr\u017eati sastanak kako bi kompletirali ovaj sporazum\u201d, izjavio je Abbas.<\/div>\n<div id=\"_mcePaste\">On je dodao da nakon sticanja statusa zemlje ne\u010dlanice posmatra\u010da u Ujedinjenim narodima, Palestina ima pravo da tu\u017ei Izrael pred Me\u0111unarodnim krivi\u010dnim sudom (ICC).<\/div>\n<div><\/div>\n<div id=\"_mcePaste\">\u201cNovim dr\u017eavnim statusom imamo pravo da pokrenemo sudski postupak protiv Izraela. Me\u0111utim, nemamo u planu u\u010diniti takav korak ako Izrael ispo\u0161tuje sve principe me\u0111unarodnog prava\u201d, kazao je palestinski predsjednik.<\/div>\n<div id=\"_mcePaste\">Napomenuo je da SAD treba promijeniti svoju politiku prema palestinskom pitanju.<\/div>\n<div><\/div>\n<div id=\"_mcePaste\">\u201cNadam se da \u0107e SAD biti realnije i promijeniti svoju politiku prema Palestini. Ako SAD uvijek budu na strani Izraela tada ne mo\u017eemo o\u010dekivati mir. Zbog toga SAD treba hitno promijeniti svoju politiku prema Palestini\u201d, istakao je Abbas.<\/div>\n<p>(AA)<\/p>\n","protected":false},"excerpt":{"rendered":"<p>Turska &#8211; Palestinski predsjednik Mahmud Abbas rekao je da je status &#8220;zemlje ne\u010dlanice posmatra\u010da&#8221; koji je Palestina dobila u Ujedinjenim nacijama (UN) otvorio put za nove mogu\u0107nosti, te da \u0107e Palestina, ukoliko Izrael nastavi sa izgradnjom stambenih jedinica na Zapadnoj obali, iskoristiti nove mogu\u0107nosti koje su joj se pru\u017eile. Palestinski predsjednik Abbas, koji boravi u [&hellip;]<\/p>\n","protected":false},"author":16,"featured_media":57790,"comment_status":"open","ping_status":"open","sticky":false,"template":"","format":"standard","meta":{"footnotes":""},"categories":[9,2692],"tags":[],"class_list":{"0":"post-57789","1":"post","2":"type-post","3":"status-publish","4":"format-standard","5":"has-post-thumbnail","7":"category-svijet","8":"category-turska-gradovi"},"yoast_head":"<!-- This site is optimized with the Yoast SEO Premium plugin v23.1 (Yoast SEO v24.9) - https:\/\/yoast.com\/wordpress\/plugins\/seo\/ -->\n<title>Abbas: U slu\u010daju po\u0161tivanja sporazuma ne\u0107emo tu\u017eiti Izrael<\/title>\n<meta name=\"robots\" content=\"index, follow, max-snippet:-1, max-image-preview:large, max-video-preview:-1\" \/>\n<link rel=\"canonical\" href=\"https:\/\/sandzakpress.net\/arhiva\/abbas-u-slucaju-postivanja-sporazuma-necemo-tuziti-izrael\/\" \/>\n<meta property=\"og:locale\" content=\"bs_BA\" \/>\n<meta property=\"og:type\" content=\"article\" \/>\n<meta property=\"og:title\" content=\"Abbas: U slu\u010daju po\u0161tivanja sporazuma ne\u0107emo tu\u017eiti Izrael\" \/>\n<meta property=\"og:description\" content=\"Turska &#8211; Palestinski predsjednik Mahmud Abbas rekao je da je status &#8220;zemlje ne\u010dlanice posmatra\u010da&#8221; koji je Palestina dobila u Ujedinjenim nacijama (UN) otvorio put za nove mogu\u0107nosti, te da \u0107e Palestina, ukoliko Izrael nastavi sa izgradnjom stambenih jedinica na Zapadnoj obali, iskoristiti nove mogu\u0107nosti koje su joj se pru\u017eile. Palestinski predsjednik Abbas, koji boravi u [&hellip;]\" \/>\n<meta property=\"og:url\" content=\"https:\/\/sandzakpress.net\/arhiva\/abbas-u-slucaju-postivanja-sporazuma-necemo-tuziti-izrael\/\" \/>\n<meta property=\"og:site_name\" content=\"Sand\u017eak PRESS\" \/>\n<meta property=\"article:published_time\" content=\"2012-12-11T20:19:07+00:00\" \/>\n<meta property=\"og:image\" content=\"https:\/\/sandzakpress.net\/arhiva\/wp-content\/uploads\/2012\/12\/copyright_aabadoluajansi_2012_20121211201728.jpg\" \/>\n\t<meta property=\"og:image:width\" content=\"609\" \/>\n\t<meta property=\"og:image:height\" content=\"424\" \/>\n\t<meta property=\"og:image:type\" content=\"image\/jpeg\" \/>\n<meta name=\"twitter:card\" content=\"summary_large_image\" \/>\n<meta name=\"twitter:label1\" content=\"Written by\" \/>\n\t<meta name=\"twitter:data1\" content=\"\" \/>\n\t<meta name=\"twitter:label2\" content=\"Est. reading time\" \/>\n\t<meta name=\"twitter:data2\" content=\"3 minute\" \/>\n<script type=\"application\/ld+json\" class=\"yoast-schema-graph\">{\"@context\":\"https:\/\/schema.org\",\"@graph\":[{\"@type\":\"Article\",\"@id\":\"https:\/\/sandzakpress.net\/arhiva\/abbas-u-slucaju-postivanja-sporazuma-necemo-tuziti-izrael\/#article\",\"isPartOf\":{\"@id\":\"https:\/\/sandzakpress.net\/arhiva\/abbas-u-slucaju-postivanja-sporazuma-necemo-tuziti-izrael\/\"},\"author\":{\"name\":\"\",\"@id\":\"\"},\"headline\":\"Abbas: U slu\u010daju po\u0161tivanja sporazuma ne\u0107emo tu\u017eiti Izrael\",\"datePublished\":\"2012-12-11T20:19:07+00:00\",\"mainEntityOfPage\":{\"@id\":\"https:\/\/sandzakpress.net\/arhiva\/abbas-u-slucaju-postivanja-sporazuma-necemo-tuziti-izrael\/\"},\"wordCount\":599,\"commentCount\":0,\"publisher\":{\"@id\":\"https:\/\/sandzakpress.net\/arhiva\/#\/schema\/person\/6e72b67d6e51910a1117b3b483ba20bd\"},\"image\":{\"@id\":\"https:\/\/sandzakpress.net\/arhiva\/abbas-u-slucaju-postivanja-sporazuma-necemo-tuziti-izrael\/#primaryimage\"},\"thumbnailUrl\":\"https:\/\/sandzakpress.net\/arhiva\/wp-content\/uploads\/2012\/12\/copyright_aabadoluajansi_2012_20121211201728.jpg\",\"articleSection\":[\"Svijet\",\"Turska\"],\"inLanguage\":\"bs-BA\",\"potentialAction\":[{\"@type\":\"CommentAction\",\"name\":\"Comment\",\"target\":[\"https:\/\/sandzakpress.net\/arhiva\/abbas-u-slucaju-postivanja-sporazuma-necemo-tuziti-izrael\/#respond\"]}]},{\"@type\":\"WebPage\",\"@id\":\"https:\/\/sandzakpress.net\/arhiva\/abbas-u-slucaju-postivanja-sporazuma-necemo-tuziti-izrael\/\",\"url\":\"https:\/\/sandzakpress.net\/arhiva\/abbas-u-slucaju-postivanja-sporazuma-necemo-tuziti-izrael\/\",\"name\":\"Abbas: U slu\u010daju po\u0161tivanja sporazuma ne\u0107emo tu\u017eiti Izrael\",\"isPartOf\":{\"@id\":\"https:\/\/sandzakpress.net\/arhiva\/#website\"},\"primaryImageOfPage\":{\"@id\":\"https:\/\/sandzakpress.net\/arhiva\/abbas-u-slucaju-postivanja-sporazuma-necemo-tuziti-izrael\/#primaryimage\"},\"image\":{\"@id\":\"https:\/\/sandzakpress.net\/arhiva\/abbas-u-slucaju-postivanja-sporazuma-necemo-tuziti-izrael\/#primaryimage\"},\"thumbnailUrl\":\"https:\/\/sandzakpress.net\/arhiva\/wp-content\/uploads\/2012\/12\/copyright_aabadoluajansi_2012_20121211201728.jpg\",\"datePublished\":\"2012-12-11T20:19:07+00:00\",\"breadcrumb\":{\"@id\":\"https:\/\/sandzakpress.net\/arhiva\/abbas-u-slucaju-postivanja-sporazuma-necemo-tuziti-izrael\/#breadcrumb\"},\"inLanguage\":\"bs-BA\",\"potentialAction\":[{\"@type\":\"ReadAction\",\"target\":[\"https:\/\/sandzakpress.net\/arhiva\/abbas-u-slucaju-postivanja-sporazuma-necemo-tuziti-izrael\/\"]}]},{\"@type\":\"ImageObject\",\"inLanguage\":\"bs-BA\",\"@id\":\"https:\/\/sandzakpress.net\/arhiva\/abbas-u-slucaju-postivanja-sporazuma-necemo-tuziti-izrael\/#primaryimage\",\"url\":\"https:\/\/sandzakpress.net\/arhiva\/wp-content\/uploads\/2012\/12\/copyright_aabadoluajansi_2012_20121211201728.jpg\",\"contentUrl\":\"https:\/\/sandzakpress.net\/arhiva\/wp-content\/uploads\/2012\/12\/copyright_aabadoluajansi_2012_20121211201728.jpg\",\"width\":609,\"height\":424},{\"@type\":\"BreadcrumbList\",\"@id\":\"https:\/\/sandzakpress.net\/arhiva\/abbas-u-slucaju-postivanja-sporazuma-necemo-tuziti-izrael\/#breadcrumb\",\"itemListElement\":[{\"@type\":\"ListItem\",\"position\":1,\"name\":\"Home\",\"item\":\"https:\/\/sandzakpress.net\/arhiva\/\"},{\"@type\":\"ListItem\",\"position\":2,\"name\":\"Abbas: U slu\u010daju po\u0161tivanja sporazuma ne\u0107emo tu\u017eiti Izrael\"}]},{\"@type\":\"WebSite\",\"@id\":\"https:\/\/sandzakpress.net\/arhiva\/#website\",\"url\":\"https:\/\/sandzakpress.net\/arhiva\/\",\"name\":\"Sand\u017eak PRESS\",\"description\":\"Prve elektronske novine u Sand\u017eaku\",\"publisher\":{\"@id\":\"https:\/\/sandzakpress.net\/arhiva\/#\/schema\/person\/6e72b67d6e51910a1117b3b483ba20bd\"},\"potentialAction\":[{\"@type\":\"SearchAction\",\"target\":{\"@type\":\"EntryPoint\",\"urlTemplate\":\"https:\/\/sandzakpress.net\/arhiva\/?s={search_term_string}\"},\"query-input\":{\"@type\":\"PropertyValueSpecification\",\"valueRequired\":true,\"valueName\":\"search_term_string\"}}],\"inLanguage\":\"bs-BA\"},{\"@type\":[\"Person\",\"Organization\"],\"@id\":\"https:\/\/sandzakpress.net\/arhiva\/#\/schema\/person\/6e72b67d6e51910a1117b3b483ba20bd\",\"name\":\"Kul\",\"image\":{\"@type\":\"ImageObject\",\"inLanguage\":\"bs-BA\",\"@id\":\"https:\/\/sandzakpress.net\/arhiva\/#\/schema\/person\/image\/\",\"url\":\"https:\/\/secure.gravatar.com\/avatar\/42263f39aa27ac04c43cab85c280eb2e?s=96&d=mm&r=pg\",\"contentUrl\":\"https:\/\/secure.gravatar.com\/avatar\/42263f39aa27ac04c43cab85c280eb2e?s=96&d=mm&r=pg\",\"caption\":\"Kul\"},\"logo\":{\"@id\":\"https:\/\/sandzakpress.net\/arhiva\/#\/schema\/person\/image\/\"}},{\"@type\":\"Person\",\"@id\":\"\",\"url\":\"https:\/\/sandzakpress.net\/arhiva\/author\/\"}]}<\/script>\n<!-- \/ Yoast SEO Premium plugin. -->","yoast_head_json":{"title":"Abbas: U slu\u010daju po\u0161tivanja sporazuma ne\u0107emo tu\u017eiti Izrael","robots":{"index":"index","follow":"follow","max-snippet":"max-snippet:-1","max-image-preview":"max-image-preview:large","max-video-preview":"max-video-preview:-1"},"canonical":"https:\/\/sandzakpress.net\/arhiva\/abbas-u-slucaju-postivanja-sporazuma-necemo-tuziti-izrael\/","og_locale":"bs_BA","og_type":"article","og_title":"Abbas: U slu\u010daju po\u0161tivanja sporazuma ne\u0107emo tu\u017eiti Izrael","og_description":"Turska &#8211; Palestinski predsjednik Mahmud Abbas rekao je da je status &#8220;zemlje ne\u010dlanice posmatra\u010da&#8221; koji je Palestina dobila u Ujedinjenim nacijama (UN) otvorio put za nove mogu\u0107nosti, te da \u0107e Palestina, ukoliko Izrael nastavi sa izgradnjom stambenih jedinica na Zapadnoj obali, iskoristiti nove mogu\u0107nosti koje su joj se pru\u017eile. Palestinski predsjednik Abbas, koji boravi u [&hellip;]","og_url":"https:\/\/sandzakpress.net\/arhiva\/abbas-u-slucaju-postivanja-sporazuma-necemo-tuziti-izrael\/","og_site_name":"Sand\u017eak PRESS","article_published_time":"2012-12-11T20:19:07+00:00","og_image":[{"width":609,"height":424,"url":"https:\/\/sandzakpress.net\/arhiva\/wp-content\/uploads\/2012\/12\/copyright_aabadoluajansi_2012_20121211201728.jpg","type":"image\/jpeg"}],"twitter_card":"summary_large_image","twitter_misc":{"Written by":"","Est. reading time":"3 minute"},"schema":{"@context":"https:\/\/schema.org","@graph":[{"@type":"Article","@id":"https:\/\/sandzakpress.net\/arhiva\/abbas-u-slucaju-postivanja-sporazuma-necemo-tuziti-izrael\/#article","isPartOf":{"@id":"https:\/\/sandzakpress.net\/arhiva\/abbas-u-slucaju-postivanja-sporazuma-necemo-tuziti-izrael\/"},"author":{"name":"","@id":""},"headline":"Abbas: U slu\u010daju po\u0161tivanja sporazuma ne\u0107emo tu\u017eiti Izrael","datePublished":"2012-12-11T20:19:07+00:00","mainEntityOfPage":{"@id":"https:\/\/sandzakpress.net\/arhiva\/abbas-u-slucaju-postivanja-sporazuma-necemo-tuziti-izrael\/"},"wordCount":599,"commentCount":0,"publisher":{"@id":"https:\/\/sandzakpress.net\/arhiva\/#\/schema\/person\/6e72b67d6e51910a1117b3b483ba20bd"},"image":{"@id":"https:\/\/sandzakpress.net\/arhiva\/abbas-u-slucaju-postivanja-sporazuma-necemo-tuziti-izrael\/#primaryimage"},"thumbnailUrl":"https:\/\/sandzakpress.net\/arhiva\/wp-content\/uploads\/2012\/12\/copyright_aabadoluajansi_2012_20121211201728.jpg","articleSection":["Svijet","Turska"],"inLanguage":"bs-BA","potentialAction":[{"@type":"CommentAction","name":"Comment","target":["https:\/\/sandzakpress.net\/arhiva\/abbas-u-slucaju-postivanja-sporazuma-necemo-tuziti-izrael\/#respond"]}]},{"@type":"WebPage","@id":"https:\/\/sandzakpress.net\/arhiva\/abbas-u-slucaju-postivanja-sporazuma-necemo-tuziti-izrael\/","url":"https:\/\/sandzakpress.net\/arhiva\/abbas-u-slucaju-postivanja-sporazuma-necemo-tuziti-izrael\/","name":"Abbas: U slu\u010daju po\u0161tivanja sporazuma ne\u0107emo tu\u017eiti Izrael","isPartOf":{"@id":"https:\/\/sandzakpress.net\/arhiva\/#website"},"primaryImageOfPage":{"@id":"https:\/\/sandzakpress.net\/arhiva\/abbas-u-slucaju-postivanja-sporazuma-necemo-tuziti-izrael\/#primaryimage"},"image":{"@id":"https:\/\/sandzakpress.net\/arhiva\/abbas-u-slucaju-postivanja-sporazuma-necemo-tuziti-izrael\/#primaryimage"},"thumbnailUrl":"https:\/\/sandzakpress.net\/arhiva\/wp-content\/uploads\/2012\/12\/copyright_aabadoluajansi_2012_20121211201728.jpg","datePublished":"2012-12-11T20:19:07+00:00","breadcrumb":{"@id":"https:\/\/sandzakpress.net\/arhiva\/abbas-u-slucaju-postivanja-sporazuma-necemo-tuziti-izrael\/#breadcrumb"},"inLanguage":"bs-BA","potentialAction":[{"@type":"ReadAction","target":["https:\/\/sandzakpress.net\/arhiva\/abbas-u-slucaju-postivanja-sporazuma-necemo-tuziti-izrael\/"]}]},{"@type":"ImageObject","inLanguage":"bs-BA","@id":"https:\/\/sandzakpress.net\/arhiva\/abbas-u-slucaju-postivanja-sporazuma-necemo-tuziti-izrael\/#primaryimage","url":"https:\/\/sandzakpress.net\/arhiva\/wp-content\/uploads\/2012\/12\/copyright_aabadoluajansi_2012_20121211201728.jpg","contentUrl":"https:\/\/sandzakpress.net\/arhiva\/wp-content\/uploads\/2012\/12\/copyright_aabadoluajansi_2012_20121211201728.jpg","width":609,"height":424},{"@type":"BreadcrumbList","@id":"https:\/\/sandzakpress.net\/arhiva\/abbas-u-slucaju-postivanja-sporazuma-necemo-tuziti-izrael\/#breadcrumb","itemListElement":[{"@type":"ListItem","position":1,"name":"Home","item":"https:\/\/sandzakpress.net\/arhiva\/"},{"@type":"ListItem","position":2,"name":"Abbas: U slu\u010daju po\u0161tivanja sporazuma ne\u0107emo tu\u017eiti Izrael"}]},{"@type":"WebSite","@id":"https:\/\/sandzakpress.net\/arhiva\/#website","url":"https:\/\/sandzakpress.net\/arhiva\/","name":"Sand\u017eak PRESS","description":"Prve elektronske novine u Sand\u017eaku","publisher":{"@id":"https:\/\/sandzakpress.net\/arhiva\/#\/schema\/person\/6e72b67d6e51910a1117b3b483ba20bd"},"potentialAction":[{"@type":"SearchAction","target":{"@type":"EntryPoint","urlTemplate":"https:\/\/sandzakpress.net\/arhiva\/?s={search_term_string}"},"query-input":{"@type":"PropertyValueSpecification","valueRequired":true,"valueName":"search_term_string"}}],"inLanguage":"bs-BA"},{"@type":["Person","Organization"],"@id":"https:\/\/sandzakpress.net\/arhiva\/#\/schema\/person\/6e72b67d6e51910a1117b3b483ba20bd","name":"Kul","image":{"@type":"ImageObject","inLanguage":"bs-BA","@id":"https:\/\/sandzakpress.net\/arhiva\/#\/schema\/person\/image\/","url":"https:\/\/secure.gravatar.com\/avatar\/42263f39aa27ac04c43cab85c280eb2e?s=96&d=mm&r=pg","contentUrl":"https:\/\/secure.gravatar.com\/avatar\/42263f39aa27ac04c43cab85c280eb2e?s=96&d=mm&r=pg","caption":"Kul"},"logo":{"@id":"https:\/\/sandzakpress.net\/arhiva\/#\/schema\/person\/image\/"}},{"@type":"Person","@id":"","url":"https:\/\/sandzakpress.net\/arhiva\/author\/"}]}},"_links":{"self":[{"href":"https:\/\/sandzakpress.net\/arhiva\/wp-json\/wp\/v2\/posts\/57789"}],"collection":[{"href":"https:\/\/sandzakpress.net\/arhiva\/wp-json\/wp\/v2\/posts"}],"about":[{"href":"https:\/\/sandzakpress.net\/arhiva\/wp-json\/wp\/v2\/types\/post"}],"author":[{"embeddable":true,"href":"https:\/\/sandzakpress.net\/arhiva\/wp-json\/wp\/v2\/users\/16"}],"replies":[{"embeddable":true,"href":"https:\/\/sandzakpress.net\/arhiva\/wp-json\/wp\/v2\/comments?post=57789"}],"version-history":[{"count":0,"href":"https:\/\/sandzakpress.net\/arhiva\/wp-json\/wp\/v2\/posts\/57789\/revisions"}],"wp:featuredmedia":[{"embeddable":true,"href":"https:\/\/sandzakpress.net\/arhiva\/wp-json\/wp\/v2\/media\/57790"}],"wp:attachment":[{"href":"https:\/\/sandzakpress.net\/arhiva\/wp-json\/wp\/v2\/media?parent=57789"}],"wp:term":[{"taxonomy":"category","embeddable":true,"href":"https:\/\/sandzakpress.net\/arhiva\/wp-json\/wp\/v2\/categories?post=57789"},{"taxonomy":"post_tag","embeddable":true,"href":"https:\/\/sandzakpress.net\/arhiva\/wp-json\/wp\/v2\/tags?post=57789"}],"curies":[{"name":"wp","href":"https:\/\/api.w.org\/{rel}","templated":true}]}}