{"id":57768,"date":"2012-12-11T18:48:10","date_gmt":"2012-12-11T17:48:10","guid":{"rendered":"https:\/\/sandzakpress.net\/arhiva\/?p=57768"},"modified":"2012-12-11T18:48:10","modified_gmt":"2012-12-11T17:48:10","slug":"becki-centar-za-kulturu-kao-alibi-za-vjersku-netrpeljivost","status":"publish","type":"post","link":"https:\/\/sandzakpress.net\/arhiva\/becki-centar-za-kulturu-kao-alibi-za-vjersku-netrpeljivost\/","title":{"rendered":"Be\u010dki centar za kulturu kao alibi za vjersku netrpeljivost?"},"content":{"rendered":"<div id=\"_mcePaste\"><strong><a href=\"https:\/\/sandzakpress.net\/arhiva\/wp-content\/uploads\/2012\/12\/austria-bec-2.jpg\"><img loading=\"lazy\" decoding=\"async\" class=\"alignleft size-medium wp-image-57769\" title=\"austria bec 2\" src=\"https:\/\/sandzakpress.net\/arhiva\/wp-content\/uploads\/2012\/12\/austria-bec-2-300x174.jpg\" alt=\"\" width=\"300\" height=\"174\" \/><\/a>Austrija &#8211; Pojedini austrijski politi\u010dari i liberalni muslimani smatraju i da \u0107e se u ovom centru propagirati radikalni islam.<\/strong><\/div>\n<p style=\"margin: 0px 0px 20px; padding: 0px; font-family: Arial, Helvetica, sans-serif; border: 0px;\">Jedan novootvoreni kulturni centar u Be\u010du nedavno je izazvao \u017eu\u010dne rasprave. Njegova bi zada\u0107a trebalo biti poticanje me\u0111uvjerskog dijaloga. Problem je, me\u0111utim, u tome da ga je sa 15 milijuna eura financirala upravo zemlja koja se kritizira zbog vjerske netrpeljivosti: Saudijska Arabija, donosi\u00a0<strong style=\"margin: 0px; padding: 0px; border: 0px; color: #ae310e; text-decoration: initial;\">Deutsche Welle<\/strong>.<\/p>\n<p style=\"margin: 0px 0px 20px; padding: 0px; font-family: Arial, Helvetica, sans-serif; border: 0px;\">Saudijskoj vladi zamjeraju da u Be\u010du financira me\u0111uvjerski dijalog, a kod ku\u0107e kr\u0161i ljudska prava. Pojedini austrijski politi\u010dari i liberalni muslimani smatraju i da \u0107e se u ovom centru propagirati radikalni islam. Tvrde da se vahabitizam Europom po\u010deo \u0161iriti iz zemalja jugoisto\u010dne Europe time \u0161to su bogati Saudijci tamo po\u010deli graditi brojne d\u017eamije i islamske centre.<\/p>\n<p style=\"margin: 0px 0px 20px; padding: 0px; font-family: Arial, Helvetica, sans-serif; border: 0px;\">(Vecernji)<\/p>\n","protected":false},"excerpt":{"rendered":"<p>Austrija &#8211; Pojedini austrijski politi\u010dari i liberalni muslimani smatraju i da \u0107e se u ovom centru propagirati radikalni islam. Jedan novootvoreni kulturni centar u Be\u010du nedavno je izazvao \u017eu\u010dne rasprave. Njegova bi zada\u0107a trebalo biti poticanje me\u0111uvjerskog dijaloga. Problem je, me\u0111utim, u tome da ga je sa 15 milijuna eura financirala upravo zemlja koja se [&hellip;]<\/p>\n","protected":false},"author":16,"featured_media":57769,"comment_status":"open","ping_status":"open","sticky":false,"template":"","format":"standard","meta":{"footnotes":""},"categories":[9539,9],"tags":[],"class_list":{"0":"post-57768","1":"post","2":"type-post","3":"status-publish","4":"format-standard","5":"has-post-thumbnail","7":"category-austrija-dijaspora-gradovi-vase-vijesti","8":"category-svijet"},"yoast_head":"<!-- This site is optimized with the Yoast SEO Premium plugin v23.1 (Yoast SEO v24.9) - https:\/\/yoast.com\/wordpress\/plugins\/seo\/ -->\n<title>Be\u010dki centar za kulturu kao alibi za vjersku netrpeljivost?<\/title>\n<meta name=\"robots\" content=\"index, follow, max-snippet:-1, max-image-preview:large, max-video-preview:-1\" \/>\n<link rel=\"canonical\" href=\"https:\/\/sandzakpress.net\/arhiva\/becki-centar-za-kulturu-kao-alibi-za-vjersku-netrpeljivost\/\" \/>\n<meta property=\"og:locale\" content=\"bs_BA\" \/>\n<meta property=\"og:type\" content=\"article\" \/>\n<meta property=\"og:title\" content=\"Be\u010dki centar za kulturu kao alibi za vjersku netrpeljivost?\" \/>\n<meta property=\"og:description\" content=\"Austrija &#8211; Pojedini austrijski politi\u010dari i liberalni muslimani smatraju i da \u0107e se u ovom centru propagirati radikalni islam. Jedan novootvoreni kulturni centar u Be\u010du nedavno je izazvao \u017eu\u010dne rasprave. Njegova bi zada\u0107a trebalo biti poticanje me\u0111uvjerskog dijaloga. Problem je, me\u0111utim, u tome da ga je sa 15 milijuna eura financirala upravo zemlja koja se [&hellip;]\" \/>\n<meta property=\"og:url\" content=\"https:\/\/sandzakpress.net\/arhiva\/becki-centar-za-kulturu-kao-alibi-za-vjersku-netrpeljivost\/\" \/>\n<meta property=\"og:site_name\" content=\"Sand\u017eak PRESS\" \/>\n<meta property=\"article:published_time\" content=\"2012-12-11T17:48:10+00:00\" \/>\n<meta property=\"og:image\" content=\"https:\/\/sandzakpress.net\/arhiva\/wp-content\/uploads\/2012\/12\/austria-bec-2.jpg\" \/>\n\t<meta property=\"og:image:width\" content=\"381\" \/>\n\t<meta property=\"og:image:height\" content=\"222\" \/>\n\t<meta property=\"og:image:type\" content=\"image\/jpeg\" \/>\n<meta name=\"twitter:card\" content=\"summary_large_image\" \/>\n<meta name=\"twitter:label1\" content=\"Written by\" \/>\n\t<meta name=\"twitter:data1\" content=\"\" \/>\n\t<meta name=\"twitter:label2\" content=\"Est. reading time\" \/>\n\t<meta name=\"twitter:data2\" content=\"1 minuta\" \/>\n<script type=\"application\/ld+json\" class=\"yoast-schema-graph\">{\"@context\":\"https:\/\/schema.org\",\"@graph\":[{\"@type\":\"Article\",\"@id\":\"https:\/\/sandzakpress.net\/arhiva\/becki-centar-za-kulturu-kao-alibi-za-vjersku-netrpeljivost\/#article\",\"isPartOf\":{\"@id\":\"https:\/\/sandzakpress.net\/arhiva\/becki-centar-za-kulturu-kao-alibi-za-vjersku-netrpeljivost\/\"},\"author\":{\"name\":\"\",\"@id\":\"\"},\"headline\":\"Be\u010dki centar za kulturu kao alibi za vjersku netrpeljivost?\",\"datePublished\":\"2012-12-11T17:48:10+00:00\",\"mainEntityOfPage\":{\"@id\":\"https:\/\/sandzakpress.net\/arhiva\/becki-centar-za-kulturu-kao-alibi-za-vjersku-netrpeljivost\/\"},\"wordCount\":145,\"commentCount\":0,\"publisher\":{\"@id\":\"https:\/\/sandzakpress.net\/arhiva\/#\/schema\/person\/6e72b67d6e51910a1117b3b483ba20bd\"},\"image\":{\"@id\":\"https:\/\/sandzakpress.net\/arhiva\/becki-centar-za-kulturu-kao-alibi-za-vjersku-netrpeljivost\/#primaryimage\"},\"thumbnailUrl\":\"https:\/\/sandzakpress.net\/arhiva\/wp-content\/uploads\/2012\/12\/austria-bec-2.jpg\",\"articleSection\":[\"Austrija\",\"Svijet\"],\"inLanguage\":\"bs-BA\",\"potentialAction\":[{\"@type\":\"CommentAction\",\"name\":\"Comment\",\"target\":[\"https:\/\/sandzakpress.net\/arhiva\/becki-centar-za-kulturu-kao-alibi-za-vjersku-netrpeljivost\/#respond\"]}]},{\"@type\":\"WebPage\",\"@id\":\"https:\/\/sandzakpress.net\/arhiva\/becki-centar-za-kulturu-kao-alibi-za-vjersku-netrpeljivost\/\",\"url\":\"https:\/\/sandzakpress.net\/arhiva\/becki-centar-za-kulturu-kao-alibi-za-vjersku-netrpeljivost\/\",\"name\":\"Be\u010dki centar za kulturu kao alibi za vjersku netrpeljivost?\",\"isPartOf\":{\"@id\":\"https:\/\/sandzakpress.net\/arhiva\/#website\"},\"primaryImageOfPage\":{\"@id\":\"https:\/\/sandzakpress.net\/arhiva\/becki-centar-za-kulturu-kao-alibi-za-vjersku-netrpeljivost\/#primaryimage\"},\"image\":{\"@id\":\"https:\/\/sandzakpress.net\/arhiva\/becki-centar-za-kulturu-kao-alibi-za-vjersku-netrpeljivost\/#primaryimage\"},\"thumbnailUrl\":\"https:\/\/sandzakpress.net\/arhiva\/wp-content\/uploads\/2012\/12\/austria-bec-2.jpg\",\"datePublished\":\"2012-12-11T17:48:10+00:00\",\"breadcrumb\":{\"@id\":\"https:\/\/sandzakpress.net\/arhiva\/becki-centar-za-kulturu-kao-alibi-za-vjersku-netrpeljivost\/#breadcrumb\"},\"inLanguage\":\"bs-BA\",\"potentialAction\":[{\"@type\":\"ReadAction\",\"target\":[\"https:\/\/sandzakpress.net\/arhiva\/becki-centar-za-kulturu-kao-alibi-za-vjersku-netrpeljivost\/\"]}]},{\"@type\":\"ImageObject\",\"inLanguage\":\"bs-BA\",\"@id\":\"https:\/\/sandzakpress.net\/arhiva\/becki-centar-za-kulturu-kao-alibi-za-vjersku-netrpeljivost\/#primaryimage\",\"url\":\"https:\/\/sandzakpress.net\/arhiva\/wp-content\/uploads\/2012\/12\/austria-bec-2.jpg\",\"contentUrl\":\"https:\/\/sandzakpress.net\/arhiva\/wp-content\/uploads\/2012\/12\/austria-bec-2.jpg\",\"width\":381,\"height\":222},{\"@type\":\"BreadcrumbList\",\"@id\":\"https:\/\/sandzakpress.net\/arhiva\/becki-centar-za-kulturu-kao-alibi-za-vjersku-netrpeljivost\/#breadcrumb\",\"itemListElement\":[{\"@type\":\"ListItem\",\"position\":1,\"name\":\"Home\",\"item\":\"https:\/\/sandzakpress.net\/arhiva\/\"},{\"@type\":\"ListItem\",\"position\":2,\"name\":\"Be\u010dki centar za kulturu kao alibi za vjersku netrpeljivost?\"}]},{\"@type\":\"WebSite\",\"@id\":\"https:\/\/sandzakpress.net\/arhiva\/#website\",\"url\":\"https:\/\/sandzakpress.net\/arhiva\/\",\"name\":\"Sand\u017eak PRESS\",\"description\":\"Prve elektronske novine u Sand\u017eaku\",\"publisher\":{\"@id\":\"https:\/\/sandzakpress.net\/arhiva\/#\/schema\/person\/6e72b67d6e51910a1117b3b483ba20bd\"},\"potentialAction\":[{\"@type\":\"SearchAction\",\"target\":{\"@type\":\"EntryPoint\",\"urlTemplate\":\"https:\/\/sandzakpress.net\/arhiva\/?s={search_term_string}\"},\"query-input\":{\"@type\":\"PropertyValueSpecification\",\"valueRequired\":true,\"valueName\":\"search_term_string\"}}],\"inLanguage\":\"bs-BA\"},{\"@type\":[\"Person\",\"Organization\"],\"@id\":\"https:\/\/sandzakpress.net\/arhiva\/#\/schema\/person\/6e72b67d6e51910a1117b3b483ba20bd\",\"name\":\"Kul\",\"image\":{\"@type\":\"ImageObject\",\"inLanguage\":\"bs-BA\",\"@id\":\"https:\/\/sandzakpress.net\/arhiva\/#\/schema\/person\/image\/\",\"url\":\"https:\/\/secure.gravatar.com\/avatar\/42263f39aa27ac04c43cab85c280eb2e?s=96&d=mm&r=pg\",\"contentUrl\":\"https:\/\/secure.gravatar.com\/avatar\/42263f39aa27ac04c43cab85c280eb2e?s=96&d=mm&r=pg\",\"caption\":\"Kul\"},\"logo\":{\"@id\":\"https:\/\/sandzakpress.net\/arhiva\/#\/schema\/person\/image\/\"}},{\"@type\":\"Person\",\"@id\":\"\",\"url\":\"https:\/\/sandzakpress.net\/arhiva\/author\/\"}]}<\/script>\n<!-- \/ Yoast SEO Premium plugin. -->","yoast_head_json":{"title":"Be\u010dki centar za kulturu kao alibi za vjersku netrpeljivost?","robots":{"index":"index","follow":"follow","max-snippet":"max-snippet:-1","max-image-preview":"max-image-preview:large","max-video-preview":"max-video-preview:-1"},"canonical":"https:\/\/sandzakpress.net\/arhiva\/becki-centar-za-kulturu-kao-alibi-za-vjersku-netrpeljivost\/","og_locale":"bs_BA","og_type":"article","og_title":"Be\u010dki centar za kulturu kao alibi za vjersku netrpeljivost?","og_description":"Austrija &#8211; Pojedini austrijski politi\u010dari i liberalni muslimani smatraju i da \u0107e se u ovom centru propagirati radikalni islam. Jedan novootvoreni kulturni centar u Be\u010du nedavno je izazvao \u017eu\u010dne rasprave. Njegova bi zada\u0107a trebalo biti poticanje me\u0111uvjerskog dijaloga. Problem je, me\u0111utim, u tome da ga je sa 15 milijuna eura financirala upravo zemlja koja se [&hellip;]","og_url":"https:\/\/sandzakpress.net\/arhiva\/becki-centar-za-kulturu-kao-alibi-za-vjersku-netrpeljivost\/","og_site_name":"Sand\u017eak PRESS","article_published_time":"2012-12-11T17:48:10+00:00","og_image":[{"width":381,"height":222,"url":"https:\/\/sandzakpress.net\/arhiva\/wp-content\/uploads\/2012\/12\/austria-bec-2.jpg","type":"image\/jpeg"}],"twitter_card":"summary_large_image","twitter_misc":{"Written by":"","Est. reading time":"1 minuta"},"schema":{"@context":"https:\/\/schema.org","@graph":[{"@type":"Article","@id":"https:\/\/sandzakpress.net\/arhiva\/becki-centar-za-kulturu-kao-alibi-za-vjersku-netrpeljivost\/#article","isPartOf":{"@id":"https:\/\/sandzakpress.net\/arhiva\/becki-centar-za-kulturu-kao-alibi-za-vjersku-netrpeljivost\/"},"author":{"name":"","@id":""},"headline":"Be\u010dki centar za kulturu kao alibi za vjersku netrpeljivost?","datePublished":"2012-12-11T17:48:10+00:00","mainEntityOfPage":{"@id":"https:\/\/sandzakpress.net\/arhiva\/becki-centar-za-kulturu-kao-alibi-za-vjersku-netrpeljivost\/"},"wordCount":145,"commentCount":0,"publisher":{"@id":"https:\/\/sandzakpress.net\/arhiva\/#\/schema\/person\/6e72b67d6e51910a1117b3b483ba20bd"},"image":{"@id":"https:\/\/sandzakpress.net\/arhiva\/becki-centar-za-kulturu-kao-alibi-za-vjersku-netrpeljivost\/#primaryimage"},"thumbnailUrl":"https:\/\/sandzakpress.net\/arhiva\/wp-content\/uploads\/2012\/12\/austria-bec-2.jpg","articleSection":["Austrija","Svijet"],"inLanguage":"bs-BA","potentialAction":[{"@type":"CommentAction","name":"Comment","target":["https:\/\/sandzakpress.net\/arhiva\/becki-centar-za-kulturu-kao-alibi-za-vjersku-netrpeljivost\/#respond"]}]},{"@type":"WebPage","@id":"https:\/\/sandzakpress.net\/arhiva\/becki-centar-za-kulturu-kao-alibi-za-vjersku-netrpeljivost\/","url":"https:\/\/sandzakpress.net\/arhiva\/becki-centar-za-kulturu-kao-alibi-za-vjersku-netrpeljivost\/","name":"Be\u010dki centar za kulturu kao alibi za vjersku netrpeljivost?","isPartOf":{"@id":"https:\/\/sandzakpress.net\/arhiva\/#website"},"primaryImageOfPage":{"@id":"https:\/\/sandzakpress.net\/arhiva\/becki-centar-za-kulturu-kao-alibi-za-vjersku-netrpeljivost\/#primaryimage"},"image":{"@id":"https:\/\/sandzakpress.net\/arhiva\/becki-centar-za-kulturu-kao-alibi-za-vjersku-netrpeljivost\/#primaryimage"},"thumbnailUrl":"https:\/\/sandzakpress.net\/arhiva\/wp-content\/uploads\/2012\/12\/austria-bec-2.jpg","datePublished":"2012-12-11T17:48:10+00:00","breadcrumb":{"@id":"https:\/\/sandzakpress.net\/arhiva\/becki-centar-za-kulturu-kao-alibi-za-vjersku-netrpeljivost\/#breadcrumb"},"inLanguage":"bs-BA","potentialAction":[{"@type":"ReadAction","target":["https:\/\/sandzakpress.net\/arhiva\/becki-centar-za-kulturu-kao-alibi-za-vjersku-netrpeljivost\/"]}]},{"@type":"ImageObject","inLanguage":"bs-BA","@id":"https:\/\/sandzakpress.net\/arhiva\/becki-centar-za-kulturu-kao-alibi-za-vjersku-netrpeljivost\/#primaryimage","url":"https:\/\/sandzakpress.net\/arhiva\/wp-content\/uploads\/2012\/12\/austria-bec-2.jpg","contentUrl":"https:\/\/sandzakpress.net\/arhiva\/wp-content\/uploads\/2012\/12\/austria-bec-2.jpg","width":381,"height":222},{"@type":"BreadcrumbList","@id":"https:\/\/sandzakpress.net\/arhiva\/becki-centar-za-kulturu-kao-alibi-za-vjersku-netrpeljivost\/#breadcrumb","itemListElement":[{"@type":"ListItem","position":1,"name":"Home","item":"https:\/\/sandzakpress.net\/arhiva\/"},{"@type":"ListItem","position":2,"name":"Be\u010dki centar za kulturu kao alibi za vjersku netrpeljivost?"}]},{"@type":"WebSite","@id":"https:\/\/sandzakpress.net\/arhiva\/#website","url":"https:\/\/sandzakpress.net\/arhiva\/","name":"Sand\u017eak PRESS","description":"Prve elektronske novine u Sand\u017eaku","publisher":{"@id":"https:\/\/sandzakpress.net\/arhiva\/#\/schema\/person\/6e72b67d6e51910a1117b3b483ba20bd"},"potentialAction":[{"@type":"SearchAction","target":{"@type":"EntryPoint","urlTemplate":"https:\/\/sandzakpress.net\/arhiva\/?s={search_term_string}"},"query-input":{"@type":"PropertyValueSpecification","valueRequired":true,"valueName":"search_term_string"}}],"inLanguage":"bs-BA"},{"@type":["Person","Organization"],"@id":"https:\/\/sandzakpress.net\/arhiva\/#\/schema\/person\/6e72b67d6e51910a1117b3b483ba20bd","name":"Kul","image":{"@type":"ImageObject","inLanguage":"bs-BA","@id":"https:\/\/sandzakpress.net\/arhiva\/#\/schema\/person\/image\/","url":"https:\/\/secure.gravatar.com\/avatar\/42263f39aa27ac04c43cab85c280eb2e?s=96&d=mm&r=pg","contentUrl":"https:\/\/secure.gravatar.com\/avatar\/42263f39aa27ac04c43cab85c280eb2e?s=96&d=mm&r=pg","caption":"Kul"},"logo":{"@id":"https:\/\/sandzakpress.net\/arhiva\/#\/schema\/person\/image\/"}},{"@type":"Person","@id":"","url":"https:\/\/sandzakpress.net\/arhiva\/author\/"}]}},"_links":{"self":[{"href":"https:\/\/sandzakpress.net\/arhiva\/wp-json\/wp\/v2\/posts\/57768"}],"collection":[{"href":"https:\/\/sandzakpress.net\/arhiva\/wp-json\/wp\/v2\/posts"}],"about":[{"href":"https:\/\/sandzakpress.net\/arhiva\/wp-json\/wp\/v2\/types\/post"}],"author":[{"embeddable":true,"href":"https:\/\/sandzakpress.net\/arhiva\/wp-json\/wp\/v2\/users\/16"}],"replies":[{"embeddable":true,"href":"https:\/\/sandzakpress.net\/arhiva\/wp-json\/wp\/v2\/comments?post=57768"}],"version-history":[{"count":0,"href":"https:\/\/sandzakpress.net\/arhiva\/wp-json\/wp\/v2\/posts\/57768\/revisions"}],"wp:featuredmedia":[{"embeddable":true,"href":"https:\/\/sandzakpress.net\/arhiva\/wp-json\/wp\/v2\/media\/57769"}],"wp:attachment":[{"href":"https:\/\/sandzakpress.net\/arhiva\/wp-json\/wp\/v2\/media?parent=57768"}],"wp:term":[{"taxonomy":"category","embeddable":true,"href":"https:\/\/sandzakpress.net\/arhiva\/wp-json\/wp\/v2\/categories?post=57768"},{"taxonomy":"post_tag","embeddable":true,"href":"https:\/\/sandzakpress.net\/arhiva\/wp-json\/wp\/v2\/tags?post=57768"}],"curies":[{"name":"wp","href":"https:\/\/api.w.org\/{rel}","templated":true}]}}