{"id":57556,"date":"2012-12-10T18:21:12","date_gmt":"2012-12-10T17:21:12","guid":{"rendered":"https:\/\/sandzakpress.net\/arhiva\/?p=57556"},"modified":"2012-12-10T18:21:12","modified_gmt":"2012-12-10T17:21:12","slug":"na-ahiret-preselio-predsjednik-odbora-islamske-zajednice-pljevlja-bahrija-brahic","status":"publish","type":"post","link":"https:\/\/sandzakpress.net\/arhiva\/na-ahiret-preselio-predsjednik-odbora-islamske-zajednice-pljevlja-bahrija-brahic\/","title":{"rendered":"Na Ahiret preselio predsjednik Odbora Islamske zajednice Pljevlja Bahrija Brahi\u0107"},"content":{"rendered":"<p><strong><a href=\"https:\/\/sandzakpress.net\/arhiva\/wp-content\/uploads\/2012\/12\/1-300x200.jpg\"><img loading=\"lazy\" decoding=\"async\" class=\"alignleft size-full wp-image-57557\" title=\"1-300x200\" src=\"https:\/\/sandzakpress.net\/arhiva\/wp-content\/uploads\/2012\/12\/1-300x200.jpg\" alt=\"\" width=\"300\" height=\"200\" \/><\/a>Pljevlja &#8211; Nakon kratke bolesti u 79 godini na Ahiret je preselio predsjednik Odbora Islamske zajednice Pljevlja\u00a0Bahrija Brahi\u0107. U subotu 08. 12. 2012. nakon ikindije namaza d\u017eenazu rahmetliji klanjao je veliki broj d\u017eematlija, a d\u017eenazu namaz je predvodio\u00a0Enis ef. Burd\u017eovi\u0107, izaslanik reisa Islamske zajednice u Crnoj Gori Rifata ef. Fejzi\u0107a i \u0161ef Vjersko-prosvjetne slu\u017ebe Me\u0161ihata Islamske zajednice u Crnoj Gori.<\/strong><\/p>\n<p>Nakon klanjanja d\u017eenaze, u obra\u0107anju d\u017eematlijama Enis ef.\u00a0 je kazao da je rahmetli Bahrija bio ugledan Pljevljak i veliki promoter kulture i tradicije pljevaljskog kraja koju je promovisao \u0161irom Evrope. Ovoliki broj rodbine, prijatelja, kom\u0161ija i sugra\u0111ana prisutnih na poslednjem ispra\u0107aju rahmetlije, govori u prilog tome.<\/p>\n<p>\u201eSvaki grad \u010dine pored ostalog i veliki i zaslu\u017eni ljudi, te ono \u0161to oni iza sebe ostave. Imao sam \u010dast da upoznam rahmetli Bahriju i mnogo puta smo razgovarali o \u00a0pojedinim pitanjima vezanim za rad Islamske zajednice i vidio sam kod njega jako \u0161iroke poglede i dobru organizacionu sposobnost. Svojevremeno kao \u010dlan Sabora Islamske zajednice u Crnoj Gori i kao \u010dlan saborskih komisija dao je zna\u010dajan doprinos u kreiranju brojnih odredbi prilikom dono\u0161enja Ustava Islamske zajednice u Crnoj Gori. Zadnjih nekoliko godina, rahmetli Bahrija uspje\u0161no rukovodi Odborom islamske zajednice Pljevlja i za to vrijeme pokre\u0107e mnoge projekte, me\u0111u kojima je najzna\u010dajniji uspje\u0161an zavr\u0161etak sanacije Husein pa\u0161ine d\u017eamije u Pljevljima, na koji je bio posebno ponosan. Te\u0161ko je u ovoj situaciji pritisnutoj emocijama na\u0107i dostojne rije\u010di da se izraze svi ljudski i humanisti\u010dki kvaliteti rahmetli Bahrije\u201c, izme\u0111u ostalog istakao je ef. Burd\u017eovi\u0107.<\/p>\n<p>Bahrija Brahi\u0107 je ro\u0111en 1934 godine u Pljevljima, gdje je zavr\u0161io osnovno i srednje \u0161kolovanje. Visoko obrazovanje je zavr\u0161io u Zagrebu i cio radni vijek je proveo u Pljevljima.<\/p>\n<p>Bio je vrstan muzi\u010dar i svojevremeno je bio aktivni \u010dlan Kulturno-umjetni\u010dkog dru\u0161tva \u201eVolo\u0111a\u201c, \u010dlan uprave, kao i jedno vrijeme predsjednik Dru\u0161tva. Svirao je flautu u Velikom zabavnom i Estradnom orkestru. Pored flaute svirao je i trubu, sa kojom je kao solista proslavio Dru\u0161tvo i grad Pljevlja, posebno kompozicijom \u201eTi\u0161ina\u201c. Svirao je i u gradskom tambura\u0161kom orkestru. Rade\u0107i kao komandir gradske Vatrogasne \u010dete i kao muzi\u010dar dobitnik je mnogih priznanja i nagrada.<\/p>\n<p>Islamska zajednica, kao i grad Pljevlja su ostali uglednog d\u017eematlije, kao i dobrog organizatora koji je svojim trudom i zalaganjem dao maksimalni i neprocjenjiv doprinos napretku islamske zajednice i nadasve velikog \u010dovjeka. Nad njegovim kaburom prilikom poslednjeg ispra\u0107aja odlomke iz Kur'ana u\u010dilo je devet imama, \u0161to dovoljno govori o ljudskoj i moralnoj veli\u010dini rahmetlije.<\/p>\n<p>(monteislam)<\/p>\n","protected":false},"excerpt":{"rendered":"<p>Pljevlja &#8211; Nakon kratke bolesti u 79 godini na Ahiret je preselio predsjednik Odbora Islamske zajednice Pljevlja\u00a0Bahrija Brahi\u0107. U subotu 08. 12. 2012. nakon ikindije namaza d\u017eenazu rahmetliji klanjao je veliki broj d\u017eematlija, a d\u017eenazu namaz je predvodio\u00a0Enis ef. Burd\u017eovi\u0107, izaslanik reisa Islamske zajednice u Crnoj Gori Rifata ef. Fejzi\u0107a i \u0161ef Vjersko-prosvjetne slu\u017ebe Me\u0161ihata [&hellip;]<\/p>\n","protected":false},"author":16,"featured_media":57557,"comment_status":"open","ping_status":"open","sticky":false,"template":"","format":"standard","meta":{"footnotes":""},"categories":[395,802],"tags":[],"class_list":{"0":"post-57556","1":"post","2":"type-post","3":"status-publish","4":"format-standard","5":"has-post-thumbnail","7":"category-pljevlja_","8":"category-islamska_zajednica"},"yoast_head":"<!-- This site is optimized with the Yoast SEO Premium plugin v23.1 (Yoast SEO v24.9) - https:\/\/yoast.com\/wordpress\/plugins\/seo\/ -->\n<title>Na Ahiret preselio predsjednik Odbora Islamske zajednice Pljevlja Bahrija Brahi\u0107<\/title>\n<meta name=\"robots\" content=\"index, follow, max-snippet:-1, max-image-preview:large, max-video-preview:-1\" \/>\n<link rel=\"canonical\" href=\"https:\/\/sandzakpress.net\/arhiva\/na-ahiret-preselio-predsjednik-odbora-islamske-zajednice-pljevlja-bahrija-brahic\/\" \/>\n<meta property=\"og:locale\" content=\"bs_BA\" \/>\n<meta property=\"og:type\" content=\"article\" \/>\n<meta property=\"og:title\" content=\"Na Ahiret preselio predsjednik Odbora Islamske zajednice Pljevlja Bahrija Brahi\u0107\" \/>\n<meta property=\"og:description\" content=\"Pljevlja &#8211; Nakon kratke bolesti u 79 godini na Ahiret je preselio predsjednik Odbora Islamske zajednice Pljevlja\u00a0Bahrija Brahi\u0107. U subotu 08. 12. 2012. nakon ikindije namaza d\u017eenazu rahmetliji klanjao je veliki broj d\u017eematlija, a d\u017eenazu namaz je predvodio\u00a0Enis ef. Burd\u017eovi\u0107, izaslanik reisa Islamske zajednice u Crnoj Gori Rifata ef. Fejzi\u0107a i \u0161ef Vjersko-prosvjetne slu\u017ebe Me\u0161ihata [&hellip;]\" \/>\n<meta property=\"og:url\" content=\"https:\/\/sandzakpress.net\/arhiva\/na-ahiret-preselio-predsjednik-odbora-islamske-zajednice-pljevlja-bahrija-brahic\/\" \/>\n<meta property=\"og:site_name\" content=\"Sand\u017eak PRESS\" \/>\n<meta property=\"article:published_time\" content=\"2012-12-10T17:21:12+00:00\" \/>\n<meta property=\"og:image\" content=\"https:\/\/sandzakpress.net\/arhiva\/wp-content\/uploads\/2012\/12\/1-300x200.jpg\" \/>\n\t<meta property=\"og:image:width\" content=\"300\" \/>\n\t<meta property=\"og:image:height\" content=\"200\" \/>\n\t<meta property=\"og:image:type\" content=\"image\/jpeg\" \/>\n<meta name=\"twitter:card\" content=\"summary_large_image\" \/>\n<meta name=\"twitter:label1\" content=\"Written by\" \/>\n\t<meta name=\"twitter:data1\" content=\"\" \/>\n\t<meta name=\"twitter:label2\" content=\"Est. reading time\" \/>\n\t<meta name=\"twitter:data2\" content=\"2 minute\" \/>\n<script type=\"application\/ld+json\" class=\"yoast-schema-graph\">{\"@context\":\"https:\/\/schema.org\",\"@graph\":[{\"@type\":\"Article\",\"@id\":\"https:\/\/sandzakpress.net\/arhiva\/na-ahiret-preselio-predsjednik-odbora-islamske-zajednice-pljevlja-bahrija-brahic\/#article\",\"isPartOf\":{\"@id\":\"https:\/\/sandzakpress.net\/arhiva\/na-ahiret-preselio-predsjednik-odbora-islamske-zajednice-pljevlja-bahrija-brahic\/\"},\"author\":{\"name\":\"\",\"@id\":\"\"},\"headline\":\"Na Ahiret preselio predsjednik Odbora Islamske zajednice Pljevlja Bahrija Brahi\u0107\",\"datePublished\":\"2012-12-10T17:21:12+00:00\",\"mainEntityOfPage\":{\"@id\":\"https:\/\/sandzakpress.net\/arhiva\/na-ahiret-preselio-predsjednik-odbora-islamske-zajednice-pljevlja-bahrija-brahic\/\"},\"wordCount\":457,\"commentCount\":1,\"publisher\":{\"@id\":\"https:\/\/sandzakpress.net\/arhiva\/#\/schema\/person\/6e72b67d6e51910a1117b3b483ba20bd\"},\"image\":{\"@id\":\"https:\/\/sandzakpress.net\/arhiva\/na-ahiret-preselio-predsjednik-odbora-islamske-zajednice-pljevlja-bahrija-brahic\/#primaryimage\"},\"thumbnailUrl\":\"https:\/\/sandzakpress.net\/arhiva\/wp-content\/uploads\/2012\/12\/1-300x200.jpg\",\"articleSection\":[\"Pljevlja\",\"Islamska zajednica\"],\"inLanguage\":\"bs-BA\",\"potentialAction\":[{\"@type\":\"CommentAction\",\"name\":\"Comment\",\"target\":[\"https:\/\/sandzakpress.net\/arhiva\/na-ahiret-preselio-predsjednik-odbora-islamske-zajednice-pljevlja-bahrija-brahic\/#respond\"]}]},{\"@type\":\"WebPage\",\"@id\":\"https:\/\/sandzakpress.net\/arhiva\/na-ahiret-preselio-predsjednik-odbora-islamske-zajednice-pljevlja-bahrija-brahic\/\",\"url\":\"https:\/\/sandzakpress.net\/arhiva\/na-ahiret-preselio-predsjednik-odbora-islamske-zajednice-pljevlja-bahrija-brahic\/\",\"name\":\"Na Ahiret preselio predsjednik Odbora Islamske zajednice Pljevlja Bahrija Brahi\u0107\",\"isPartOf\":{\"@id\":\"https:\/\/sandzakpress.net\/arhiva\/#website\"},\"primaryImageOfPage\":{\"@id\":\"https:\/\/sandzakpress.net\/arhiva\/na-ahiret-preselio-predsjednik-odbora-islamske-zajednice-pljevlja-bahrija-brahic\/#primaryimage\"},\"image\":{\"@id\":\"https:\/\/sandzakpress.net\/arhiva\/na-ahiret-preselio-predsjednik-odbora-islamske-zajednice-pljevlja-bahrija-brahic\/#primaryimage\"},\"thumbnailUrl\":\"https:\/\/sandzakpress.net\/arhiva\/wp-content\/uploads\/2012\/12\/1-300x200.jpg\",\"datePublished\":\"2012-12-10T17:21:12+00:00\",\"breadcrumb\":{\"@id\":\"https:\/\/sandzakpress.net\/arhiva\/na-ahiret-preselio-predsjednik-odbora-islamske-zajednice-pljevlja-bahrija-brahic\/#breadcrumb\"},\"inLanguage\":\"bs-BA\",\"potentialAction\":[{\"@type\":\"ReadAction\",\"target\":[\"https:\/\/sandzakpress.net\/arhiva\/na-ahiret-preselio-predsjednik-odbora-islamske-zajednice-pljevlja-bahrija-brahic\/\"]}]},{\"@type\":\"ImageObject\",\"inLanguage\":\"bs-BA\",\"@id\":\"https:\/\/sandzakpress.net\/arhiva\/na-ahiret-preselio-predsjednik-odbora-islamske-zajednice-pljevlja-bahrija-brahic\/#primaryimage\",\"url\":\"https:\/\/sandzakpress.net\/arhiva\/wp-content\/uploads\/2012\/12\/1-300x200.jpg\",\"contentUrl\":\"https:\/\/sandzakpress.net\/arhiva\/wp-content\/uploads\/2012\/12\/1-300x200.jpg\",\"width\":300,\"height\":200},{\"@type\":\"BreadcrumbList\",\"@id\":\"https:\/\/sandzakpress.net\/arhiva\/na-ahiret-preselio-predsjednik-odbora-islamske-zajednice-pljevlja-bahrija-brahic\/#breadcrumb\",\"itemListElement\":[{\"@type\":\"ListItem\",\"position\":1,\"name\":\"Home\",\"item\":\"https:\/\/sandzakpress.net\/arhiva\/\"},{\"@type\":\"ListItem\",\"position\":2,\"name\":\"Na Ahiret preselio predsjednik Odbora Islamske zajednice Pljevlja Bahrija Brahi\u0107\"}]},{\"@type\":\"WebSite\",\"@id\":\"https:\/\/sandzakpress.net\/arhiva\/#website\",\"url\":\"https:\/\/sandzakpress.net\/arhiva\/\",\"name\":\"Sand\u017eak PRESS\",\"description\":\"Prve elektronske novine u Sand\u017eaku\",\"publisher\":{\"@id\":\"https:\/\/sandzakpress.net\/arhiva\/#\/schema\/person\/6e72b67d6e51910a1117b3b483ba20bd\"},\"potentialAction\":[{\"@type\":\"SearchAction\",\"target\":{\"@type\":\"EntryPoint\",\"urlTemplate\":\"https:\/\/sandzakpress.net\/arhiva\/?s={search_term_string}\"},\"query-input\":{\"@type\":\"PropertyValueSpecification\",\"valueRequired\":true,\"valueName\":\"search_term_string\"}}],\"inLanguage\":\"bs-BA\"},{\"@type\":[\"Person\",\"Organization\"],\"@id\":\"https:\/\/sandzakpress.net\/arhiva\/#\/schema\/person\/6e72b67d6e51910a1117b3b483ba20bd\",\"name\":\"Kul\",\"image\":{\"@type\":\"ImageObject\",\"inLanguage\":\"bs-BA\",\"@id\":\"https:\/\/sandzakpress.net\/arhiva\/#\/schema\/person\/image\/\",\"url\":\"https:\/\/secure.gravatar.com\/avatar\/42263f39aa27ac04c43cab85c280eb2e?s=96&d=mm&r=pg\",\"contentUrl\":\"https:\/\/secure.gravatar.com\/avatar\/42263f39aa27ac04c43cab85c280eb2e?s=96&d=mm&r=pg\",\"caption\":\"Kul\"},\"logo\":{\"@id\":\"https:\/\/sandzakpress.net\/arhiva\/#\/schema\/person\/image\/\"}},{\"@type\":\"Person\",\"@id\":\"\",\"url\":\"https:\/\/sandzakpress.net\/arhiva\/author\/\"}]}<\/script>\n<!-- \/ Yoast SEO Premium plugin. -->","yoast_head_json":{"title":"Na Ahiret preselio predsjednik Odbora Islamske zajednice Pljevlja Bahrija Brahi\u0107","robots":{"index":"index","follow":"follow","max-snippet":"max-snippet:-1","max-image-preview":"max-image-preview:large","max-video-preview":"max-video-preview:-1"},"canonical":"https:\/\/sandzakpress.net\/arhiva\/na-ahiret-preselio-predsjednik-odbora-islamske-zajednice-pljevlja-bahrija-brahic\/","og_locale":"bs_BA","og_type":"article","og_title":"Na Ahiret preselio predsjednik Odbora Islamske zajednice Pljevlja Bahrija Brahi\u0107","og_description":"Pljevlja &#8211; Nakon kratke bolesti u 79 godini na Ahiret je preselio predsjednik Odbora Islamske zajednice Pljevlja\u00a0Bahrija Brahi\u0107. U subotu 08. 12. 2012. nakon ikindije namaza d\u017eenazu rahmetliji klanjao je veliki broj d\u017eematlija, a d\u017eenazu namaz je predvodio\u00a0Enis ef. Burd\u017eovi\u0107, izaslanik reisa Islamske zajednice u Crnoj Gori Rifata ef. Fejzi\u0107a i \u0161ef Vjersko-prosvjetne slu\u017ebe Me\u0161ihata [&hellip;]","og_url":"https:\/\/sandzakpress.net\/arhiva\/na-ahiret-preselio-predsjednik-odbora-islamske-zajednice-pljevlja-bahrija-brahic\/","og_site_name":"Sand\u017eak PRESS","article_published_time":"2012-12-10T17:21:12+00:00","og_image":[{"width":300,"height":200,"url":"https:\/\/sandzakpress.net\/arhiva\/wp-content\/uploads\/2012\/12\/1-300x200.jpg","type":"image\/jpeg"}],"twitter_card":"summary_large_image","twitter_misc":{"Written by":"","Est. reading time":"2 minute"},"schema":{"@context":"https:\/\/schema.org","@graph":[{"@type":"Article","@id":"https:\/\/sandzakpress.net\/arhiva\/na-ahiret-preselio-predsjednik-odbora-islamske-zajednice-pljevlja-bahrija-brahic\/#article","isPartOf":{"@id":"https:\/\/sandzakpress.net\/arhiva\/na-ahiret-preselio-predsjednik-odbora-islamske-zajednice-pljevlja-bahrija-brahic\/"},"author":{"name":"","@id":""},"headline":"Na Ahiret preselio predsjednik Odbora Islamske zajednice Pljevlja Bahrija Brahi\u0107","datePublished":"2012-12-10T17:21:12+00:00","mainEntityOfPage":{"@id":"https:\/\/sandzakpress.net\/arhiva\/na-ahiret-preselio-predsjednik-odbora-islamske-zajednice-pljevlja-bahrija-brahic\/"},"wordCount":457,"commentCount":1,"publisher":{"@id":"https:\/\/sandzakpress.net\/arhiva\/#\/schema\/person\/6e72b67d6e51910a1117b3b483ba20bd"},"image":{"@id":"https:\/\/sandzakpress.net\/arhiva\/na-ahiret-preselio-predsjednik-odbora-islamske-zajednice-pljevlja-bahrija-brahic\/#primaryimage"},"thumbnailUrl":"https:\/\/sandzakpress.net\/arhiva\/wp-content\/uploads\/2012\/12\/1-300x200.jpg","articleSection":["Pljevlja","Islamska zajednica"],"inLanguage":"bs-BA","potentialAction":[{"@type":"CommentAction","name":"Comment","target":["https:\/\/sandzakpress.net\/arhiva\/na-ahiret-preselio-predsjednik-odbora-islamske-zajednice-pljevlja-bahrija-brahic\/#respond"]}]},{"@type":"WebPage","@id":"https:\/\/sandzakpress.net\/arhiva\/na-ahiret-preselio-predsjednik-odbora-islamske-zajednice-pljevlja-bahrija-brahic\/","url":"https:\/\/sandzakpress.net\/arhiva\/na-ahiret-preselio-predsjednik-odbora-islamske-zajednice-pljevlja-bahrija-brahic\/","name":"Na Ahiret preselio predsjednik Odbora Islamske zajednice Pljevlja Bahrija Brahi\u0107","isPartOf":{"@id":"https:\/\/sandzakpress.net\/arhiva\/#website"},"primaryImageOfPage":{"@id":"https:\/\/sandzakpress.net\/arhiva\/na-ahiret-preselio-predsjednik-odbora-islamske-zajednice-pljevlja-bahrija-brahic\/#primaryimage"},"image":{"@id":"https:\/\/sandzakpress.net\/arhiva\/na-ahiret-preselio-predsjednik-odbora-islamske-zajednice-pljevlja-bahrija-brahic\/#primaryimage"},"thumbnailUrl":"https:\/\/sandzakpress.net\/arhiva\/wp-content\/uploads\/2012\/12\/1-300x200.jpg","datePublished":"2012-12-10T17:21:12+00:00","breadcrumb":{"@id":"https:\/\/sandzakpress.net\/arhiva\/na-ahiret-preselio-predsjednik-odbora-islamske-zajednice-pljevlja-bahrija-brahic\/#breadcrumb"},"inLanguage":"bs-BA","potentialAction":[{"@type":"ReadAction","target":["https:\/\/sandzakpress.net\/arhiva\/na-ahiret-preselio-predsjednik-odbora-islamske-zajednice-pljevlja-bahrija-brahic\/"]}]},{"@type":"ImageObject","inLanguage":"bs-BA","@id":"https:\/\/sandzakpress.net\/arhiva\/na-ahiret-preselio-predsjednik-odbora-islamske-zajednice-pljevlja-bahrija-brahic\/#primaryimage","url":"https:\/\/sandzakpress.net\/arhiva\/wp-content\/uploads\/2012\/12\/1-300x200.jpg","contentUrl":"https:\/\/sandzakpress.net\/arhiva\/wp-content\/uploads\/2012\/12\/1-300x200.jpg","width":300,"height":200},{"@type":"BreadcrumbList","@id":"https:\/\/sandzakpress.net\/arhiva\/na-ahiret-preselio-predsjednik-odbora-islamske-zajednice-pljevlja-bahrija-brahic\/#breadcrumb","itemListElement":[{"@type":"ListItem","position":1,"name":"Home","item":"https:\/\/sandzakpress.net\/arhiva\/"},{"@type":"ListItem","position":2,"name":"Na Ahiret preselio predsjednik Odbora Islamske zajednice Pljevlja Bahrija Brahi\u0107"}]},{"@type":"WebSite","@id":"https:\/\/sandzakpress.net\/arhiva\/#website","url":"https:\/\/sandzakpress.net\/arhiva\/","name":"Sand\u017eak PRESS","description":"Prve elektronske novine u Sand\u017eaku","publisher":{"@id":"https:\/\/sandzakpress.net\/arhiva\/#\/schema\/person\/6e72b67d6e51910a1117b3b483ba20bd"},"potentialAction":[{"@type":"SearchAction","target":{"@type":"EntryPoint","urlTemplate":"https:\/\/sandzakpress.net\/arhiva\/?s={search_term_string}"},"query-input":{"@type":"PropertyValueSpecification","valueRequired":true,"valueName":"search_term_string"}}],"inLanguage":"bs-BA"},{"@type":["Person","Organization"],"@id":"https:\/\/sandzakpress.net\/arhiva\/#\/schema\/person\/6e72b67d6e51910a1117b3b483ba20bd","name":"Kul","image":{"@type":"ImageObject","inLanguage":"bs-BA","@id":"https:\/\/sandzakpress.net\/arhiva\/#\/schema\/person\/image\/","url":"https:\/\/secure.gravatar.com\/avatar\/42263f39aa27ac04c43cab85c280eb2e?s=96&d=mm&r=pg","contentUrl":"https:\/\/secure.gravatar.com\/avatar\/42263f39aa27ac04c43cab85c280eb2e?s=96&d=mm&r=pg","caption":"Kul"},"logo":{"@id":"https:\/\/sandzakpress.net\/arhiva\/#\/schema\/person\/image\/"}},{"@type":"Person","@id":"","url":"https:\/\/sandzakpress.net\/arhiva\/author\/"}]}},"_links":{"self":[{"href":"https:\/\/sandzakpress.net\/arhiva\/wp-json\/wp\/v2\/posts\/57556"}],"collection":[{"href":"https:\/\/sandzakpress.net\/arhiva\/wp-json\/wp\/v2\/posts"}],"about":[{"href":"https:\/\/sandzakpress.net\/arhiva\/wp-json\/wp\/v2\/types\/post"}],"author":[{"embeddable":true,"href":"https:\/\/sandzakpress.net\/arhiva\/wp-json\/wp\/v2\/users\/16"}],"replies":[{"embeddable":true,"href":"https:\/\/sandzakpress.net\/arhiva\/wp-json\/wp\/v2\/comments?post=57556"}],"version-history":[{"count":0,"href":"https:\/\/sandzakpress.net\/arhiva\/wp-json\/wp\/v2\/posts\/57556\/revisions"}],"wp:featuredmedia":[{"embeddable":true,"href":"https:\/\/sandzakpress.net\/arhiva\/wp-json\/wp\/v2\/media\/57557"}],"wp:attachment":[{"href":"https:\/\/sandzakpress.net\/arhiva\/wp-json\/wp\/v2\/media?parent=57556"}],"wp:term":[{"taxonomy":"category","embeddable":true,"href":"https:\/\/sandzakpress.net\/arhiva\/wp-json\/wp\/v2\/categories?post=57556"},{"taxonomy":"post_tag","embeddable":true,"href":"https:\/\/sandzakpress.net\/arhiva\/wp-json\/wp\/v2\/tags?post=57556"}],"curies":[{"name":"wp","href":"https:\/\/api.w.org\/{rel}","templated":true}]}}