{"id":57514,"date":"2012-12-10T17:42:08","date_gmt":"2012-12-10T16:42:08","guid":{"rendered":"https:\/\/sandzakpress.net\/arhiva\/?p=57514"},"modified":"2012-12-10T17:42:08","modified_gmt":"2012-12-10T16:42:08","slug":"otvoren-prijelaz-izmedu-kosova-i-srbije","status":"publish","type":"post","link":"https:\/\/sandzakpress.net\/arhiva\/otvoren-prijelaz-izmedu-kosova-i-srbije\/","title":{"rendered":"Otvoren prijelaz izme\u0111u Kosova i Srbije"},"content":{"rendered":"<p><strong><a href=\"https:\/\/sandzakpress.net\/arhiva\/wp-content\/uploads\/2012\/12\/f1_jarinje1355125573.jpg\"><img loading=\"lazy\" decoding=\"async\" class=\"alignleft size-medium wp-image-57518\" title=\"f1_jarinje1355125573\" src=\"https:\/\/sandzakpress.net\/arhiva\/wp-content\/uploads\/2012\/12\/f1_jarinje1355125573-300x192.jpg\" alt=\"\" width=\"300\" height=\"192\" \/><\/a>Kosovo, NP &#8211; Prijelaz Jarinje izme\u0111u Kosova i Srbije zvani\u010dno je otvoren u ponedjeljak ujutru. Na prijelazu je postavljeno \u0161est kontejnera \u2013 u tri su smje\u0161teni predstavnici MUP-a Srbije, a u ostala tri predstavnici Kosovske policije i EULEX-a.<\/strong><\/p>\n<p>Reporteri RSE javljaju da se po\u0161tuje dogovor i da na prijelazu nema nikakvih dr\u017eavnih obilje\u017eja.<\/p>\n<p>\u0160ef pregovara\u010dkog tima Beograda u tehni\u010dkom dijalogu sa Pri\u0161tinom Dejan Pavi\u0107evi\u0107 je medijima dan ranije, tokom obilaska radova, izjavio da ne o\u010dekuje probleme u sprovo\u0111enju dogovora o integrisanom upravljanju prijelazima (IBM) i potvrdio da \u0107e primjena tog sporazuma na prijelazu kod Jarinja krenuti ve\u0107 u ponedjeljak.<\/p>\n<p>Rekao je da je najva\u017enije da radovi teku po planu \u0161to su, kako je naveo, potvrdili i izvo\u0111a\u010di radova.<\/p>\n<p>U ponedjeljak, 10. decembra, prema dogovoru koji su postigli premijeri Srbije i Kosova, Ivica Da\u010di\u0107 i Hashim Tha\u00e7i u Briselu po\u0161le nedjelje, na dva prijelaza na sjeveru Kosova bit \u0107e uvedeno integrisano upravljanje granicama (IBM).<\/p>\n<p>Do kraja godine bit \u0107e otvorena jo\u0161 dva prijelaza izme\u0111u Kosova i Srbije.<\/p>\n<p>(Bosnjak-KS)<\/p>\n","protected":false},"excerpt":{"rendered":"<p>Kosovo, NP &#8211; Prijelaz Jarinje izme\u0111u Kosova i Srbije zvani\u010dno je otvoren u ponedjeljak ujutru. Na prijelazu je postavljeno \u0161est kontejnera \u2013 u tri su smje\u0161teni predstavnici MUP-a Srbije, a u ostala tri predstavnici Kosovske policije i EULEX-a. Reporteri RSE javljaju da se po\u0161tuje dogovor i da na prijelazu nema nikakvih dr\u017eavnih obilje\u017eja. \u0160ef pregovara\u010dkog [&hellip;]<\/p>\n","protected":false},"author":16,"featured_media":57518,"comment_status":"open","ping_status":"open","sticky":false,"template":"","format":"standard","meta":{"footnotes":""},"categories":[72,2690,3],"tags":[],"class_list":{"0":"post-57514","1":"post","2":"type-post","3":"status-publish","4":"format-standard","5":"has-post-thumbnail","7":"category-novi-pazar","8":"category-kosovo-gradovi","9":"category-privreda"},"yoast_head":"<!-- This site is optimized with the Yoast SEO Premium plugin v23.1 (Yoast SEO v24.9) - https:\/\/yoast.com\/wordpress\/plugins\/seo\/ -->\n<title>Otvoren prijelaz izme\u0111u Kosova i Srbije<\/title>\n<meta name=\"robots\" content=\"index, follow, max-snippet:-1, max-image-preview:large, max-video-preview:-1\" \/>\n<link rel=\"canonical\" href=\"https:\/\/sandzakpress.net\/arhiva\/otvoren-prijelaz-izmedu-kosova-i-srbije\/\" \/>\n<meta property=\"og:locale\" content=\"bs_BA\" \/>\n<meta property=\"og:type\" content=\"article\" \/>\n<meta property=\"og:title\" content=\"Otvoren prijelaz izme\u0111u Kosova i Srbije\" \/>\n<meta property=\"og:description\" content=\"Kosovo, NP &#8211; Prijelaz Jarinje izme\u0111u Kosova i Srbije zvani\u010dno je otvoren u ponedjeljak ujutru. Na prijelazu je postavljeno \u0161est kontejnera \u2013 u tri su smje\u0161teni predstavnici MUP-a Srbije, a u ostala tri predstavnici Kosovske policije i EULEX-a. Reporteri RSE javljaju da se po\u0161tuje dogovor i da na prijelazu nema nikakvih dr\u017eavnih obilje\u017eja. \u0160ef pregovara\u010dkog [&hellip;]\" \/>\n<meta property=\"og:url\" content=\"https:\/\/sandzakpress.net\/arhiva\/otvoren-prijelaz-izmedu-kosova-i-srbije\/\" \/>\n<meta property=\"og:site_name\" content=\"Sand\u017eak PRESS\" \/>\n<meta property=\"article:published_time\" content=\"2012-12-10T16:42:08+00:00\" \/>\n<meta property=\"og:image\" content=\"https:\/\/sandzakpress.net\/arhiva\/wp-content\/uploads\/2012\/12\/f1_jarinje1355125573.jpg\" \/>\n\t<meta property=\"og:image:width\" content=\"411\" \/>\n\t<meta property=\"og:image:height\" content=\"264\" \/>\n\t<meta property=\"og:image:type\" content=\"image\/jpeg\" \/>\n<meta name=\"twitter:card\" content=\"summary_large_image\" \/>\n<meta name=\"twitter:label1\" content=\"Written by\" \/>\n\t<meta name=\"twitter:data1\" content=\"\" \/>\n\t<meta name=\"twitter:label2\" content=\"Est. reading time\" \/>\n\t<meta name=\"twitter:data2\" content=\"1 minuta\" \/>\n<script type=\"application\/ld+json\" class=\"yoast-schema-graph\">{\"@context\":\"https:\/\/schema.org\",\"@graph\":[{\"@type\":\"Article\",\"@id\":\"https:\/\/sandzakpress.net\/arhiva\/otvoren-prijelaz-izmedu-kosova-i-srbije\/#article\",\"isPartOf\":{\"@id\":\"https:\/\/sandzakpress.net\/arhiva\/otvoren-prijelaz-izmedu-kosova-i-srbije\/\"},\"author\":{\"name\":\"\",\"@id\":\"\"},\"headline\":\"Otvoren prijelaz izme\u0111u Kosova i Srbije\",\"datePublished\":\"2012-12-10T16:42:08+00:00\",\"mainEntityOfPage\":{\"@id\":\"https:\/\/sandzakpress.net\/arhiva\/otvoren-prijelaz-izmedu-kosova-i-srbije\/\"},\"wordCount\":191,\"commentCount\":0,\"publisher\":{\"@id\":\"https:\/\/sandzakpress.net\/arhiva\/#\/schema\/person\/6e72b67d6e51910a1117b3b483ba20bd\"},\"image\":{\"@id\":\"https:\/\/sandzakpress.net\/arhiva\/otvoren-prijelaz-izmedu-kosova-i-srbije\/#primaryimage\"},\"thumbnailUrl\":\"https:\/\/sandzakpress.net\/arhiva\/wp-content\/uploads\/2012\/12\/f1_jarinje1355125573.jpg\",\"articleSection\":[\"Novi Pazar\",\"Kosovo\",\"Privreda\"],\"inLanguage\":\"bs-BA\",\"potentialAction\":[{\"@type\":\"CommentAction\",\"name\":\"Comment\",\"target\":[\"https:\/\/sandzakpress.net\/arhiva\/otvoren-prijelaz-izmedu-kosova-i-srbije\/#respond\"]}]},{\"@type\":\"WebPage\",\"@id\":\"https:\/\/sandzakpress.net\/arhiva\/otvoren-prijelaz-izmedu-kosova-i-srbije\/\",\"url\":\"https:\/\/sandzakpress.net\/arhiva\/otvoren-prijelaz-izmedu-kosova-i-srbije\/\",\"name\":\"Otvoren prijelaz izme\u0111u Kosova i Srbije\",\"isPartOf\":{\"@id\":\"https:\/\/sandzakpress.net\/arhiva\/#website\"},\"primaryImageOfPage\":{\"@id\":\"https:\/\/sandzakpress.net\/arhiva\/otvoren-prijelaz-izmedu-kosova-i-srbije\/#primaryimage\"},\"image\":{\"@id\":\"https:\/\/sandzakpress.net\/arhiva\/otvoren-prijelaz-izmedu-kosova-i-srbije\/#primaryimage\"},\"thumbnailUrl\":\"https:\/\/sandzakpress.net\/arhiva\/wp-content\/uploads\/2012\/12\/f1_jarinje1355125573.jpg\",\"datePublished\":\"2012-12-10T16:42:08+00:00\",\"breadcrumb\":{\"@id\":\"https:\/\/sandzakpress.net\/arhiva\/otvoren-prijelaz-izmedu-kosova-i-srbije\/#breadcrumb\"},\"inLanguage\":\"bs-BA\",\"potentialAction\":[{\"@type\":\"ReadAction\",\"target\":[\"https:\/\/sandzakpress.net\/arhiva\/otvoren-prijelaz-izmedu-kosova-i-srbije\/\"]}]},{\"@type\":\"ImageObject\",\"inLanguage\":\"bs-BA\",\"@id\":\"https:\/\/sandzakpress.net\/arhiva\/otvoren-prijelaz-izmedu-kosova-i-srbije\/#primaryimage\",\"url\":\"https:\/\/sandzakpress.net\/arhiva\/wp-content\/uploads\/2012\/12\/f1_jarinje1355125573.jpg\",\"contentUrl\":\"https:\/\/sandzakpress.net\/arhiva\/wp-content\/uploads\/2012\/12\/f1_jarinje1355125573.jpg\",\"width\":411,\"height\":264},{\"@type\":\"BreadcrumbList\",\"@id\":\"https:\/\/sandzakpress.net\/arhiva\/otvoren-prijelaz-izmedu-kosova-i-srbije\/#breadcrumb\",\"itemListElement\":[{\"@type\":\"ListItem\",\"position\":1,\"name\":\"Home\",\"item\":\"https:\/\/sandzakpress.net\/arhiva\/\"},{\"@type\":\"ListItem\",\"position\":2,\"name\":\"Otvoren prijelaz izme\u0111u Kosova i Srbije\"}]},{\"@type\":\"WebSite\",\"@id\":\"https:\/\/sandzakpress.net\/arhiva\/#website\",\"url\":\"https:\/\/sandzakpress.net\/arhiva\/\",\"name\":\"Sand\u017eak PRESS\",\"description\":\"Prve elektronske novine u Sand\u017eaku\",\"publisher\":{\"@id\":\"https:\/\/sandzakpress.net\/arhiva\/#\/schema\/person\/6e72b67d6e51910a1117b3b483ba20bd\"},\"potentialAction\":[{\"@type\":\"SearchAction\",\"target\":{\"@type\":\"EntryPoint\",\"urlTemplate\":\"https:\/\/sandzakpress.net\/arhiva\/?s={search_term_string}\"},\"query-input\":{\"@type\":\"PropertyValueSpecification\",\"valueRequired\":true,\"valueName\":\"search_term_string\"}}],\"inLanguage\":\"bs-BA\"},{\"@type\":[\"Person\",\"Organization\"],\"@id\":\"https:\/\/sandzakpress.net\/arhiva\/#\/schema\/person\/6e72b67d6e51910a1117b3b483ba20bd\",\"name\":\"Kul\",\"image\":{\"@type\":\"ImageObject\",\"inLanguage\":\"bs-BA\",\"@id\":\"https:\/\/sandzakpress.net\/arhiva\/#\/schema\/person\/image\/\",\"url\":\"https:\/\/secure.gravatar.com\/avatar\/42263f39aa27ac04c43cab85c280eb2e?s=96&d=mm&r=pg\",\"contentUrl\":\"https:\/\/secure.gravatar.com\/avatar\/42263f39aa27ac04c43cab85c280eb2e?s=96&d=mm&r=pg\",\"caption\":\"Kul\"},\"logo\":{\"@id\":\"https:\/\/sandzakpress.net\/arhiva\/#\/schema\/person\/image\/\"}},{\"@type\":\"Person\",\"@id\":\"\",\"url\":\"https:\/\/sandzakpress.net\/arhiva\/author\/\"}]}<\/script>\n<!-- \/ Yoast SEO Premium plugin. -->","yoast_head_json":{"title":"Otvoren prijelaz izme\u0111u Kosova i Srbije","robots":{"index":"index","follow":"follow","max-snippet":"max-snippet:-1","max-image-preview":"max-image-preview:large","max-video-preview":"max-video-preview:-1"},"canonical":"https:\/\/sandzakpress.net\/arhiva\/otvoren-prijelaz-izmedu-kosova-i-srbije\/","og_locale":"bs_BA","og_type":"article","og_title":"Otvoren prijelaz izme\u0111u Kosova i Srbije","og_description":"Kosovo, NP &#8211; Prijelaz Jarinje izme\u0111u Kosova i Srbije zvani\u010dno je otvoren u ponedjeljak ujutru. Na prijelazu je postavljeno \u0161est kontejnera \u2013 u tri su smje\u0161teni predstavnici MUP-a Srbije, a u ostala tri predstavnici Kosovske policije i EULEX-a. Reporteri RSE javljaju da se po\u0161tuje dogovor i da na prijelazu nema nikakvih dr\u017eavnih obilje\u017eja. \u0160ef pregovara\u010dkog [&hellip;]","og_url":"https:\/\/sandzakpress.net\/arhiva\/otvoren-prijelaz-izmedu-kosova-i-srbije\/","og_site_name":"Sand\u017eak PRESS","article_published_time":"2012-12-10T16:42:08+00:00","og_image":[{"width":411,"height":264,"url":"https:\/\/sandzakpress.net\/arhiva\/wp-content\/uploads\/2012\/12\/f1_jarinje1355125573.jpg","type":"image\/jpeg"}],"twitter_card":"summary_large_image","twitter_misc":{"Written by":"","Est. reading time":"1 minuta"},"schema":{"@context":"https:\/\/schema.org","@graph":[{"@type":"Article","@id":"https:\/\/sandzakpress.net\/arhiva\/otvoren-prijelaz-izmedu-kosova-i-srbije\/#article","isPartOf":{"@id":"https:\/\/sandzakpress.net\/arhiva\/otvoren-prijelaz-izmedu-kosova-i-srbije\/"},"author":{"name":"","@id":""},"headline":"Otvoren prijelaz izme\u0111u Kosova i Srbije","datePublished":"2012-12-10T16:42:08+00:00","mainEntityOfPage":{"@id":"https:\/\/sandzakpress.net\/arhiva\/otvoren-prijelaz-izmedu-kosova-i-srbije\/"},"wordCount":191,"commentCount":0,"publisher":{"@id":"https:\/\/sandzakpress.net\/arhiva\/#\/schema\/person\/6e72b67d6e51910a1117b3b483ba20bd"},"image":{"@id":"https:\/\/sandzakpress.net\/arhiva\/otvoren-prijelaz-izmedu-kosova-i-srbije\/#primaryimage"},"thumbnailUrl":"https:\/\/sandzakpress.net\/arhiva\/wp-content\/uploads\/2012\/12\/f1_jarinje1355125573.jpg","articleSection":["Novi Pazar","Kosovo","Privreda"],"inLanguage":"bs-BA","potentialAction":[{"@type":"CommentAction","name":"Comment","target":["https:\/\/sandzakpress.net\/arhiva\/otvoren-prijelaz-izmedu-kosova-i-srbije\/#respond"]}]},{"@type":"WebPage","@id":"https:\/\/sandzakpress.net\/arhiva\/otvoren-prijelaz-izmedu-kosova-i-srbije\/","url":"https:\/\/sandzakpress.net\/arhiva\/otvoren-prijelaz-izmedu-kosova-i-srbije\/","name":"Otvoren prijelaz izme\u0111u Kosova i Srbije","isPartOf":{"@id":"https:\/\/sandzakpress.net\/arhiva\/#website"},"primaryImageOfPage":{"@id":"https:\/\/sandzakpress.net\/arhiva\/otvoren-prijelaz-izmedu-kosova-i-srbije\/#primaryimage"},"image":{"@id":"https:\/\/sandzakpress.net\/arhiva\/otvoren-prijelaz-izmedu-kosova-i-srbije\/#primaryimage"},"thumbnailUrl":"https:\/\/sandzakpress.net\/arhiva\/wp-content\/uploads\/2012\/12\/f1_jarinje1355125573.jpg","datePublished":"2012-12-10T16:42:08+00:00","breadcrumb":{"@id":"https:\/\/sandzakpress.net\/arhiva\/otvoren-prijelaz-izmedu-kosova-i-srbije\/#breadcrumb"},"inLanguage":"bs-BA","potentialAction":[{"@type":"ReadAction","target":["https:\/\/sandzakpress.net\/arhiva\/otvoren-prijelaz-izmedu-kosova-i-srbije\/"]}]},{"@type":"ImageObject","inLanguage":"bs-BA","@id":"https:\/\/sandzakpress.net\/arhiva\/otvoren-prijelaz-izmedu-kosova-i-srbije\/#primaryimage","url":"https:\/\/sandzakpress.net\/arhiva\/wp-content\/uploads\/2012\/12\/f1_jarinje1355125573.jpg","contentUrl":"https:\/\/sandzakpress.net\/arhiva\/wp-content\/uploads\/2012\/12\/f1_jarinje1355125573.jpg","width":411,"height":264},{"@type":"BreadcrumbList","@id":"https:\/\/sandzakpress.net\/arhiva\/otvoren-prijelaz-izmedu-kosova-i-srbije\/#breadcrumb","itemListElement":[{"@type":"ListItem","position":1,"name":"Home","item":"https:\/\/sandzakpress.net\/arhiva\/"},{"@type":"ListItem","position":2,"name":"Otvoren prijelaz izme\u0111u Kosova i Srbije"}]},{"@type":"WebSite","@id":"https:\/\/sandzakpress.net\/arhiva\/#website","url":"https:\/\/sandzakpress.net\/arhiva\/","name":"Sand\u017eak PRESS","description":"Prve elektronske novine u Sand\u017eaku","publisher":{"@id":"https:\/\/sandzakpress.net\/arhiva\/#\/schema\/person\/6e72b67d6e51910a1117b3b483ba20bd"},"potentialAction":[{"@type":"SearchAction","target":{"@type":"EntryPoint","urlTemplate":"https:\/\/sandzakpress.net\/arhiva\/?s={search_term_string}"},"query-input":{"@type":"PropertyValueSpecification","valueRequired":true,"valueName":"search_term_string"}}],"inLanguage":"bs-BA"},{"@type":["Person","Organization"],"@id":"https:\/\/sandzakpress.net\/arhiva\/#\/schema\/person\/6e72b67d6e51910a1117b3b483ba20bd","name":"Kul","image":{"@type":"ImageObject","inLanguage":"bs-BA","@id":"https:\/\/sandzakpress.net\/arhiva\/#\/schema\/person\/image\/","url":"https:\/\/secure.gravatar.com\/avatar\/42263f39aa27ac04c43cab85c280eb2e?s=96&d=mm&r=pg","contentUrl":"https:\/\/secure.gravatar.com\/avatar\/42263f39aa27ac04c43cab85c280eb2e?s=96&d=mm&r=pg","caption":"Kul"},"logo":{"@id":"https:\/\/sandzakpress.net\/arhiva\/#\/schema\/person\/image\/"}},{"@type":"Person","@id":"","url":"https:\/\/sandzakpress.net\/arhiva\/author\/"}]}},"_links":{"self":[{"href":"https:\/\/sandzakpress.net\/arhiva\/wp-json\/wp\/v2\/posts\/57514"}],"collection":[{"href":"https:\/\/sandzakpress.net\/arhiva\/wp-json\/wp\/v2\/posts"}],"about":[{"href":"https:\/\/sandzakpress.net\/arhiva\/wp-json\/wp\/v2\/types\/post"}],"author":[{"embeddable":true,"href":"https:\/\/sandzakpress.net\/arhiva\/wp-json\/wp\/v2\/users\/16"}],"replies":[{"embeddable":true,"href":"https:\/\/sandzakpress.net\/arhiva\/wp-json\/wp\/v2\/comments?post=57514"}],"version-history":[{"count":0,"href":"https:\/\/sandzakpress.net\/arhiva\/wp-json\/wp\/v2\/posts\/57514\/revisions"}],"wp:featuredmedia":[{"embeddable":true,"href":"https:\/\/sandzakpress.net\/arhiva\/wp-json\/wp\/v2\/media\/57518"}],"wp:attachment":[{"href":"https:\/\/sandzakpress.net\/arhiva\/wp-json\/wp\/v2\/media?parent=57514"}],"wp:term":[{"taxonomy":"category","embeddable":true,"href":"https:\/\/sandzakpress.net\/arhiva\/wp-json\/wp\/v2\/categories?post=57514"},{"taxonomy":"post_tag","embeddable":true,"href":"https:\/\/sandzakpress.net\/arhiva\/wp-json\/wp\/v2\/tags?post=57514"}],"curies":[{"name":"wp","href":"https:\/\/api.w.org\/{rel}","templated":true}]}}