{"id":57474,"date":"2012-12-10T17:08:47","date_gmt":"2012-12-10T16:08:47","guid":{"rendered":"https:\/\/sandzakpress.net\/arhiva\/?p=57474"},"modified":"2012-12-10T17:08:47","modified_gmt":"2012-12-10T16:08:47","slug":"odrzan-sastanak-mladih-gusinjana-u-vezi-referenduma-za-opstinu","status":"publish","type":"post","link":"https:\/\/sandzakpress.net\/arhiva\/odrzan-sastanak-mladih-gusinjana-u-vezi-referenduma-za-opstinu\/","title":{"rendered":"Odr\u017ean sastanak mladih Gusinjana u vezi Referenduma za Op\u0161tinu"},"content":{"rendered":"<p><strong><a href=\"https:\/\/sandzakpress.net\/arhiva\/wp-content\/uploads\/2012\/12\/DSC06047.jpg\"><img loading=\"lazy\" decoding=\"async\" class=\"alignleft size-medium wp-image-57476\" title=\"DSC06047\" src=\"https:\/\/sandzakpress.net\/arhiva\/wp-content\/uploads\/2012\/12\/DSC06047-300x225.jpg\" alt=\"\" width=\"300\" height=\"225\" \/><\/a>Plav &#8211; U nedjelju 9.12.2012. godine u Gusinju je odr\u017ean sastanak mladih Gusinjana. <\/strong><\/p>\n<p><strong><\/strong>Prvi sastanak je trebao biti ju\u010de (subota) u kancelariji Fondacije \u201cGusinje\u201d me\u0111utim zbog prevelikog interesovanja i potrebe za ve\u0107im prostorom sastanak je odr\u017ean ve\u010deras u jednoj od u\u010dionica Osnovne \u0161kole \u201cD\u017eafer Niko\u010devi\u0107\u201d koju nam je ustupila uprava te \u0161kole.<\/p>\n<p>Tema sastanka bila je predstoje\u0107i referendum za Op\u0161tinu Gusinje zakazan za 8.januar 2013.godine. Sastankom je predsjedavao Adel Omeragi\u0107, dok su gosti sastanka bili dr Said Ceki\u0107, predsjednik SO Plav i mr Huso Brdaki\u0107 gl. koordinator Fondacije \u201cGusinje\u201d. Na op\u0161te zadovoljstvo organizatora i gostiju, sastanku je prisustvovalo vi\u0161e od 50 mladih ljudi iz Gusinja koji su aktivno u\u010destvovali u razgovoru sa doma\u0107inima skupa. Mnogi su svoja pitanja vezana za proceduru referenduma uputili g. \u010ceki\u0107u, koji je dao op\u0161irna obavje\u0161tenja. Tako\u0111e, ispred Fondacije \u201cGusinje\u201d prisutne je pozdravio g. Brdaki\u0107 koji je prenio stavove te organizacije i spremnost da iza\u0111e u susret kako bi se referendum uspje\u0161no realizovao.<\/p>\n<p>Napomenuo je da se Fondacija aktivno uklju\u010dila i pomenuo da \u0107e kancelarija Fondacije biti otvorena za sve mlade sa bilo kakvim predlozima i sugestijama kako bi se referendum dobro organizovao.<\/p>\n<p>Na sastanku su formirani odbori mladih za Sarajevo, Podgoricu i Novi Pazar, \u010diji je zadatak da prikupe informacije o na\u0161im studentima u ovim gradovima, a tako\u0111e \u0107e biti formiran odbor za marketing, \u010diji \u0107e zadatak biti kreiranje logoa i slogana za referendum kao i saradnja sa medijima, tako\u0111e \u0107e biti formiran i odbor za saradnju i komunikaciju sa Savjetom MZ koji je u ovom slu\u010daju i nosioc kampanje.<\/p>\n<p>Dogovoreno je da se naredni sastanak odr\u017ei u toku slede\u0107e sedmice a o tome \u0107e mladi i javnost biti blagovremeno informisani. Podsje\u0107anja radi napominjemo da je ve\u010deras prije sastanka omladine odr\u017ean i sastanak tre\u0107i po redu Savjeta MZ a u vezi referenduma gdje je re\u010deno da u narednom periodu \u0107e Koordinacioni odbor imati i lokaciju gdje \u0107e se sastajati i izlaziti u susret sa bilo kakvim informacijama tj. kancelariju za Referendum u centru grada \u2013 kafana Royal pored pekare. Sve kancelarije \u0107e biti u slu\u017ebi \u0161to bolje organizacije i pru\u017eanja informacija vezanim za referendum.<\/p>\n<p>(gusinjefoundation)<\/p>\n","protected":false},"excerpt":{"rendered":"<p>Plav &#8211; U nedjelju 9.12.2012. godine u Gusinju je odr\u017ean sastanak mladih Gusinjana. Prvi sastanak je trebao biti ju\u010de (subota) u kancelariji Fondacije \u201cGusinje\u201d me\u0111utim zbog prevelikog interesovanja i potrebe za ve\u0107im prostorom sastanak je odr\u017ean ve\u010deras u jednoj od u\u010dionica Osnovne \u0161kole \u201cD\u017eafer Niko\u010devi\u0107\u201d koju nam je ustupila uprava te \u0161kole. Tema sastanka bila [&hellip;]<\/p>\n","protected":false},"author":16,"featured_media":57476,"comment_status":"open","ping_status":"open","sticky":false,"template":"","format":"standard","meta":{"footnotes":""},"categories":[800,399],"tags":[],"class_list":{"0":"post-57474","1":"post","2":"type-post","3":"status-publish","4":"format-standard","5":"has-post-thumbnail","7":"category-nacija","8":"category-plav_"},"yoast_head":"<!-- This site is optimized with the Yoast SEO Premium plugin v23.1 (Yoast SEO v24.9) - https:\/\/yoast.com\/wordpress\/plugins\/seo\/ -->\n<title>Odr\u017ean sastanak mladih Gusinjana u vezi Referenduma za Op\u0161tinu<\/title>\n<meta name=\"robots\" content=\"index, follow, max-snippet:-1, max-image-preview:large, max-video-preview:-1\" \/>\n<link rel=\"canonical\" href=\"https:\/\/sandzakpress.net\/arhiva\/odrzan-sastanak-mladih-gusinjana-u-vezi-referenduma-za-opstinu\/\" \/>\n<meta property=\"og:locale\" content=\"bs_BA\" \/>\n<meta property=\"og:type\" content=\"article\" \/>\n<meta property=\"og:title\" content=\"Odr\u017ean sastanak mladih Gusinjana u vezi Referenduma za Op\u0161tinu\" \/>\n<meta property=\"og:description\" content=\"Plav &#8211; U nedjelju 9.12.2012. godine u Gusinju je odr\u017ean sastanak mladih Gusinjana. Prvi sastanak je trebao biti ju\u010de (subota) u kancelariji Fondacije \u201cGusinje\u201d me\u0111utim zbog prevelikog interesovanja i potrebe za ve\u0107im prostorom sastanak je odr\u017ean ve\u010deras u jednoj od u\u010dionica Osnovne \u0161kole \u201cD\u017eafer Niko\u010devi\u0107\u201d koju nam je ustupila uprava te \u0161kole. Tema sastanka bila [&hellip;]\" \/>\n<meta property=\"og:url\" content=\"https:\/\/sandzakpress.net\/arhiva\/odrzan-sastanak-mladih-gusinjana-u-vezi-referenduma-za-opstinu\/\" \/>\n<meta property=\"og:site_name\" content=\"Sand\u017eak PRESS\" \/>\n<meta property=\"article:published_time\" content=\"2012-12-10T16:08:47+00:00\" \/>\n<meta property=\"og:image\" content=\"https:\/\/sandzakpress.net\/arhiva\/wp-content\/uploads\/2012\/12\/DSC06047.jpg\" \/>\n\t<meta property=\"og:image:width\" content=\"616\" \/>\n\t<meta property=\"og:image:height\" content=\"462\" \/>\n\t<meta property=\"og:image:type\" content=\"image\/jpeg\" \/>\n<meta name=\"twitter:card\" content=\"summary_large_image\" \/>\n<meta name=\"twitter:label1\" content=\"Written by\" \/>\n\t<meta name=\"twitter:data1\" content=\"\" \/>\n\t<meta name=\"twitter:label2\" content=\"Est. reading time\" \/>\n\t<meta name=\"twitter:data2\" content=\"2 minute\" \/>\n<script type=\"application\/ld+json\" class=\"yoast-schema-graph\">{\"@context\":\"https:\/\/schema.org\",\"@graph\":[{\"@type\":\"Article\",\"@id\":\"https:\/\/sandzakpress.net\/arhiva\/odrzan-sastanak-mladih-gusinjana-u-vezi-referenduma-za-opstinu\/#article\",\"isPartOf\":{\"@id\":\"https:\/\/sandzakpress.net\/arhiva\/odrzan-sastanak-mladih-gusinjana-u-vezi-referenduma-za-opstinu\/\"},\"author\":{\"name\":\"\",\"@id\":\"\"},\"headline\":\"Odr\u017ean sastanak mladih Gusinjana u vezi Referenduma za Op\u0161tinu\",\"datePublished\":\"2012-12-10T16:08:47+00:00\",\"mainEntityOfPage\":{\"@id\":\"https:\/\/sandzakpress.net\/arhiva\/odrzan-sastanak-mladih-gusinjana-u-vezi-referenduma-za-opstinu\/\"},\"wordCount\":393,\"commentCount\":0,\"publisher\":{\"@id\":\"https:\/\/sandzakpress.net\/arhiva\/#\/schema\/person\/6e72b67d6e51910a1117b3b483ba20bd\"},\"image\":{\"@id\":\"https:\/\/sandzakpress.net\/arhiva\/odrzan-sastanak-mladih-gusinjana-u-vezi-referenduma-za-opstinu\/#primaryimage\"},\"thumbnailUrl\":\"https:\/\/sandzakpress.net\/arhiva\/wp-content\/uploads\/2012\/12\/DSC06047.jpg\",\"articleSection\":[\"Nacija\",\"Plav\"],\"inLanguage\":\"bs-BA\",\"potentialAction\":[{\"@type\":\"CommentAction\",\"name\":\"Comment\",\"target\":[\"https:\/\/sandzakpress.net\/arhiva\/odrzan-sastanak-mladih-gusinjana-u-vezi-referenduma-za-opstinu\/#respond\"]}]},{\"@type\":\"WebPage\",\"@id\":\"https:\/\/sandzakpress.net\/arhiva\/odrzan-sastanak-mladih-gusinjana-u-vezi-referenduma-za-opstinu\/\",\"url\":\"https:\/\/sandzakpress.net\/arhiva\/odrzan-sastanak-mladih-gusinjana-u-vezi-referenduma-za-opstinu\/\",\"name\":\"Odr\u017ean sastanak mladih Gusinjana u vezi Referenduma za Op\u0161tinu\",\"isPartOf\":{\"@id\":\"https:\/\/sandzakpress.net\/arhiva\/#website\"},\"primaryImageOfPage\":{\"@id\":\"https:\/\/sandzakpress.net\/arhiva\/odrzan-sastanak-mladih-gusinjana-u-vezi-referenduma-za-opstinu\/#primaryimage\"},\"image\":{\"@id\":\"https:\/\/sandzakpress.net\/arhiva\/odrzan-sastanak-mladih-gusinjana-u-vezi-referenduma-za-opstinu\/#primaryimage\"},\"thumbnailUrl\":\"https:\/\/sandzakpress.net\/arhiva\/wp-content\/uploads\/2012\/12\/DSC06047.jpg\",\"datePublished\":\"2012-12-10T16:08:47+00:00\",\"breadcrumb\":{\"@id\":\"https:\/\/sandzakpress.net\/arhiva\/odrzan-sastanak-mladih-gusinjana-u-vezi-referenduma-za-opstinu\/#breadcrumb\"},\"inLanguage\":\"bs-BA\",\"potentialAction\":[{\"@type\":\"ReadAction\",\"target\":[\"https:\/\/sandzakpress.net\/arhiva\/odrzan-sastanak-mladih-gusinjana-u-vezi-referenduma-za-opstinu\/\"]}]},{\"@type\":\"ImageObject\",\"inLanguage\":\"bs-BA\",\"@id\":\"https:\/\/sandzakpress.net\/arhiva\/odrzan-sastanak-mladih-gusinjana-u-vezi-referenduma-za-opstinu\/#primaryimage\",\"url\":\"https:\/\/sandzakpress.net\/arhiva\/wp-content\/uploads\/2012\/12\/DSC06047.jpg\",\"contentUrl\":\"https:\/\/sandzakpress.net\/arhiva\/wp-content\/uploads\/2012\/12\/DSC06047.jpg\",\"width\":616,\"height\":462},{\"@type\":\"BreadcrumbList\",\"@id\":\"https:\/\/sandzakpress.net\/arhiva\/odrzan-sastanak-mladih-gusinjana-u-vezi-referenduma-za-opstinu\/#breadcrumb\",\"itemListElement\":[{\"@type\":\"ListItem\",\"position\":1,\"name\":\"Home\",\"item\":\"https:\/\/sandzakpress.net\/arhiva\/\"},{\"@type\":\"ListItem\",\"position\":2,\"name\":\"Odr\u017ean sastanak mladih Gusinjana u vezi Referenduma za Op\u0161tinu\"}]},{\"@type\":\"WebSite\",\"@id\":\"https:\/\/sandzakpress.net\/arhiva\/#website\",\"url\":\"https:\/\/sandzakpress.net\/arhiva\/\",\"name\":\"Sand\u017eak PRESS\",\"description\":\"Prve elektronske novine u Sand\u017eaku\",\"publisher\":{\"@id\":\"https:\/\/sandzakpress.net\/arhiva\/#\/schema\/person\/6e72b67d6e51910a1117b3b483ba20bd\"},\"potentialAction\":[{\"@type\":\"SearchAction\",\"target\":{\"@type\":\"EntryPoint\",\"urlTemplate\":\"https:\/\/sandzakpress.net\/arhiva\/?s={search_term_string}\"},\"query-input\":{\"@type\":\"PropertyValueSpecification\",\"valueRequired\":true,\"valueName\":\"search_term_string\"}}],\"inLanguage\":\"bs-BA\"},{\"@type\":[\"Person\",\"Organization\"],\"@id\":\"https:\/\/sandzakpress.net\/arhiva\/#\/schema\/person\/6e72b67d6e51910a1117b3b483ba20bd\",\"name\":\"Kul\",\"image\":{\"@type\":\"ImageObject\",\"inLanguage\":\"bs-BA\",\"@id\":\"https:\/\/sandzakpress.net\/arhiva\/#\/schema\/person\/image\/\",\"url\":\"https:\/\/secure.gravatar.com\/avatar\/42263f39aa27ac04c43cab85c280eb2e?s=96&d=mm&r=pg\",\"contentUrl\":\"https:\/\/secure.gravatar.com\/avatar\/42263f39aa27ac04c43cab85c280eb2e?s=96&d=mm&r=pg\",\"caption\":\"Kul\"},\"logo\":{\"@id\":\"https:\/\/sandzakpress.net\/arhiva\/#\/schema\/person\/image\/\"}},{\"@type\":\"Person\",\"@id\":\"\",\"url\":\"https:\/\/sandzakpress.net\/arhiva\/author\/\"}]}<\/script>\n<!-- \/ Yoast SEO Premium plugin. -->","yoast_head_json":{"title":"Odr\u017ean sastanak mladih Gusinjana u vezi Referenduma za Op\u0161tinu","robots":{"index":"index","follow":"follow","max-snippet":"max-snippet:-1","max-image-preview":"max-image-preview:large","max-video-preview":"max-video-preview:-1"},"canonical":"https:\/\/sandzakpress.net\/arhiva\/odrzan-sastanak-mladih-gusinjana-u-vezi-referenduma-za-opstinu\/","og_locale":"bs_BA","og_type":"article","og_title":"Odr\u017ean sastanak mladih Gusinjana u vezi Referenduma za Op\u0161tinu","og_description":"Plav &#8211; U nedjelju 9.12.2012. godine u Gusinju je odr\u017ean sastanak mladih Gusinjana. Prvi sastanak je trebao biti ju\u010de (subota) u kancelariji Fondacije \u201cGusinje\u201d me\u0111utim zbog prevelikog interesovanja i potrebe za ve\u0107im prostorom sastanak je odr\u017ean ve\u010deras u jednoj od u\u010dionica Osnovne \u0161kole \u201cD\u017eafer Niko\u010devi\u0107\u201d koju nam je ustupila uprava te \u0161kole. Tema sastanka bila [&hellip;]","og_url":"https:\/\/sandzakpress.net\/arhiva\/odrzan-sastanak-mladih-gusinjana-u-vezi-referenduma-za-opstinu\/","og_site_name":"Sand\u017eak PRESS","article_published_time":"2012-12-10T16:08:47+00:00","og_image":[{"width":616,"height":462,"url":"https:\/\/sandzakpress.net\/arhiva\/wp-content\/uploads\/2012\/12\/DSC06047.jpg","type":"image\/jpeg"}],"twitter_card":"summary_large_image","twitter_misc":{"Written by":"","Est. reading time":"2 minute"},"schema":{"@context":"https:\/\/schema.org","@graph":[{"@type":"Article","@id":"https:\/\/sandzakpress.net\/arhiva\/odrzan-sastanak-mladih-gusinjana-u-vezi-referenduma-za-opstinu\/#article","isPartOf":{"@id":"https:\/\/sandzakpress.net\/arhiva\/odrzan-sastanak-mladih-gusinjana-u-vezi-referenduma-za-opstinu\/"},"author":{"name":"","@id":""},"headline":"Odr\u017ean sastanak mladih Gusinjana u vezi Referenduma za Op\u0161tinu","datePublished":"2012-12-10T16:08:47+00:00","mainEntityOfPage":{"@id":"https:\/\/sandzakpress.net\/arhiva\/odrzan-sastanak-mladih-gusinjana-u-vezi-referenduma-za-opstinu\/"},"wordCount":393,"commentCount":0,"publisher":{"@id":"https:\/\/sandzakpress.net\/arhiva\/#\/schema\/person\/6e72b67d6e51910a1117b3b483ba20bd"},"image":{"@id":"https:\/\/sandzakpress.net\/arhiva\/odrzan-sastanak-mladih-gusinjana-u-vezi-referenduma-za-opstinu\/#primaryimage"},"thumbnailUrl":"https:\/\/sandzakpress.net\/arhiva\/wp-content\/uploads\/2012\/12\/DSC06047.jpg","articleSection":["Nacija","Plav"],"inLanguage":"bs-BA","potentialAction":[{"@type":"CommentAction","name":"Comment","target":["https:\/\/sandzakpress.net\/arhiva\/odrzan-sastanak-mladih-gusinjana-u-vezi-referenduma-za-opstinu\/#respond"]}]},{"@type":"WebPage","@id":"https:\/\/sandzakpress.net\/arhiva\/odrzan-sastanak-mladih-gusinjana-u-vezi-referenduma-za-opstinu\/","url":"https:\/\/sandzakpress.net\/arhiva\/odrzan-sastanak-mladih-gusinjana-u-vezi-referenduma-za-opstinu\/","name":"Odr\u017ean sastanak mladih Gusinjana u vezi Referenduma za Op\u0161tinu","isPartOf":{"@id":"https:\/\/sandzakpress.net\/arhiva\/#website"},"primaryImageOfPage":{"@id":"https:\/\/sandzakpress.net\/arhiva\/odrzan-sastanak-mladih-gusinjana-u-vezi-referenduma-za-opstinu\/#primaryimage"},"image":{"@id":"https:\/\/sandzakpress.net\/arhiva\/odrzan-sastanak-mladih-gusinjana-u-vezi-referenduma-za-opstinu\/#primaryimage"},"thumbnailUrl":"https:\/\/sandzakpress.net\/arhiva\/wp-content\/uploads\/2012\/12\/DSC06047.jpg","datePublished":"2012-12-10T16:08:47+00:00","breadcrumb":{"@id":"https:\/\/sandzakpress.net\/arhiva\/odrzan-sastanak-mladih-gusinjana-u-vezi-referenduma-za-opstinu\/#breadcrumb"},"inLanguage":"bs-BA","potentialAction":[{"@type":"ReadAction","target":["https:\/\/sandzakpress.net\/arhiva\/odrzan-sastanak-mladih-gusinjana-u-vezi-referenduma-za-opstinu\/"]}]},{"@type":"ImageObject","inLanguage":"bs-BA","@id":"https:\/\/sandzakpress.net\/arhiva\/odrzan-sastanak-mladih-gusinjana-u-vezi-referenduma-za-opstinu\/#primaryimage","url":"https:\/\/sandzakpress.net\/arhiva\/wp-content\/uploads\/2012\/12\/DSC06047.jpg","contentUrl":"https:\/\/sandzakpress.net\/arhiva\/wp-content\/uploads\/2012\/12\/DSC06047.jpg","width":616,"height":462},{"@type":"BreadcrumbList","@id":"https:\/\/sandzakpress.net\/arhiva\/odrzan-sastanak-mladih-gusinjana-u-vezi-referenduma-za-opstinu\/#breadcrumb","itemListElement":[{"@type":"ListItem","position":1,"name":"Home","item":"https:\/\/sandzakpress.net\/arhiva\/"},{"@type":"ListItem","position":2,"name":"Odr\u017ean sastanak mladih Gusinjana u vezi Referenduma za Op\u0161tinu"}]},{"@type":"WebSite","@id":"https:\/\/sandzakpress.net\/arhiva\/#website","url":"https:\/\/sandzakpress.net\/arhiva\/","name":"Sand\u017eak PRESS","description":"Prve elektronske novine u Sand\u017eaku","publisher":{"@id":"https:\/\/sandzakpress.net\/arhiva\/#\/schema\/person\/6e72b67d6e51910a1117b3b483ba20bd"},"potentialAction":[{"@type":"SearchAction","target":{"@type":"EntryPoint","urlTemplate":"https:\/\/sandzakpress.net\/arhiva\/?s={search_term_string}"},"query-input":{"@type":"PropertyValueSpecification","valueRequired":true,"valueName":"search_term_string"}}],"inLanguage":"bs-BA"},{"@type":["Person","Organization"],"@id":"https:\/\/sandzakpress.net\/arhiva\/#\/schema\/person\/6e72b67d6e51910a1117b3b483ba20bd","name":"Kul","image":{"@type":"ImageObject","inLanguage":"bs-BA","@id":"https:\/\/sandzakpress.net\/arhiva\/#\/schema\/person\/image\/","url":"https:\/\/secure.gravatar.com\/avatar\/42263f39aa27ac04c43cab85c280eb2e?s=96&d=mm&r=pg","contentUrl":"https:\/\/secure.gravatar.com\/avatar\/42263f39aa27ac04c43cab85c280eb2e?s=96&d=mm&r=pg","caption":"Kul"},"logo":{"@id":"https:\/\/sandzakpress.net\/arhiva\/#\/schema\/person\/image\/"}},{"@type":"Person","@id":"","url":"https:\/\/sandzakpress.net\/arhiva\/author\/"}]}},"_links":{"self":[{"href":"https:\/\/sandzakpress.net\/arhiva\/wp-json\/wp\/v2\/posts\/57474"}],"collection":[{"href":"https:\/\/sandzakpress.net\/arhiva\/wp-json\/wp\/v2\/posts"}],"about":[{"href":"https:\/\/sandzakpress.net\/arhiva\/wp-json\/wp\/v2\/types\/post"}],"author":[{"embeddable":true,"href":"https:\/\/sandzakpress.net\/arhiva\/wp-json\/wp\/v2\/users\/16"}],"replies":[{"embeddable":true,"href":"https:\/\/sandzakpress.net\/arhiva\/wp-json\/wp\/v2\/comments?post=57474"}],"version-history":[{"count":0,"href":"https:\/\/sandzakpress.net\/arhiva\/wp-json\/wp\/v2\/posts\/57474\/revisions"}],"wp:featuredmedia":[{"embeddable":true,"href":"https:\/\/sandzakpress.net\/arhiva\/wp-json\/wp\/v2\/media\/57476"}],"wp:attachment":[{"href":"https:\/\/sandzakpress.net\/arhiva\/wp-json\/wp\/v2\/media?parent=57474"}],"wp:term":[{"taxonomy":"category","embeddable":true,"href":"https:\/\/sandzakpress.net\/arhiva\/wp-json\/wp\/v2\/categories?post=57474"},{"taxonomy":"post_tag","embeddable":true,"href":"https:\/\/sandzakpress.net\/arhiva\/wp-json\/wp\/v2\/tags?post=57474"}],"curies":[{"name":"wp","href":"https:\/\/api.w.org\/{rel}","templated":true}]}}