{"id":57356,"date":"2012-12-08T21:19:05","date_gmt":"2012-12-08T20:19:05","guid":{"rendered":"https:\/\/sandzakpress.net\/arhiva\/?p=57356"},"modified":"2012-12-08T21:19:05","modified_gmt":"2012-12-08T20:19:05","slug":"u-crnoj-gori-sinoc-nevrijeme-sa-vjetrom-i-obilnim-padavinama","status":"publish","type":"post","link":"https:\/\/sandzakpress.net\/arhiva\/u-crnoj-gori-sinoc-nevrijeme-sa-vjetrom-i-obilnim-padavinama\/","title":{"rendered":"U Crnoj Gori sino\u0107 nevrijeme sa vjetrom i obilnim padavinama"},"content":{"rendered":"<p><strong><a href=\"https:\/\/sandzakpress.net\/arhiva\/wp-content\/uploads\/2012\/12\/zabljak_snijeg_3.jpg\"><img loading=\"lazy\" decoding=\"async\" class=\"alignleft size-full wp-image-57357\" title=\"zabljak_snijeg_3\" src=\"https:\/\/sandzakpress.net\/arhiva\/wp-content\/uploads\/2012\/12\/zabljak_snijeg_3.jpg\" alt=\"\" width=\"140\" height=\"120\" \/><\/a>Ju\u017eni Sand\u017eak &#8211; Sjutra \u0107e, ka\u017eu iz HMZCG, na jugu Crne Gore biti hladno i vjetrovito, padavine se ponegdje o\u010dekuju tokom prijepodneva, u poslijepodnevnim satima postepeno razvedravanje.<\/strong><\/p>\n<p>U sjevernim predjelima veoma hladno, povremeno sa snijegom ili snije\u017enom me\u0107avom, poslijepodne postepen prestanak padavina. Vjetar umjeren do jak, na udare povremeno veoma jak, sjeverni i sjeveroisto\u010dni.<\/p>\n<p>Jutarnja temperatura vazduha od -14 do 2, najvi\u0161a dnevna od -10 do 7 stepeni.<\/p>\n<p>Podgorica: Vjetrovito i hladno, ve\u0107 u prvom djelu dana do\u0107i\u0107e do prestanka padavina i smanjenja obla\u010dnosti. Vjetar povremeno umjeren do jak, sjeveroisto\u010dni. Jutarnja temperatura vazduha oko 0, najvi\u0161a dnevna do 4 stepeni.<\/p>\n<p>Nevrijeme sa vjetrom i velikim atmosferskim pra\u017enjenjima, koje je sino\u0107 zahvatilo Crnu Goru, prouzrokovalo je prekide na elektrodistributivnoj mre\u017ei.<\/p>\n<p>Gradovi u Crnoj Gori danas su uglavnom bili uredno snabdjeveni elektri\u010dnom energijom dok smo probleme imali i i dalje imamo na seoskom podru\u010dju, saop\u0161teno je Portalu Analitika iz PR slu\u017ebe Elektroprivrede Crne Gore.<\/p>\n<p>\u0160to se ti\u010de stanja elektrodistributivne mre\u017ee u Podgorici, dio potro\u0161a\u010da iz nekoliko gradskih ulica je bez napajanja elektri\u010dnom energijom, kao i potro\u0161a\u010di sa podru\u010dja Lijeve Rijeke.<\/p>\n<p>Ekipe su na terenu i rade na otklanjanju kvara.<\/p>\n<p>Oko 12 sati do\u0161lo je do havarije u 10 kV trafostanici Silos u Pljevljima, tako da su potro\u0161a\u010di iz djelova grada: Golubinja, Potrlica, Naselje C, ulica Milo\u0161a To\u0161i\u0107a dio ulice Kralja Petra, bez napajanja elektri\u010dnom energijom. Ekipe rade na otklanjanju kvara \u0161to je prije mogu\u0107e \u0161to umnogome zavisi od vremenskih prilika koje su i dalje vrlo lo\u0161e.<\/p>\n<p>Na Cetinju je zbog kvara na dalekovodu za Dobrsko selo bez napajanja to selo i Meterizi. Bez napajanja eu trenutno i Rva\u0161i, Dodo\u0161i, Prevlaka, Dujeva, \u017dabljak Crnojevi\u0107a Kosijeri, \u0106ekli\u0107i i \u0110inovi\u0107i. Zbog velikih atmosferskih pra\u017enjenja, Elektrodistribucija Cetinje je, radi mjera predostro\u017enosti, isklju\u010dila dalekovod 10kV IvanovaKorita-Lov\u0107en, kako bi izbjegla havarije na njima. Dalekovod \u0107e biti uklju\u010deni u toku dana \u010dim se stabilizuju vremenske prilike. Prije dva sata do\u0161lo je do kvara na trafostanici Bajice 1 pa je podru\u010dje Bajica bez napajanja elektri\u010dnom energijom a kako je kvar ve\u0107i, postoji mogu\u0107nost da Bajice ve\u010deras ne dobiju elektri\u010dnu energiju.<\/p>\n<p>U Nik\u0161i\u0107u nije bilo ve\u0107ih problema sa snabdijevanjem elektri\u010dnom energijom, osim ispada dijela dalekovoda Lipova Ravan, pa potro\u0161a\u010di sela: Praga, Jasenovo Polje i Dubrava nemaju uredno snabdijevanje elektri\u010dnom energijom. Tako\u0111e bez napajanja su, zbog kvara na dalekovodu, dio Gornjeg polja, Brezovik, \u0160ume i Sjenokos.<\/p>\n<p>I u Beranama je, u ovom momentu, bez napona oko 700 potro\u0161a\u010da koji se napajaju preko 10kV dalekovoda Petnjica.<\/p>\n<p>Sve raspolo\u017eive ekipe Elektroprivrede Crne Gore su na terenu i rade na lociranju i otklanjanju kvarova pa iz EPCG mole potro\u0161a\u010de za razumijevanje, jer \u0107e njihove ekipe u\u010diniti sve da u najkra\u0107em roku otklone probleme u snabdijevanju elektri\u010dnom energijom.<\/p>\n<p>Pijavica koja je jutros oko 10.30 do\u0161la sa mora i protutnjala preko Bijele, poskidala je cigle sa krova Osnovne \u0161kole &#8220;Orjenski Bataljon&#8221;, raznijela ih po dvori\u0161tu obli\u017enjeg vrti\u0107a, kao i po \u0161kolskom dvori\u0161tu, prenosi Radio Jadran.<\/p>\n<p>&#8211; Sva sre\u0107a \u0161to je vikend, tako da nije bilo djece, ali ipak sam zabranila prilaz danas onim mali\u0161anima koji tokom popodneva imaju treninge u \u0161koli iz bezbjednosnih razloga &#8211; ka\u017ee direktorka Jarmila Radovi\u0107.<\/p>\n<p>Ona dodaje da je \u0161teta sigurno velika, ali ne mo\u017ee precizirati kolika.<\/p>\n<p>Ova \u0161kola pretrpjela je veliku \u0161tetu i tokom nevremena u septembru, kada su u\u010dionice bile potpuno poplavljene. Obnova i postavljanje novog poda ko\u0161tala je tada 3.000 eura. Koliko \u0107e sada popravka krova, jo\u0161 se ne zna.<\/p>\n<p>Ina\u010de, ciklon \u010cajo je, kako za Atlas TV ka\u017ee direktor HMZCG Luka Mitrovi\u0107, nije imao intenzitet kakav su o\u010dekivali, ipak je danas Crnoj Gori donio obimne padavine &#8211; na jugu i u centralnom dijelu dr\u017eave ki\u0161u, a na sjeveru snijeg, koji i dalje pada i uzrokuje probleme u saobra\u0107aju.<\/p>\n<p>U Kola\u0161inu je snijeg u ve\u010dernjim satima dostigao 40 centimetara, a kako je za \u201ePobjedu&#8221; danas kazao direktor JP \u201eKomunalno&#8221;, Radomir Bulatovi\u0107, kompletna mehanizacija preduze\u0107a je u funkciji. Odr\u017eavaju se svi putni pravci u nadle\u017enosti ovog preduze\u0107a.<\/p>\n<p>Lo\u0161i vremenski uslovi uslovili su odga\u0111anje odbojka\u0161kih, rukometnih i ko\u0161arka\u0161kih me\u010deva u crnogorskim ligama.<\/p>\n<p>(RTCG)<\/p>\n","protected":false},"excerpt":{"rendered":"<p>Ju\u017eni Sand\u017eak &#8211; Sjutra \u0107e, ka\u017eu iz HMZCG, na jugu Crne Gore biti hladno i vjetrovito, padavine se ponegdje o\u010dekuju tokom prijepodneva, u poslijepodnevnim satima postepeno razvedravanje. U sjevernim predjelima veoma hladno, povremeno sa snijegom ili snije\u017enom me\u0107avom, poslijepodne postepen prestanak padavina. Vjetar umjeren do jak, na udare povremeno veoma jak, sjeverni i sjeveroisto\u010dni. Jutarnja [&hellip;]<\/p>\n","protected":false},"author":16,"featured_media":57357,"comment_status":"open","ping_status":"open","sticky":false,"template":"","format":"standard","meta":{"footnotes":""},"categories":[398,396,399,801],"tags":[],"class_list":{"0":"post-57356","1":"post","2":"type-post","3":"status-publish","4":"format-standard","5":"has-post-thumbnail","7":"category-rozaje","8":"category-bijelo_polje","9":"category-plav_","10":"category-crna_hronika"},"yoast_head":"<!-- This site is optimized with the Yoast SEO Premium plugin v23.1 (Yoast SEO v24.9) - https:\/\/yoast.com\/wordpress\/plugins\/seo\/ -->\n<title>U Crnoj Gori sino\u0107 nevrijeme sa vjetrom i obilnim padavinama<\/title>\n<meta name=\"robots\" content=\"index, follow, max-snippet:-1, max-image-preview:large, max-video-preview:-1\" \/>\n<link rel=\"canonical\" href=\"https:\/\/sandzakpress.net\/arhiva\/u-crnoj-gori-sinoc-nevrijeme-sa-vjetrom-i-obilnim-padavinama\/\" \/>\n<meta property=\"og:locale\" content=\"bs_BA\" \/>\n<meta property=\"og:type\" content=\"article\" \/>\n<meta property=\"og:title\" content=\"U Crnoj Gori sino\u0107 nevrijeme sa vjetrom i obilnim padavinama\" \/>\n<meta property=\"og:description\" content=\"Ju\u017eni Sand\u017eak &#8211; Sjutra \u0107e, ka\u017eu iz HMZCG, na jugu Crne Gore biti hladno i vjetrovito, padavine se ponegdje o\u010dekuju tokom prijepodneva, u poslijepodnevnim satima postepeno razvedravanje. U sjevernim predjelima veoma hladno, povremeno sa snijegom ili snije\u017enom me\u0107avom, poslijepodne postepen prestanak padavina. Vjetar umjeren do jak, na udare povremeno veoma jak, sjeverni i sjeveroisto\u010dni. Jutarnja [&hellip;]\" \/>\n<meta property=\"og:url\" content=\"https:\/\/sandzakpress.net\/arhiva\/u-crnoj-gori-sinoc-nevrijeme-sa-vjetrom-i-obilnim-padavinama\/\" \/>\n<meta property=\"og:site_name\" content=\"Sand\u017eak PRESS\" \/>\n<meta property=\"article:published_time\" content=\"2012-12-08T20:19:05+00:00\" \/>\n<meta property=\"og:image\" content=\"https:\/\/sandzakpress.net\/arhiva\/wp-content\/uploads\/2012\/12\/zabljak_snijeg_3.jpg\" \/>\n\t<meta property=\"og:image:width\" content=\"140\" \/>\n\t<meta property=\"og:image:height\" content=\"120\" \/>\n\t<meta property=\"og:image:type\" content=\"image\/jpeg\" \/>\n<meta name=\"twitter:card\" content=\"summary_large_image\" \/>\n<meta name=\"twitter:label1\" content=\"Written by\" \/>\n\t<meta name=\"twitter:data1\" content=\"\" \/>\n\t<meta name=\"twitter:label2\" content=\"Est. reading time\" \/>\n\t<meta name=\"twitter:data2\" content=\"4 minute\" \/>\n<script type=\"application\/ld+json\" class=\"yoast-schema-graph\">{\"@context\":\"https:\/\/schema.org\",\"@graph\":[{\"@type\":\"Article\",\"@id\":\"https:\/\/sandzakpress.net\/arhiva\/u-crnoj-gori-sinoc-nevrijeme-sa-vjetrom-i-obilnim-padavinama\/#article\",\"isPartOf\":{\"@id\":\"https:\/\/sandzakpress.net\/arhiva\/u-crnoj-gori-sinoc-nevrijeme-sa-vjetrom-i-obilnim-padavinama\/\"},\"author\":{\"name\":\"\",\"@id\":\"\"},\"headline\":\"U Crnoj Gori sino\u0107 nevrijeme sa vjetrom i obilnim padavinama\",\"datePublished\":\"2012-12-08T20:19:05+00:00\",\"mainEntityOfPage\":{\"@id\":\"https:\/\/sandzakpress.net\/arhiva\/u-crnoj-gori-sinoc-nevrijeme-sa-vjetrom-i-obilnim-padavinama\/\"},\"wordCount\":758,\"commentCount\":0,\"publisher\":{\"@id\":\"https:\/\/sandzakpress.net\/arhiva\/#\/schema\/person\/6e72b67d6e51910a1117b3b483ba20bd\"},\"image\":{\"@id\":\"https:\/\/sandzakpress.net\/arhiva\/u-crnoj-gori-sinoc-nevrijeme-sa-vjetrom-i-obilnim-padavinama\/#primaryimage\"},\"thumbnailUrl\":\"https:\/\/sandzakpress.net\/arhiva\/wp-content\/uploads\/2012\/12\/zabljak_snijeg_3.jpg\",\"articleSection\":[\"Ro\u017eaje\",\"Bijelo Polje\",\"Plav\",\"Hronika\"],\"inLanguage\":\"bs-BA\",\"potentialAction\":[{\"@type\":\"CommentAction\",\"name\":\"Comment\",\"target\":[\"https:\/\/sandzakpress.net\/arhiva\/u-crnoj-gori-sinoc-nevrijeme-sa-vjetrom-i-obilnim-padavinama\/#respond\"]}]},{\"@type\":\"WebPage\",\"@id\":\"https:\/\/sandzakpress.net\/arhiva\/u-crnoj-gori-sinoc-nevrijeme-sa-vjetrom-i-obilnim-padavinama\/\",\"url\":\"https:\/\/sandzakpress.net\/arhiva\/u-crnoj-gori-sinoc-nevrijeme-sa-vjetrom-i-obilnim-padavinama\/\",\"name\":\"U Crnoj Gori sino\u0107 nevrijeme sa vjetrom i obilnim padavinama\",\"isPartOf\":{\"@id\":\"https:\/\/sandzakpress.net\/arhiva\/#website\"},\"primaryImageOfPage\":{\"@id\":\"https:\/\/sandzakpress.net\/arhiva\/u-crnoj-gori-sinoc-nevrijeme-sa-vjetrom-i-obilnim-padavinama\/#primaryimage\"},\"image\":{\"@id\":\"https:\/\/sandzakpress.net\/arhiva\/u-crnoj-gori-sinoc-nevrijeme-sa-vjetrom-i-obilnim-padavinama\/#primaryimage\"},\"thumbnailUrl\":\"https:\/\/sandzakpress.net\/arhiva\/wp-content\/uploads\/2012\/12\/zabljak_snijeg_3.jpg\",\"datePublished\":\"2012-12-08T20:19:05+00:00\",\"breadcrumb\":{\"@id\":\"https:\/\/sandzakpress.net\/arhiva\/u-crnoj-gori-sinoc-nevrijeme-sa-vjetrom-i-obilnim-padavinama\/#breadcrumb\"},\"inLanguage\":\"bs-BA\",\"potentialAction\":[{\"@type\":\"ReadAction\",\"target\":[\"https:\/\/sandzakpress.net\/arhiva\/u-crnoj-gori-sinoc-nevrijeme-sa-vjetrom-i-obilnim-padavinama\/\"]}]},{\"@type\":\"ImageObject\",\"inLanguage\":\"bs-BA\",\"@id\":\"https:\/\/sandzakpress.net\/arhiva\/u-crnoj-gori-sinoc-nevrijeme-sa-vjetrom-i-obilnim-padavinama\/#primaryimage\",\"url\":\"https:\/\/sandzakpress.net\/arhiva\/wp-content\/uploads\/2012\/12\/zabljak_snijeg_3.jpg\",\"contentUrl\":\"https:\/\/sandzakpress.net\/arhiva\/wp-content\/uploads\/2012\/12\/zabljak_snijeg_3.jpg\",\"width\":140,\"height\":120},{\"@type\":\"BreadcrumbList\",\"@id\":\"https:\/\/sandzakpress.net\/arhiva\/u-crnoj-gori-sinoc-nevrijeme-sa-vjetrom-i-obilnim-padavinama\/#breadcrumb\",\"itemListElement\":[{\"@type\":\"ListItem\",\"position\":1,\"name\":\"Home\",\"item\":\"https:\/\/sandzakpress.net\/arhiva\/\"},{\"@type\":\"ListItem\",\"position\":2,\"name\":\"U Crnoj Gori sino\u0107 nevrijeme sa vjetrom i obilnim padavinama\"}]},{\"@type\":\"WebSite\",\"@id\":\"https:\/\/sandzakpress.net\/arhiva\/#website\",\"url\":\"https:\/\/sandzakpress.net\/arhiva\/\",\"name\":\"Sand\u017eak PRESS\",\"description\":\"Prve elektronske novine u Sand\u017eaku\",\"publisher\":{\"@id\":\"https:\/\/sandzakpress.net\/arhiva\/#\/schema\/person\/6e72b67d6e51910a1117b3b483ba20bd\"},\"potentialAction\":[{\"@type\":\"SearchAction\",\"target\":{\"@type\":\"EntryPoint\",\"urlTemplate\":\"https:\/\/sandzakpress.net\/arhiva\/?s={search_term_string}\"},\"query-input\":{\"@type\":\"PropertyValueSpecification\",\"valueRequired\":true,\"valueName\":\"search_term_string\"}}],\"inLanguage\":\"bs-BA\"},{\"@type\":[\"Person\",\"Organization\"],\"@id\":\"https:\/\/sandzakpress.net\/arhiva\/#\/schema\/person\/6e72b67d6e51910a1117b3b483ba20bd\",\"name\":\"Kul\",\"image\":{\"@type\":\"ImageObject\",\"inLanguage\":\"bs-BA\",\"@id\":\"https:\/\/sandzakpress.net\/arhiva\/#\/schema\/person\/image\/\",\"url\":\"https:\/\/secure.gravatar.com\/avatar\/42263f39aa27ac04c43cab85c280eb2e?s=96&d=mm&r=pg\",\"contentUrl\":\"https:\/\/secure.gravatar.com\/avatar\/42263f39aa27ac04c43cab85c280eb2e?s=96&d=mm&r=pg\",\"caption\":\"Kul\"},\"logo\":{\"@id\":\"https:\/\/sandzakpress.net\/arhiva\/#\/schema\/person\/image\/\"}},{\"@type\":\"Person\",\"@id\":\"\",\"url\":\"https:\/\/sandzakpress.net\/arhiva\/author\/\"}]}<\/script>\n<!-- \/ Yoast SEO Premium plugin. -->","yoast_head_json":{"title":"U Crnoj Gori sino\u0107 nevrijeme sa vjetrom i obilnim padavinama","robots":{"index":"index","follow":"follow","max-snippet":"max-snippet:-1","max-image-preview":"max-image-preview:large","max-video-preview":"max-video-preview:-1"},"canonical":"https:\/\/sandzakpress.net\/arhiva\/u-crnoj-gori-sinoc-nevrijeme-sa-vjetrom-i-obilnim-padavinama\/","og_locale":"bs_BA","og_type":"article","og_title":"U Crnoj Gori sino\u0107 nevrijeme sa vjetrom i obilnim padavinama","og_description":"Ju\u017eni Sand\u017eak &#8211; Sjutra \u0107e, ka\u017eu iz HMZCG, na jugu Crne Gore biti hladno i vjetrovito, padavine se ponegdje o\u010dekuju tokom prijepodneva, u poslijepodnevnim satima postepeno razvedravanje. U sjevernim predjelima veoma hladno, povremeno sa snijegom ili snije\u017enom me\u0107avom, poslijepodne postepen prestanak padavina. Vjetar umjeren do jak, na udare povremeno veoma jak, sjeverni i sjeveroisto\u010dni. Jutarnja [&hellip;]","og_url":"https:\/\/sandzakpress.net\/arhiva\/u-crnoj-gori-sinoc-nevrijeme-sa-vjetrom-i-obilnim-padavinama\/","og_site_name":"Sand\u017eak PRESS","article_published_time":"2012-12-08T20:19:05+00:00","og_image":[{"width":140,"height":120,"url":"https:\/\/sandzakpress.net\/arhiva\/wp-content\/uploads\/2012\/12\/zabljak_snijeg_3.jpg","type":"image\/jpeg"}],"twitter_card":"summary_large_image","twitter_misc":{"Written by":"","Est. reading time":"4 minute"},"schema":{"@context":"https:\/\/schema.org","@graph":[{"@type":"Article","@id":"https:\/\/sandzakpress.net\/arhiva\/u-crnoj-gori-sinoc-nevrijeme-sa-vjetrom-i-obilnim-padavinama\/#article","isPartOf":{"@id":"https:\/\/sandzakpress.net\/arhiva\/u-crnoj-gori-sinoc-nevrijeme-sa-vjetrom-i-obilnim-padavinama\/"},"author":{"name":"","@id":""},"headline":"U Crnoj Gori sino\u0107 nevrijeme sa vjetrom i obilnim padavinama","datePublished":"2012-12-08T20:19:05+00:00","mainEntityOfPage":{"@id":"https:\/\/sandzakpress.net\/arhiva\/u-crnoj-gori-sinoc-nevrijeme-sa-vjetrom-i-obilnim-padavinama\/"},"wordCount":758,"commentCount":0,"publisher":{"@id":"https:\/\/sandzakpress.net\/arhiva\/#\/schema\/person\/6e72b67d6e51910a1117b3b483ba20bd"},"image":{"@id":"https:\/\/sandzakpress.net\/arhiva\/u-crnoj-gori-sinoc-nevrijeme-sa-vjetrom-i-obilnim-padavinama\/#primaryimage"},"thumbnailUrl":"https:\/\/sandzakpress.net\/arhiva\/wp-content\/uploads\/2012\/12\/zabljak_snijeg_3.jpg","articleSection":["Ro\u017eaje","Bijelo Polje","Plav","Hronika"],"inLanguage":"bs-BA","potentialAction":[{"@type":"CommentAction","name":"Comment","target":["https:\/\/sandzakpress.net\/arhiva\/u-crnoj-gori-sinoc-nevrijeme-sa-vjetrom-i-obilnim-padavinama\/#respond"]}]},{"@type":"WebPage","@id":"https:\/\/sandzakpress.net\/arhiva\/u-crnoj-gori-sinoc-nevrijeme-sa-vjetrom-i-obilnim-padavinama\/","url":"https:\/\/sandzakpress.net\/arhiva\/u-crnoj-gori-sinoc-nevrijeme-sa-vjetrom-i-obilnim-padavinama\/","name":"U Crnoj Gori sino\u0107 nevrijeme sa vjetrom i obilnim padavinama","isPartOf":{"@id":"https:\/\/sandzakpress.net\/arhiva\/#website"},"primaryImageOfPage":{"@id":"https:\/\/sandzakpress.net\/arhiva\/u-crnoj-gori-sinoc-nevrijeme-sa-vjetrom-i-obilnim-padavinama\/#primaryimage"},"image":{"@id":"https:\/\/sandzakpress.net\/arhiva\/u-crnoj-gori-sinoc-nevrijeme-sa-vjetrom-i-obilnim-padavinama\/#primaryimage"},"thumbnailUrl":"https:\/\/sandzakpress.net\/arhiva\/wp-content\/uploads\/2012\/12\/zabljak_snijeg_3.jpg","datePublished":"2012-12-08T20:19:05+00:00","breadcrumb":{"@id":"https:\/\/sandzakpress.net\/arhiva\/u-crnoj-gori-sinoc-nevrijeme-sa-vjetrom-i-obilnim-padavinama\/#breadcrumb"},"inLanguage":"bs-BA","potentialAction":[{"@type":"ReadAction","target":["https:\/\/sandzakpress.net\/arhiva\/u-crnoj-gori-sinoc-nevrijeme-sa-vjetrom-i-obilnim-padavinama\/"]}]},{"@type":"ImageObject","inLanguage":"bs-BA","@id":"https:\/\/sandzakpress.net\/arhiva\/u-crnoj-gori-sinoc-nevrijeme-sa-vjetrom-i-obilnim-padavinama\/#primaryimage","url":"https:\/\/sandzakpress.net\/arhiva\/wp-content\/uploads\/2012\/12\/zabljak_snijeg_3.jpg","contentUrl":"https:\/\/sandzakpress.net\/arhiva\/wp-content\/uploads\/2012\/12\/zabljak_snijeg_3.jpg","width":140,"height":120},{"@type":"BreadcrumbList","@id":"https:\/\/sandzakpress.net\/arhiva\/u-crnoj-gori-sinoc-nevrijeme-sa-vjetrom-i-obilnim-padavinama\/#breadcrumb","itemListElement":[{"@type":"ListItem","position":1,"name":"Home","item":"https:\/\/sandzakpress.net\/arhiva\/"},{"@type":"ListItem","position":2,"name":"U Crnoj Gori sino\u0107 nevrijeme sa vjetrom i obilnim padavinama"}]},{"@type":"WebSite","@id":"https:\/\/sandzakpress.net\/arhiva\/#website","url":"https:\/\/sandzakpress.net\/arhiva\/","name":"Sand\u017eak PRESS","description":"Prve elektronske novine u Sand\u017eaku","publisher":{"@id":"https:\/\/sandzakpress.net\/arhiva\/#\/schema\/person\/6e72b67d6e51910a1117b3b483ba20bd"},"potentialAction":[{"@type":"SearchAction","target":{"@type":"EntryPoint","urlTemplate":"https:\/\/sandzakpress.net\/arhiva\/?s={search_term_string}"},"query-input":{"@type":"PropertyValueSpecification","valueRequired":true,"valueName":"search_term_string"}}],"inLanguage":"bs-BA"},{"@type":["Person","Organization"],"@id":"https:\/\/sandzakpress.net\/arhiva\/#\/schema\/person\/6e72b67d6e51910a1117b3b483ba20bd","name":"Kul","image":{"@type":"ImageObject","inLanguage":"bs-BA","@id":"https:\/\/sandzakpress.net\/arhiva\/#\/schema\/person\/image\/","url":"https:\/\/secure.gravatar.com\/avatar\/42263f39aa27ac04c43cab85c280eb2e?s=96&d=mm&r=pg","contentUrl":"https:\/\/secure.gravatar.com\/avatar\/42263f39aa27ac04c43cab85c280eb2e?s=96&d=mm&r=pg","caption":"Kul"},"logo":{"@id":"https:\/\/sandzakpress.net\/arhiva\/#\/schema\/person\/image\/"}},{"@type":"Person","@id":"","url":"https:\/\/sandzakpress.net\/arhiva\/author\/"}]}},"_links":{"self":[{"href":"https:\/\/sandzakpress.net\/arhiva\/wp-json\/wp\/v2\/posts\/57356"}],"collection":[{"href":"https:\/\/sandzakpress.net\/arhiva\/wp-json\/wp\/v2\/posts"}],"about":[{"href":"https:\/\/sandzakpress.net\/arhiva\/wp-json\/wp\/v2\/types\/post"}],"author":[{"embeddable":true,"href":"https:\/\/sandzakpress.net\/arhiva\/wp-json\/wp\/v2\/users\/16"}],"replies":[{"embeddable":true,"href":"https:\/\/sandzakpress.net\/arhiva\/wp-json\/wp\/v2\/comments?post=57356"}],"version-history":[{"count":0,"href":"https:\/\/sandzakpress.net\/arhiva\/wp-json\/wp\/v2\/posts\/57356\/revisions"}],"wp:featuredmedia":[{"embeddable":true,"href":"https:\/\/sandzakpress.net\/arhiva\/wp-json\/wp\/v2\/media\/57357"}],"wp:attachment":[{"href":"https:\/\/sandzakpress.net\/arhiva\/wp-json\/wp\/v2\/media?parent=57356"}],"wp:term":[{"taxonomy":"category","embeddable":true,"href":"https:\/\/sandzakpress.net\/arhiva\/wp-json\/wp\/v2\/categories?post=57356"},{"taxonomy":"post_tag","embeddable":true,"href":"https:\/\/sandzakpress.net\/arhiva\/wp-json\/wp\/v2\/tags?post=57356"}],"curies":[{"name":"wp","href":"https:\/\/api.w.org\/{rel}","templated":true}]}}