{"id":57334,"date":"2012-12-08T21:02:48","date_gmt":"2012-12-08T20:02:48","guid":{"rendered":"https:\/\/sandzakpress.net\/arhiva\/?p=57334"},"modified":"2012-12-08T21:02:48","modified_gmt":"2012-12-08T20:02:48","slug":"imami-izbnj-obiljezili-%e2%80%9e100-godina-ilmijje%e2%80%9c","status":"publish","type":"post","link":"https:\/\/sandzakpress.net\/arhiva\/imami-izbnj-obiljezili-%e2%80%9e100-godina-ilmijje%e2%80%9c\/","title":{"rendered":"Imami IZBNJ obilje\u017eili \u201e100 godina Ilmijje\u201c"},"content":{"rendered":"<p><strong><a href=\"https:\/\/sandzakpress.net\/arhiva\/wp-content\/uploads\/2012\/12\/IMG_4995-1024x683.jpg\"><img loading=\"lazy\" decoding=\"async\" class=\"alignleft size-medium wp-image-57337\" title=\"IMG_4995-1024x683\" src=\"https:\/\/sandzakpress.net\/arhiva\/wp-content\/uploads\/2012\/12\/IMG_4995-1024x683-300x200.jpg\" alt=\"\" width=\"300\" height=\"200\" \/><\/a>BIH, Njema\u010dka -U povodu obilje\u017eavanja jubileja\u00a0<em>\u201e100 godina postojanja i rada Ilmije\u201c<\/em> uprili\u010deni su inter-regionalni seminari imama IZBNJ. <\/strong><\/p>\n<p>Gost predava\u010d na ovim seminarima bio je predsjednik udru\u017eenja Ilmije BiH Mensur ef. Pa\u0161ali\u0107, glavni imam med\u017elisa Fojnica. Seminar u Dortundu odr\u017ean je 03.12.2012, na kome su prisustvovali imami sa podru\u010dja med\u017elisa\/regija Diseldorf i Hamburg-Berlin, u Sindelfingenu odr\u017ean je 04.12.2012, za med\u017elise\/regije Bajern, \u0160tuttgart i Frankfurt.<\/p>\n<p>Seminari\u00a0 su zapo\u010deli prikazivanjem dokumentarnog filma o imamima \u0161ehidima u protekloj agresiji na Bosnu i Hercegovinu 1992-1995. Nakon prou\u010denog a\u0161ereta imamima se obratio muftija Pa\u0161o Feti\u0107 naglasiv\u0161i va\u017enost i ulogu koju je imala ilmija, odnosno imami u bo\u0161nja\u010dkom narodu u proteklih 100 godina. To je bio period kada su bo\u0161njaci ostali bez svojih nacionalnih institucija, imali su jedino islamsku zajednicu i ulemu kao orjentir i vodilju.<\/p>\n<p>U vremenu velikih isku\u0161enja imami su bili sa svojim d\u017eematlijama i predano radili kako bi emanet vjere prenijeli na mlade generacije. Muftija je ukazao i na perod od 33 godine djelovanja i rada uleme\/ imama u bo\u0161nja\u010dkim d\u017eematima u Njema\u010dkoj. Imami su dali veliki doprinos u organizovanju i okrupnjavanju na\u0161ih d\u017eemata, kupovini i izgradnji d\u017eamiskih prostorija. Potom se obratio predsjednik Ilmije u BiH Mensur ef. Pa\u0161ali\u0107.<\/p>\n<p>U svom nadahnutom izlaganju on se osvrnuo na historijat Ilmije i njen zna\u010daj za bo\u0161nja\u010dki narod, ulogu imama u o\u010dubanju vjerskog i nacionalnog identiteta na\u0161eg naroda, a potom je govorio o projektima koje je pokrenula Ilmije u proteklih nekoliko godine.<\/p>\n<p>Predstavio je film o imamima \u0161ehidima i film o ulozi imama u bosanskoj kraini , kada su se suprostavili namjerama zlo\u010dinva F. Abdi\u0107a, koje je snimila Ilmija.<\/p>\n<p>Zatim je predstavio monografiju; \u201e100 godina udru\u017eenja Ilmije\u201c. Pa\u0161ali\u0107 je pozvao imame IZBNJ da se organizuju i uklju\u010de u rad ilmije i pojasnio kako statut ilmije predvi\u0111a organizovanje i rad okru\u017enih odbora za dijasporu. Predsjednik okru\u017enog odbora ilmije za Njema\u010dku i zemlje beneluksa bio bi \u010dlan glavnog odbora ilmije u BiH i aktivno sudjelovao u radu.<\/p>\n<p>Tre\u0107i izlaga\u010d bio je D\u017eevad ef. Isakovi\u0107 koji je govorio o ulozi i liku imama u radu ilmije.On je podsjetio kolege imama na njihov univerzalni poziv a to je; \u201epozivanje na dobro i odvra\u0107anje od lo\u0161eg\u201c, te o istrajavanju na tom putu sa lijepom rije\u010dju i mudro\u0161\u0107u za \u0161to je potrebno puno sabura, truda i napora. Pozvao je imame da budu dostojni svojih predhodnika koji su \u010dasno nosili ovaj emanet i onih koji su dali svoje \u017eivote za odbranu dina,naroda i domovine, (imama-\u0161ehida).<\/p>\n<p>Na seminaru u Sindelfingenu tre\u0107i izlaga\u010d bio je Ishak ef, Ale\u0161evi\u0107 koji je govorio na istu temu. On je tako\u0111e nadahnuto govorio o imamskom pozivu i izazovima sa kojima se imami susre\u0107u u svojoj misiji. Na kraju prvog dijaela seminara predsjednik ilmije Mensur ef. Pa\u0161ali\u0107 uru\u010dio je muftiji IZBNJ\u00a0 primjerak poznate Ahdname sultana Mehmeda Fatiha,i imamu sa najdu\u017em sta\u017eom Ishak ef. Ale\u0161evi\u0107u,\u00a0 a imamima doma\u0107inima Omer ef. Sarajli\u0107u i Muhamedu ef. Alihod\u017ei\u0107u \u00a0monografiju \u201e100 godina udru\u017eenja Ilmije\u201c. Muftija Pa\u0161o Feti\u0107 uru\u010dio je dekrete glavnim imamima Mehmed ef. Jakubovi\u0107u i Aldin ef. Kusuru. Nakon prvog dijela uslijedila je paiza za namaz i ru\u010dak kojeg su pripremili doma\u0107ini.<\/p>\n<p>(IGBD)<\/p>\n<p>Drugi dio seminara bio je radnog karaktera. Na po\u010detku drugog dijela izvje\u0161taj su podnijeli glavni imami po med\u017elisima\/regijama o trenutnom stanju i aktivnostima, zatim su putem Bimera prezentirane provedene akcije me\u0161ihata IZBNJ u ovoj godini: \u010dlanarina d\u017eemata prema me\u0161ihatu, akcije zekata i sadekatul fitra, kurbana, prikuplkjanja stipendija koje vodi fond Gazi Husref-beg, zajedni\u010dkih sergija za izgradnju i otplatu d\u017eamija.Uslijedile su diskusije imama o izvje\u0161tajima i prezentiranim akcijama. Bilo je puno prijedloga, pitanja i zahtjeva, a najvi\u0161e diskusija odnosilo se na slu\u010daj Bilal ef, Hod\u017ei\u0107a u d\u017eematu Ulm, gdje su imami tra\u017eili poja\u0161njenje kako i za\u0161to je imam koji u\u017eiva ugled i povjerenje me\u0111u kolegama, doveden u situaciju da napusti d\u017eemat.Jednoglasno je zatra\u017eeno da me\u0161ihat IZBNJ o ovom i ovakvim slu\u010dajevima zauzme jasan stav i za\u0161titi polo\u017eaj i status imama. Interesantno je bilo izlaganje i osvrt dugogodi\u0161njeg imama Ahmed ef, Kajo\u0161evi\u010da koji je iz svog primjera naveo, kako \u010desto imam pored svojih uobi\u010dajenih aktivnosti treba da rje\u0161ava i probleme d\u017eematlija odnosno da im pru\u017ea podr\u0161ku i savjete. Dosta osvrta i prijedloga bilo je i na ure\u0111ivanje me\u0161ihatove web-stranice kao javnog medija zajednice i izno\u0161enje stavova i saop\u0107enja zajednice o aktuelnim pitanjima i doga\u0111ajima.Diskutovalo se i o pravilniku o radu imama, te su predlo\u017eena tri imama u komisiju\u00a0 za njegovu pzradu. Na kraju seminara doneseni su odre\u0111eni prijedlozi koji su u vidu zaklju\u010daka upu\u0107eni me\u0161ihatu i saboru IZBNJ na razmatranje.Izabran je inicijativni odbor\u00a0 koji \u0107e do sredine marta pripremiti osniva\u010dku skup\u0161tinu ilmije za Njema\u010dku. \u010clanovi inicijativnog odbora su; Kemal ef. Crnac,Kemal ef. Salihovi\u0107, Ahmed ef. Kajo\u0161evi\u0107, Muhamed ef. Alihod\u017ei\u0107 i Izet ef. Bibi\u0107. \u00a0Na kraju koristimo priliku da se zahvalimo predsjedniku ilmije na posjeti, a vrijednim doma\u0107inima na lijepom gostoprimstvu.<\/p>\n","protected":false},"excerpt":{"rendered":"<p>BIH, Njema\u010dka -U povodu obilje\u017eavanja jubileja\u00a0\u201e100 godina postojanja i rada Ilmije\u201c uprili\u010deni su inter-regionalni seminari imama IZBNJ. Gost predava\u010d na ovim seminarima bio je predsjednik udru\u017eenja Ilmije BiH Mensur ef. Pa\u0161ali\u0107, glavni imam med\u017elisa Fojnica. Seminar u Dortundu odr\u017ean je 03.12.2012, na kome su prisustvovali imami sa podru\u010dja med\u017elisa\/regija Diseldorf i Hamburg-Berlin, u Sindelfingenu odr\u017ean [&hellip;]<\/p>\n","protected":false},"author":16,"featured_media":57337,"comment_status":"open","ping_status":"open","sticky":false,"template":"","format":"standard","meta":{"footnotes":""},"categories":[2860,9538,802],"tags":[],"class_list":{"0":"post-57334","1":"post","2":"type-post","3":"status-publish","4":"format-standard","5":"has-post-thumbnail","7":"category-bosna-i-hercegovina-gradovi","8":"category-njemacka-dijaspora-gradovi-vase-vijesti","9":"category-islamska_zajednica"},"yoast_head":"<!-- This site is optimized with the Yoast SEO Premium plugin v23.1 (Yoast SEO v24.9) - https:\/\/yoast.com\/wordpress\/plugins\/seo\/ -->\n<title>Imami IZBNJ obilje\u017eili \u201e100 godina Ilmijje\u201c<\/title>\n<meta name=\"robots\" content=\"index, follow, max-snippet:-1, max-image-preview:large, max-video-preview:-1\" \/>\n<link rel=\"canonical\" href=\"https:\/\/sandzakpress.net\/arhiva\/imami-izbnj-obiljezili-\u201e100-godina-ilmijje\u201c\/\" \/>\n<meta property=\"og:locale\" content=\"bs_BA\" \/>\n<meta property=\"og:type\" content=\"article\" \/>\n<meta property=\"og:title\" content=\"Imami IZBNJ obilje\u017eili \u201e100 godina Ilmijje\u201c\" \/>\n<meta property=\"og:description\" content=\"BIH, Njema\u010dka -U povodu obilje\u017eavanja jubileja\u00a0\u201e100 godina postojanja i rada Ilmije\u201c uprili\u010deni su inter-regionalni seminari imama IZBNJ. Gost predava\u010d na ovim seminarima bio je predsjednik udru\u017eenja Ilmije BiH Mensur ef. Pa\u0161ali\u0107, glavni imam med\u017elisa Fojnica. Seminar u Dortundu odr\u017ean je 03.12.2012, na kome su prisustvovali imami sa podru\u010dja med\u017elisa\/regija Diseldorf i Hamburg-Berlin, u Sindelfingenu odr\u017ean [&hellip;]\" \/>\n<meta property=\"og:url\" content=\"https:\/\/sandzakpress.net\/arhiva\/imami-izbnj-obiljezili-\u201e100-godina-ilmijje\u201c\/\" \/>\n<meta property=\"og:site_name\" content=\"Sand\u017eak PRESS\" \/>\n<meta property=\"article:published_time\" content=\"2012-12-08T20:02:48+00:00\" \/>\n<meta property=\"og:image\" content=\"https:\/\/sandzakpress.net\/arhiva\/wp-content\/uploads\/2012\/12\/IMG_4995-1024x683.jpg\" \/>\n\t<meta property=\"og:image:width\" content=\"616\" \/>\n\t<meta property=\"og:image:height\" content=\"411\" \/>\n\t<meta property=\"og:image:type\" content=\"image\/jpeg\" \/>\n<meta name=\"twitter:card\" content=\"summary_large_image\" \/>\n<meta name=\"twitter:label1\" content=\"Written by\" \/>\n\t<meta name=\"twitter:data1\" content=\"\" \/>\n\t<meta name=\"twitter:label2\" content=\"Est. reading time\" \/>\n\t<meta name=\"twitter:data2\" content=\"5 minuta\" \/>\n<script type=\"application\/ld+json\" class=\"yoast-schema-graph\">{\"@context\":\"https:\/\/schema.org\",\"@graph\":[{\"@type\":\"Article\",\"@id\":\"https:\/\/sandzakpress.net\/arhiva\/imami-izbnj-obiljezili-%e2%80%9e100-godina-ilmijje%e2%80%9c\/#article\",\"isPartOf\":{\"@id\":\"https:\/\/sandzakpress.net\/arhiva\/imami-izbnj-obiljezili-%e2%80%9e100-godina-ilmijje%e2%80%9c\/\"},\"author\":{\"name\":\"\",\"@id\":\"\"},\"headline\":\"Imami IZBNJ obilje\u017eili \u201e100 godina Ilmijje\u201c\",\"datePublished\":\"2012-12-08T20:02:48+00:00\",\"mainEntityOfPage\":{\"@id\":\"https:\/\/sandzakpress.net\/arhiva\/imami-izbnj-obiljezili-%e2%80%9e100-godina-ilmijje%e2%80%9c\/\"},\"wordCount\":916,\"commentCount\":0,\"publisher\":{\"@id\":\"https:\/\/sandzakpress.net\/arhiva\/#\/schema\/person\/6e72b67d6e51910a1117b3b483ba20bd\"},\"image\":{\"@id\":\"https:\/\/sandzakpress.net\/arhiva\/imami-izbnj-obiljezili-%e2%80%9e100-godina-ilmijje%e2%80%9c\/#primaryimage\"},\"thumbnailUrl\":\"https:\/\/sandzakpress.net\/arhiva\/wp-content\/uploads\/2012\/12\/IMG_4995-1024x683.jpg\",\"articleSection\":[\"Bosna i Hercegovina\",\"Njema\u010dka\",\"Islamska zajednica\"],\"inLanguage\":\"bs-BA\",\"potentialAction\":[{\"@type\":\"CommentAction\",\"name\":\"Comment\",\"target\":[\"https:\/\/sandzakpress.net\/arhiva\/imami-izbnj-obiljezili-%e2%80%9e100-godina-ilmijje%e2%80%9c\/#respond\"]}]},{\"@type\":\"WebPage\",\"@id\":\"https:\/\/sandzakpress.net\/arhiva\/imami-izbnj-obiljezili-%e2%80%9e100-godina-ilmijje%e2%80%9c\/\",\"url\":\"https:\/\/sandzakpress.net\/arhiva\/imami-izbnj-obiljezili-%e2%80%9e100-godina-ilmijje%e2%80%9c\/\",\"name\":\"Imami IZBNJ obilje\u017eili \u201e100 godina Ilmijje\u201c\",\"isPartOf\":{\"@id\":\"https:\/\/sandzakpress.net\/arhiva\/#website\"},\"primaryImageOfPage\":{\"@id\":\"https:\/\/sandzakpress.net\/arhiva\/imami-izbnj-obiljezili-%e2%80%9e100-godina-ilmijje%e2%80%9c\/#primaryimage\"},\"image\":{\"@id\":\"https:\/\/sandzakpress.net\/arhiva\/imami-izbnj-obiljezili-%e2%80%9e100-godina-ilmijje%e2%80%9c\/#primaryimage\"},\"thumbnailUrl\":\"https:\/\/sandzakpress.net\/arhiva\/wp-content\/uploads\/2012\/12\/IMG_4995-1024x683.jpg\",\"datePublished\":\"2012-12-08T20:02:48+00:00\",\"breadcrumb\":{\"@id\":\"https:\/\/sandzakpress.net\/arhiva\/imami-izbnj-obiljezili-%e2%80%9e100-godina-ilmijje%e2%80%9c\/#breadcrumb\"},\"inLanguage\":\"bs-BA\",\"potentialAction\":[{\"@type\":\"ReadAction\",\"target\":[\"https:\/\/sandzakpress.net\/arhiva\/imami-izbnj-obiljezili-%e2%80%9e100-godina-ilmijje%e2%80%9c\/\"]}]},{\"@type\":\"ImageObject\",\"inLanguage\":\"bs-BA\",\"@id\":\"https:\/\/sandzakpress.net\/arhiva\/imami-izbnj-obiljezili-%e2%80%9e100-godina-ilmijje%e2%80%9c\/#primaryimage\",\"url\":\"https:\/\/sandzakpress.net\/arhiva\/wp-content\/uploads\/2012\/12\/IMG_4995-1024x683.jpg\",\"contentUrl\":\"https:\/\/sandzakpress.net\/arhiva\/wp-content\/uploads\/2012\/12\/IMG_4995-1024x683.jpg\",\"width\":616,\"height\":411},{\"@type\":\"BreadcrumbList\",\"@id\":\"https:\/\/sandzakpress.net\/arhiva\/imami-izbnj-obiljezili-%e2%80%9e100-godina-ilmijje%e2%80%9c\/#breadcrumb\",\"itemListElement\":[{\"@type\":\"ListItem\",\"position\":1,\"name\":\"Home\",\"item\":\"https:\/\/sandzakpress.net\/arhiva\/\"},{\"@type\":\"ListItem\",\"position\":2,\"name\":\"Imami IZBNJ obilje\u017eili \u201e100 godina Ilmijje\u201c\"}]},{\"@type\":\"WebSite\",\"@id\":\"https:\/\/sandzakpress.net\/arhiva\/#website\",\"url\":\"https:\/\/sandzakpress.net\/arhiva\/\",\"name\":\"Sand\u017eak PRESS\",\"description\":\"Prve elektronske novine u Sand\u017eaku\",\"publisher\":{\"@id\":\"https:\/\/sandzakpress.net\/arhiva\/#\/schema\/person\/6e72b67d6e51910a1117b3b483ba20bd\"},\"potentialAction\":[{\"@type\":\"SearchAction\",\"target\":{\"@type\":\"EntryPoint\",\"urlTemplate\":\"https:\/\/sandzakpress.net\/arhiva\/?s={search_term_string}\"},\"query-input\":{\"@type\":\"PropertyValueSpecification\",\"valueRequired\":true,\"valueName\":\"search_term_string\"}}],\"inLanguage\":\"bs-BA\"},{\"@type\":[\"Person\",\"Organization\"],\"@id\":\"https:\/\/sandzakpress.net\/arhiva\/#\/schema\/person\/6e72b67d6e51910a1117b3b483ba20bd\",\"name\":\"Kul\",\"image\":{\"@type\":\"ImageObject\",\"inLanguage\":\"bs-BA\",\"@id\":\"https:\/\/sandzakpress.net\/arhiva\/#\/schema\/person\/image\/\",\"url\":\"https:\/\/secure.gravatar.com\/avatar\/42263f39aa27ac04c43cab85c280eb2e?s=96&d=mm&r=pg\",\"contentUrl\":\"https:\/\/secure.gravatar.com\/avatar\/42263f39aa27ac04c43cab85c280eb2e?s=96&d=mm&r=pg\",\"caption\":\"Kul\"},\"logo\":{\"@id\":\"https:\/\/sandzakpress.net\/arhiva\/#\/schema\/person\/image\/\"}},{\"@type\":\"Person\",\"@id\":\"\",\"url\":\"https:\/\/sandzakpress.net\/arhiva\/author\/\"}]}<\/script>\n<!-- \/ Yoast SEO Premium plugin. -->","yoast_head_json":{"title":"Imami IZBNJ obilje\u017eili \u201e100 godina Ilmijje\u201c","robots":{"index":"index","follow":"follow","max-snippet":"max-snippet:-1","max-image-preview":"max-image-preview:large","max-video-preview":"max-video-preview:-1"},"canonical":"https:\/\/sandzakpress.net\/arhiva\/imami-izbnj-obiljezili-\u201e100-godina-ilmijje\u201c\/","og_locale":"bs_BA","og_type":"article","og_title":"Imami IZBNJ obilje\u017eili \u201e100 godina Ilmijje\u201c","og_description":"BIH, Njema\u010dka -U povodu obilje\u017eavanja jubileja\u00a0\u201e100 godina postojanja i rada Ilmije\u201c uprili\u010deni su inter-regionalni seminari imama IZBNJ. Gost predava\u010d na ovim seminarima bio je predsjednik udru\u017eenja Ilmije BiH Mensur ef. Pa\u0161ali\u0107, glavni imam med\u017elisa Fojnica. Seminar u Dortundu odr\u017ean je 03.12.2012, na kome su prisustvovali imami sa podru\u010dja med\u017elisa\/regija Diseldorf i Hamburg-Berlin, u Sindelfingenu odr\u017ean [&hellip;]","og_url":"https:\/\/sandzakpress.net\/arhiva\/imami-izbnj-obiljezili-\u201e100-godina-ilmijje\u201c\/","og_site_name":"Sand\u017eak PRESS","article_published_time":"2012-12-08T20:02:48+00:00","og_image":[{"width":616,"height":411,"url":"https:\/\/sandzakpress.net\/arhiva\/wp-content\/uploads\/2012\/12\/IMG_4995-1024x683.jpg","type":"image\/jpeg"}],"twitter_card":"summary_large_image","twitter_misc":{"Written by":"","Est. reading time":"5 minuta"},"schema":{"@context":"https:\/\/schema.org","@graph":[{"@type":"Article","@id":"https:\/\/sandzakpress.net\/arhiva\/imami-izbnj-obiljezili-%e2%80%9e100-godina-ilmijje%e2%80%9c\/#article","isPartOf":{"@id":"https:\/\/sandzakpress.net\/arhiva\/imami-izbnj-obiljezili-%e2%80%9e100-godina-ilmijje%e2%80%9c\/"},"author":{"name":"","@id":""},"headline":"Imami IZBNJ obilje\u017eili \u201e100 godina Ilmijje\u201c","datePublished":"2012-12-08T20:02:48+00:00","mainEntityOfPage":{"@id":"https:\/\/sandzakpress.net\/arhiva\/imami-izbnj-obiljezili-%e2%80%9e100-godina-ilmijje%e2%80%9c\/"},"wordCount":916,"commentCount":0,"publisher":{"@id":"https:\/\/sandzakpress.net\/arhiva\/#\/schema\/person\/6e72b67d6e51910a1117b3b483ba20bd"},"image":{"@id":"https:\/\/sandzakpress.net\/arhiva\/imami-izbnj-obiljezili-%e2%80%9e100-godina-ilmijje%e2%80%9c\/#primaryimage"},"thumbnailUrl":"https:\/\/sandzakpress.net\/arhiva\/wp-content\/uploads\/2012\/12\/IMG_4995-1024x683.jpg","articleSection":["Bosna i Hercegovina","Njema\u010dka","Islamska zajednica"],"inLanguage":"bs-BA","potentialAction":[{"@type":"CommentAction","name":"Comment","target":["https:\/\/sandzakpress.net\/arhiva\/imami-izbnj-obiljezili-%e2%80%9e100-godina-ilmijje%e2%80%9c\/#respond"]}]},{"@type":"WebPage","@id":"https:\/\/sandzakpress.net\/arhiva\/imami-izbnj-obiljezili-%e2%80%9e100-godina-ilmijje%e2%80%9c\/","url":"https:\/\/sandzakpress.net\/arhiva\/imami-izbnj-obiljezili-%e2%80%9e100-godina-ilmijje%e2%80%9c\/","name":"Imami IZBNJ obilje\u017eili \u201e100 godina Ilmijje\u201c","isPartOf":{"@id":"https:\/\/sandzakpress.net\/arhiva\/#website"},"primaryImageOfPage":{"@id":"https:\/\/sandzakpress.net\/arhiva\/imami-izbnj-obiljezili-%e2%80%9e100-godina-ilmijje%e2%80%9c\/#primaryimage"},"image":{"@id":"https:\/\/sandzakpress.net\/arhiva\/imami-izbnj-obiljezili-%e2%80%9e100-godina-ilmijje%e2%80%9c\/#primaryimage"},"thumbnailUrl":"https:\/\/sandzakpress.net\/arhiva\/wp-content\/uploads\/2012\/12\/IMG_4995-1024x683.jpg","datePublished":"2012-12-08T20:02:48+00:00","breadcrumb":{"@id":"https:\/\/sandzakpress.net\/arhiva\/imami-izbnj-obiljezili-%e2%80%9e100-godina-ilmijje%e2%80%9c\/#breadcrumb"},"inLanguage":"bs-BA","potentialAction":[{"@type":"ReadAction","target":["https:\/\/sandzakpress.net\/arhiva\/imami-izbnj-obiljezili-%e2%80%9e100-godina-ilmijje%e2%80%9c\/"]}]},{"@type":"ImageObject","inLanguage":"bs-BA","@id":"https:\/\/sandzakpress.net\/arhiva\/imami-izbnj-obiljezili-%e2%80%9e100-godina-ilmijje%e2%80%9c\/#primaryimage","url":"https:\/\/sandzakpress.net\/arhiva\/wp-content\/uploads\/2012\/12\/IMG_4995-1024x683.jpg","contentUrl":"https:\/\/sandzakpress.net\/arhiva\/wp-content\/uploads\/2012\/12\/IMG_4995-1024x683.jpg","width":616,"height":411},{"@type":"BreadcrumbList","@id":"https:\/\/sandzakpress.net\/arhiva\/imami-izbnj-obiljezili-%e2%80%9e100-godina-ilmijje%e2%80%9c\/#breadcrumb","itemListElement":[{"@type":"ListItem","position":1,"name":"Home","item":"https:\/\/sandzakpress.net\/arhiva\/"},{"@type":"ListItem","position":2,"name":"Imami IZBNJ obilje\u017eili \u201e100 godina Ilmijje\u201c"}]},{"@type":"WebSite","@id":"https:\/\/sandzakpress.net\/arhiva\/#website","url":"https:\/\/sandzakpress.net\/arhiva\/","name":"Sand\u017eak PRESS","description":"Prve elektronske novine u Sand\u017eaku","publisher":{"@id":"https:\/\/sandzakpress.net\/arhiva\/#\/schema\/person\/6e72b67d6e51910a1117b3b483ba20bd"},"potentialAction":[{"@type":"SearchAction","target":{"@type":"EntryPoint","urlTemplate":"https:\/\/sandzakpress.net\/arhiva\/?s={search_term_string}"},"query-input":{"@type":"PropertyValueSpecification","valueRequired":true,"valueName":"search_term_string"}}],"inLanguage":"bs-BA"},{"@type":["Person","Organization"],"@id":"https:\/\/sandzakpress.net\/arhiva\/#\/schema\/person\/6e72b67d6e51910a1117b3b483ba20bd","name":"Kul","image":{"@type":"ImageObject","inLanguage":"bs-BA","@id":"https:\/\/sandzakpress.net\/arhiva\/#\/schema\/person\/image\/","url":"https:\/\/secure.gravatar.com\/avatar\/42263f39aa27ac04c43cab85c280eb2e?s=96&d=mm&r=pg","contentUrl":"https:\/\/secure.gravatar.com\/avatar\/42263f39aa27ac04c43cab85c280eb2e?s=96&d=mm&r=pg","caption":"Kul"},"logo":{"@id":"https:\/\/sandzakpress.net\/arhiva\/#\/schema\/person\/image\/"}},{"@type":"Person","@id":"","url":"https:\/\/sandzakpress.net\/arhiva\/author\/"}]}},"_links":{"self":[{"href":"https:\/\/sandzakpress.net\/arhiva\/wp-json\/wp\/v2\/posts\/57334"}],"collection":[{"href":"https:\/\/sandzakpress.net\/arhiva\/wp-json\/wp\/v2\/posts"}],"about":[{"href":"https:\/\/sandzakpress.net\/arhiva\/wp-json\/wp\/v2\/types\/post"}],"author":[{"embeddable":true,"href":"https:\/\/sandzakpress.net\/arhiva\/wp-json\/wp\/v2\/users\/16"}],"replies":[{"embeddable":true,"href":"https:\/\/sandzakpress.net\/arhiva\/wp-json\/wp\/v2\/comments?post=57334"}],"version-history":[{"count":0,"href":"https:\/\/sandzakpress.net\/arhiva\/wp-json\/wp\/v2\/posts\/57334\/revisions"}],"wp:featuredmedia":[{"embeddable":true,"href":"https:\/\/sandzakpress.net\/arhiva\/wp-json\/wp\/v2\/media\/57337"}],"wp:attachment":[{"href":"https:\/\/sandzakpress.net\/arhiva\/wp-json\/wp\/v2\/media?parent=57334"}],"wp:term":[{"taxonomy":"category","embeddable":true,"href":"https:\/\/sandzakpress.net\/arhiva\/wp-json\/wp\/v2\/categories?post=57334"},{"taxonomy":"post_tag","embeddable":true,"href":"https:\/\/sandzakpress.net\/arhiva\/wp-json\/wp\/v2\/tags?post=57334"}],"curies":[{"name":"wp","href":"https:\/\/api.w.org\/{rel}","templated":true}]}}